
{"id":1121,"date":"2008-12-21T15:07:18","date_gmt":"2008-12-21T17:07:18","guid":{"rendered":"http:\/\/www.oarcanjo.net\/site\/?p=1121"},"modified":"2008-12-29T12:36:47","modified_gmt":"2008-12-29T14:36:47","slug":"o-vitor-foi-para-a-casa-do-pai","status":"publish","type":"post","link":"https:\/\/www.oarcanjo.net\/site\/o-vitor-foi-para-a-casa-do-pai\/","title":{"rendered":"O Vitor foi para a casa do Pai"},"content":{"rendered":"<p><img loading=\"lazy\" decoding=\"async\" src=\"http:\/\/www.oarcanjo.net\/site\/wp-content\/uploads\/vitor_250_02.jpg\" alt=\"Vitor\" title=\"Vitor\" width=\"184\" height=\"250\" class=\"size-full wp-image-1117\" \/><\/p>\n<p>O Vitor, da Casa Vida, foi para a casa do Pai. Na noite de s\u00e1bado para domingo, sofreu fal\u00eancia m\u00faltipla de \u00f3rg\u00e3os e colite necrosante. Com 16 anos, ele estava internado na UTI do Hospital Emilio Ribas, em S\u00e3o Paulo. A comunidade velou o corpo na igreja S\u00e3o Miguel Arcanjo, de onde saiu para o enterro no cemit\u00e9rio Getsemani.<\/p>\n<p>Seguem alguns depoimentos sobre o Vitor (da madrinha e das pessoas que cuidavam dele na Casa Vida):<\/p>\n<p><em>O Vitor \u00e9 um pr\u00edncipe, um guerreiro que ensinou muito pra gente. Ensinou que a vida tem de ser uma luta todos os dias e que a gente tem de lutar por ela, seja na cama, seja trabalhando, tem que lutar por ela at\u00e9 o \u00faltimo momento enquanto tiver for\u00e7a. Ele passou isso pra gente. Era um guerreiro, um lutador, desde o primeiro momento em que ele entrou l\u00e1 sempre lutou pra mostrar que a vida era boa e tinha de ser vivida.<\/em><\/p>\n<p><em>Falar do Vitor n\u00e3o tem palavras, mas gestos de carinho, aten\u00e7\u00e3o, o lindo sorriso que vai ficar na mem\u00f3ria da gente \u2013 ele n\u00e3o falava, mas s\u00f3 a express\u00e3o dele j\u00e1 dizia tudo. Ele, no sorriso, j\u00e1 dizia que estava bem, uma l\u00e1grima, que estava triste. O Vitor \u00e9 a express\u00e3o da vida.<\/em><\/p>\n<p><em>Tatiana (Casa Vida)<\/em><\/p>\n<p><em>Do Vitor, s\u00f3 ficam coisas boas, lembran\u00e7as inesquec\u00edveis. O Vitor \u00e9 como se fosse uma luz na minha vida. Ele me ensinou a amar, me ensinou a trabalhar, a valorizar as pequenas coisas, como os gestos de Vitor, um sorriso, um olhar que ficaram pra mim como um agradecimento, um muito obrigado. Al\u00e9m de m\u00e3e, cuidadora, sou madrinha do Vitor, ele \u00e9 minha vida.<\/em><\/p>\n<p><em>Ir. L\u00e9o (madrinha)<\/em><\/p>\n<p><em>O Vitor \u00e9 uma crian\u00e7a que chegou na Casa Vida sem falar, sem andar, mas ao toque ele sorria e eu conseguia perceber se ele estava feliz. Pela manh\u00e3, quando eu ia dar banho nele, ele tomava banho e fazia aquela express\u00e3o de felicidade, era uma pessoa satisfeita mesmo. Era uma pessoa que demonstrava: eu n\u00e3o falo, eu n\u00e3o ando, mas eu t\u00f4 me sentindo bem, eu sou feliz aqui.<\/em><\/p>\n<p><em>Ent\u00e3o, quando algu\u00e9m olhava pra ele e tinha piedade, eu falava assim: n\u00e3o tenha isso, porque ele \u00e9 uma crian\u00e7a feliz, ele foi muito amado por todo mundo l\u00e1. Ent\u00e3o, hoje quando vejo ele assim eu vejo que ele ganhou a liberdade. Como diz o padre J\u00falio, \u00e9 um menino Jesus crucificado porque sofreu muito, mas ao mesmo tempo conseguiu demonstrar todo o prazer de viver, e lutou at\u00e9 o \u00faltimo minuto. Eu tenho certeza de que ele est\u00e1 do lado de Deus.<\/em><\/p>\n<p><em>Angela (Casa Vida)<\/em><\/p>\n<p><em>Trabalhei na Casa Vida I com o Vitor e tive o orgulho de trabalhar com ele, cuidar dele, de ajudar. O Vitor pra mim mostrou toda a for\u00e7a, ele foi um guerreiro na nossa vida porque ensinou tudo o que a gente precisava saber dentro daquela casa, a for\u00e7a, a coragem e a dedica\u00e7\u00e3o. Quando ele chegou l\u00e1, eu tinha medo de mexer com ele e ele me ensinou a cuidar dele. Eu sei que ele agora est\u00e1 do lado de Deus porque ele \u00e9 um menino Jesus crucificado.<\/em><\/p>\n<p><em>Maria C\u00e9lia<\/em><\/p>\n<p><em>Eu trabalhei 3 anos com o Vitor, mas ele me ensinou muito: me ensinou a amar, a ter paci\u00eancia, ele foi um guerreiro, um lutador, um vitorioso. Ent\u00e3o ele est\u00e1 junto de Deus, intercedendo por n\u00f3s neste momento.<\/em><\/p>\n<p><em>Vilma<\/em><\/p>\n<p><em>O Vitor deixa uma saudade imensa. Quando eu entrei, eu tinha uma semana quando ele chegou \u2013 s\u00e3o quase 8 anos. Era uma criatura maravilhosa, ele se comunicava com a gente: a gente falava com ele, ele respondia com um sorriso; ele conhecia a voz de cada uma de n\u00f3s. Ele deixa muita saudade, mas ele est\u00e1 bem, eu creio que est\u00e1 melhor do que eu.<\/p>\n<p>Ele marcou muito aquela casa, todos n\u00f3s; tem um pedacinho dele em cada um de n\u00f3s.<\/em><\/p>\n<p><em>Lourdes<\/em><\/p>\n<div id=\"themify_builder_content-1121\" data-postid=\"1121\" class=\"themify_builder_content themify_builder_content-1121 themify_builder themify_builder_front\">\n\t<\/div>\n<!-- \/themify_builder_content -->","protected":false},"excerpt":{"rendered":"<p>O Vitor, da Casa Vida, foi para a casa do Pai. Na noite de s\u00e1bado para domingo, sofreu fal\u00eancia m\u00faltipla de \u00f3rg\u00e3os e colite necrosante. Com 16 anos, ele estava internado na UTI do Hospital Emilio Ribas, em S\u00e3o Paulo. A comunidade velou o corpo na igreja S\u00e3o Miguel Arcanjo, de onde saiu para o [&hellip;]<\/p>\n","protected":false},"author":5,"featured_media":0,"comment_status":"open","ping_status":"open","sticky":false,"template":"","format":"standard","meta":{"ngg_post_thumbnail":0,"footnotes":""},"categories":[8],"tags":[137],"yoast_head":"<!-- This site is optimized with the Yoast SEO plugin v23.5 - https:\/\/yoast.com\/wordpress\/plugins\/seo\/ -->\n<title>O Vitor foi para a casa do Pai - O Arcanjo no ar<\/title>\n<meta name=\"robots\" content=\"index, follow, max-snippet:-1, max-image-preview:large, max-video-preview:-1\" \/>\n<link rel=\"canonical\" href=\"https:\/\/www.oarcanjo.net\/site\/o-vitor-foi-para-a-casa-do-pai\/\" \/>\n<meta property=\"og:locale\" content=\"pt_BR\" \/>\n<meta property=\"og:type\" content=\"article\" \/>\n<meta property=\"og:title\" content=\"O Vitor foi para a casa do Pai - O Arcanjo no ar\" \/>\n<meta property=\"og:description\" content=\"O Vitor, da Casa Vida, foi para a casa do Pai. Na noite de s\u00e1bado para domingo, sofreu fal\u00eancia m\u00faltipla de \u00f3rg\u00e3os e colite necrosante. Com 16 anos, ele estava internado na UTI do Hospital Emilio Ribas, em S\u00e3o Paulo. A comunidade velou o corpo na igreja S\u00e3o Miguel Arcanjo, de onde saiu para o [&hellip;]\" \/>\n<meta property=\"og:url\" content=\"https:\/\/www.oarcanjo.net\/site\/o-vitor-foi-para-a-casa-do-pai\/\" \/>\n<meta property=\"og:site_name\" content=\"O Arcanjo no ar\" \/>\n<meta property=\"article:publisher\" content=\"https:\/\/www.facebook.com\/OArcanjoNoAr\/\" \/>\n<meta property=\"article:published_time\" content=\"2008-12-21T17:07:18+00:00\" \/>\n<meta property=\"article:modified_time\" content=\"2008-12-29T14:36:47+00:00\" \/>\n<meta property=\"og:image\" content=\"http:\/\/www.oarcanjo.net\/site\/wp-content\/uploads\/vitor_250_02.jpg\" \/>\n<meta name=\"author\" content=\"editor\" \/>\n<meta name=\"twitter:card\" content=\"summary_large_image\" \/>\n<meta name=\"twitter:label1\" content=\"Escrito por\" \/>\n\t<meta name=\"twitter:data1\" content=\"editor\" \/>\n\t<meta name=\"twitter:label2\" content=\"Est. tempo de leitura\" \/>\n\t<meta name=\"twitter:data2\" content=\"3 minutos\" \/>\n<script type=\"application\/ld+json\" class=\"yoast-schema-graph\">{\"@context\":\"https:\/\/schema.org\",\"@graph\":[{\"@type\":\"Article\",\"@id\":\"https:\/\/www.oarcanjo.net\/site\/o-vitor-foi-para-a-casa-do-pai\/#article\",\"isPartOf\":{\"@id\":\"https:\/\/www.oarcanjo.net\/site\/o-vitor-foi-para-a-casa-do-pai\/\"},\"author\":{\"name\":\"editor\",\"@id\":\"https:\/\/www.oarcanjo.net\/site\/#\/schema\/person\/f7024d007863202483a31326673a0838\"},\"headline\":\"O Vitor foi para a casa do Pai\",\"datePublished\":\"2008-12-21T17:07:18+00:00\",\"dateModified\":\"2008-12-29T14:36:47+00:00\",\"mainEntityOfPage\":{\"@id\":\"https:\/\/www.oarcanjo.net\/site\/o-vitor-foi-para-a-casa-do-pai\/\"},\"wordCount\":688,\"commentCount\":2,\"publisher\":{\"@id\":\"https:\/\/www.oarcanjo.net\/site\/#organization\"},\"image\":{\"@id\":\"https:\/\/www.oarcanjo.net\/site\/o-vitor-foi-para-a-casa-do-pai\/#primaryimage\"},\"thumbnailUrl\":\"http:\/\/www.oarcanjo.net\/site\/wp-content\/uploads\/vitor_250_02.jpg\",\"keywords\":[\"Casa Vida\"],\"articleSection\":[\"Not\u00edcias\"],\"inLanguage\":\"pt-BR\",\"potentialAction\":[{\"@type\":\"CommentAction\",\"name\":\"Comment\",\"target\":[\"https:\/\/www.oarcanjo.net\/site\/o-vitor-foi-para-a-casa-do-pai\/#respond\"]}]},{\"@type\":\"WebPage\",\"@id\":\"https:\/\/www.oarcanjo.net\/site\/o-vitor-foi-para-a-casa-do-pai\/\",\"url\":\"https:\/\/www.oarcanjo.net\/site\/o-vitor-foi-para-a-casa-do-pai\/\",\"name\":\"O Vitor foi para a casa do Pai - O Arcanjo no ar\",\"isPartOf\":{\"@id\":\"https:\/\/www.oarcanjo.net\/site\/#website\"},\"primaryImageOfPage\":{\"@id\":\"https:\/\/www.oarcanjo.net\/site\/o-vitor-foi-para-a-casa-do-pai\/#primaryimage\"},\"image\":{\"@id\":\"https:\/\/www.oarcanjo.net\/site\/o-vitor-foi-para-a-casa-do-pai\/#primaryimage\"},\"thumbnailUrl\":\"http:\/\/www.oarcanjo.net\/site\/wp-content\/uploads\/vitor_250_02.jpg\",\"datePublished\":\"2008-12-21T17:07:18+00:00\",\"dateModified\":\"2008-12-29T14:36:47+00:00\",\"breadcrumb\":{\"@id\":\"https:\/\/www.oarcanjo.net\/site\/o-vitor-foi-para-a-casa-do-pai\/#breadcrumb\"},\"inLanguage\":\"pt-BR\",\"potentialAction\":[{\"@type\":\"ReadAction\",\"target\":[\"https:\/\/www.oarcanjo.net\/site\/o-vitor-foi-para-a-casa-do-pai\/\"]}]},{\"@type\":\"ImageObject\",\"inLanguage\":\"pt-BR\",\"@id\":\"https:\/\/www.oarcanjo.net\/site\/o-vitor-foi-para-a-casa-do-pai\/#primaryimage\",\"url\":\"https:\/\/www.oarcanjo.net\/site\/wp-content\/uploads\/vitor_250_02.jpg\",\"contentUrl\":\"https:\/\/www.oarcanjo.net\/site\/wp-content\/uploads\/vitor_250_02.jpg\",\"width\":184,\"height\":250,\"caption\":\"Vitor\"},{\"@type\":\"BreadcrumbList\",\"@id\":\"https:\/\/www.oarcanjo.net\/site\/o-vitor-foi-para-a-casa-do-pai\/#breadcrumb\",\"itemListElement\":[{\"@type\":\"ListItem\",\"position\":1,\"name\":\"In\u00edcio\",\"item\":\"https:\/\/www.oarcanjo.net\/site\/\"},{\"@type\":\"ListItem\",\"position\":2,\"name\":\"O Vitor foi para a casa do Pai\"}]},{\"@type\":\"WebSite\",\"@id\":\"https:\/\/www.oarcanjo.net\/site\/#website\",\"url\":\"https:\/\/www.oarcanjo.net\/site\/\",\"name\":\"O Arcanjo no ar\",\"description\":\"Site da Par\u00f3quia S\u00e3o Miguel Arcanjo (Arquidiocese de SP)\",\"publisher\":{\"@id\":\"https:\/\/www.oarcanjo.net\/site\/#organization\"},\"potentialAction\":[{\"@type\":\"SearchAction\",\"target\":{\"@type\":\"EntryPoint\",\"urlTemplate\":\"https:\/\/www.oarcanjo.net\/site\/?s={search_term_string}\"},\"query-input\":{\"@type\":\"PropertyValueSpecification\",\"valueRequired\":true,\"valueName\":\"search_term_string\"}}],\"inLanguage\":\"pt-BR\"},{\"@type\":\"Organization\",\"@id\":\"https:\/\/www.oarcanjo.net\/site\/#organization\",\"name\":\"Par\u00f3quia S\u00e3o Miguel Arcanjo\",\"url\":\"https:\/\/www.oarcanjo.net\/site\/\",\"logo\":{\"@type\":\"ImageObject\",\"inLanguage\":\"pt-BR\",\"@id\":\"https:\/\/www.oarcanjo.net\/site\/#\/schema\/logo\/image\/\",\"url\":\"https:\/\/www.oarcanjo.net\/site\/wp-content\/uploads\/LogoOArcanjo.png\",\"contentUrl\":\"https:\/\/www.oarcanjo.net\/site\/wp-content\/uploads\/LogoOArcanjo.png\",\"width\":319,\"height\":99,\"caption\":\"Par\u00f3quia S\u00e3o Miguel Arcanjo\"},\"image\":{\"@id\":\"https:\/\/www.oarcanjo.net\/site\/#\/schema\/logo\/image\/\"},\"sameAs\":[\"https:\/\/www.facebook.com\/OArcanjoNoAr\/\"]},{\"@type\":\"Person\",\"@id\":\"https:\/\/www.oarcanjo.net\/site\/#\/schema\/person\/f7024d007863202483a31326673a0838\",\"name\":\"editor\",\"sameAs\":[\"http:\/\/www.oarcanjo.net\"]}]}<\/script>\n<!-- \/ Yoast SEO plugin. -->","yoast_head_json":{"title":"O Vitor foi para a casa do Pai - O Arcanjo no ar","robots":{"index":"index","follow":"follow","max-snippet":"max-snippet:-1","max-image-preview":"max-image-preview:large","max-video-preview":"max-video-preview:-1"},"canonical":"https:\/\/www.oarcanjo.net\/site\/o-vitor-foi-para-a-casa-do-pai\/","og_locale":"pt_BR","og_type":"article","og_title":"O Vitor foi para a casa do Pai - O Arcanjo no ar","og_description":"O Vitor, da Casa Vida, foi para a casa do Pai. Na noite de s\u00e1bado para domingo, sofreu fal\u00eancia m\u00faltipla de \u00f3rg\u00e3os e colite necrosante. Com 16 anos, ele estava internado na UTI do Hospital Emilio Ribas, em S\u00e3o Paulo. A comunidade velou o corpo na igreja S\u00e3o Miguel Arcanjo, de onde saiu para o [&hellip;]","og_url":"https:\/\/www.oarcanjo.net\/site\/o-vitor-foi-para-a-casa-do-pai\/","og_site_name":"O Arcanjo no ar","article_publisher":"https:\/\/www.facebook.com\/OArcanjoNoAr\/","article_published_time":"2008-12-21T17:07:18+00:00","article_modified_time":"2008-12-29T14:36:47+00:00","og_image":[{"url":"http:\/\/www.oarcanjo.net\/site\/wp-content\/uploads\/vitor_250_02.jpg"}],"author":"editor","twitter_card":"summary_large_image","twitter_misc":{"Escrito por":"editor","Est. tempo de leitura":"3 minutos"},"schema":{"@context":"https:\/\/schema.org","@graph":[{"@type":"Article","@id":"https:\/\/www.oarcanjo.net\/site\/o-vitor-foi-para-a-casa-do-pai\/#article","isPartOf":{"@id":"https:\/\/www.oarcanjo.net\/site\/o-vitor-foi-para-a-casa-do-pai\/"},"author":{"name":"editor","@id":"https:\/\/www.oarcanjo.net\/site\/#\/schema\/person\/f7024d007863202483a31326673a0838"},"headline":"O Vitor foi para a casa do Pai","datePublished":"2008-12-21T17:07:18+00:00","dateModified":"2008-12-29T14:36:47+00:00","mainEntityOfPage":{"@id":"https:\/\/www.oarcanjo.net\/site\/o-vitor-foi-para-a-casa-do-pai\/"},"wordCount":688,"commentCount":2,"publisher":{"@id":"https:\/\/www.oarcanjo.net\/site\/#organization"},"image":{"@id":"https:\/\/www.oarcanjo.net\/site\/o-vitor-foi-para-a-casa-do-pai\/#primaryimage"},"thumbnailUrl":"http:\/\/www.oarcanjo.net\/site\/wp-content\/uploads\/vitor_250_02.jpg","keywords":["Casa Vida"],"articleSection":["Not\u00edcias"],"inLanguage":"pt-BR","potentialAction":[{"@type":"CommentAction","name":"Comment","target":["https:\/\/www.oarcanjo.net\/site\/o-vitor-foi-para-a-casa-do-pai\/#respond"]}]},{"@type":"WebPage","@id":"https:\/\/www.oarcanjo.net\/site\/o-vitor-foi-para-a-casa-do-pai\/","url":"https:\/\/www.oarcanjo.net\/site\/o-vitor-foi-para-a-casa-do-pai\/","name":"O Vitor foi para a casa do Pai - O Arcanjo no ar","isPartOf":{"@id":"https:\/\/www.oarcanjo.net\/site\/#website"},"primaryImageOfPage":{"@id":"https:\/\/www.oarcanjo.net\/site\/o-vitor-foi-para-a-casa-do-pai\/#primaryimage"},"image":{"@id":"https:\/\/www.oarcanjo.net\/site\/o-vitor-foi-para-a-casa-do-pai\/#primaryimage"},"thumbnailUrl":"http:\/\/www.oarcanjo.net\/site\/wp-content\/uploads\/vitor_250_02.jpg","datePublished":"2008-12-21T17:07:18+00:00","dateModified":"2008-12-29T14:36:47+00:00","breadcrumb":{"@id":"https:\/\/www.oarcanjo.net\/site\/o-vitor-foi-para-a-casa-do-pai\/#breadcrumb"},"inLanguage":"pt-BR","potentialAction":[{"@type":"ReadAction","target":["https:\/\/www.oarcanjo.net\/site\/o-vitor-foi-para-a-casa-do-pai\/"]}]},{"@type":"ImageObject","inLanguage":"pt-BR","@id":"https:\/\/www.oarcanjo.net\/site\/o-vitor-foi-para-a-casa-do-pai\/#primaryimage","url":"https:\/\/www.oarcanjo.net\/site\/wp-content\/uploads\/vitor_250_02.jpg","contentUrl":"https:\/\/www.oarcanjo.net\/site\/wp-content\/uploads\/vitor_250_02.jpg","width":184,"height":250,"caption":"Vitor"},{"@type":"BreadcrumbList","@id":"https:\/\/www.oarcanjo.net\/site\/o-vitor-foi-para-a-casa-do-pai\/#breadcrumb","itemListElement":[{"@type":"ListItem","position":1,"name":"In\u00edcio","item":"https:\/\/www.oarcanjo.net\/site\/"},{"@type":"ListItem","position":2,"name":"O Vitor foi para a casa do Pai"}]},{"@type":"WebSite","@id":"https:\/\/www.oarcanjo.net\/site\/#website","url":"https:\/\/www.oarcanjo.net\/site\/","name":"O Arcanjo no ar","description":"Site da Par\u00f3quia S\u00e3o Miguel Arcanjo (Arquidiocese de SP)","publisher":{"@id":"https:\/\/www.oarcanjo.net\/site\/#organization"},"potentialAction":[{"@type":"SearchAction","target":{"@type":"EntryPoint","urlTemplate":"https:\/\/www.oarcanjo.net\/site\/?s={search_term_string}"},"query-input":{"@type":"PropertyValueSpecification","valueRequired":true,"valueName":"search_term_string"}}],"inLanguage":"pt-BR"},{"@type":"Organization","@id":"https:\/\/www.oarcanjo.net\/site\/#organization","name":"Par\u00f3quia S\u00e3o Miguel Arcanjo","url":"https:\/\/www.oarcanjo.net\/site\/","logo":{"@type":"ImageObject","inLanguage":"pt-BR","@id":"https:\/\/www.oarcanjo.net\/site\/#\/schema\/logo\/image\/","url":"https:\/\/www.oarcanjo.net\/site\/wp-content\/uploads\/LogoOArcanjo.png","contentUrl":"https:\/\/www.oarcanjo.net\/site\/wp-content\/uploads\/LogoOArcanjo.png","width":319,"height":99,"caption":"Par\u00f3quia S\u00e3o Miguel Arcanjo"},"image":{"@id":"https:\/\/www.oarcanjo.net\/site\/#\/schema\/logo\/image\/"},"sameAs":["https:\/\/www.facebook.com\/OArcanjoNoAr\/"]},{"@type":"Person","@id":"https:\/\/www.oarcanjo.net\/site\/#\/schema\/person\/f7024d007863202483a31326673a0838","name":"editor","sameAs":["http:\/\/www.oarcanjo.net"]}]}},"publishpress_future_action":{"enabled":false,"date":"2026-05-08 18:06:32","action":"category","newStatus":"draft","terms":[],"taxonomy":"category"},"publishpress_future_workflow_manual_trigger":{"enabledWorkflows":[]},"_links":{"self":[{"href":"https:\/\/www.oarcanjo.net\/site\/wp-json\/wp\/v2\/posts\/1121"}],"collection":[{"href":"https:\/\/www.oarcanjo.net\/site\/wp-json\/wp\/v2\/posts"}],"about":[{"href":"https:\/\/www.oarcanjo.net\/site\/wp-json\/wp\/v2\/types\/post"}],"author":[{"embeddable":true,"href":"https:\/\/www.oarcanjo.net\/site\/wp-json\/wp\/v2\/users\/5"}],"replies":[{"embeddable":true,"href":"https:\/\/www.oarcanjo.net\/site\/wp-json\/wp\/v2\/comments?post=1121"}],"version-history":[{"count":0,"href":"https:\/\/www.oarcanjo.net\/site\/wp-json\/wp\/v2\/posts\/1121\/revisions"}],"wp:attachment":[{"href":"https:\/\/www.oarcanjo.net\/site\/wp-json\/wp\/v2\/media?parent=1121"}],"wp:term":[{"taxonomy":"category","embeddable":true,"href":"https:\/\/www.oarcanjo.net\/site\/wp-json\/wp\/v2\/categories?post=1121"},{"taxonomy":"post_tag","embeddable":true,"href":"https:\/\/www.oarcanjo.net\/site\/wp-json\/wp\/v2\/tags?post=1121"}],"curies":[{"name":"wp","href":"https:\/\/api.w.org\/{rel}","templated":true}]}}