
{"id":11215,"date":"2010-10-06T14:35:33","date_gmt":"2010-10-06T17:35:33","guid":{"rendered":"http:\/\/www.oarcanjo.net\/site\/?p=11215"},"modified":"2010-10-10T09:50:30","modified_gmt":"2010-10-10T12:50:30","slug":"d-wilma-foi-para-a-casa-do-pai","status":"publish","type":"post","link":"https:\/\/www.oarcanjo.net\/site\/d-wilma-foi-para-a-casa-do-pai\/","title":{"rendered":"D. Wilma foi para a casa do Pai"},"content":{"rendered":"<p><img loading=\"lazy\" decoding=\"async\" style=\"margin-left: 4px; margin-right: 4px;\" title=\"Pe. Julio e D. Wilma\" src=\"http:\/\/www.oarcanjo.net\/site\/wp-content\/uploads\/PeJulio-DWilma-ordenacao.jpg\" alt=\"Pe. Julio e D. Wilma\" hspace=\"4\" width=\"226\" height=\"360\" align=\"left\" \/><\/p>\n<p>Faleceu, ao meio-dia desta quarta-feira, 6 de outubro, a Sra. Wilma Ferrari Lancellotti, m\u00e3e do Padre J\u00falio Lancellotti, p\u00e1roco da igreja S\u00e3o Miguel Arcanjo e Vig\u00e1rio Geral do Vicariato do Povo da Rua da Arquidiocese de S\u00e3o Paulo.<\/p>\n<p>Dona Wilma, debilitada por graves problemas de sa\u00fade, estava internada h\u00e1 15 dias no Hospital Santa Virg\u00ednia, no Belenzinho. Membro da Irmandade de Nossa Senhora desde a juventude, nestes \u00faltimos dias teve agravados seus problemas de sa\u00fade; no entanto, mantinha-se firme em ora\u00e7\u00e3o e, dentro dos limites impostos pela debilidade f\u00edsica e interna\u00e7\u00e3o, pedia a seu filho padre que a informasse sobre como estavam ocorrendo a festa de S\u00e3o Miguel e as elei\u00e7\u00f5es no pa\u00eds.<\/p>\n<p>Dona Wilma partiu e deixa um legado de f\u00e9 e amor ao pr\u00f3ximo: nestes \u00faltimos dias, dizia com frequ\u00eancia que jamais fez mal a algu\u00e9m, invocando a prote\u00e7\u00e3o de Nossa Senhora sobre sua fam\u00edlia e tantos outros a quem amava.<\/p>\n<p>O corpo est\u00e1 sendo velado na Igreja S\u00e3o Miguel Arcanjo, \u00e0 Rua Taquari 1.100, na Mooca. Nesta quinta-feira, no mesmo local, \u00e0s 8h30min, haver\u00e1 missa de corpo presente presidida pelo Bispo Dom Edmar Peron, Vig\u00e1rio Episcopal da Regi\u00e3o Bel\u00e9m. Ap\u00f3s a missa, \u00e0s 10h, o cortejo para o sepultamento sair\u00e1 em dire\u00e7\u00e3o ao Cemit\u00e9rio Gets\u00eamani, no Morumbi (ver mapa abaixo).<\/p>\n<p><iframe loading=\"lazy\" width=\"425\" height=\"350\" frameborder=\"0\" scrolling=\"no\" marginheight=\"0\" marginwidth=\"0\" src=\"http:\/\/maps.google.com.br\/maps?hl=pt-BR&amp;ie=UTF8&amp;q=cemit%C3%A9rios+getseman+s%C3%A3o+paulo&amp;fb=1&amp;gl=br&amp;hq=cemit%C3%A9rios+getseman&amp;hnear=S%C3%A3o+Paulo&amp;view=map&amp;cid=16666685538484670418&amp;ved=0CBsQpQY&amp;ei=RcqsTPHJCJ6-yQWdksDmBQ&amp;source=embed&amp;ll=-23.604774,-46.731673&amp;spn=0.006295,0.006295&amp;iwloc=A&amp;output=embed\"><\/iframe><br \/><small><a href=\"http:\/\/maps.google.com.br\/maps?hl=pt-BR&amp;ie=UTF8&amp;q=cemit%C3%A9rios+getseman+s%C3%A3o+paulo&amp;fb=1&amp;gl=br&amp;hq=cemit%C3%A9rios+getseman&amp;hnear=S%C3%A3o+Paulo&amp;view=map&amp;cid=16666685538484670418&amp;ved=0CBsQpQY&amp;ei=RcqsTPHJCJ6-yQWdksDmBQ&amp;source=embed&amp;ll=-23.604774,-46.731673&amp;spn=0.006295,0.006295&amp;iwloc=A\" style=\"color:#0000FF;text-align:left\">Exibir mapa ampliado<\/a><\/small><\/p>\n<div id=\"themify_builder_content-11215\" data-postid=\"11215\" class=\"themify_builder_content themify_builder_content-11215 themify_builder themify_builder_front\">\n\t<\/div>\n<!-- \/themify_builder_content -->","protected":false},"excerpt":{"rendered":"<p>Faleceu, ao meio-dia desta quarta-feira, 6 de outubro, a Sra. Wilma Ferrari Lancellotti, m\u00e3e do Padre J\u00falio Lancellotti, p\u00e1roco da igreja S\u00e3o Miguel Arcanjo e Vig\u00e1rio Geral do Vicariato do Povo da Rua da Arquidiocese de S\u00e3o Paulo. Dona Wilma, debilitada por graves problemas de sa\u00fade, estava internada h\u00e1 15 dias no Hospital Santa Virg\u00ednia, [&hellip;]<\/p>\n","protected":false},"author":5,"featured_media":0,"comment_status":"open","ping_status":"open","sticky":false,"template":"","format":"standard","meta":{"ngg_post_thumbnail":0,"footnotes":""},"categories":[8],"tags":[],"yoast_head":"<!-- This site is optimized with the Yoast SEO plugin v23.5 - https:\/\/yoast.com\/wordpress\/plugins\/seo\/ -->\n<title>D. Wilma foi para a casa do Pai - O Arcanjo no ar<\/title>\n<meta name=\"robots\" content=\"index, follow, max-snippet:-1, max-image-preview:large, max-video-preview:-1\" \/>\n<link rel=\"canonical\" href=\"https:\/\/www.oarcanjo.net\/site\/d-wilma-foi-para-a-casa-do-pai\/\" \/>\n<meta property=\"og:locale\" content=\"pt_BR\" \/>\n<meta property=\"og:type\" content=\"article\" \/>\n<meta property=\"og:title\" content=\"D. Wilma foi para a casa do Pai - O Arcanjo no ar\" \/>\n<meta property=\"og:description\" content=\"Faleceu, ao meio-dia desta quarta-feira, 6 de outubro, a Sra. Wilma Ferrari Lancellotti, m\u00e3e do Padre J\u00falio Lancellotti, p\u00e1roco da igreja S\u00e3o Miguel Arcanjo e Vig\u00e1rio Geral do Vicariato do Povo da Rua da Arquidiocese de S\u00e3o Paulo. Dona Wilma, debilitada por graves problemas de sa\u00fade, estava internada h\u00e1 15 dias no Hospital Santa Virg\u00ednia, [&hellip;]\" \/>\n<meta property=\"og:url\" content=\"https:\/\/www.oarcanjo.net\/site\/d-wilma-foi-para-a-casa-do-pai\/\" \/>\n<meta property=\"og:site_name\" content=\"O Arcanjo no ar\" \/>\n<meta property=\"article:publisher\" content=\"https:\/\/www.facebook.com\/OArcanjoNoAr\/\" \/>\n<meta property=\"article:published_time\" content=\"2010-10-06T17:35:33+00:00\" \/>\n<meta property=\"article:modified_time\" content=\"2010-10-10T12:50:30+00:00\" \/>\n<meta property=\"og:image\" content=\"http:\/\/www.oarcanjo.net\/site\/wp-content\/uploads\/PeJulio-DWilma-ordenacao.jpg\" \/>\n<meta name=\"author\" content=\"editor\" \/>\n<meta name=\"twitter:card\" content=\"summary_large_image\" \/>\n<meta name=\"twitter:label1\" content=\"Escrito por\" \/>\n\t<meta name=\"twitter:data1\" content=\"editor\" \/>\n\t<meta name=\"twitter:label2\" content=\"Est. tempo de leitura\" \/>\n\t<meta name=\"twitter:data2\" content=\"1 minuto\" \/>\n<script type=\"application\/ld+json\" class=\"yoast-schema-graph\">{\"@context\":\"https:\/\/schema.org\",\"@graph\":[{\"@type\":\"Article\",\"@id\":\"https:\/\/www.oarcanjo.net\/site\/d-wilma-foi-para-a-casa-do-pai\/#article\",\"isPartOf\":{\"@id\":\"https:\/\/www.oarcanjo.net\/site\/d-wilma-foi-para-a-casa-do-pai\/\"},\"author\":{\"name\":\"editor\",\"@id\":\"https:\/\/www.oarcanjo.net\/site\/#\/schema\/person\/f7024d007863202483a31326673a0838\"},\"headline\":\"D. Wilma foi para a casa do Pai\",\"datePublished\":\"2010-10-06T17:35:33+00:00\",\"dateModified\":\"2010-10-10T12:50:30+00:00\",\"mainEntityOfPage\":{\"@id\":\"https:\/\/www.oarcanjo.net\/site\/d-wilma-foi-para-a-casa-do-pai\/\"},\"wordCount\":249,\"commentCount\":41,\"publisher\":{\"@id\":\"https:\/\/www.oarcanjo.net\/site\/#organization\"},\"image\":{\"@id\":\"https:\/\/www.oarcanjo.net\/site\/d-wilma-foi-para-a-casa-do-pai\/#primaryimage\"},\"thumbnailUrl\":\"http:\/\/www.oarcanjo.net\/site\/wp-content\/uploads\/PeJulio-DWilma-ordenacao.jpg\",\"articleSection\":[\"Not\u00edcias\"],\"inLanguage\":\"pt-BR\",\"potentialAction\":[{\"@type\":\"CommentAction\",\"name\":\"Comment\",\"target\":[\"https:\/\/www.oarcanjo.net\/site\/d-wilma-foi-para-a-casa-do-pai\/#respond\"]}]},{\"@type\":\"WebPage\",\"@id\":\"https:\/\/www.oarcanjo.net\/site\/d-wilma-foi-para-a-casa-do-pai\/\",\"url\":\"https:\/\/www.oarcanjo.net\/site\/d-wilma-foi-para-a-casa-do-pai\/\",\"name\":\"D. Wilma foi para a casa do Pai - O Arcanjo no ar\",\"isPartOf\":{\"@id\":\"https:\/\/www.oarcanjo.net\/site\/#website\"},\"primaryImageOfPage\":{\"@id\":\"https:\/\/www.oarcanjo.net\/site\/d-wilma-foi-para-a-casa-do-pai\/#primaryimage\"},\"image\":{\"@id\":\"https:\/\/www.oarcanjo.net\/site\/d-wilma-foi-para-a-casa-do-pai\/#primaryimage\"},\"thumbnailUrl\":\"http:\/\/www.oarcanjo.net\/site\/wp-content\/uploads\/PeJulio-DWilma-ordenacao.jpg\",\"datePublished\":\"2010-10-06T17:35:33+00:00\",\"dateModified\":\"2010-10-10T12:50:30+00:00\",\"breadcrumb\":{\"@id\":\"https:\/\/www.oarcanjo.net\/site\/d-wilma-foi-para-a-casa-do-pai\/#breadcrumb\"},\"inLanguage\":\"pt-BR\",\"potentialAction\":[{\"@type\":\"ReadAction\",\"target\":[\"https:\/\/www.oarcanjo.net\/site\/d-wilma-foi-para-a-casa-do-pai\/\"]}]},{\"@type\":\"ImageObject\",\"inLanguage\":\"pt-BR\",\"@id\":\"https:\/\/www.oarcanjo.net\/site\/d-wilma-foi-para-a-casa-do-pai\/#primaryimage\",\"url\":\"https:\/\/www.oarcanjo.net\/site\/wp-content\/uploads\/PeJulio-DWilma-ordenacao.jpg\",\"contentUrl\":\"https:\/\/www.oarcanjo.net\/site\/wp-content\/uploads\/PeJulio-DWilma-ordenacao.jpg\",\"width\":\"282\",\"height\":\"450\"},{\"@type\":\"BreadcrumbList\",\"@id\":\"https:\/\/www.oarcanjo.net\/site\/d-wilma-foi-para-a-casa-do-pai\/#breadcrumb\",\"itemListElement\":[{\"@type\":\"ListItem\",\"position\":1,\"name\":\"In\u00edcio\",\"item\":\"https:\/\/www.oarcanjo.net\/site\/\"},{\"@type\":\"ListItem\",\"position\":2,\"name\":\"D. Wilma foi para a casa do Pai\"}]},{\"@type\":\"WebSite\",\"@id\":\"https:\/\/www.oarcanjo.net\/site\/#website\",\"url\":\"https:\/\/www.oarcanjo.net\/site\/\",\"name\":\"O Arcanjo no ar\",\"description\":\"Site da Par\u00f3quia S\u00e3o Miguel Arcanjo (Arquidiocese de SP)\",\"publisher\":{\"@id\":\"https:\/\/www.oarcanjo.net\/site\/#organization\"},\"potentialAction\":[{\"@type\":\"SearchAction\",\"target\":{\"@type\":\"EntryPoint\",\"urlTemplate\":\"https:\/\/www.oarcanjo.net\/site\/?s={search_term_string}\"},\"query-input\":{\"@type\":\"PropertyValueSpecification\",\"valueRequired\":true,\"valueName\":\"search_term_string\"}}],\"inLanguage\":\"pt-BR\"},{\"@type\":\"Organization\",\"@id\":\"https:\/\/www.oarcanjo.net\/site\/#organization\",\"name\":\"Par\u00f3quia S\u00e3o Miguel Arcanjo\",\"url\":\"https:\/\/www.oarcanjo.net\/site\/\",\"logo\":{\"@type\":\"ImageObject\",\"inLanguage\":\"pt-BR\",\"@id\":\"https:\/\/www.oarcanjo.net\/site\/#\/schema\/logo\/image\/\",\"url\":\"https:\/\/www.oarcanjo.net\/site\/wp-content\/uploads\/LogoOArcanjo.png\",\"contentUrl\":\"https:\/\/www.oarcanjo.net\/site\/wp-content\/uploads\/LogoOArcanjo.png\",\"width\":319,\"height\":99,\"caption\":\"Par\u00f3quia S\u00e3o Miguel Arcanjo\"},\"image\":{\"@id\":\"https:\/\/www.oarcanjo.net\/site\/#\/schema\/logo\/image\/\"},\"sameAs\":[\"https:\/\/www.facebook.com\/OArcanjoNoAr\/\"]},{\"@type\":\"Person\",\"@id\":\"https:\/\/www.oarcanjo.net\/site\/#\/schema\/person\/f7024d007863202483a31326673a0838\",\"name\":\"editor\",\"sameAs\":[\"http:\/\/www.oarcanjo.net\"]}]}<\/script>\n<!-- \/ Yoast SEO plugin. -->","yoast_head_json":{"title":"D. Wilma foi para a casa do Pai - O Arcanjo no ar","robots":{"index":"index","follow":"follow","max-snippet":"max-snippet:-1","max-image-preview":"max-image-preview:large","max-video-preview":"max-video-preview:-1"},"canonical":"https:\/\/www.oarcanjo.net\/site\/d-wilma-foi-para-a-casa-do-pai\/","og_locale":"pt_BR","og_type":"article","og_title":"D. Wilma foi para a casa do Pai - O Arcanjo no ar","og_description":"Faleceu, ao meio-dia desta quarta-feira, 6 de outubro, a Sra. Wilma Ferrari Lancellotti, m\u00e3e do Padre J\u00falio Lancellotti, p\u00e1roco da igreja S\u00e3o Miguel Arcanjo e Vig\u00e1rio Geral do Vicariato do Povo da Rua da Arquidiocese de S\u00e3o Paulo. Dona Wilma, debilitada por graves problemas de sa\u00fade, estava internada h\u00e1 15 dias no Hospital Santa Virg\u00ednia, [&hellip;]","og_url":"https:\/\/www.oarcanjo.net\/site\/d-wilma-foi-para-a-casa-do-pai\/","og_site_name":"O Arcanjo no ar","article_publisher":"https:\/\/www.facebook.com\/OArcanjoNoAr\/","article_published_time":"2010-10-06T17:35:33+00:00","article_modified_time":"2010-10-10T12:50:30+00:00","og_image":[{"url":"http:\/\/www.oarcanjo.net\/site\/wp-content\/uploads\/PeJulio-DWilma-ordenacao.jpg"}],"author":"editor","twitter_card":"summary_large_image","twitter_misc":{"Escrito por":"editor","Est. tempo de leitura":"1 minuto"},"schema":{"@context":"https:\/\/schema.org","@graph":[{"@type":"Article","@id":"https:\/\/www.oarcanjo.net\/site\/d-wilma-foi-para-a-casa-do-pai\/#article","isPartOf":{"@id":"https:\/\/www.oarcanjo.net\/site\/d-wilma-foi-para-a-casa-do-pai\/"},"author":{"name":"editor","@id":"https:\/\/www.oarcanjo.net\/site\/#\/schema\/person\/f7024d007863202483a31326673a0838"},"headline":"D. Wilma foi para a casa do Pai","datePublished":"2010-10-06T17:35:33+00:00","dateModified":"2010-10-10T12:50:30+00:00","mainEntityOfPage":{"@id":"https:\/\/www.oarcanjo.net\/site\/d-wilma-foi-para-a-casa-do-pai\/"},"wordCount":249,"commentCount":41,"publisher":{"@id":"https:\/\/www.oarcanjo.net\/site\/#organization"},"image":{"@id":"https:\/\/www.oarcanjo.net\/site\/d-wilma-foi-para-a-casa-do-pai\/#primaryimage"},"thumbnailUrl":"http:\/\/www.oarcanjo.net\/site\/wp-content\/uploads\/PeJulio-DWilma-ordenacao.jpg","articleSection":["Not\u00edcias"],"inLanguage":"pt-BR","potentialAction":[{"@type":"CommentAction","name":"Comment","target":["https:\/\/www.oarcanjo.net\/site\/d-wilma-foi-para-a-casa-do-pai\/#respond"]}]},{"@type":"WebPage","@id":"https:\/\/www.oarcanjo.net\/site\/d-wilma-foi-para-a-casa-do-pai\/","url":"https:\/\/www.oarcanjo.net\/site\/d-wilma-foi-para-a-casa-do-pai\/","name":"D. Wilma foi para a casa do Pai - O Arcanjo no ar","isPartOf":{"@id":"https:\/\/www.oarcanjo.net\/site\/#website"},"primaryImageOfPage":{"@id":"https:\/\/www.oarcanjo.net\/site\/d-wilma-foi-para-a-casa-do-pai\/#primaryimage"},"image":{"@id":"https:\/\/www.oarcanjo.net\/site\/d-wilma-foi-para-a-casa-do-pai\/#primaryimage"},"thumbnailUrl":"http:\/\/www.oarcanjo.net\/site\/wp-content\/uploads\/PeJulio-DWilma-ordenacao.jpg","datePublished":"2010-10-06T17:35:33+00:00","dateModified":"2010-10-10T12:50:30+00:00","breadcrumb":{"@id":"https:\/\/www.oarcanjo.net\/site\/d-wilma-foi-para-a-casa-do-pai\/#breadcrumb"},"inLanguage":"pt-BR","potentialAction":[{"@type":"ReadAction","target":["https:\/\/www.oarcanjo.net\/site\/d-wilma-foi-para-a-casa-do-pai\/"]}]},{"@type":"ImageObject","inLanguage":"pt-BR","@id":"https:\/\/www.oarcanjo.net\/site\/d-wilma-foi-para-a-casa-do-pai\/#primaryimage","url":"https:\/\/www.oarcanjo.net\/site\/wp-content\/uploads\/PeJulio-DWilma-ordenacao.jpg","contentUrl":"https:\/\/www.oarcanjo.net\/site\/wp-content\/uploads\/PeJulio-DWilma-ordenacao.jpg","width":"282","height":"450"},{"@type":"BreadcrumbList","@id":"https:\/\/www.oarcanjo.net\/site\/d-wilma-foi-para-a-casa-do-pai\/#breadcrumb","itemListElement":[{"@type":"ListItem","position":1,"name":"In\u00edcio","item":"https:\/\/www.oarcanjo.net\/site\/"},{"@type":"ListItem","position":2,"name":"D. Wilma foi para a casa do Pai"}]},{"@type":"WebSite","@id":"https:\/\/www.oarcanjo.net\/site\/#website","url":"https:\/\/www.oarcanjo.net\/site\/","name":"O Arcanjo no ar","description":"Site da Par\u00f3quia S\u00e3o Miguel Arcanjo (Arquidiocese de SP)","publisher":{"@id":"https:\/\/www.oarcanjo.net\/site\/#organization"},"potentialAction":[{"@type":"SearchAction","target":{"@type":"EntryPoint","urlTemplate":"https:\/\/www.oarcanjo.net\/site\/?s={search_term_string}"},"query-input":{"@type":"PropertyValueSpecification","valueRequired":true,"valueName":"search_term_string"}}],"inLanguage":"pt-BR"},{"@type":"Organization","@id":"https:\/\/www.oarcanjo.net\/site\/#organization","name":"Par\u00f3quia S\u00e3o Miguel Arcanjo","url":"https:\/\/www.oarcanjo.net\/site\/","logo":{"@type":"ImageObject","inLanguage":"pt-BR","@id":"https:\/\/www.oarcanjo.net\/site\/#\/schema\/logo\/image\/","url":"https:\/\/www.oarcanjo.net\/site\/wp-content\/uploads\/LogoOArcanjo.png","contentUrl":"https:\/\/www.oarcanjo.net\/site\/wp-content\/uploads\/LogoOArcanjo.png","width":319,"height":99,"caption":"Par\u00f3quia S\u00e3o Miguel Arcanjo"},"image":{"@id":"https:\/\/www.oarcanjo.net\/site\/#\/schema\/logo\/image\/"},"sameAs":["https:\/\/www.facebook.com\/OArcanjoNoAr\/"]},{"@type":"Person","@id":"https:\/\/www.oarcanjo.net\/site\/#\/schema\/person\/f7024d007863202483a31326673a0838","name":"editor","sameAs":["http:\/\/www.oarcanjo.net"]}]}},"publishpress_future_action":{"enabled":false,"date":"2026-05-09 06:41:47","action":"category","newStatus":"draft","terms":[],"taxonomy":"category"},"publishpress_future_workflow_manual_trigger":{"enabledWorkflows":[]},"_links":{"self":[{"href":"https:\/\/www.oarcanjo.net\/site\/wp-json\/wp\/v2\/posts\/11215"}],"collection":[{"href":"https:\/\/www.oarcanjo.net\/site\/wp-json\/wp\/v2\/posts"}],"about":[{"href":"https:\/\/www.oarcanjo.net\/site\/wp-json\/wp\/v2\/types\/post"}],"author":[{"embeddable":true,"href":"https:\/\/www.oarcanjo.net\/site\/wp-json\/wp\/v2\/users\/5"}],"replies":[{"embeddable":true,"href":"https:\/\/www.oarcanjo.net\/site\/wp-json\/wp\/v2\/comments?post=11215"}],"version-history":[{"count":0,"href":"https:\/\/www.oarcanjo.net\/site\/wp-json\/wp\/v2\/posts\/11215\/revisions"}],"wp:attachment":[{"href":"https:\/\/www.oarcanjo.net\/site\/wp-json\/wp\/v2\/media?parent=11215"}],"wp:term":[{"taxonomy":"category","embeddable":true,"href":"https:\/\/www.oarcanjo.net\/site\/wp-json\/wp\/v2\/categories?post=11215"},{"taxonomy":"post_tag","embeddable":true,"href":"https:\/\/www.oarcanjo.net\/site\/wp-json\/wp\/v2\/tags?post=11215"}],"curies":[{"name":"wp","href":"https:\/\/api.w.org\/{rel}","templated":true}]}}