
{"id":112167,"date":"2021-09-26T15:50:34","date_gmt":"2021-09-26T18:50:34","guid":{"rendered":"https:\/\/www.oarcanjo.net\/site\/?p=112167"},"modified":"2021-09-26T16:17:59","modified_gmt":"2021-09-26T19:17:59","slug":"comunidade-tera-5-missas-no-dia-do-padroeiro","status":"publish","type":"post","link":"https:\/\/www.oarcanjo.net\/site\/comunidade-tera-5-missas-no-dia-do-padroeiro\/","title":{"rendered":"Comunidade ter\u00e1 5 missas no dia do padroeiro"},"content":{"rendered":"<p>Na quarta-feira, 29\/09\/2021, Dia de S\u00e3o Miguel Arcanjo, haver\u00e1 5 missas na igreja &#8211; confira os hor\u00e1rios:<\/p>\n<p><iframe loading=\"lazy\" width=\"700\" height=\"394\" src=\"https:\/\/www.youtube.com\/embed\/ZnEMOwP8mCM\" title=\"YouTube video player\" frameborder=\"0\" allow=\"accelerometer; autoplay; clipboard-write; encrypted-media; gyroscope; picture-in-picture\" allowfullscreen><\/iframe><\/p>\n<div id=\"themify_builder_content-112167\" data-postid=\"112167\" class=\"themify_builder_content themify_builder_content-112167 themify_builder themify_builder_front\">\n\t<\/div>\n<!-- \/themify_builder_content -->","protected":false},"excerpt":{"rendered":"<p>Confira os hor\u00e1rios das missas que ser\u00e3o celebradas na quarta-feira, 29\/09, Dia de S\u00e3o Miguel Arcanjo<\/p>\n","protected":false},"author":2,"featured_media":112168,"comment_status":"open","ping_status":"open","sticky":false,"template":"","format":"standard","meta":{"ngg_post_thumbnail":0,"footnotes":""},"categories":[476,3,8],"tags":[],"yoast_head":"<!-- This site is optimized with the Yoast SEO plugin v23.5 - https:\/\/yoast.com\/wordpress\/plugins\/seo\/ -->\n<title>Comunidade ter\u00e1 5 missas no dia do padroeiro - O Arcanjo no ar<\/title>\n<meta name=\"robots\" content=\"index, follow, max-snippet:-1, max-image-preview:large, max-video-preview:-1\" \/>\n<link rel=\"canonical\" href=\"https:\/\/www.oarcanjo.net\/site\/comunidade-tera-5-missas-no-dia-do-padroeiro\/\" \/>\n<meta property=\"og:locale\" content=\"pt_BR\" \/>\n<meta property=\"og:type\" content=\"article\" \/>\n<meta property=\"og:title\" content=\"Comunidade ter\u00e1 5 missas no dia do padroeiro - O Arcanjo no ar\" \/>\n<meta property=\"og:description\" content=\"Confira os hor\u00e1rios das missas que ser\u00e3o celebradas na quarta-feira, 29\/09, Dia de S\u00e3o Miguel Arcanjo\" \/>\n<meta property=\"og:url\" content=\"https:\/\/www.oarcanjo.net\/site\/comunidade-tera-5-missas-no-dia-do-padroeiro\/\" \/>\n<meta property=\"og:site_name\" content=\"O Arcanjo no ar\" \/>\n<meta property=\"article:publisher\" content=\"https:\/\/www.facebook.com\/OArcanjoNoAr\/\" \/>\n<meta property=\"article:published_time\" content=\"2021-09-26T18:50:34+00:00\" \/>\n<meta property=\"article:modified_time\" content=\"2021-09-26T19:17:59+00:00\" \/>\n<meta property=\"og:image\" content=\"https:\/\/www.oarcanjo.net\/site\/wp-content\/uploads\/SaoMiguel02.jpg\" \/>\n\t<meta property=\"og:image:width\" content=\"1920\" \/>\n\t<meta property=\"og:image:height\" content=\"1080\" \/>\n\t<meta property=\"og:image:type\" content=\"image\/jpeg\" \/>\n<meta name=\"author\" content=\"rubens.meyer\" \/>\n<meta name=\"twitter:card\" content=\"summary_large_image\" \/>\n<meta name=\"twitter:label1\" content=\"Escrito por\" \/>\n\t<meta name=\"twitter:data1\" content=\"rubens.meyer\" \/>\n<script type=\"application\/ld+json\" class=\"yoast-schema-graph\">{\"@context\":\"https:\/\/schema.org\",\"@graph\":[{\"@type\":\"Article\",\"@id\":\"https:\/\/www.oarcanjo.net\/site\/comunidade-tera-5-missas-no-dia-do-padroeiro\/#article\",\"isPartOf\":{\"@id\":\"https:\/\/www.oarcanjo.net\/site\/comunidade-tera-5-missas-no-dia-do-padroeiro\/\"},\"author\":{\"name\":\"rubens.meyer\",\"@id\":\"https:\/\/www.oarcanjo.net\/site\/#\/schema\/person\/8f702af457b0cfb4ac1a7228ee23f026\"},\"headline\":\"Comunidade ter\u00e1 5 missas no dia do padroeiro\",\"datePublished\":\"2021-09-26T18:50:34+00:00\",\"dateModified\":\"2021-09-26T19:17:59+00:00\",\"mainEntityOfPage\":{\"@id\":\"https:\/\/www.oarcanjo.net\/site\/comunidade-tera-5-missas-no-dia-do-padroeiro\/\"},\"wordCount\":24,\"commentCount\":1,\"publisher\":{\"@id\":\"https:\/\/www.oarcanjo.net\/site\/#organization\"},\"image\":{\"@id\":\"https:\/\/www.oarcanjo.net\/site\/comunidade-tera-5-missas-no-dia-do-padroeiro\/#primaryimage\"},\"thumbnailUrl\":\"https:\/\/www.oarcanjo.net\/site\/wp-content\/uploads\/SaoMiguel02.jpg\",\"articleSection\":[\"Avisos\",\"Destaques\",\"Not\u00edcias\"],\"inLanguage\":\"pt-BR\",\"potentialAction\":[{\"@type\":\"CommentAction\",\"name\":\"Comment\",\"target\":[\"https:\/\/www.oarcanjo.net\/site\/comunidade-tera-5-missas-no-dia-do-padroeiro\/#respond\"]}]},{\"@type\":\"WebPage\",\"@id\":\"https:\/\/www.oarcanjo.net\/site\/comunidade-tera-5-missas-no-dia-do-padroeiro\/\",\"url\":\"https:\/\/www.oarcanjo.net\/site\/comunidade-tera-5-missas-no-dia-do-padroeiro\/\",\"name\":\"Comunidade ter\u00e1 5 missas no dia do padroeiro - O Arcanjo no ar\",\"isPartOf\":{\"@id\":\"https:\/\/www.oarcanjo.net\/site\/#website\"},\"primaryImageOfPage\":{\"@id\":\"https:\/\/www.oarcanjo.net\/site\/comunidade-tera-5-missas-no-dia-do-padroeiro\/#primaryimage\"},\"image\":{\"@id\":\"https:\/\/www.oarcanjo.net\/site\/comunidade-tera-5-missas-no-dia-do-padroeiro\/#primaryimage\"},\"thumbnailUrl\":\"https:\/\/www.oarcanjo.net\/site\/wp-content\/uploads\/SaoMiguel02.jpg\",\"datePublished\":\"2021-09-26T18:50:34+00:00\",\"dateModified\":\"2021-09-26T19:17:59+00:00\",\"breadcrumb\":{\"@id\":\"https:\/\/www.oarcanjo.net\/site\/comunidade-tera-5-missas-no-dia-do-padroeiro\/#breadcrumb\"},\"inLanguage\":\"pt-BR\",\"potentialAction\":[{\"@type\":\"ReadAction\",\"target\":[\"https:\/\/www.oarcanjo.net\/site\/comunidade-tera-5-missas-no-dia-do-padroeiro\/\"]}]},{\"@type\":\"ImageObject\",\"inLanguage\":\"pt-BR\",\"@id\":\"https:\/\/www.oarcanjo.net\/site\/comunidade-tera-5-missas-no-dia-do-padroeiro\/#primaryimage\",\"url\":\"https:\/\/www.oarcanjo.net\/site\/wp-content\/uploads\/SaoMiguel02.jpg\",\"contentUrl\":\"https:\/\/www.oarcanjo.net\/site\/wp-content\/uploads\/SaoMiguel02.jpg\",\"width\":1920,\"height\":1080},{\"@type\":\"BreadcrumbList\",\"@id\":\"https:\/\/www.oarcanjo.net\/site\/comunidade-tera-5-missas-no-dia-do-padroeiro\/#breadcrumb\",\"itemListElement\":[{\"@type\":\"ListItem\",\"position\":1,\"name\":\"In\u00edcio\",\"item\":\"https:\/\/www.oarcanjo.net\/site\/\"},{\"@type\":\"ListItem\",\"position\":2,\"name\":\"Comunidade ter\u00e1 5 missas no dia do padroeiro\"}]},{\"@type\":\"WebSite\",\"@id\":\"https:\/\/www.oarcanjo.net\/site\/#website\",\"url\":\"https:\/\/www.oarcanjo.net\/site\/\",\"name\":\"O Arcanjo no ar\",\"description\":\"Site da Par\u00f3quia S\u00e3o Miguel Arcanjo (Arquidiocese de SP)\",\"publisher\":{\"@id\":\"https:\/\/www.oarcanjo.net\/site\/#organization\"},\"potentialAction\":[{\"@type\":\"SearchAction\",\"target\":{\"@type\":\"EntryPoint\",\"urlTemplate\":\"https:\/\/www.oarcanjo.net\/site\/?s={search_term_string}\"},\"query-input\":{\"@type\":\"PropertyValueSpecification\",\"valueRequired\":true,\"valueName\":\"search_term_string\"}}],\"inLanguage\":\"pt-BR\"},{\"@type\":\"Organization\",\"@id\":\"https:\/\/www.oarcanjo.net\/site\/#organization\",\"name\":\"Par\u00f3quia S\u00e3o Miguel Arcanjo\",\"url\":\"https:\/\/www.oarcanjo.net\/site\/\",\"logo\":{\"@type\":\"ImageObject\",\"inLanguage\":\"pt-BR\",\"@id\":\"https:\/\/www.oarcanjo.net\/site\/#\/schema\/logo\/image\/\",\"url\":\"https:\/\/www.oarcanjo.net\/site\/wp-content\/uploads\/LogoOArcanjo.png\",\"contentUrl\":\"https:\/\/www.oarcanjo.net\/site\/wp-content\/uploads\/LogoOArcanjo.png\",\"width\":319,\"height\":99,\"caption\":\"Par\u00f3quia S\u00e3o Miguel Arcanjo\"},\"image\":{\"@id\":\"https:\/\/www.oarcanjo.net\/site\/#\/schema\/logo\/image\/\"},\"sameAs\":[\"https:\/\/www.facebook.com\/OArcanjoNoAr\/\"]},{\"@type\":\"Person\",\"@id\":\"https:\/\/www.oarcanjo.net\/site\/#\/schema\/person\/8f702af457b0cfb4ac1a7228ee23f026\",\"name\":\"rubens.meyer\"}]}<\/script>\n<!-- \/ Yoast SEO plugin. -->","yoast_head_json":{"title":"Comunidade ter\u00e1 5 missas no dia do padroeiro - O Arcanjo no ar","robots":{"index":"index","follow":"follow","max-snippet":"max-snippet:-1","max-image-preview":"max-image-preview:large","max-video-preview":"max-video-preview:-1"},"canonical":"https:\/\/www.oarcanjo.net\/site\/comunidade-tera-5-missas-no-dia-do-padroeiro\/","og_locale":"pt_BR","og_type":"article","og_title":"Comunidade ter\u00e1 5 missas no dia do padroeiro - O Arcanjo no ar","og_description":"Confira os hor\u00e1rios das missas que ser\u00e3o celebradas na quarta-feira, 29\/09, Dia de S\u00e3o Miguel Arcanjo","og_url":"https:\/\/www.oarcanjo.net\/site\/comunidade-tera-5-missas-no-dia-do-padroeiro\/","og_site_name":"O Arcanjo no ar","article_publisher":"https:\/\/www.facebook.com\/OArcanjoNoAr\/","article_published_time":"2021-09-26T18:50:34+00:00","article_modified_time":"2021-09-26T19:17:59+00:00","og_image":[{"width":1920,"height":1080,"url":"https:\/\/www.oarcanjo.net\/site\/wp-content\/uploads\/SaoMiguel02.jpg","type":"image\/jpeg"}],"author":"rubens.meyer","twitter_card":"summary_large_image","twitter_misc":{"Escrito por":"rubens.meyer"},"schema":{"@context":"https:\/\/schema.org","@graph":[{"@type":"Article","@id":"https:\/\/www.oarcanjo.net\/site\/comunidade-tera-5-missas-no-dia-do-padroeiro\/#article","isPartOf":{"@id":"https:\/\/www.oarcanjo.net\/site\/comunidade-tera-5-missas-no-dia-do-padroeiro\/"},"author":{"name":"rubens.meyer","@id":"https:\/\/www.oarcanjo.net\/site\/#\/schema\/person\/8f702af457b0cfb4ac1a7228ee23f026"},"headline":"Comunidade ter\u00e1 5 missas no dia do padroeiro","datePublished":"2021-09-26T18:50:34+00:00","dateModified":"2021-09-26T19:17:59+00:00","mainEntityOfPage":{"@id":"https:\/\/www.oarcanjo.net\/site\/comunidade-tera-5-missas-no-dia-do-padroeiro\/"},"wordCount":24,"commentCount":1,"publisher":{"@id":"https:\/\/www.oarcanjo.net\/site\/#organization"},"image":{"@id":"https:\/\/www.oarcanjo.net\/site\/comunidade-tera-5-missas-no-dia-do-padroeiro\/#primaryimage"},"thumbnailUrl":"https:\/\/www.oarcanjo.net\/site\/wp-content\/uploads\/SaoMiguel02.jpg","articleSection":["Avisos","Destaques","Not\u00edcias"],"inLanguage":"pt-BR","potentialAction":[{"@type":"CommentAction","name":"Comment","target":["https:\/\/www.oarcanjo.net\/site\/comunidade-tera-5-missas-no-dia-do-padroeiro\/#respond"]}]},{"@type":"WebPage","@id":"https:\/\/www.oarcanjo.net\/site\/comunidade-tera-5-missas-no-dia-do-padroeiro\/","url":"https:\/\/www.oarcanjo.net\/site\/comunidade-tera-5-missas-no-dia-do-padroeiro\/","name":"Comunidade ter\u00e1 5 missas no dia do padroeiro - O Arcanjo no ar","isPartOf":{"@id":"https:\/\/www.oarcanjo.net\/site\/#website"},"primaryImageOfPage":{"@id":"https:\/\/www.oarcanjo.net\/site\/comunidade-tera-5-missas-no-dia-do-padroeiro\/#primaryimage"},"image":{"@id":"https:\/\/www.oarcanjo.net\/site\/comunidade-tera-5-missas-no-dia-do-padroeiro\/#primaryimage"},"thumbnailUrl":"https:\/\/www.oarcanjo.net\/site\/wp-content\/uploads\/SaoMiguel02.jpg","datePublished":"2021-09-26T18:50:34+00:00","dateModified":"2021-09-26T19:17:59+00:00","breadcrumb":{"@id":"https:\/\/www.oarcanjo.net\/site\/comunidade-tera-5-missas-no-dia-do-padroeiro\/#breadcrumb"},"inLanguage":"pt-BR","potentialAction":[{"@type":"ReadAction","target":["https:\/\/www.oarcanjo.net\/site\/comunidade-tera-5-missas-no-dia-do-padroeiro\/"]}]},{"@type":"ImageObject","inLanguage":"pt-BR","@id":"https:\/\/www.oarcanjo.net\/site\/comunidade-tera-5-missas-no-dia-do-padroeiro\/#primaryimage","url":"https:\/\/www.oarcanjo.net\/site\/wp-content\/uploads\/SaoMiguel02.jpg","contentUrl":"https:\/\/www.oarcanjo.net\/site\/wp-content\/uploads\/SaoMiguel02.jpg","width":1920,"height":1080},{"@type":"BreadcrumbList","@id":"https:\/\/www.oarcanjo.net\/site\/comunidade-tera-5-missas-no-dia-do-padroeiro\/#breadcrumb","itemListElement":[{"@type":"ListItem","position":1,"name":"In\u00edcio","item":"https:\/\/www.oarcanjo.net\/site\/"},{"@type":"ListItem","position":2,"name":"Comunidade ter\u00e1 5 missas no dia do padroeiro"}]},{"@type":"WebSite","@id":"https:\/\/www.oarcanjo.net\/site\/#website","url":"https:\/\/www.oarcanjo.net\/site\/","name":"O Arcanjo no ar","description":"Site da Par\u00f3quia S\u00e3o Miguel Arcanjo (Arquidiocese de SP)","publisher":{"@id":"https:\/\/www.oarcanjo.net\/site\/#organization"},"potentialAction":[{"@type":"SearchAction","target":{"@type":"EntryPoint","urlTemplate":"https:\/\/www.oarcanjo.net\/site\/?s={search_term_string}"},"query-input":{"@type":"PropertyValueSpecification","valueRequired":true,"valueName":"search_term_string"}}],"inLanguage":"pt-BR"},{"@type":"Organization","@id":"https:\/\/www.oarcanjo.net\/site\/#organization","name":"Par\u00f3quia S\u00e3o Miguel Arcanjo","url":"https:\/\/www.oarcanjo.net\/site\/","logo":{"@type":"ImageObject","inLanguage":"pt-BR","@id":"https:\/\/www.oarcanjo.net\/site\/#\/schema\/logo\/image\/","url":"https:\/\/www.oarcanjo.net\/site\/wp-content\/uploads\/LogoOArcanjo.png","contentUrl":"https:\/\/www.oarcanjo.net\/site\/wp-content\/uploads\/LogoOArcanjo.png","width":319,"height":99,"caption":"Par\u00f3quia S\u00e3o Miguel Arcanjo"},"image":{"@id":"https:\/\/www.oarcanjo.net\/site\/#\/schema\/logo\/image\/"},"sameAs":["https:\/\/www.facebook.com\/OArcanjoNoAr\/"]},{"@type":"Person","@id":"https:\/\/www.oarcanjo.net\/site\/#\/schema\/person\/8f702af457b0cfb4ac1a7228ee23f026","name":"rubens.meyer"}]}},"publishpress_future_action":{"enabled":false,"date":"2026-05-07 12:07:58","action":"category","newStatus":"draft","terms":[],"taxonomy":"category"},"publishpress_future_workflow_manual_trigger":{"enabledWorkflows":[]},"_links":{"self":[{"href":"https:\/\/www.oarcanjo.net\/site\/wp-json\/wp\/v2\/posts\/112167"}],"collection":[{"href":"https:\/\/www.oarcanjo.net\/site\/wp-json\/wp\/v2\/posts"}],"about":[{"href":"https:\/\/www.oarcanjo.net\/site\/wp-json\/wp\/v2\/types\/post"}],"author":[{"embeddable":true,"href":"https:\/\/www.oarcanjo.net\/site\/wp-json\/wp\/v2\/users\/2"}],"replies":[{"embeddable":true,"href":"https:\/\/www.oarcanjo.net\/site\/wp-json\/wp\/v2\/comments?post=112167"}],"version-history":[{"count":2,"href":"https:\/\/www.oarcanjo.net\/site\/wp-json\/wp\/v2\/posts\/112167\/revisions"}],"predecessor-version":[{"id":112170,"href":"https:\/\/www.oarcanjo.net\/site\/wp-json\/wp\/v2\/posts\/112167\/revisions\/112170"}],"wp:featuredmedia":[{"embeddable":true,"href":"https:\/\/www.oarcanjo.net\/site\/wp-json\/wp\/v2\/media\/112168"}],"wp:attachment":[{"href":"https:\/\/www.oarcanjo.net\/site\/wp-json\/wp\/v2\/media?parent=112167"}],"wp:term":[{"taxonomy":"category","embeddable":true,"href":"https:\/\/www.oarcanjo.net\/site\/wp-json\/wp\/v2\/categories?post=112167"},{"taxonomy":"post_tag","embeddable":true,"href":"https:\/\/www.oarcanjo.net\/site\/wp-json\/wp\/v2\/tags?post=112167"}],"curies":[{"name":"wp","href":"https:\/\/api.w.org\/{rel}","templated":true}]}}