
{"id":11238,"date":"2010-10-07T22:18:55","date_gmt":"2010-10-08T01:18:55","guid":{"rendered":"http:\/\/www.oarcanjo.net\/site\/?p=11238"},"modified":"2010-10-07T22:18:55","modified_gmt":"2010-10-08T01:18:55","slug":"eleicoes-em-terceira-dimensao","status":"publish","type":"post","link":"https:\/\/www.oarcanjo.net\/site\/eleicoes-em-terceira-dimensao\/","title":{"rendered":"Elei\u00e7\u00f5es em Terceira Dimens\u00e3o"},"content":{"rendered":"<p><em>Pe. Alfredo J. Gon\u00e7alves, CS<\/em><\/p>\n<p>Com o resultado do primeiro turno das elei\u00e7\u00f5es, os n\u00fameros nos convidam a refletir sobre uma tr\u00edplice dimens\u00e3o. Tr\u00eas dimens\u00f5es protagonizadas por tr\u00eas figuras envolvidas no pleito: Marina da Silva, Tiririca e o Presidente Lula.<\/p>\n<p>Comecemos com este \u00faltimo. O tom dos discursos de Lula nas derradeiras semanas do processo eleitoral, acrescido de uma atitude demasiadamente palanquista, revelaram sinais inequ\u00edvocos de prepot\u00eancia e arrog\u00e2ncia.\u00a0 Mas revelaram, por outro lado, que o cidad\u00e3o est\u00e1 vacinado contra essa atitude do \u201cj\u00e1 ganhamos\u201d. As imagens n\u00e3o deixam d\u00favidas: a voz rouca, os gritos contra advers\u00e1rios que mais parecem inimigos do bem, o dedo em riste e a petul\u00e2ncia de que \u201cfizemos o melhor governo\u201d. O resultado n\u00e3o se fez esperar: a esperan\u00e7a de comemorar vit\u00f3ria no primeiro turno foi uma vez mais adiada.<\/p>\n<p>A cultura democr\u00e1tica brasileira avan\u00e7a mui lentamente, \u00e9 verdade, mas avan\u00e7a.\u00a0 Ainda prevalecem o caudilhismo, o coronelismo, o autoritarismo, o centralismo, o messianismo, o personalismo, e tantos outros \u201cismos\u201d. Grande parte da popula\u00e7\u00e3o ainda se deixa embalar por esse tipo de auto-sufici\u00eancia dos salvadores da p\u00e1tria. Mas h\u00e1 cidad\u00e3os \u2013 e eles tendem a crescer \u2013 que sonham, lutam e esperam por estruturas efetivamente democr\u00e1ticas, onde a din\u00e2mica livre da cr\u00edtica e autocr\u00edtica faz do terreno pol\u00edtico o campo de posi\u00e7\u00f5es e de oposi\u00e7\u00f5es leg\u00edtimas. Pessoas que entendem que o bem e mal se mesclam no calor dos debates e que j\u00e1 se foi o tempo de fronteiras demarcadas entre os \u201cnossos\u201d, patriotas irrepreens\u00edveis, e os \u201coutros\u201d, inimigos do povo e da na\u00e7\u00e3o. Os matizes da disputa pol\u00edtica s\u00e3o bem mais complexos do que os esquemas estreitos e dualistas dos gladiadores. Her\u00f3is e vil\u00f5es, mocinhos e bandidos, nunca est\u00e3o de um lado s\u00f3 \u2013 a n\u00e3o ser nos filmes de farwest norte-americano.<\/p>\n<p>Tem mais: a terra se nutre de chuva fina, n\u00e3o de tempestades. As tempestades arrastam tudo pela frente e devastam o solo. S\u00f3 a chuva mansa penetra e irriga para o plantio. Os gritos em pra\u00e7a p\u00fablica, como trov\u00f5es que caem de cima do palanque sobre a multid\u00e3o, tendem a um efeito contr\u00e1rio. A agressividade do discurso pode representar um tiro no p\u00e9. Uma pedra atirada sobre o outro muitas vezes cai em primeiro lugar sobre nossa pr\u00f3pria cabe\u00e7a; as palavras envenenadas, se e quando soltas petulantemente ao vento, tendem a envenenar o cora\u00e7\u00e3o de quem as vomita. O comportamento do Presidente Lula na reta final das elei\u00e7\u00f5es pode explicar algo da queda de Dilma Rousseft.<\/p>\n<p>Quanto ao fen\u00f4meno Tiririca, a situa\u00e7\u00e3o nos remete ao caso do rinoceronte Cacareco, \u201cpersonagem\u201d bem votada quando se podia escrever na c\u00e9dula o nome do candidato. Hoje a urna eletr\u00f4nica n\u00e3o permite escrever nomes, mas as figuras inusitadas e apresentam por si mesmas. Alguns jornais estrangeiros, com um olhar \u00e0 dist\u00e2ncia, um tanto quanto m\u00edope mas n\u00e3o de todo improv\u00e1vel, noticiaram que o Brasil elegeu um palha\u00e7o para a C\u00e2mara Federal. Mais do que eleger um comediante, os que esses votos nos dizem \u00e9 que o processo eleitoral, em grande medida n\u00e3o passa de uma com\u00e9dia. Nos pa\u00edses ocidentais, a democracia como ela hoje se apresenta tornou-se um baluarte firme para a manuten\u00e7\u00e3o dos privil\u00e9gios da classe dominante. Atrav\u00e9s de uma pretensa escolha, os eleitores legitimam o arcabou\u00e7o legal das assimetrias e desigualdades socioecon\u00f4micas.<\/p>\n<p>H\u00e1 v\u00edcios hist\u00f3ricos e estruturais praticamente insol\u00faveis. O poder da m\u00eddia e do marketing, da riqueza e da renda, da publicidade e da propaganda fabrica imagens de pol\u00edticos que pouco ou nada tem a ver com o cotidiano de dores, lutas e sonhos da popula\u00e7\u00e3o. Pol\u00edticos devidamente maquiados e colocados na vitrine da \u201ctelinha\u201d para a escolha \u201clivre\u201d dos clientes. Linguagem de mercado no mundo da pol\u00edtica. Simultaneamente encantado, seduzido e ofuscado pelos holofotes, c\u00e2meras e microfones dessas \u201cmercadorias fascinantes e profusamente iluminadas\u201d, n\u00e3o \u00e9 dif\u00edcil induzir \u00e0 compra \u2013 ou ao voto. Numa palavra, j\u00e1 que tudo n\u00e3o passa de uma palha\u00e7ada, porque n\u00e3o eleger um palha\u00e7o! Nota-se uma coer\u00eancia ao mesmo tempo perversa e sard\u00f4nica por tr\u00e1s desse mais de um milh\u00e3o de votos no Tiririca.<\/p>\n<p>No caso da Marina Silva (e n\u00e3o seria exagero acrescentar o Pl\u00ednio de Arruda Sampaio), o enfoque muda completamente. Entre a maioria de um eleitorado descontente e desiludido, desencantado e desestimulado com a pol\u00edtica, h\u00e1 os que procuram algo novo ou inovador. Quando se combina isso com a emerg\u00eancia progressiva, nas \u00faltimas d\u00e9cadas, da consci\u00eancia ecol\u00f3gica, a vota\u00e7\u00e3o crescente na Marina e no partido verde torna-se mais ou menos transparente. Cientistas, movimentos ambientalistas, pol\u00edticos e organiza\u00e7\u00f5es n\u00e3o governamentais n\u00e3o se cansam de alertar para os riscos do aquecimento global, da contamina\u00e7\u00e3o das \u00e1guas e desertifica\u00e7\u00e3o do solo, da devasta\u00e7\u00e3o e uso incorreto dos recursos naturais, da emiss\u00e3o de g\u00e1s carb\u00f4nico na atmosfera. Crescem as amea\u00e7as ao meio ambiente e \u00e0 vida em sua diversidade, mas cresce igualmente a responsabilidade de reverter o quadro em termos de uma economia solid\u00e1ria e sustent\u00e1vel.<\/p>\n<p>Tr\u00eas candidaturas, tr\u00eas comportamentos e tr\u00eas resultados que atestam a complexidade do eleitorado brasileiro. E que costumam virar pelo avesso qualquer tipo de an\u00e1lise ou pesquisa pr\u00e9via. O certo \u00e9 que, em meio a uma enxurrada de esc\u00e2ndalos e de atitudes de corrup\u00e7\u00e3o, com os instrumentos do projeto \u201cficha limpa\u201d e da lei 9840, a popula\u00e7\u00e3o busca alternativas. Recusando a estrid\u00eancia dos discursos palanqueiros e do marketing, tachado de palha\u00e7ada um processo onde o povo \u00e9 chamado a optar pelos j\u00e1 escolhidos, ou abrindo picadas in\u00e9ditas nessa selva escura \u2013 a popula\u00e7\u00e3o busca algo novo!<\/p>\n<div id=\"themify_builder_content-11238\" data-postid=\"11238\" class=\"themify_builder_content themify_builder_content-11238 themify_builder themify_builder_front\">\n\t<\/div>\n<!-- \/themify_builder_content -->","protected":false},"excerpt":{"rendered":"<p>Pe. Alfredo J. Gon\u00e7alves, CS Com o resultado do primeiro turno das elei\u00e7\u00f5es, os n\u00fameros nos convidam a refletir sobre uma tr\u00edplice dimens\u00e3o. Tr\u00eas dimens\u00f5es protagonizadas por tr\u00eas figuras envolvidas no pleito: Marina da Silva, Tiririca e o Presidente Lula. Comecemos com este \u00faltimo. O tom dos discursos de Lula nas derradeiras semanas do processo [&hellip;]<\/p>\n","protected":false},"author":15,"featured_media":0,"comment_status":"open","ping_status":"open","sticky":false,"template":"","format":"standard","meta":{"ngg_post_thumbnail":0,"footnotes":""},"categories":[9],"tags":[],"yoast_head":"<!-- This site is optimized with the Yoast SEO plugin v23.5 - https:\/\/yoast.com\/wordpress\/plugins\/seo\/ -->\n<title>Elei\u00e7\u00f5es em Terceira Dimens\u00e3o - O Arcanjo no ar<\/title>\n<meta name=\"robots\" content=\"index, follow, max-snippet:-1, max-image-preview:large, max-video-preview:-1\" \/>\n<link rel=\"canonical\" href=\"https:\/\/www.oarcanjo.net\/site\/eleicoes-em-terceira-dimensao\/\" \/>\n<meta property=\"og:locale\" content=\"pt_BR\" \/>\n<meta property=\"og:type\" content=\"article\" \/>\n<meta property=\"og:title\" content=\"Elei\u00e7\u00f5es em Terceira Dimens\u00e3o - O Arcanjo no ar\" \/>\n<meta property=\"og:description\" content=\"Pe. Alfredo J. Gon\u00e7alves, CS Com o resultado do primeiro turno das elei\u00e7\u00f5es, os n\u00fameros nos convidam a refletir sobre uma tr\u00edplice dimens\u00e3o. Tr\u00eas dimens\u00f5es protagonizadas por tr\u00eas figuras envolvidas no pleito: Marina da Silva, Tiririca e o Presidente Lula. Comecemos com este \u00faltimo. O tom dos discursos de Lula nas derradeiras semanas do processo [&hellip;]\" \/>\n<meta property=\"og:url\" content=\"https:\/\/www.oarcanjo.net\/site\/eleicoes-em-terceira-dimensao\/\" \/>\n<meta property=\"og:site_name\" content=\"O Arcanjo no ar\" \/>\n<meta property=\"article:publisher\" content=\"https:\/\/www.facebook.com\/OArcanjoNoAr\/\" \/>\n<meta property=\"article:published_time\" content=\"2010-10-08T01:18:55+00:00\" \/>\n<meta property=\"og:image\" content=\"https:\/\/www.oarcanjo.net\/site\/wp-content\/uploads\/logo-o-arcanjo-no-ar-facebook.png\" \/>\n\t<meta property=\"og:image:width\" content=\"300\" \/>\n\t<meta property=\"og:image:height\" content=\"300\" \/>\n\t<meta property=\"og:image:type\" content=\"image\/png\" \/>\n<meta name=\"author\" content=\"Alexandre Nunes\" \/>\n<meta name=\"twitter:card\" content=\"summary_large_image\" \/>\n<meta name=\"twitter:label1\" content=\"Escrito por\" \/>\n\t<meta name=\"twitter:data1\" content=\"Alexandre Nunes\" \/>\n\t<meta name=\"twitter:label2\" content=\"Est. tempo de leitura\" \/>\n\t<meta name=\"twitter:data2\" content=\"5 minutos\" \/>\n<script type=\"application\/ld+json\" class=\"yoast-schema-graph\">{\"@context\":\"https:\/\/schema.org\",\"@graph\":[{\"@type\":\"Article\",\"@id\":\"https:\/\/www.oarcanjo.net\/site\/eleicoes-em-terceira-dimensao\/#article\",\"isPartOf\":{\"@id\":\"https:\/\/www.oarcanjo.net\/site\/eleicoes-em-terceira-dimensao\/\"},\"author\":{\"name\":\"Alexandre Nunes\",\"@id\":\"https:\/\/www.oarcanjo.net\/site\/#\/schema\/person\/0a2ae077c1a09b69d29928e3b9f1c0d1\"},\"headline\":\"Elei\u00e7\u00f5es em Terceira Dimens\u00e3o\",\"datePublished\":\"2010-10-08T01:18:55+00:00\",\"dateModified\":\"2010-10-08T01:18:55+00:00\",\"mainEntityOfPage\":{\"@id\":\"https:\/\/www.oarcanjo.net\/site\/eleicoes-em-terceira-dimensao\/\"},\"wordCount\":1026,\"commentCount\":0,\"publisher\":{\"@id\":\"https:\/\/www.oarcanjo.net\/site\/#organization\"},\"articleSection\":[\"Reflex\u00f5es\"],\"inLanguage\":\"pt-BR\",\"potentialAction\":[{\"@type\":\"CommentAction\",\"name\":\"Comment\",\"target\":[\"https:\/\/www.oarcanjo.net\/site\/eleicoes-em-terceira-dimensao\/#respond\"]}]},{\"@type\":\"WebPage\",\"@id\":\"https:\/\/www.oarcanjo.net\/site\/eleicoes-em-terceira-dimensao\/\",\"url\":\"https:\/\/www.oarcanjo.net\/site\/eleicoes-em-terceira-dimensao\/\",\"name\":\"Elei\u00e7\u00f5es em Terceira Dimens\u00e3o - O Arcanjo no ar\",\"isPartOf\":{\"@id\":\"https:\/\/www.oarcanjo.net\/site\/#website\"},\"datePublished\":\"2010-10-08T01:18:55+00:00\",\"dateModified\":\"2010-10-08T01:18:55+00:00\",\"breadcrumb\":{\"@id\":\"https:\/\/www.oarcanjo.net\/site\/eleicoes-em-terceira-dimensao\/#breadcrumb\"},\"inLanguage\":\"pt-BR\",\"potentialAction\":[{\"@type\":\"ReadAction\",\"target\":[\"https:\/\/www.oarcanjo.net\/site\/eleicoes-em-terceira-dimensao\/\"]}]},{\"@type\":\"BreadcrumbList\",\"@id\":\"https:\/\/www.oarcanjo.net\/site\/eleicoes-em-terceira-dimensao\/#breadcrumb\",\"itemListElement\":[{\"@type\":\"ListItem\",\"position\":1,\"name\":\"In\u00edcio\",\"item\":\"https:\/\/www.oarcanjo.net\/site\/\"},{\"@type\":\"ListItem\",\"position\":2,\"name\":\"Elei\u00e7\u00f5es em Terceira Dimens\u00e3o\"}]},{\"@type\":\"WebSite\",\"@id\":\"https:\/\/www.oarcanjo.net\/site\/#website\",\"url\":\"https:\/\/www.oarcanjo.net\/site\/\",\"name\":\"O Arcanjo no ar\",\"description\":\"Site da Par\u00f3quia S\u00e3o Miguel Arcanjo (Arquidiocese de SP)\",\"publisher\":{\"@id\":\"https:\/\/www.oarcanjo.net\/site\/#organization\"},\"potentialAction\":[{\"@type\":\"SearchAction\",\"target\":{\"@type\":\"EntryPoint\",\"urlTemplate\":\"https:\/\/www.oarcanjo.net\/site\/?s={search_term_string}\"},\"query-input\":{\"@type\":\"PropertyValueSpecification\",\"valueRequired\":true,\"valueName\":\"search_term_string\"}}],\"inLanguage\":\"pt-BR\"},{\"@type\":\"Organization\",\"@id\":\"https:\/\/www.oarcanjo.net\/site\/#organization\",\"name\":\"Par\u00f3quia S\u00e3o Miguel Arcanjo\",\"url\":\"https:\/\/www.oarcanjo.net\/site\/\",\"logo\":{\"@type\":\"ImageObject\",\"inLanguage\":\"pt-BR\",\"@id\":\"https:\/\/www.oarcanjo.net\/site\/#\/schema\/logo\/image\/\",\"url\":\"https:\/\/www.oarcanjo.net\/site\/wp-content\/uploads\/LogoOArcanjo.png\",\"contentUrl\":\"https:\/\/www.oarcanjo.net\/site\/wp-content\/uploads\/LogoOArcanjo.png\",\"width\":319,\"height\":99,\"caption\":\"Par\u00f3quia S\u00e3o Miguel Arcanjo\"},\"image\":{\"@id\":\"https:\/\/www.oarcanjo.net\/site\/#\/schema\/logo\/image\/\"},\"sameAs\":[\"https:\/\/www.facebook.com\/OArcanjoNoAr\/\"]},{\"@type\":\"Person\",\"@id\":\"https:\/\/www.oarcanjo.net\/site\/#\/schema\/person\/0a2ae077c1a09b69d29928e3b9f1c0d1\",\"name\":\"Alexandre Nunes\",\"sameAs\":[\"http:\/\/alexandrenu.com\"]}]}<\/script>\n<!-- \/ Yoast SEO plugin. -->","yoast_head_json":{"title":"Elei\u00e7\u00f5es em Terceira Dimens\u00e3o - O Arcanjo no ar","robots":{"index":"index","follow":"follow","max-snippet":"max-snippet:-1","max-image-preview":"max-image-preview:large","max-video-preview":"max-video-preview:-1"},"canonical":"https:\/\/www.oarcanjo.net\/site\/eleicoes-em-terceira-dimensao\/","og_locale":"pt_BR","og_type":"article","og_title":"Elei\u00e7\u00f5es em Terceira Dimens\u00e3o - O Arcanjo no ar","og_description":"Pe. Alfredo J. Gon\u00e7alves, CS Com o resultado do primeiro turno das elei\u00e7\u00f5es, os n\u00fameros nos convidam a refletir sobre uma tr\u00edplice dimens\u00e3o. Tr\u00eas dimens\u00f5es protagonizadas por tr\u00eas figuras envolvidas no pleito: Marina da Silva, Tiririca e o Presidente Lula. Comecemos com este \u00faltimo. O tom dos discursos de Lula nas derradeiras semanas do processo [&hellip;]","og_url":"https:\/\/www.oarcanjo.net\/site\/eleicoes-em-terceira-dimensao\/","og_site_name":"O Arcanjo no ar","article_publisher":"https:\/\/www.facebook.com\/OArcanjoNoAr\/","article_published_time":"2010-10-08T01:18:55+00:00","og_image":[{"width":300,"height":300,"url":"https:\/\/www.oarcanjo.net\/site\/wp-content\/uploads\/logo-o-arcanjo-no-ar-facebook.png","type":"image\/png"}],"author":"Alexandre Nunes","twitter_card":"summary_large_image","twitter_misc":{"Escrito por":"Alexandre Nunes","Est. tempo de leitura":"5 minutos"},"schema":{"@context":"https:\/\/schema.org","@graph":[{"@type":"Article","@id":"https:\/\/www.oarcanjo.net\/site\/eleicoes-em-terceira-dimensao\/#article","isPartOf":{"@id":"https:\/\/www.oarcanjo.net\/site\/eleicoes-em-terceira-dimensao\/"},"author":{"name":"Alexandre Nunes","@id":"https:\/\/www.oarcanjo.net\/site\/#\/schema\/person\/0a2ae077c1a09b69d29928e3b9f1c0d1"},"headline":"Elei\u00e7\u00f5es em Terceira Dimens\u00e3o","datePublished":"2010-10-08T01:18:55+00:00","dateModified":"2010-10-08T01:18:55+00:00","mainEntityOfPage":{"@id":"https:\/\/www.oarcanjo.net\/site\/eleicoes-em-terceira-dimensao\/"},"wordCount":1026,"commentCount":0,"publisher":{"@id":"https:\/\/www.oarcanjo.net\/site\/#organization"},"articleSection":["Reflex\u00f5es"],"inLanguage":"pt-BR","potentialAction":[{"@type":"CommentAction","name":"Comment","target":["https:\/\/www.oarcanjo.net\/site\/eleicoes-em-terceira-dimensao\/#respond"]}]},{"@type":"WebPage","@id":"https:\/\/www.oarcanjo.net\/site\/eleicoes-em-terceira-dimensao\/","url":"https:\/\/www.oarcanjo.net\/site\/eleicoes-em-terceira-dimensao\/","name":"Elei\u00e7\u00f5es em Terceira Dimens\u00e3o - O Arcanjo no ar","isPartOf":{"@id":"https:\/\/www.oarcanjo.net\/site\/#website"},"datePublished":"2010-10-08T01:18:55+00:00","dateModified":"2010-10-08T01:18:55+00:00","breadcrumb":{"@id":"https:\/\/www.oarcanjo.net\/site\/eleicoes-em-terceira-dimensao\/#breadcrumb"},"inLanguage":"pt-BR","potentialAction":[{"@type":"ReadAction","target":["https:\/\/www.oarcanjo.net\/site\/eleicoes-em-terceira-dimensao\/"]}]},{"@type":"BreadcrumbList","@id":"https:\/\/www.oarcanjo.net\/site\/eleicoes-em-terceira-dimensao\/#breadcrumb","itemListElement":[{"@type":"ListItem","position":1,"name":"In\u00edcio","item":"https:\/\/www.oarcanjo.net\/site\/"},{"@type":"ListItem","position":2,"name":"Elei\u00e7\u00f5es em Terceira Dimens\u00e3o"}]},{"@type":"WebSite","@id":"https:\/\/www.oarcanjo.net\/site\/#website","url":"https:\/\/www.oarcanjo.net\/site\/","name":"O Arcanjo no ar","description":"Site da Par\u00f3quia S\u00e3o Miguel Arcanjo (Arquidiocese de SP)","publisher":{"@id":"https:\/\/www.oarcanjo.net\/site\/#organization"},"potentialAction":[{"@type":"SearchAction","target":{"@type":"EntryPoint","urlTemplate":"https:\/\/www.oarcanjo.net\/site\/?s={search_term_string}"},"query-input":{"@type":"PropertyValueSpecification","valueRequired":true,"valueName":"search_term_string"}}],"inLanguage":"pt-BR"},{"@type":"Organization","@id":"https:\/\/www.oarcanjo.net\/site\/#organization","name":"Par\u00f3quia S\u00e3o Miguel Arcanjo","url":"https:\/\/www.oarcanjo.net\/site\/","logo":{"@type":"ImageObject","inLanguage":"pt-BR","@id":"https:\/\/www.oarcanjo.net\/site\/#\/schema\/logo\/image\/","url":"https:\/\/www.oarcanjo.net\/site\/wp-content\/uploads\/LogoOArcanjo.png","contentUrl":"https:\/\/www.oarcanjo.net\/site\/wp-content\/uploads\/LogoOArcanjo.png","width":319,"height":99,"caption":"Par\u00f3quia S\u00e3o Miguel Arcanjo"},"image":{"@id":"https:\/\/www.oarcanjo.net\/site\/#\/schema\/logo\/image\/"},"sameAs":["https:\/\/www.facebook.com\/OArcanjoNoAr\/"]},{"@type":"Person","@id":"https:\/\/www.oarcanjo.net\/site\/#\/schema\/person\/0a2ae077c1a09b69d29928e3b9f1c0d1","name":"Alexandre Nunes","sameAs":["http:\/\/alexandrenu.com"]}]}},"publishpress_future_action":{"enabled":false,"date":"2026-05-10 06:58:17","action":"category","newStatus":"draft","terms":[],"taxonomy":"category"},"publishpress_future_workflow_manual_trigger":{"enabledWorkflows":[]},"_links":{"self":[{"href":"https:\/\/www.oarcanjo.net\/site\/wp-json\/wp\/v2\/posts\/11238"}],"collection":[{"href":"https:\/\/www.oarcanjo.net\/site\/wp-json\/wp\/v2\/posts"}],"about":[{"href":"https:\/\/www.oarcanjo.net\/site\/wp-json\/wp\/v2\/types\/post"}],"author":[{"embeddable":true,"href":"https:\/\/www.oarcanjo.net\/site\/wp-json\/wp\/v2\/users\/15"}],"replies":[{"embeddable":true,"href":"https:\/\/www.oarcanjo.net\/site\/wp-json\/wp\/v2\/comments?post=11238"}],"version-history":[{"count":0,"href":"https:\/\/www.oarcanjo.net\/site\/wp-json\/wp\/v2\/posts\/11238\/revisions"}],"wp:attachment":[{"href":"https:\/\/www.oarcanjo.net\/site\/wp-json\/wp\/v2\/media?parent=11238"}],"wp:term":[{"taxonomy":"category","embeddable":true,"href":"https:\/\/www.oarcanjo.net\/site\/wp-json\/wp\/v2\/categories?post=11238"},{"taxonomy":"post_tag","embeddable":true,"href":"https:\/\/www.oarcanjo.net\/site\/wp-json\/wp\/v2\/tags?post=11238"}],"curies":[{"name":"wp","href":"https:\/\/api.w.org\/{rel}","templated":true}]}}