
{"id":11245,"date":"2010-10-07T22:45:57","date_gmt":"2010-10-08T01:45:57","guid":{"rendered":"http:\/\/www.oarcanjo.net\/site\/?p=11245"},"modified":"2010-10-07T23:10:37","modified_gmt":"2010-10-08T02:10:37","slug":"o-momento-politico-e-a-religiao","status":"publish","type":"post","link":"https:\/\/www.oarcanjo.net\/site\/o-momento-politico-e-a-religiao\/","title":{"rendered":"O momento pol\u00edtico e a religi\u00e3o"},"content":{"rendered":"<p>Comiss\u00e3o Brasileira Justi\u00e7a e Paz<\/p>\n<p><em>&#8220;Amor e Verdade se encontrar\u00e3o. Justi\u00e7a e Paz se abra\u00e7ar\u00e3o&#8221;<\/em><br \/>\n(Salmo 85)<\/p>\n<p>A Comiss\u00e3o Brasileira Justi\u00e7a e Paz (CBJP) est\u00e1 preocupada com o momento pol\u00edtico na sua rela\u00e7\u00e3o com a religi\u00e3o. Muitos grupos, em nome da f\u00e9 crist\u00e3, t\u00eam criado dificuldades para o voto livre e consciente. Desconsideram a manifesta\u00e7\u00e3o da presid\u00eancia da Confer\u00eancia Nacional dos Bispos do Brasil de 16 de setembro, &#8220;Na proximidade das elei\u00e7\u00f5es&#8221;, quando reiterou a posi\u00e7\u00e3o da 48\u00aa Assembl\u00e9ia Geral da entidade, realizada neste ano em Bras\u00edlia. Esses grupos continuaram, inclusive, usando o nome da CNBB, induzindo erroneamente os fi\u00e9is a acreditarem que ela tivesse imposto veto a candidatos nestas elei\u00e7\u00f5es.<\/p>\n<p>Continua sendo instrumentalizada eleitoralmente a nota da presid\u00eancia do Regional Sul 1 da CNBB, fato que consideramos lament\u00e1vel, porque tem levado muitos cat\u00f3licos a se afastarem de nossas comunidades e par\u00f3quias.<\/p>\n<p>Constrangem nossa consci\u00eancia cidad\u00e3, como crist\u00e3os, atos, gestos e discursos que ferem a maturidade da democracia, desrespeitam o direito de livre decis\u00e3o, confundindo os crist\u00e3os e comprometendo a comunh\u00e3o eclesial.<\/p>\n<p>Os eleitores t\u00eam o direito de optar pela candidatura \u00e0 Presid\u00eancia da Rep\u00fablica que sua consci\u00eancia lhe indicar, como livre escolha, tendo como referencial valores \u00e9ticos e os princ\u00edpios da Doutrina Social da Igreja, como promo\u00e7\u00e3o e defesa da dignidade da pessoa humana, com a inclus\u00e3o social de todos os cidad\u00e3os e cidad\u00e3s, principalmente dos empobrecidos.<\/p>\n<p>Nesse sentido, a CBJP, em parceria com outras entidades, realizou debate, transmitido por emissoras de inspira\u00e7\u00e3o crist\u00e3, entre as candidaturas \u00e0 Presid\u00eancia da Rep\u00fablica no intento de refletir os desafios postos ao Brasil na perspectiva de favorecer o voto consciente e livre. Igualmente, co-patrocinou um subs\u00eddio para forma\u00e7\u00e3o da cidadania, sob o t\u00edtulo: &#8220;Elei\u00e7\u00f5es 2010: ch\u00e3o e horizonte&#8221;.<\/p>\n<p>A Comiss\u00e3o Brasileira Justi\u00e7a e Paz, nesse tempo de inquietudes, reafirma os valores e princ\u00edpios que norteiam seus passos e a heran\u00e7a de pessoas como Dom Helder C\u00e2mara, Dom Luciano Mendes, Margarida Alves, Madre Cristina, Trist\u00e3o de Athayde, Ir. Dorothy, entre tantos outros. Estes, motivados pela f\u00e9, defenderam a liberdade, quando vigorava o arb\u00edtrio; a defesa e o an\u00fancio da liberdade de express\u00e3o, em tempos de censura; a anistia, ampla, geral e irrestrita, quando havia ex\u00edlios; a defesa da dignidade da pessoa humana, quando se trucidavam e aviltavam pessoas.<\/p>\n<p>Compartilhamos a alegria da luz, em meio a sombras, com os frutos da Lei da Ficha Limpa como aprimoraramento da democracia. Esta Lei de Iniciativa Popular uniu a sociedade e sintonizou toda a igreja com os reclamos de uma pol\u00edtica a servi\u00e7o do bem comum e o zelo pela justi\u00e7a e paz.<\/p>\n<p>Bras\u00edlia, 06 de Outubro de 2010.<br \/>\nComiss\u00e3o Brasileira Justi\u00e7a e Paz<br \/>\n\u00d3rg\u00e3o da CNBB<\/p>\n<div id=\"themify_builder_content-11245\" data-postid=\"11245\" class=\"themify_builder_content themify_builder_content-11245 themify_builder themify_builder_front\">\n\t<\/div>\n<!-- \/themify_builder_content -->","protected":false},"excerpt":{"rendered":"<p>Comiss\u00e3o Brasileira Justi\u00e7a e Paz &#8220;Amor e Verdade se encontrar\u00e3o. Justi\u00e7a e Paz se abra\u00e7ar\u00e3o&#8221; (Salmo 85) A Comiss\u00e3o Brasileira Justi\u00e7a e Paz (CBJP) est\u00e1 preocupada com o momento pol\u00edtico na sua rela\u00e7\u00e3o com a religi\u00e3o. Muitos grupos, em nome da f\u00e9 crist\u00e3, t\u00eam criado dificuldades para o voto livre e consciente. Desconsideram a manifesta\u00e7\u00e3o [&hellip;]<\/p>\n","protected":false},"author":5,"featured_media":0,"comment_status":"open","ping_status":"open","sticky":false,"template":"","format":"standard","meta":{"ngg_post_thumbnail":0,"footnotes":""},"categories":[9],"tags":[61,63,249,41,103,1662],"yoast_head":"<!-- This site is optimized with the Yoast SEO plugin v23.5 - https:\/\/yoast.com\/wordpress\/plugins\/seo\/ -->\n<title>O momento pol\u00edtico e a religi\u00e3o - O Arcanjo no ar<\/title>\n<meta name=\"robots\" content=\"index, follow, max-snippet:-1, max-image-preview:large, max-video-preview:-1\" \/>\n<link rel=\"canonical\" href=\"https:\/\/www.oarcanjo.net\/site\/o-momento-politico-e-a-religiao\/\" \/>\n<meta property=\"og:locale\" content=\"pt_BR\" \/>\n<meta property=\"og:type\" content=\"article\" \/>\n<meta property=\"og:title\" content=\"O momento pol\u00edtico e a religi\u00e3o - O Arcanjo no ar\" \/>\n<meta property=\"og:description\" content=\"Comiss\u00e3o Brasileira Justi\u00e7a e Paz &#8220;Amor e Verdade se encontrar\u00e3o. Justi\u00e7a e Paz se abra\u00e7ar\u00e3o&#8221; (Salmo 85) A Comiss\u00e3o Brasileira Justi\u00e7a e Paz (CBJP) est\u00e1 preocupada com o momento pol\u00edtico na sua rela\u00e7\u00e3o com a religi\u00e3o. Muitos grupos, em nome da f\u00e9 crist\u00e3, t\u00eam criado dificuldades para o voto livre e consciente. Desconsideram a manifesta\u00e7\u00e3o [&hellip;]\" \/>\n<meta property=\"og:url\" content=\"https:\/\/www.oarcanjo.net\/site\/o-momento-politico-e-a-religiao\/\" \/>\n<meta property=\"og:site_name\" content=\"O Arcanjo no ar\" \/>\n<meta property=\"article:publisher\" content=\"https:\/\/www.facebook.com\/OArcanjoNoAr\/\" \/>\n<meta property=\"article:published_time\" content=\"2010-10-08T01:45:57+00:00\" \/>\n<meta property=\"article:modified_time\" content=\"2010-10-08T02:10:37+00:00\" \/>\n<meta property=\"og:image\" content=\"https:\/\/www.oarcanjo.net\/site\/wp-content\/uploads\/logo-o-arcanjo-no-ar-facebook.png\" \/>\n\t<meta property=\"og:image:width\" content=\"300\" \/>\n\t<meta property=\"og:image:height\" content=\"300\" \/>\n\t<meta property=\"og:image:type\" content=\"image\/png\" \/>\n<meta name=\"author\" content=\"editor\" \/>\n<meta name=\"twitter:card\" content=\"summary_large_image\" \/>\n<meta name=\"twitter:label1\" content=\"Escrito por\" \/>\n\t<meta name=\"twitter:data1\" content=\"editor\" \/>\n\t<meta name=\"twitter:label2\" content=\"Est. tempo de leitura\" \/>\n\t<meta name=\"twitter:data2\" content=\"2 minutos\" \/>\n<script type=\"application\/ld+json\" class=\"yoast-schema-graph\">{\"@context\":\"https:\/\/schema.org\",\"@graph\":[{\"@type\":\"Article\",\"@id\":\"https:\/\/www.oarcanjo.net\/site\/o-momento-politico-e-a-religiao\/#article\",\"isPartOf\":{\"@id\":\"https:\/\/www.oarcanjo.net\/site\/o-momento-politico-e-a-religiao\/\"},\"author\":{\"name\":\"editor\",\"@id\":\"https:\/\/www.oarcanjo.net\/site\/#\/schema\/person\/f7024d007863202483a31326673a0838\"},\"headline\":\"O momento pol\u00edtico e a religi\u00e3o\",\"datePublished\":\"2010-10-08T01:45:57+00:00\",\"dateModified\":\"2010-10-08T02:10:37+00:00\",\"mainEntityOfPage\":{\"@id\":\"https:\/\/www.oarcanjo.net\/site\/o-momento-politico-e-a-religiao\/\"},\"wordCount\":504,\"commentCount\":0,\"publisher\":{\"@id\":\"https:\/\/www.oarcanjo.net\/site\/#organization\"},\"keywords\":[\"aborto\",\"CNBB\",\"direito \u00e0 vida\",\"elei\u00e7\u00f5es\",\"f\u00e9 e pol\u00edtica\",\"Regional Sul 1\"],\"articleSection\":[\"Reflex\u00f5es\"],\"inLanguage\":\"pt-BR\",\"potentialAction\":[{\"@type\":\"CommentAction\",\"name\":\"Comment\",\"target\":[\"https:\/\/www.oarcanjo.net\/site\/o-momento-politico-e-a-religiao\/#respond\"]}]},{\"@type\":\"WebPage\",\"@id\":\"https:\/\/www.oarcanjo.net\/site\/o-momento-politico-e-a-religiao\/\",\"url\":\"https:\/\/www.oarcanjo.net\/site\/o-momento-politico-e-a-religiao\/\",\"name\":\"O momento pol\u00edtico e a religi\u00e3o - O Arcanjo no ar\",\"isPartOf\":{\"@id\":\"https:\/\/www.oarcanjo.net\/site\/#website\"},\"datePublished\":\"2010-10-08T01:45:57+00:00\",\"dateModified\":\"2010-10-08T02:10:37+00:00\",\"breadcrumb\":{\"@id\":\"https:\/\/www.oarcanjo.net\/site\/o-momento-politico-e-a-religiao\/#breadcrumb\"},\"inLanguage\":\"pt-BR\",\"potentialAction\":[{\"@type\":\"ReadAction\",\"target\":[\"https:\/\/www.oarcanjo.net\/site\/o-momento-politico-e-a-religiao\/\"]}]},{\"@type\":\"BreadcrumbList\",\"@id\":\"https:\/\/www.oarcanjo.net\/site\/o-momento-politico-e-a-religiao\/#breadcrumb\",\"itemListElement\":[{\"@type\":\"ListItem\",\"position\":1,\"name\":\"In\u00edcio\",\"item\":\"https:\/\/www.oarcanjo.net\/site\/\"},{\"@type\":\"ListItem\",\"position\":2,\"name\":\"O momento pol\u00edtico e a religi\u00e3o\"}]},{\"@type\":\"WebSite\",\"@id\":\"https:\/\/www.oarcanjo.net\/site\/#website\",\"url\":\"https:\/\/www.oarcanjo.net\/site\/\",\"name\":\"O Arcanjo no ar\",\"description\":\"Site da Par\u00f3quia S\u00e3o Miguel Arcanjo (Arquidiocese de SP)\",\"publisher\":{\"@id\":\"https:\/\/www.oarcanjo.net\/site\/#organization\"},\"potentialAction\":[{\"@type\":\"SearchAction\",\"target\":{\"@type\":\"EntryPoint\",\"urlTemplate\":\"https:\/\/www.oarcanjo.net\/site\/?s={search_term_string}\"},\"query-input\":{\"@type\":\"PropertyValueSpecification\",\"valueRequired\":true,\"valueName\":\"search_term_string\"}}],\"inLanguage\":\"pt-BR\"},{\"@type\":\"Organization\",\"@id\":\"https:\/\/www.oarcanjo.net\/site\/#organization\",\"name\":\"Par\u00f3quia S\u00e3o Miguel Arcanjo\",\"url\":\"https:\/\/www.oarcanjo.net\/site\/\",\"logo\":{\"@type\":\"ImageObject\",\"inLanguage\":\"pt-BR\",\"@id\":\"https:\/\/www.oarcanjo.net\/site\/#\/schema\/logo\/image\/\",\"url\":\"https:\/\/www.oarcanjo.net\/site\/wp-content\/uploads\/LogoOArcanjo.png\",\"contentUrl\":\"https:\/\/www.oarcanjo.net\/site\/wp-content\/uploads\/LogoOArcanjo.png\",\"width\":319,\"height\":99,\"caption\":\"Par\u00f3quia S\u00e3o Miguel Arcanjo\"},\"image\":{\"@id\":\"https:\/\/www.oarcanjo.net\/site\/#\/schema\/logo\/image\/\"},\"sameAs\":[\"https:\/\/www.facebook.com\/OArcanjoNoAr\/\"]},{\"@type\":\"Person\",\"@id\":\"https:\/\/www.oarcanjo.net\/site\/#\/schema\/person\/f7024d007863202483a31326673a0838\",\"name\":\"editor\",\"sameAs\":[\"http:\/\/www.oarcanjo.net\"]}]}<\/script>\n<!-- \/ Yoast SEO plugin. -->","yoast_head_json":{"title":"O momento pol\u00edtico e a religi\u00e3o - O Arcanjo no ar","robots":{"index":"index","follow":"follow","max-snippet":"max-snippet:-1","max-image-preview":"max-image-preview:large","max-video-preview":"max-video-preview:-1"},"canonical":"https:\/\/www.oarcanjo.net\/site\/o-momento-politico-e-a-religiao\/","og_locale":"pt_BR","og_type":"article","og_title":"O momento pol\u00edtico e a religi\u00e3o - O Arcanjo no ar","og_description":"Comiss\u00e3o Brasileira Justi\u00e7a e Paz &#8220;Amor e Verdade se encontrar\u00e3o. Justi\u00e7a e Paz se abra\u00e7ar\u00e3o&#8221; (Salmo 85) A Comiss\u00e3o Brasileira Justi\u00e7a e Paz (CBJP) est\u00e1 preocupada com o momento pol\u00edtico na sua rela\u00e7\u00e3o com a religi\u00e3o. Muitos grupos, em nome da f\u00e9 crist\u00e3, t\u00eam criado dificuldades para o voto livre e consciente. Desconsideram a manifesta\u00e7\u00e3o [&hellip;]","og_url":"https:\/\/www.oarcanjo.net\/site\/o-momento-politico-e-a-religiao\/","og_site_name":"O Arcanjo no ar","article_publisher":"https:\/\/www.facebook.com\/OArcanjoNoAr\/","article_published_time":"2010-10-08T01:45:57+00:00","article_modified_time":"2010-10-08T02:10:37+00:00","og_image":[{"width":300,"height":300,"url":"https:\/\/www.oarcanjo.net\/site\/wp-content\/uploads\/logo-o-arcanjo-no-ar-facebook.png","type":"image\/png"}],"author":"editor","twitter_card":"summary_large_image","twitter_misc":{"Escrito por":"editor","Est. tempo de leitura":"2 minutos"},"schema":{"@context":"https:\/\/schema.org","@graph":[{"@type":"Article","@id":"https:\/\/www.oarcanjo.net\/site\/o-momento-politico-e-a-religiao\/#article","isPartOf":{"@id":"https:\/\/www.oarcanjo.net\/site\/o-momento-politico-e-a-religiao\/"},"author":{"name":"editor","@id":"https:\/\/www.oarcanjo.net\/site\/#\/schema\/person\/f7024d007863202483a31326673a0838"},"headline":"O momento pol\u00edtico e a religi\u00e3o","datePublished":"2010-10-08T01:45:57+00:00","dateModified":"2010-10-08T02:10:37+00:00","mainEntityOfPage":{"@id":"https:\/\/www.oarcanjo.net\/site\/o-momento-politico-e-a-religiao\/"},"wordCount":504,"commentCount":0,"publisher":{"@id":"https:\/\/www.oarcanjo.net\/site\/#organization"},"keywords":["aborto","CNBB","direito \u00e0 vida","elei\u00e7\u00f5es","f\u00e9 e pol\u00edtica","Regional Sul 1"],"articleSection":["Reflex\u00f5es"],"inLanguage":"pt-BR","potentialAction":[{"@type":"CommentAction","name":"Comment","target":["https:\/\/www.oarcanjo.net\/site\/o-momento-politico-e-a-religiao\/#respond"]}]},{"@type":"WebPage","@id":"https:\/\/www.oarcanjo.net\/site\/o-momento-politico-e-a-religiao\/","url":"https:\/\/www.oarcanjo.net\/site\/o-momento-politico-e-a-religiao\/","name":"O momento pol\u00edtico e a religi\u00e3o - O Arcanjo no ar","isPartOf":{"@id":"https:\/\/www.oarcanjo.net\/site\/#website"},"datePublished":"2010-10-08T01:45:57+00:00","dateModified":"2010-10-08T02:10:37+00:00","breadcrumb":{"@id":"https:\/\/www.oarcanjo.net\/site\/o-momento-politico-e-a-religiao\/#breadcrumb"},"inLanguage":"pt-BR","potentialAction":[{"@type":"ReadAction","target":["https:\/\/www.oarcanjo.net\/site\/o-momento-politico-e-a-religiao\/"]}]},{"@type":"BreadcrumbList","@id":"https:\/\/www.oarcanjo.net\/site\/o-momento-politico-e-a-religiao\/#breadcrumb","itemListElement":[{"@type":"ListItem","position":1,"name":"In\u00edcio","item":"https:\/\/www.oarcanjo.net\/site\/"},{"@type":"ListItem","position":2,"name":"O momento pol\u00edtico e a religi\u00e3o"}]},{"@type":"WebSite","@id":"https:\/\/www.oarcanjo.net\/site\/#website","url":"https:\/\/www.oarcanjo.net\/site\/","name":"O Arcanjo no ar","description":"Site da Par\u00f3quia S\u00e3o Miguel Arcanjo (Arquidiocese de SP)","publisher":{"@id":"https:\/\/www.oarcanjo.net\/site\/#organization"},"potentialAction":[{"@type":"SearchAction","target":{"@type":"EntryPoint","urlTemplate":"https:\/\/www.oarcanjo.net\/site\/?s={search_term_string}"},"query-input":{"@type":"PropertyValueSpecification","valueRequired":true,"valueName":"search_term_string"}}],"inLanguage":"pt-BR"},{"@type":"Organization","@id":"https:\/\/www.oarcanjo.net\/site\/#organization","name":"Par\u00f3quia S\u00e3o Miguel Arcanjo","url":"https:\/\/www.oarcanjo.net\/site\/","logo":{"@type":"ImageObject","inLanguage":"pt-BR","@id":"https:\/\/www.oarcanjo.net\/site\/#\/schema\/logo\/image\/","url":"https:\/\/www.oarcanjo.net\/site\/wp-content\/uploads\/LogoOArcanjo.png","contentUrl":"https:\/\/www.oarcanjo.net\/site\/wp-content\/uploads\/LogoOArcanjo.png","width":319,"height":99,"caption":"Par\u00f3quia S\u00e3o Miguel Arcanjo"},"image":{"@id":"https:\/\/www.oarcanjo.net\/site\/#\/schema\/logo\/image\/"},"sameAs":["https:\/\/www.facebook.com\/OArcanjoNoAr\/"]},{"@type":"Person","@id":"https:\/\/www.oarcanjo.net\/site\/#\/schema\/person\/f7024d007863202483a31326673a0838","name":"editor","sameAs":["http:\/\/www.oarcanjo.net"]}]}},"publishpress_future_action":{"enabled":false,"date":"2026-05-10 06:17:38","action":"category","newStatus":"draft","terms":[],"taxonomy":"category"},"publishpress_future_workflow_manual_trigger":{"enabledWorkflows":[]},"_links":{"self":[{"href":"https:\/\/www.oarcanjo.net\/site\/wp-json\/wp\/v2\/posts\/11245"}],"collection":[{"href":"https:\/\/www.oarcanjo.net\/site\/wp-json\/wp\/v2\/posts"}],"about":[{"href":"https:\/\/www.oarcanjo.net\/site\/wp-json\/wp\/v2\/types\/post"}],"author":[{"embeddable":true,"href":"https:\/\/www.oarcanjo.net\/site\/wp-json\/wp\/v2\/users\/5"}],"replies":[{"embeddable":true,"href":"https:\/\/www.oarcanjo.net\/site\/wp-json\/wp\/v2\/comments?post=11245"}],"version-history":[{"count":0,"href":"https:\/\/www.oarcanjo.net\/site\/wp-json\/wp\/v2\/posts\/11245\/revisions"}],"wp:attachment":[{"href":"https:\/\/www.oarcanjo.net\/site\/wp-json\/wp\/v2\/media?parent=11245"}],"wp:term":[{"taxonomy":"category","embeddable":true,"href":"https:\/\/www.oarcanjo.net\/site\/wp-json\/wp\/v2\/categories?post=11245"},{"taxonomy":"post_tag","embeddable":true,"href":"https:\/\/www.oarcanjo.net\/site\/wp-json\/wp\/v2\/tags?post=11245"}],"curies":[{"name":"wp","href":"https:\/\/api.w.org\/{rel}","templated":true}]}}