
{"id":11248,"date":"2017-10-09T00:47:44","date_gmt":"2017-10-09T03:47:44","guid":{"rendered":"http:\/\/www.oarcanjo.net\/site\/?p=11248"},"modified":"2017-07-31T16:11:36","modified_gmt":"2017-07-31T19:11:36","slug":"sao-joao-leonardo","status":"publish","type":"post","link":"https:\/\/www.oarcanjo.net\/site\/sao-joao-leonardo\/","title":{"rendered":"S\u00e3o Jo\u00e3o Leonardo"},"content":{"rendered":"<p><img decoding=\"async\" src=\"http:\/\/1.bp.blogspot.com\/_K5-9KuKdEMg\/Ss5rAoLeNJI\/AAAAAAAACWk\/HVZ2GG5x38k\/s400\/S%25C3%25A3o%2BJo%25C3%25A3o%2BLeonardoS%C3%83O+JO%C3%83O+LEONARDO.jpg\" alt=\"\" \/><\/p>\n<p>9 de Outubro<\/p>\n<p>Leonardo nasceu na Toscana, em 1541. Levou uma vida normal de leigo, trabalhando no ramo farmac\u00eautico com o pai at\u00e9 os vinte e seis anos de idade, quando este morreu. Tendo participado do trabalho junto aos pobres com os padres colombinos, decidiu entregar sua vida ao seguimento de Cristo.<\/p>\n<p>Mesmo sabendo das dificuldades por ser adulto, Leonardo n\u00e3o se intimidou. Enfrentou os estudos desde o come\u00e7o, do princ\u00edpio mais elementar. Juntou-se aos meninos para aprender o latim e, em seguida, aplicou-se no estudo de filosofia e de teologia. Quatro anos depois, foi ordenado sacerdote.<\/p>\n<p>Dedicando-se \u00e0 catequese das crian\u00e7as, implantou, junto com alguns religiosos, uma educa\u00e7\u00e3o totalmente voltada para os princ\u00edpios crist\u00e3os, nascendo, em 1574, a Congrega\u00e7\u00e3o da Doutrina Crist\u00e3, hoje Cl\u00e9rigos Regulares da M\u00e3e de Deus, tamb\u00e9m conhecidos como padres leonardinos.<\/p>\n<p>Em 1584, resolveu fazer uma peregrina\u00e7\u00e3o \u00e0 Fran\u00e7a, ao Santu\u00e1rio de Nossa Senhora de Loreto. Leonardo, que tinha conquistado a confian\u00e7a do papa Clemente VIII, foi enviado por este para realizar diversas miss\u00f5es em seu nome, restaurando a disciplina religiosa em v\u00e1rias ordens, conventos e congrega\u00e7\u00f5es. Era um tempo de decad\u00eancia de costumes e seu trabalho entusiasmado e atraente trouxe de volta os velhos princ\u00edpios do verdadeiro cristianismo que se haviam perdido no dia-a-dia de muitos integrantes da Igreja.<\/p>\n<p>Preocupado em assegurar um futuro de f\u00e9 \u00e0s crian\u00e7as pag\u00e3s, fundou, em parceria com Jo\u00e3o Batista Vives, um col\u00e9gio para jovens sacerdotes que se espalhariam pelo mundo como mission\u00e1rios, pregando o catolicismo entre os infi\u00e9is e cuidando das v\u00edtimas das epidemias. Portanto Jo\u00e3o Leonardo foi o precursor do Col\u00e9gio Urbano dos Mission\u00e1rios da Propaganda Fidei, ou Obra da Propaganda da F\u00e9, fundado em 1627, em Roma, atuante at\u00e9 nossos dias, principalmente na esfera da Santa S\u00e9. E tamb\u00e9m dos Mission\u00e1rios Exteriores de Paris, fundado em 1663.<\/p>\n<p>Influenciado pelo Concilio de Trento, ao lado de grandes religiosos da \u00e9poca, como os depois santos Filipe Neri, Jos\u00e9 Calazanz e Camilo de Lellis, Jo\u00e3o Leonardo travou uma grande luta pela reforma eclesi\u00e1stica da It\u00e1lia, o que o fez tornar-se, tamb\u00e9m, um dos grandes do seu tempo.<\/p>\n<p>Radicado em Roma, ele morreu no dia 8 de outubro de 1609. Seu corpo se encontra na cripta da igreja Santa Maria, em Campiteli. Beatificado em 1861, o papa Pio XI declarou santo Jo\u00e3o Leonardo em 1938, cuja festa lit\u00fargica ocorre no dia de sua morte.<\/p>\n<div id=\"themify_builder_content-11248\" data-postid=\"11248\" class=\"themify_builder_content themify_builder_content-11248 themify_builder themify_builder_front\">\n\t<\/div>\n<!-- \/themify_builder_content -->","protected":false},"excerpt":{"rendered":"<p>9 de Outubro Leonardo nasceu na Toscana, em 1541. Levou uma vida normal de leigo, trabalhando no ramo farmac\u00eautico com o pai at\u00e9 os vinte e seis anos de idade, quando este morreu. Tendo participado do trabalho junto aos pobres com os padres colombinos, decidiu entregar sua vida ao seguimento de Cristo. Mesmo sabendo das [&hellip;]<\/p>\n","protected":false},"author":14,"featured_media":0,"comment_status":"open","ping_status":"open","sticky":false,"template":"","format":"standard","meta":{"ngg_post_thumbnail":0,"footnotes":""},"categories":[186],"tags":[],"yoast_head":"<!-- This site is optimized with the Yoast SEO plugin v23.5 - https:\/\/yoast.com\/wordpress\/plugins\/seo\/ -->\n<title>S\u00e3o Jo\u00e3o Leonardo - O Arcanjo no ar<\/title>\n<meta name=\"robots\" content=\"index, follow, max-snippet:-1, max-image-preview:large, max-video-preview:-1\" \/>\n<link rel=\"canonical\" href=\"https:\/\/www.oarcanjo.net\/site\/sao-joao-leonardo\/\" \/>\n<meta property=\"og:locale\" content=\"pt_BR\" \/>\n<meta property=\"og:type\" content=\"article\" \/>\n<meta property=\"og:title\" content=\"S\u00e3o Jo\u00e3o Leonardo - O Arcanjo no ar\" \/>\n<meta property=\"og:description\" content=\"9 de Outubro Leonardo nasceu na Toscana, em 1541. Levou uma vida normal de leigo, trabalhando no ramo farmac\u00eautico com o pai at\u00e9 os vinte e seis anos de idade, quando este morreu. Tendo participado do trabalho junto aos pobres com os padres colombinos, decidiu entregar sua vida ao seguimento de Cristo. Mesmo sabendo das [&hellip;]\" \/>\n<meta property=\"og:url\" content=\"https:\/\/www.oarcanjo.net\/site\/sao-joao-leonardo\/\" \/>\n<meta property=\"og:site_name\" content=\"O Arcanjo no ar\" \/>\n<meta property=\"article:publisher\" content=\"https:\/\/www.facebook.com\/OArcanjoNoAr\/\" \/>\n<meta property=\"article:published_time\" content=\"2017-10-09T03:47:44+00:00\" \/>\n<meta property=\"article:modified_time\" content=\"2017-07-31T19:11:36+00:00\" \/>\n<meta property=\"og:image\" content=\"http:\/\/1.bp.blogspot.com\/_K5-9KuKdEMg\/Ss5rAoLeNJI\/AAAAAAAACWk\/HVZ2GG5x38k\/s400\/S%25C3%25A3o%2BJo%25C3%25A3o%2BLeonardoS%C3%83O+JO%C3%83O+LEONARDO.jpg\" \/>\n<meta name=\"author\" content=\"danilo\" \/>\n<meta name=\"twitter:card\" content=\"summary_large_image\" \/>\n<meta name=\"twitter:label1\" content=\"Escrito por\" \/>\n\t<meta name=\"twitter:data1\" content=\"danilo\" \/>\n\t<meta name=\"twitter:label2\" content=\"Est. tempo de leitura\" \/>\n\t<meta name=\"twitter:data2\" content=\"2 minutos\" \/>\n<script type=\"application\/ld+json\" class=\"yoast-schema-graph\">{\"@context\":\"https:\/\/schema.org\",\"@graph\":[{\"@type\":\"Article\",\"@id\":\"https:\/\/www.oarcanjo.net\/site\/sao-joao-leonardo\/#article\",\"isPartOf\":{\"@id\":\"https:\/\/www.oarcanjo.net\/site\/sao-joao-leonardo\/\"},\"author\":{\"name\":\"danilo\",\"@id\":\"https:\/\/www.oarcanjo.net\/site\/#\/schema\/person\/5eb9480bedd2f3c97e430ce128c29c6c\"},\"headline\":\"S\u00e3o Jo\u00e3o Leonardo\",\"datePublished\":\"2017-10-09T03:47:44+00:00\",\"dateModified\":\"2017-07-31T19:11:36+00:00\",\"mainEntityOfPage\":{\"@id\":\"https:\/\/www.oarcanjo.net\/site\/sao-joao-leonardo\/\"},\"wordCount\":425,\"commentCount\":0,\"publisher\":{\"@id\":\"https:\/\/www.oarcanjo.net\/site\/#organization\"},\"image\":{\"@id\":\"https:\/\/www.oarcanjo.net\/site\/sao-joao-leonardo\/#primaryimage\"},\"thumbnailUrl\":\"http:\/\/1.bp.blogspot.com\/_K5-9KuKdEMg\/Ss5rAoLeNJI\/AAAAAAAACWk\/HVZ2GG5x38k\/s400\/S%25C3%25A3o%2BJo%25C3%25A3o%2BLeonardoS%C3%83O+JO%C3%83O+LEONARDO.jpg\",\"articleSection\":[\"Testemunhos\"],\"inLanguage\":\"pt-BR\",\"potentialAction\":[{\"@type\":\"CommentAction\",\"name\":\"Comment\",\"target\":[\"https:\/\/www.oarcanjo.net\/site\/sao-joao-leonardo\/#respond\"]}]},{\"@type\":\"WebPage\",\"@id\":\"https:\/\/www.oarcanjo.net\/site\/sao-joao-leonardo\/\",\"url\":\"https:\/\/www.oarcanjo.net\/site\/sao-joao-leonardo\/\",\"name\":\"S\u00e3o Jo\u00e3o Leonardo - O Arcanjo no ar\",\"isPartOf\":{\"@id\":\"https:\/\/www.oarcanjo.net\/site\/#website\"},\"primaryImageOfPage\":{\"@id\":\"https:\/\/www.oarcanjo.net\/site\/sao-joao-leonardo\/#primaryimage\"},\"image\":{\"@id\":\"https:\/\/www.oarcanjo.net\/site\/sao-joao-leonardo\/#primaryimage\"},\"thumbnailUrl\":\"http:\/\/1.bp.blogspot.com\/_K5-9KuKdEMg\/Ss5rAoLeNJI\/AAAAAAAACWk\/HVZ2GG5x38k\/s400\/S%25C3%25A3o%2BJo%25C3%25A3o%2BLeonardoS%C3%83O+JO%C3%83O+LEONARDO.jpg\",\"datePublished\":\"2017-10-09T03:47:44+00:00\",\"dateModified\":\"2017-07-31T19:11:36+00:00\",\"breadcrumb\":{\"@id\":\"https:\/\/www.oarcanjo.net\/site\/sao-joao-leonardo\/#breadcrumb\"},\"inLanguage\":\"pt-BR\",\"potentialAction\":[{\"@type\":\"ReadAction\",\"target\":[\"https:\/\/www.oarcanjo.net\/site\/sao-joao-leonardo\/\"]}]},{\"@type\":\"ImageObject\",\"inLanguage\":\"pt-BR\",\"@id\":\"https:\/\/www.oarcanjo.net\/site\/sao-joao-leonardo\/#primaryimage\",\"url\":\"http:\/\/1.bp.blogspot.com\/_K5-9KuKdEMg\/Ss5rAoLeNJI\/AAAAAAAACWk\/HVZ2GG5x38k\/s400\/S%25C3%25A3o%2BJo%25C3%25A3o%2BLeonardoS%C3%83O+JO%C3%83O+LEONARDO.jpg\",\"contentUrl\":\"http:\/\/1.bp.blogspot.com\/_K5-9KuKdEMg\/Ss5rAoLeNJI\/AAAAAAAACWk\/HVZ2GG5x38k\/s400\/S%25C3%25A3o%2BJo%25C3%25A3o%2BLeonardoS%C3%83O+JO%C3%83O+LEONARDO.jpg\"},{\"@type\":\"BreadcrumbList\",\"@id\":\"https:\/\/www.oarcanjo.net\/site\/sao-joao-leonardo\/#breadcrumb\",\"itemListElement\":[{\"@type\":\"ListItem\",\"position\":1,\"name\":\"In\u00edcio\",\"item\":\"https:\/\/www.oarcanjo.net\/site\/\"},{\"@type\":\"ListItem\",\"position\":2,\"name\":\"S\u00e3o Jo\u00e3o Leonardo\"}]},{\"@type\":\"WebSite\",\"@id\":\"https:\/\/www.oarcanjo.net\/site\/#website\",\"url\":\"https:\/\/www.oarcanjo.net\/site\/\",\"name\":\"O Arcanjo no ar\",\"description\":\"Site da Par\u00f3quia S\u00e3o Miguel Arcanjo (Arquidiocese de SP)\",\"publisher\":{\"@id\":\"https:\/\/www.oarcanjo.net\/site\/#organization\"},\"potentialAction\":[{\"@type\":\"SearchAction\",\"target\":{\"@type\":\"EntryPoint\",\"urlTemplate\":\"https:\/\/www.oarcanjo.net\/site\/?s={search_term_string}\"},\"query-input\":{\"@type\":\"PropertyValueSpecification\",\"valueRequired\":true,\"valueName\":\"search_term_string\"}}],\"inLanguage\":\"pt-BR\"},{\"@type\":\"Organization\",\"@id\":\"https:\/\/www.oarcanjo.net\/site\/#organization\",\"name\":\"Par\u00f3quia S\u00e3o Miguel Arcanjo\",\"url\":\"https:\/\/www.oarcanjo.net\/site\/\",\"logo\":{\"@type\":\"ImageObject\",\"inLanguage\":\"pt-BR\",\"@id\":\"https:\/\/www.oarcanjo.net\/site\/#\/schema\/logo\/image\/\",\"url\":\"https:\/\/www.oarcanjo.net\/site\/wp-content\/uploads\/LogoOArcanjo.png\",\"contentUrl\":\"https:\/\/www.oarcanjo.net\/site\/wp-content\/uploads\/LogoOArcanjo.png\",\"width\":319,\"height\":99,\"caption\":\"Par\u00f3quia S\u00e3o Miguel Arcanjo\"},\"image\":{\"@id\":\"https:\/\/www.oarcanjo.net\/site\/#\/schema\/logo\/image\/\"},\"sameAs\":[\"https:\/\/www.facebook.com\/OArcanjoNoAr\/\"]},{\"@type\":\"Person\",\"@id\":\"https:\/\/www.oarcanjo.net\/site\/#\/schema\/person\/5eb9480bedd2f3c97e430ce128c29c6c\",\"name\":\"danilo\"}]}<\/script>\n<!-- \/ Yoast SEO plugin. -->","yoast_head_json":{"title":"S\u00e3o Jo\u00e3o Leonardo - O Arcanjo no ar","robots":{"index":"index","follow":"follow","max-snippet":"max-snippet:-1","max-image-preview":"max-image-preview:large","max-video-preview":"max-video-preview:-1"},"canonical":"https:\/\/www.oarcanjo.net\/site\/sao-joao-leonardo\/","og_locale":"pt_BR","og_type":"article","og_title":"S\u00e3o Jo\u00e3o Leonardo - O Arcanjo no ar","og_description":"9 de Outubro Leonardo nasceu na Toscana, em 1541. Levou uma vida normal de leigo, trabalhando no ramo farmac\u00eautico com o pai at\u00e9 os vinte e seis anos de idade, quando este morreu. Tendo participado do trabalho junto aos pobres com os padres colombinos, decidiu entregar sua vida ao seguimento de Cristo. Mesmo sabendo das [&hellip;]","og_url":"https:\/\/www.oarcanjo.net\/site\/sao-joao-leonardo\/","og_site_name":"O Arcanjo no ar","article_publisher":"https:\/\/www.facebook.com\/OArcanjoNoAr\/","article_published_time":"2017-10-09T03:47:44+00:00","article_modified_time":"2017-07-31T19:11:36+00:00","og_image":[{"url":"http:\/\/1.bp.blogspot.com\/_K5-9KuKdEMg\/Ss5rAoLeNJI\/AAAAAAAACWk\/HVZ2GG5x38k\/s400\/S%25C3%25A3o%2BJo%25C3%25A3o%2BLeonardoS%C3%83O+JO%C3%83O+LEONARDO.jpg"}],"author":"danilo","twitter_card":"summary_large_image","twitter_misc":{"Escrito por":"danilo","Est. tempo de leitura":"2 minutos"},"schema":{"@context":"https:\/\/schema.org","@graph":[{"@type":"Article","@id":"https:\/\/www.oarcanjo.net\/site\/sao-joao-leonardo\/#article","isPartOf":{"@id":"https:\/\/www.oarcanjo.net\/site\/sao-joao-leonardo\/"},"author":{"name":"danilo","@id":"https:\/\/www.oarcanjo.net\/site\/#\/schema\/person\/5eb9480bedd2f3c97e430ce128c29c6c"},"headline":"S\u00e3o Jo\u00e3o Leonardo","datePublished":"2017-10-09T03:47:44+00:00","dateModified":"2017-07-31T19:11:36+00:00","mainEntityOfPage":{"@id":"https:\/\/www.oarcanjo.net\/site\/sao-joao-leonardo\/"},"wordCount":425,"commentCount":0,"publisher":{"@id":"https:\/\/www.oarcanjo.net\/site\/#organization"},"image":{"@id":"https:\/\/www.oarcanjo.net\/site\/sao-joao-leonardo\/#primaryimage"},"thumbnailUrl":"http:\/\/1.bp.blogspot.com\/_K5-9KuKdEMg\/Ss5rAoLeNJI\/AAAAAAAACWk\/HVZ2GG5x38k\/s400\/S%25C3%25A3o%2BJo%25C3%25A3o%2BLeonardoS%C3%83O+JO%C3%83O+LEONARDO.jpg","articleSection":["Testemunhos"],"inLanguage":"pt-BR","potentialAction":[{"@type":"CommentAction","name":"Comment","target":["https:\/\/www.oarcanjo.net\/site\/sao-joao-leonardo\/#respond"]}]},{"@type":"WebPage","@id":"https:\/\/www.oarcanjo.net\/site\/sao-joao-leonardo\/","url":"https:\/\/www.oarcanjo.net\/site\/sao-joao-leonardo\/","name":"S\u00e3o Jo\u00e3o Leonardo - O Arcanjo no ar","isPartOf":{"@id":"https:\/\/www.oarcanjo.net\/site\/#website"},"primaryImageOfPage":{"@id":"https:\/\/www.oarcanjo.net\/site\/sao-joao-leonardo\/#primaryimage"},"image":{"@id":"https:\/\/www.oarcanjo.net\/site\/sao-joao-leonardo\/#primaryimage"},"thumbnailUrl":"http:\/\/1.bp.blogspot.com\/_K5-9KuKdEMg\/Ss5rAoLeNJI\/AAAAAAAACWk\/HVZ2GG5x38k\/s400\/S%25C3%25A3o%2BJo%25C3%25A3o%2BLeonardoS%C3%83O+JO%C3%83O+LEONARDO.jpg","datePublished":"2017-10-09T03:47:44+00:00","dateModified":"2017-07-31T19:11:36+00:00","breadcrumb":{"@id":"https:\/\/www.oarcanjo.net\/site\/sao-joao-leonardo\/#breadcrumb"},"inLanguage":"pt-BR","potentialAction":[{"@type":"ReadAction","target":["https:\/\/www.oarcanjo.net\/site\/sao-joao-leonardo\/"]}]},{"@type":"ImageObject","inLanguage":"pt-BR","@id":"https:\/\/www.oarcanjo.net\/site\/sao-joao-leonardo\/#primaryimage","url":"http:\/\/1.bp.blogspot.com\/_K5-9KuKdEMg\/Ss5rAoLeNJI\/AAAAAAAACWk\/HVZ2GG5x38k\/s400\/S%25C3%25A3o%2BJo%25C3%25A3o%2BLeonardoS%C3%83O+JO%C3%83O+LEONARDO.jpg","contentUrl":"http:\/\/1.bp.blogspot.com\/_K5-9KuKdEMg\/Ss5rAoLeNJI\/AAAAAAAACWk\/HVZ2GG5x38k\/s400\/S%25C3%25A3o%2BJo%25C3%25A3o%2BLeonardoS%C3%83O+JO%C3%83O+LEONARDO.jpg"},{"@type":"BreadcrumbList","@id":"https:\/\/www.oarcanjo.net\/site\/sao-joao-leonardo\/#breadcrumb","itemListElement":[{"@type":"ListItem","position":1,"name":"In\u00edcio","item":"https:\/\/www.oarcanjo.net\/site\/"},{"@type":"ListItem","position":2,"name":"S\u00e3o Jo\u00e3o Leonardo"}]},{"@type":"WebSite","@id":"https:\/\/www.oarcanjo.net\/site\/#website","url":"https:\/\/www.oarcanjo.net\/site\/","name":"O Arcanjo no ar","description":"Site da Par\u00f3quia S\u00e3o Miguel Arcanjo (Arquidiocese de SP)","publisher":{"@id":"https:\/\/www.oarcanjo.net\/site\/#organization"},"potentialAction":[{"@type":"SearchAction","target":{"@type":"EntryPoint","urlTemplate":"https:\/\/www.oarcanjo.net\/site\/?s={search_term_string}"},"query-input":{"@type":"PropertyValueSpecification","valueRequired":true,"valueName":"search_term_string"}}],"inLanguage":"pt-BR"},{"@type":"Organization","@id":"https:\/\/www.oarcanjo.net\/site\/#organization","name":"Par\u00f3quia S\u00e3o Miguel Arcanjo","url":"https:\/\/www.oarcanjo.net\/site\/","logo":{"@type":"ImageObject","inLanguage":"pt-BR","@id":"https:\/\/www.oarcanjo.net\/site\/#\/schema\/logo\/image\/","url":"https:\/\/www.oarcanjo.net\/site\/wp-content\/uploads\/LogoOArcanjo.png","contentUrl":"https:\/\/www.oarcanjo.net\/site\/wp-content\/uploads\/LogoOArcanjo.png","width":319,"height":99,"caption":"Par\u00f3quia S\u00e3o Miguel Arcanjo"},"image":{"@id":"https:\/\/www.oarcanjo.net\/site\/#\/schema\/logo\/image\/"},"sameAs":["https:\/\/www.facebook.com\/OArcanjoNoAr\/"]},{"@type":"Person","@id":"https:\/\/www.oarcanjo.net\/site\/#\/schema\/person\/5eb9480bedd2f3c97e430ce128c29c6c","name":"danilo"}]}},"publishpress_future_action":{"enabled":false,"date":"2026-05-08 22:28:57","action":"category","newStatus":"draft","terms":[],"taxonomy":"category"},"publishpress_future_workflow_manual_trigger":{"enabledWorkflows":[]},"_links":{"self":[{"href":"https:\/\/www.oarcanjo.net\/site\/wp-json\/wp\/v2\/posts\/11248"}],"collection":[{"href":"https:\/\/www.oarcanjo.net\/site\/wp-json\/wp\/v2\/posts"}],"about":[{"href":"https:\/\/www.oarcanjo.net\/site\/wp-json\/wp\/v2\/types\/post"}],"author":[{"embeddable":true,"href":"https:\/\/www.oarcanjo.net\/site\/wp-json\/wp\/v2\/users\/14"}],"replies":[{"embeddable":true,"href":"https:\/\/www.oarcanjo.net\/site\/wp-json\/wp\/v2\/comments?post=11248"}],"version-history":[{"count":0,"href":"https:\/\/www.oarcanjo.net\/site\/wp-json\/wp\/v2\/posts\/11248\/revisions"}],"wp:attachment":[{"href":"https:\/\/www.oarcanjo.net\/site\/wp-json\/wp\/v2\/media?parent=11248"}],"wp:term":[{"taxonomy":"category","embeddable":true,"href":"https:\/\/www.oarcanjo.net\/site\/wp-json\/wp\/v2\/categories?post=11248"},{"taxonomy":"post_tag","embeddable":true,"href":"https:\/\/www.oarcanjo.net\/site\/wp-json\/wp\/v2\/tags?post=11248"}],"curies":[{"name":"wp","href":"https:\/\/api.w.org\/{rel}","templated":true}]}}