
{"id":11250,"date":"2017-10-09T00:52:41","date_gmt":"2017-10-09T03:52:41","guid":{"rendered":"http:\/\/www.oarcanjo.net\/site\/?p=11250"},"modified":"2017-07-31T16:11:19","modified_gmt":"2017-07-31T19:11:19","slug":"sao-dionisio-ou-denis","status":"publish","type":"post","link":"https:\/\/www.oarcanjo.net\/site\/sao-dionisio-ou-denis\/","title":{"rendered":"S\u00e3o Dion\u00edsio, ou D\u00eanis"},"content":{"rendered":"<p><img decoding=\"async\" src=\"http:\/\/3.bp.blogspot.com\/_z-c0Sh5Zlrs\/SK9MMTugemI\/AAAAAAAACI8\/Xje3sqXKSFY\/s400\/S%C3%A3o+Dion%C3%ADsio,+ou+D%C3%AAnis.jpg\" alt=\"\" \/><\/p>\n<p>9 de Outubro<\/p>\n<p>O santo Dion\u00edsio, popularmente conhecido como o s\u00e3o D\u00eanis de Paris, que \u00e9 comemorado neste dia, foi durante muito tempo venerado como \u00fanico padroeiro de Fran\u00e7a, at\u00e9 surgir santa Joana d&#8217;Arc para dividir com ele a grande devo\u00e7\u00e3o crist\u00e3 do povo daquele pa\u00eds.<\/p>\n<p>De origem italiana, ele era um jovem mission\u00e1rio enviado pelo papa Fabiano para evangelizar a antiga G\u00e1lia do norte no ano 250, portanto no s\u00e9culo III. Formou, ent\u00e3o, a primeira comunidade cat\u00f3lica em Lut\u00e9cia, atual Paris, sendo eleito o seu primeiro bispo. Alguns anos depois, teria sofrido o mart\u00edrio, sendo decapitado no local hoje conhecido como Montmartre, isto \u00e9, &#8220;Colina do M\u00e1rtir&#8221;. Ao lado do bispo D\u00eanis, o sacerdote R\u00fastico e o di\u00e1cono Eleut\u00e9rio, seus companheiros, tamb\u00e9m testemunharam sua f\u00e9 crist\u00e3.<\/p>\n<p>Sobre o seu t\u00famulo em Montmartre, mais tarde, foi edificada uma bas\u00edlica, junto \u00e0 qual, no ano 630, o rei Dagoberto fundou uma abadia. At\u00e9 esses monges acabaram sofrendo com o efeito de uma enorme confus\u00e3o que se fez entre este m\u00e1rtir e outros dois Dion\u00edsios: o Areopagita, disc\u00edpulo de s\u00e3o Paulo, e o c\u00e9lebre escritor de Alexandria. Mas esses religiosos foram citados indevidamente.<\/p>\n<p>A estranha e rebuscada confus\u00e3o que se fez em torno da figura do santo bispo D\u00eanis envolvia nitidamente essas tr\u00eas figuras distintas, que viveram em \u00e9pocas diferentes, mas que foram unidas num \u00fanico personagem, o santo celebrado hoje. Contava-se que o m\u00e1rtir original, ou seja, o bispo D\u00eanis de Paris, foi enviado \u00e0 G\u00e1lia francesa pelo papa s\u00e3o Clemente I no fim do s\u00e9culo I. Por isso ele come\u00e7ou a ser identificado com a figura de Dion\u00edsio Areopagita, disc\u00edpulo do ap\u00f3stolo Paulo, comemorado no dia 3 de outubro. Por isso, tamb\u00e9m, passou a ser confundido com um hom\u00f4nimo da Alexandria, autor de uma famosa colet\u00e2nea de escritos m\u00edsticos, que desde o s\u00e9culo V vinha sendo erroneamente atribu\u00edda ao disc\u00edpulo Areopagita.<\/p>\n<p>N\u00e3o bastasse toda essa confus\u00e3o, s\u00e3o Dion\u00edsio, ou D\u00eanis, segue sendo aclamado pela mais antiga tradi\u00e7\u00e3o crist\u00e3 francesa, que o venera como um m\u00e1rtir cefal\u00f3foro, ou seja, carregador de cabe\u00e7a. E assim ele chegou aos nossos dias sendo o bispo m\u00e1rtir que havia carregado a pr\u00f3pria cabe\u00e7a decepada at\u00e9 o local onde deveria ser enterrado. No caso, a Abadia de Saint-Denis, em Paris, local onde, tradicionalmente, todos os reis da Fran\u00e7a foram enterrados.<\/p>\n<div id=\"themify_builder_content-11250\" data-postid=\"11250\" class=\"themify_builder_content themify_builder_content-11250 themify_builder themify_builder_front\">\n\t<\/div>\n<!-- \/themify_builder_content -->","protected":false},"excerpt":{"rendered":"<p>9 de Outubro O santo Dion\u00edsio, popularmente conhecido como o s\u00e3o D\u00eanis de Paris, que \u00e9 comemorado neste dia, foi durante muito tempo venerado como \u00fanico padroeiro de Fran\u00e7a, at\u00e9 surgir santa Joana d&#8217;Arc para dividir com ele a grande devo\u00e7\u00e3o crist\u00e3 do povo daquele pa\u00eds. De origem italiana, ele era um jovem mission\u00e1rio enviado [&hellip;]<\/p>\n","protected":false},"author":14,"featured_media":0,"comment_status":"open","ping_status":"open","sticky":false,"template":"","format":"standard","meta":{"ngg_post_thumbnail":0,"footnotes":""},"categories":[186],"tags":[],"yoast_head":"<!-- This site is optimized with the Yoast SEO plugin v23.5 - https:\/\/yoast.com\/wordpress\/plugins\/seo\/ -->\n<title>S\u00e3o Dion\u00edsio, ou D\u00eanis - O Arcanjo no ar<\/title>\n<meta name=\"robots\" content=\"index, follow, max-snippet:-1, max-image-preview:large, max-video-preview:-1\" \/>\n<link rel=\"canonical\" href=\"https:\/\/www.oarcanjo.net\/site\/sao-dionisio-ou-denis\/\" \/>\n<meta property=\"og:locale\" content=\"pt_BR\" \/>\n<meta property=\"og:type\" content=\"article\" \/>\n<meta property=\"og:title\" content=\"S\u00e3o Dion\u00edsio, ou D\u00eanis - O Arcanjo no ar\" \/>\n<meta property=\"og:description\" content=\"9 de Outubro O santo Dion\u00edsio, popularmente conhecido como o s\u00e3o D\u00eanis de Paris, que \u00e9 comemorado neste dia, foi durante muito tempo venerado como \u00fanico padroeiro de Fran\u00e7a, at\u00e9 surgir santa Joana d&#8217;Arc para dividir com ele a grande devo\u00e7\u00e3o crist\u00e3 do povo daquele pa\u00eds. De origem italiana, ele era um jovem mission\u00e1rio enviado [&hellip;]\" \/>\n<meta property=\"og:url\" content=\"https:\/\/www.oarcanjo.net\/site\/sao-dionisio-ou-denis\/\" \/>\n<meta property=\"og:site_name\" content=\"O Arcanjo no ar\" \/>\n<meta property=\"article:publisher\" content=\"https:\/\/www.facebook.com\/OArcanjoNoAr\/\" \/>\n<meta property=\"article:published_time\" content=\"2017-10-09T03:52:41+00:00\" \/>\n<meta property=\"article:modified_time\" content=\"2017-07-31T19:11:19+00:00\" \/>\n<meta property=\"og:image\" content=\"http:\/\/3.bp.blogspot.com\/_z-c0Sh5Zlrs\/SK9MMTugemI\/AAAAAAAACI8\/Xje3sqXKSFY\/s400\/S%C3%A3o+Dion%C3%ADsio,+ou+D%C3%AAnis.jpg\" \/>\n<meta name=\"author\" content=\"danilo\" \/>\n<meta name=\"twitter:card\" content=\"summary_large_image\" \/>\n<meta name=\"twitter:label1\" content=\"Escrito por\" \/>\n\t<meta name=\"twitter:data1\" content=\"danilo\" \/>\n\t<meta name=\"twitter:label2\" content=\"Est. tempo de leitura\" \/>\n\t<meta name=\"twitter:data2\" content=\"2 minutos\" \/>\n<script type=\"application\/ld+json\" class=\"yoast-schema-graph\">{\"@context\":\"https:\/\/schema.org\",\"@graph\":[{\"@type\":\"Article\",\"@id\":\"https:\/\/www.oarcanjo.net\/site\/sao-dionisio-ou-denis\/#article\",\"isPartOf\":{\"@id\":\"https:\/\/www.oarcanjo.net\/site\/sao-dionisio-ou-denis\/\"},\"author\":{\"name\":\"danilo\",\"@id\":\"https:\/\/www.oarcanjo.net\/site\/#\/schema\/person\/5eb9480bedd2f3c97e430ce128c29c6c\"},\"headline\":\"S\u00e3o Dion\u00edsio, ou D\u00eanis\",\"datePublished\":\"2017-10-09T03:52:41+00:00\",\"dateModified\":\"2017-07-31T19:11:19+00:00\",\"mainEntityOfPage\":{\"@id\":\"https:\/\/www.oarcanjo.net\/site\/sao-dionisio-ou-denis\/\"},\"wordCount\":442,\"commentCount\":0,\"publisher\":{\"@id\":\"https:\/\/www.oarcanjo.net\/site\/#organization\"},\"image\":{\"@id\":\"https:\/\/www.oarcanjo.net\/site\/sao-dionisio-ou-denis\/#primaryimage\"},\"thumbnailUrl\":\"http:\/\/3.bp.blogspot.com\/_z-c0Sh5Zlrs\/SK9MMTugemI\/AAAAAAAACI8\/Xje3sqXKSFY\/s400\/S%C3%A3o+Dion%C3%ADsio,+ou+D%C3%AAnis.jpg\",\"articleSection\":[\"Testemunhos\"],\"inLanguage\":\"pt-BR\",\"potentialAction\":[{\"@type\":\"CommentAction\",\"name\":\"Comment\",\"target\":[\"https:\/\/www.oarcanjo.net\/site\/sao-dionisio-ou-denis\/#respond\"]}]},{\"@type\":\"WebPage\",\"@id\":\"https:\/\/www.oarcanjo.net\/site\/sao-dionisio-ou-denis\/\",\"url\":\"https:\/\/www.oarcanjo.net\/site\/sao-dionisio-ou-denis\/\",\"name\":\"S\u00e3o Dion\u00edsio, ou D\u00eanis - O Arcanjo no ar\",\"isPartOf\":{\"@id\":\"https:\/\/www.oarcanjo.net\/site\/#website\"},\"primaryImageOfPage\":{\"@id\":\"https:\/\/www.oarcanjo.net\/site\/sao-dionisio-ou-denis\/#primaryimage\"},\"image\":{\"@id\":\"https:\/\/www.oarcanjo.net\/site\/sao-dionisio-ou-denis\/#primaryimage\"},\"thumbnailUrl\":\"http:\/\/3.bp.blogspot.com\/_z-c0Sh5Zlrs\/SK9MMTugemI\/AAAAAAAACI8\/Xje3sqXKSFY\/s400\/S%C3%A3o+Dion%C3%ADsio,+ou+D%C3%AAnis.jpg\",\"datePublished\":\"2017-10-09T03:52:41+00:00\",\"dateModified\":\"2017-07-31T19:11:19+00:00\",\"breadcrumb\":{\"@id\":\"https:\/\/www.oarcanjo.net\/site\/sao-dionisio-ou-denis\/#breadcrumb\"},\"inLanguage\":\"pt-BR\",\"potentialAction\":[{\"@type\":\"ReadAction\",\"target\":[\"https:\/\/www.oarcanjo.net\/site\/sao-dionisio-ou-denis\/\"]}]},{\"@type\":\"ImageObject\",\"inLanguage\":\"pt-BR\",\"@id\":\"https:\/\/www.oarcanjo.net\/site\/sao-dionisio-ou-denis\/#primaryimage\",\"url\":\"http:\/\/3.bp.blogspot.com\/_z-c0Sh5Zlrs\/SK9MMTugemI\/AAAAAAAACI8\/Xje3sqXKSFY\/s400\/S%C3%A3o+Dion%C3%ADsio,+ou+D%C3%AAnis.jpg\",\"contentUrl\":\"http:\/\/3.bp.blogspot.com\/_z-c0Sh5Zlrs\/SK9MMTugemI\/AAAAAAAACI8\/Xje3sqXKSFY\/s400\/S%C3%A3o+Dion%C3%ADsio,+ou+D%C3%AAnis.jpg\"},{\"@type\":\"BreadcrumbList\",\"@id\":\"https:\/\/www.oarcanjo.net\/site\/sao-dionisio-ou-denis\/#breadcrumb\",\"itemListElement\":[{\"@type\":\"ListItem\",\"position\":1,\"name\":\"In\u00edcio\",\"item\":\"https:\/\/www.oarcanjo.net\/site\/\"},{\"@type\":\"ListItem\",\"position\":2,\"name\":\"S\u00e3o Dion\u00edsio, ou D\u00eanis\"}]},{\"@type\":\"WebSite\",\"@id\":\"https:\/\/www.oarcanjo.net\/site\/#website\",\"url\":\"https:\/\/www.oarcanjo.net\/site\/\",\"name\":\"O Arcanjo no ar\",\"description\":\"Site da Par\u00f3quia S\u00e3o Miguel Arcanjo (Arquidiocese de SP)\",\"publisher\":{\"@id\":\"https:\/\/www.oarcanjo.net\/site\/#organization\"},\"potentialAction\":[{\"@type\":\"SearchAction\",\"target\":{\"@type\":\"EntryPoint\",\"urlTemplate\":\"https:\/\/www.oarcanjo.net\/site\/?s={search_term_string}\"},\"query-input\":{\"@type\":\"PropertyValueSpecification\",\"valueRequired\":true,\"valueName\":\"search_term_string\"}}],\"inLanguage\":\"pt-BR\"},{\"@type\":\"Organization\",\"@id\":\"https:\/\/www.oarcanjo.net\/site\/#organization\",\"name\":\"Par\u00f3quia S\u00e3o Miguel Arcanjo\",\"url\":\"https:\/\/www.oarcanjo.net\/site\/\",\"logo\":{\"@type\":\"ImageObject\",\"inLanguage\":\"pt-BR\",\"@id\":\"https:\/\/www.oarcanjo.net\/site\/#\/schema\/logo\/image\/\",\"url\":\"https:\/\/www.oarcanjo.net\/site\/wp-content\/uploads\/LogoOArcanjo.png\",\"contentUrl\":\"https:\/\/www.oarcanjo.net\/site\/wp-content\/uploads\/LogoOArcanjo.png\",\"width\":319,\"height\":99,\"caption\":\"Par\u00f3quia S\u00e3o Miguel Arcanjo\"},\"image\":{\"@id\":\"https:\/\/www.oarcanjo.net\/site\/#\/schema\/logo\/image\/\"},\"sameAs\":[\"https:\/\/www.facebook.com\/OArcanjoNoAr\/\"]},{\"@type\":\"Person\",\"@id\":\"https:\/\/www.oarcanjo.net\/site\/#\/schema\/person\/5eb9480bedd2f3c97e430ce128c29c6c\",\"name\":\"danilo\"}]}<\/script>\n<!-- \/ Yoast SEO plugin. -->","yoast_head_json":{"title":"S\u00e3o Dion\u00edsio, ou D\u00eanis - O Arcanjo no ar","robots":{"index":"index","follow":"follow","max-snippet":"max-snippet:-1","max-image-preview":"max-image-preview:large","max-video-preview":"max-video-preview:-1"},"canonical":"https:\/\/www.oarcanjo.net\/site\/sao-dionisio-ou-denis\/","og_locale":"pt_BR","og_type":"article","og_title":"S\u00e3o Dion\u00edsio, ou D\u00eanis - O Arcanjo no ar","og_description":"9 de Outubro O santo Dion\u00edsio, popularmente conhecido como o s\u00e3o D\u00eanis de Paris, que \u00e9 comemorado neste dia, foi durante muito tempo venerado como \u00fanico padroeiro de Fran\u00e7a, at\u00e9 surgir santa Joana d&#8217;Arc para dividir com ele a grande devo\u00e7\u00e3o crist\u00e3 do povo daquele pa\u00eds. De origem italiana, ele era um jovem mission\u00e1rio enviado [&hellip;]","og_url":"https:\/\/www.oarcanjo.net\/site\/sao-dionisio-ou-denis\/","og_site_name":"O Arcanjo no ar","article_publisher":"https:\/\/www.facebook.com\/OArcanjoNoAr\/","article_published_time":"2017-10-09T03:52:41+00:00","article_modified_time":"2017-07-31T19:11:19+00:00","og_image":[{"url":"http:\/\/3.bp.blogspot.com\/_z-c0Sh5Zlrs\/SK9MMTugemI\/AAAAAAAACI8\/Xje3sqXKSFY\/s400\/S%C3%A3o+Dion%C3%ADsio,+ou+D%C3%AAnis.jpg"}],"author":"danilo","twitter_card":"summary_large_image","twitter_misc":{"Escrito por":"danilo","Est. tempo de leitura":"2 minutos"},"schema":{"@context":"https:\/\/schema.org","@graph":[{"@type":"Article","@id":"https:\/\/www.oarcanjo.net\/site\/sao-dionisio-ou-denis\/#article","isPartOf":{"@id":"https:\/\/www.oarcanjo.net\/site\/sao-dionisio-ou-denis\/"},"author":{"name":"danilo","@id":"https:\/\/www.oarcanjo.net\/site\/#\/schema\/person\/5eb9480bedd2f3c97e430ce128c29c6c"},"headline":"S\u00e3o Dion\u00edsio, ou D\u00eanis","datePublished":"2017-10-09T03:52:41+00:00","dateModified":"2017-07-31T19:11:19+00:00","mainEntityOfPage":{"@id":"https:\/\/www.oarcanjo.net\/site\/sao-dionisio-ou-denis\/"},"wordCount":442,"commentCount":0,"publisher":{"@id":"https:\/\/www.oarcanjo.net\/site\/#organization"},"image":{"@id":"https:\/\/www.oarcanjo.net\/site\/sao-dionisio-ou-denis\/#primaryimage"},"thumbnailUrl":"http:\/\/3.bp.blogspot.com\/_z-c0Sh5Zlrs\/SK9MMTugemI\/AAAAAAAACI8\/Xje3sqXKSFY\/s400\/S%C3%A3o+Dion%C3%ADsio,+ou+D%C3%AAnis.jpg","articleSection":["Testemunhos"],"inLanguage":"pt-BR","potentialAction":[{"@type":"CommentAction","name":"Comment","target":["https:\/\/www.oarcanjo.net\/site\/sao-dionisio-ou-denis\/#respond"]}]},{"@type":"WebPage","@id":"https:\/\/www.oarcanjo.net\/site\/sao-dionisio-ou-denis\/","url":"https:\/\/www.oarcanjo.net\/site\/sao-dionisio-ou-denis\/","name":"S\u00e3o Dion\u00edsio, ou D\u00eanis - O Arcanjo no ar","isPartOf":{"@id":"https:\/\/www.oarcanjo.net\/site\/#website"},"primaryImageOfPage":{"@id":"https:\/\/www.oarcanjo.net\/site\/sao-dionisio-ou-denis\/#primaryimage"},"image":{"@id":"https:\/\/www.oarcanjo.net\/site\/sao-dionisio-ou-denis\/#primaryimage"},"thumbnailUrl":"http:\/\/3.bp.blogspot.com\/_z-c0Sh5Zlrs\/SK9MMTugemI\/AAAAAAAACI8\/Xje3sqXKSFY\/s400\/S%C3%A3o+Dion%C3%ADsio,+ou+D%C3%AAnis.jpg","datePublished":"2017-10-09T03:52:41+00:00","dateModified":"2017-07-31T19:11:19+00:00","breadcrumb":{"@id":"https:\/\/www.oarcanjo.net\/site\/sao-dionisio-ou-denis\/#breadcrumb"},"inLanguage":"pt-BR","potentialAction":[{"@type":"ReadAction","target":["https:\/\/www.oarcanjo.net\/site\/sao-dionisio-ou-denis\/"]}]},{"@type":"ImageObject","inLanguage":"pt-BR","@id":"https:\/\/www.oarcanjo.net\/site\/sao-dionisio-ou-denis\/#primaryimage","url":"http:\/\/3.bp.blogspot.com\/_z-c0Sh5Zlrs\/SK9MMTugemI\/AAAAAAAACI8\/Xje3sqXKSFY\/s400\/S%C3%A3o+Dion%C3%ADsio,+ou+D%C3%AAnis.jpg","contentUrl":"http:\/\/3.bp.blogspot.com\/_z-c0Sh5Zlrs\/SK9MMTugemI\/AAAAAAAACI8\/Xje3sqXKSFY\/s400\/S%C3%A3o+Dion%C3%ADsio,+ou+D%C3%AAnis.jpg"},{"@type":"BreadcrumbList","@id":"https:\/\/www.oarcanjo.net\/site\/sao-dionisio-ou-denis\/#breadcrumb","itemListElement":[{"@type":"ListItem","position":1,"name":"In\u00edcio","item":"https:\/\/www.oarcanjo.net\/site\/"},{"@type":"ListItem","position":2,"name":"S\u00e3o Dion\u00edsio, ou D\u00eanis"}]},{"@type":"WebSite","@id":"https:\/\/www.oarcanjo.net\/site\/#website","url":"https:\/\/www.oarcanjo.net\/site\/","name":"O Arcanjo no ar","description":"Site da Par\u00f3quia S\u00e3o Miguel Arcanjo (Arquidiocese de SP)","publisher":{"@id":"https:\/\/www.oarcanjo.net\/site\/#organization"},"potentialAction":[{"@type":"SearchAction","target":{"@type":"EntryPoint","urlTemplate":"https:\/\/www.oarcanjo.net\/site\/?s={search_term_string}"},"query-input":{"@type":"PropertyValueSpecification","valueRequired":true,"valueName":"search_term_string"}}],"inLanguage":"pt-BR"},{"@type":"Organization","@id":"https:\/\/www.oarcanjo.net\/site\/#organization","name":"Par\u00f3quia S\u00e3o Miguel Arcanjo","url":"https:\/\/www.oarcanjo.net\/site\/","logo":{"@type":"ImageObject","inLanguage":"pt-BR","@id":"https:\/\/www.oarcanjo.net\/site\/#\/schema\/logo\/image\/","url":"https:\/\/www.oarcanjo.net\/site\/wp-content\/uploads\/LogoOArcanjo.png","contentUrl":"https:\/\/www.oarcanjo.net\/site\/wp-content\/uploads\/LogoOArcanjo.png","width":319,"height":99,"caption":"Par\u00f3quia S\u00e3o Miguel Arcanjo"},"image":{"@id":"https:\/\/www.oarcanjo.net\/site\/#\/schema\/logo\/image\/"},"sameAs":["https:\/\/www.facebook.com\/OArcanjoNoAr\/"]},{"@type":"Person","@id":"https:\/\/www.oarcanjo.net\/site\/#\/schema\/person\/5eb9480bedd2f3c97e430ce128c29c6c","name":"danilo"}]}},"publishpress_future_action":{"enabled":false,"date":"2026-05-08 22:29:28","action":"category","newStatus":"draft","terms":[],"taxonomy":"category"},"publishpress_future_workflow_manual_trigger":{"enabledWorkflows":[]},"_links":{"self":[{"href":"https:\/\/www.oarcanjo.net\/site\/wp-json\/wp\/v2\/posts\/11250"}],"collection":[{"href":"https:\/\/www.oarcanjo.net\/site\/wp-json\/wp\/v2\/posts"}],"about":[{"href":"https:\/\/www.oarcanjo.net\/site\/wp-json\/wp\/v2\/types\/post"}],"author":[{"embeddable":true,"href":"https:\/\/www.oarcanjo.net\/site\/wp-json\/wp\/v2\/users\/14"}],"replies":[{"embeddable":true,"href":"https:\/\/www.oarcanjo.net\/site\/wp-json\/wp\/v2\/comments?post=11250"}],"version-history":[{"count":0,"href":"https:\/\/www.oarcanjo.net\/site\/wp-json\/wp\/v2\/posts\/11250\/revisions"}],"wp:attachment":[{"href":"https:\/\/www.oarcanjo.net\/site\/wp-json\/wp\/v2\/media?parent=11250"}],"wp:term":[{"taxonomy":"category","embeddable":true,"href":"https:\/\/www.oarcanjo.net\/site\/wp-json\/wp\/v2\/categories?post=11250"},{"taxonomy":"post_tag","embeddable":true,"href":"https:\/\/www.oarcanjo.net\/site\/wp-json\/wp\/v2\/tags?post=11250"}],"curies":[{"name":"wp","href":"https:\/\/api.w.org\/{rel}","templated":true}]}}