
{"id":11252,"date":"2017-10-10T00:53:55","date_gmt":"2017-10-10T03:53:55","guid":{"rendered":"http:\/\/www.oarcanjo.net\/site\/?p=11252"},"modified":"2017-07-31T16:10:55","modified_gmt":"2017-07-31T19:10:55","slug":"sao-francisco-borja","status":"publish","type":"post","link":"https:\/\/www.oarcanjo.net\/site\/sao-francisco-borja\/","title":{"rendered":"S\u00e3o Francisco Borja"},"content":{"rendered":"<p><img decoding=\"async\" src=\"http:\/\/3.bp.blogspot.com\/_lyf-g6fTUf8\/SseNe5pWpQI\/AAAAAAAAAAw\/xsaclYL-c8s\/s320\/Sao_Francisco_de_Borja.jpg\" alt=\"\" \/><\/p>\n<p>10 de Outubro<\/p>\n<p>Pr\u00edncipe da Espanha, Francisco nasceu na fam\u00edlia dos B\u00f3rgia, em portugu\u00eas Borja, no dia 28 de outubro de 1510, em G\u00e1udia, Valen\u00e7a. Teve o m\u00e9rito de redimir completamente a m\u00e1 fama precedente desta fam\u00edlia desde a remota e obscura \u00e9poca medieval, notadamente em Roma. Ele era parente distante do papa Alexandre VI e sobrinho do rei cat\u00f3lico Fernando II, de Arag\u00e3o e Castela. Os B\u00f3rgias de ent\u00e3o j\u00e1 eram muito piedosos e castos, o que lhe garantiu uma educa\u00e7\u00e3o esmerada, dentro dos princ\u00edpios crist\u00e3os, possibilitando o pleno exerc\u00edcio de sua voca\u00e7\u00e3o de vida dedicada somente a Deus.<\/p>\n<p>Mesmo vivendo numa Corte de luxo e de sedu\u00e7\u00f5es mundanas, Francisco manteve-se sempre firme na busca de divers\u00f5es sadias e no estudo compenetrado e s\u00e9rio. Na inf\u00e2ncia, foi pagem da Corte do rei Carlos V, depois seu amigo confidente. Como n\u00e3o gostava dos jogos, ao contr\u00e1rio da maioria dos jovens fidalgos da \u00e9poca, cresceu entre os livros. Mas abominava os f\u00fateis. Preferia os de cultura cl\u00e1ssica, principalmente os de assunto religioso. Esta mesma educa\u00e7\u00e3o ele repassou, mais tarde, pessoalmente aos seus oito filhos.<\/p>\n<p>Tinha dezenove anos quando se casou com Eleonora de Castro e, aos vinte, recebeu o t\u00edtulo de marqu\u00eas. Apesar do ac\u00famulo das atribui\u00e7\u00f5es pol\u00edticas e administrativas, foi um pai dedicado e atencioso, levando sempre a fam\u00edlia a freq\u00fcentar os sacramentos e a unir-se nas ora\u00e7\u00f5es di\u00e1rias.<\/p>\n<p>O mesmo tino bondoso e correto utilizou para cuidar do seu povo, quando se tornou vice-rei da Catalunha. A hist\u00f3ria mostra que a administra\u00e7\u00e3o deste pr\u00edncipe espanhol foi justa, leal e crist\u00e3. Os seus s\u00faditos e servi\u00e7ais o consideravam um verdadeiro pai e todos tinham acesso livre ao pal\u00e1cio.<\/p>\n<p>Entretanto, com as sucessivas mortes de seu pai e sua esposa, os quais ele muito amava, decidiu entregar-se, totalmente, ao servi\u00e7o de Deus. Em 1548, abdicou de todos os t\u00edtulos, passou a administra\u00e7\u00e3o ao filho herdeiro, fez votos de pobreza, castidade e obedi\u00eancia e entrou, oficialmente, para a Companhia de Jesus, ordem rec\u00e9m-fundada pelo tamb\u00e9m santo In\u00e1cio de Loyola. Meses depois, o papa quis consagr\u00e1-lo cardeal, mas ele pediu para poder recusar. Por\u00e9m logo foi eleito superior-geral da Companhia.<\/p>\n<p>Nesse cargo, imprimiu as suas principais caracter\u00edsticas de santidade: a humildade, a mortifica\u00e7\u00e3o e uma grande devo\u00e7\u00e3o \u00e0 eucaristia e \u00e0 Virgem Maria. Ativo, fundou o primeiro col\u00e9gio jesu\u00edta em Roma, depois outro em sua terra natal, G\u00e1udia, e mais vinte espalhados por toda a Espanha. Enviou, tamb\u00e9m, as primeiras miss\u00f5es para a Am\u00e9rica Latina espanhola. E foi um severo vigilante do carisma original dos jesu\u00edtas, impondo a todos a hora de medita\u00e7\u00e3o cotidiana.<\/p>\n<p>Morreu em 30 de setembro de 1572. Deixou como legado v\u00e1rios escritos sobre a espiritualidade, al\u00e9m do exemplo de sua santidade. Beatificado em 1624, s\u00e3o Francisco B\u00f3rgia foi elevado aos altares da Igreja em 1671. Foi assim, por meio dele, que o nome da fam\u00edlia B\u00f3rgia se destacou com uma gl\u00f3ria nunca antes presumida.<\/p>\n<div id=\"themify_builder_content-11252\" data-postid=\"11252\" class=\"themify_builder_content themify_builder_content-11252 themify_builder themify_builder_front\">\n\t<\/div>\n<!-- \/themify_builder_content -->","protected":false},"excerpt":{"rendered":"<p>10 de Outubro Pr\u00edncipe da Espanha, Francisco nasceu na fam\u00edlia dos B\u00f3rgia, em portugu\u00eas Borja, no dia 28 de outubro de 1510, em G\u00e1udia, Valen\u00e7a. Teve o m\u00e9rito de redimir completamente a m\u00e1 fama precedente desta fam\u00edlia desde a remota e obscura \u00e9poca medieval, notadamente em Roma. Ele era parente distante do papa Alexandre VI [&hellip;]<\/p>\n","protected":false},"author":14,"featured_media":0,"comment_status":"open","ping_status":"open","sticky":false,"template":"","format":"standard","meta":{"ngg_post_thumbnail":0,"footnotes":""},"categories":[186],"tags":[],"yoast_head":"<!-- This site is optimized with the Yoast SEO plugin v23.5 - https:\/\/yoast.com\/wordpress\/plugins\/seo\/ -->\n<title>S\u00e3o Francisco Borja - O Arcanjo no ar<\/title>\n<meta name=\"robots\" content=\"index, follow, max-snippet:-1, max-image-preview:large, max-video-preview:-1\" \/>\n<link rel=\"canonical\" href=\"https:\/\/www.oarcanjo.net\/site\/sao-francisco-borja\/\" \/>\n<meta property=\"og:locale\" content=\"pt_BR\" \/>\n<meta property=\"og:type\" content=\"article\" \/>\n<meta property=\"og:title\" content=\"S\u00e3o Francisco Borja - O Arcanjo no ar\" \/>\n<meta property=\"og:description\" content=\"10 de Outubro Pr\u00edncipe da Espanha, Francisco nasceu na fam\u00edlia dos B\u00f3rgia, em portugu\u00eas Borja, no dia 28 de outubro de 1510, em G\u00e1udia, Valen\u00e7a. Teve o m\u00e9rito de redimir completamente a m\u00e1 fama precedente desta fam\u00edlia desde a remota e obscura \u00e9poca medieval, notadamente em Roma. Ele era parente distante do papa Alexandre VI [&hellip;]\" \/>\n<meta property=\"og:url\" content=\"https:\/\/www.oarcanjo.net\/site\/sao-francisco-borja\/\" \/>\n<meta property=\"og:site_name\" content=\"O Arcanjo no ar\" \/>\n<meta property=\"article:publisher\" content=\"https:\/\/www.facebook.com\/OArcanjoNoAr\/\" \/>\n<meta property=\"article:published_time\" content=\"2017-10-10T03:53:55+00:00\" \/>\n<meta property=\"article:modified_time\" content=\"2017-07-31T19:10:55+00:00\" \/>\n<meta property=\"og:image\" content=\"http:\/\/3.bp.blogspot.com\/_lyf-g6fTUf8\/SseNe5pWpQI\/AAAAAAAAAAw\/xsaclYL-c8s\/s320\/Sao_Francisco_de_Borja.jpg\" \/>\n<meta name=\"author\" content=\"danilo\" \/>\n<meta name=\"twitter:card\" content=\"summary_large_image\" \/>\n<meta name=\"twitter:label1\" content=\"Escrito por\" \/>\n\t<meta name=\"twitter:data1\" content=\"danilo\" \/>\n\t<meta name=\"twitter:label2\" content=\"Est. tempo de leitura\" \/>\n\t<meta name=\"twitter:data2\" content=\"3 minutos\" \/>\n<script type=\"application\/ld+json\" class=\"yoast-schema-graph\">{\"@context\":\"https:\/\/schema.org\",\"@graph\":[{\"@type\":\"Article\",\"@id\":\"https:\/\/www.oarcanjo.net\/site\/sao-francisco-borja\/#article\",\"isPartOf\":{\"@id\":\"https:\/\/www.oarcanjo.net\/site\/sao-francisco-borja\/\"},\"author\":{\"name\":\"danilo\",\"@id\":\"https:\/\/www.oarcanjo.net\/site\/#\/schema\/person\/5eb9480bedd2f3c97e430ce128c29c6c\"},\"headline\":\"S\u00e3o Francisco Borja\",\"datePublished\":\"2017-10-10T03:53:55+00:00\",\"dateModified\":\"2017-07-31T19:10:55+00:00\",\"mainEntityOfPage\":{\"@id\":\"https:\/\/www.oarcanjo.net\/site\/sao-francisco-borja\/\"},\"wordCount\":547,\"commentCount\":0,\"publisher\":{\"@id\":\"https:\/\/www.oarcanjo.net\/site\/#organization\"},\"image\":{\"@id\":\"https:\/\/www.oarcanjo.net\/site\/sao-francisco-borja\/#primaryimage\"},\"thumbnailUrl\":\"http:\/\/3.bp.blogspot.com\/_lyf-g6fTUf8\/SseNe5pWpQI\/AAAAAAAAAAw\/xsaclYL-c8s\/s320\/Sao_Francisco_de_Borja.jpg\",\"articleSection\":[\"Testemunhos\"],\"inLanguage\":\"pt-BR\",\"potentialAction\":[{\"@type\":\"CommentAction\",\"name\":\"Comment\",\"target\":[\"https:\/\/www.oarcanjo.net\/site\/sao-francisco-borja\/#respond\"]}]},{\"@type\":\"WebPage\",\"@id\":\"https:\/\/www.oarcanjo.net\/site\/sao-francisco-borja\/\",\"url\":\"https:\/\/www.oarcanjo.net\/site\/sao-francisco-borja\/\",\"name\":\"S\u00e3o Francisco Borja - O Arcanjo no ar\",\"isPartOf\":{\"@id\":\"https:\/\/www.oarcanjo.net\/site\/#website\"},\"primaryImageOfPage\":{\"@id\":\"https:\/\/www.oarcanjo.net\/site\/sao-francisco-borja\/#primaryimage\"},\"image\":{\"@id\":\"https:\/\/www.oarcanjo.net\/site\/sao-francisco-borja\/#primaryimage\"},\"thumbnailUrl\":\"http:\/\/3.bp.blogspot.com\/_lyf-g6fTUf8\/SseNe5pWpQI\/AAAAAAAAAAw\/xsaclYL-c8s\/s320\/Sao_Francisco_de_Borja.jpg\",\"datePublished\":\"2017-10-10T03:53:55+00:00\",\"dateModified\":\"2017-07-31T19:10:55+00:00\",\"breadcrumb\":{\"@id\":\"https:\/\/www.oarcanjo.net\/site\/sao-francisco-borja\/#breadcrumb\"},\"inLanguage\":\"pt-BR\",\"potentialAction\":[{\"@type\":\"ReadAction\",\"target\":[\"https:\/\/www.oarcanjo.net\/site\/sao-francisco-borja\/\"]}]},{\"@type\":\"ImageObject\",\"inLanguage\":\"pt-BR\",\"@id\":\"https:\/\/www.oarcanjo.net\/site\/sao-francisco-borja\/#primaryimage\",\"url\":\"http:\/\/3.bp.blogspot.com\/_lyf-g6fTUf8\/SseNe5pWpQI\/AAAAAAAAAAw\/xsaclYL-c8s\/s320\/Sao_Francisco_de_Borja.jpg\",\"contentUrl\":\"http:\/\/3.bp.blogspot.com\/_lyf-g6fTUf8\/SseNe5pWpQI\/AAAAAAAAAAw\/xsaclYL-c8s\/s320\/Sao_Francisco_de_Borja.jpg\"},{\"@type\":\"BreadcrumbList\",\"@id\":\"https:\/\/www.oarcanjo.net\/site\/sao-francisco-borja\/#breadcrumb\",\"itemListElement\":[{\"@type\":\"ListItem\",\"position\":1,\"name\":\"In\u00edcio\",\"item\":\"https:\/\/www.oarcanjo.net\/site\/\"},{\"@type\":\"ListItem\",\"position\":2,\"name\":\"S\u00e3o Francisco Borja\"}]},{\"@type\":\"WebSite\",\"@id\":\"https:\/\/www.oarcanjo.net\/site\/#website\",\"url\":\"https:\/\/www.oarcanjo.net\/site\/\",\"name\":\"O Arcanjo no ar\",\"description\":\"Site da Par\u00f3quia S\u00e3o Miguel Arcanjo (Arquidiocese de SP)\",\"publisher\":{\"@id\":\"https:\/\/www.oarcanjo.net\/site\/#organization\"},\"potentialAction\":[{\"@type\":\"SearchAction\",\"target\":{\"@type\":\"EntryPoint\",\"urlTemplate\":\"https:\/\/www.oarcanjo.net\/site\/?s={search_term_string}\"},\"query-input\":{\"@type\":\"PropertyValueSpecification\",\"valueRequired\":true,\"valueName\":\"search_term_string\"}}],\"inLanguage\":\"pt-BR\"},{\"@type\":\"Organization\",\"@id\":\"https:\/\/www.oarcanjo.net\/site\/#organization\",\"name\":\"Par\u00f3quia S\u00e3o Miguel Arcanjo\",\"url\":\"https:\/\/www.oarcanjo.net\/site\/\",\"logo\":{\"@type\":\"ImageObject\",\"inLanguage\":\"pt-BR\",\"@id\":\"https:\/\/www.oarcanjo.net\/site\/#\/schema\/logo\/image\/\",\"url\":\"https:\/\/www.oarcanjo.net\/site\/wp-content\/uploads\/LogoOArcanjo.png\",\"contentUrl\":\"https:\/\/www.oarcanjo.net\/site\/wp-content\/uploads\/LogoOArcanjo.png\",\"width\":319,\"height\":99,\"caption\":\"Par\u00f3quia S\u00e3o Miguel Arcanjo\"},\"image\":{\"@id\":\"https:\/\/www.oarcanjo.net\/site\/#\/schema\/logo\/image\/\"},\"sameAs\":[\"https:\/\/www.facebook.com\/OArcanjoNoAr\/\"]},{\"@type\":\"Person\",\"@id\":\"https:\/\/www.oarcanjo.net\/site\/#\/schema\/person\/5eb9480bedd2f3c97e430ce128c29c6c\",\"name\":\"danilo\"}]}<\/script>\n<!-- \/ Yoast SEO plugin. -->","yoast_head_json":{"title":"S\u00e3o Francisco Borja - O Arcanjo no ar","robots":{"index":"index","follow":"follow","max-snippet":"max-snippet:-1","max-image-preview":"max-image-preview:large","max-video-preview":"max-video-preview:-1"},"canonical":"https:\/\/www.oarcanjo.net\/site\/sao-francisco-borja\/","og_locale":"pt_BR","og_type":"article","og_title":"S\u00e3o Francisco Borja - O Arcanjo no ar","og_description":"10 de Outubro Pr\u00edncipe da Espanha, Francisco nasceu na fam\u00edlia dos B\u00f3rgia, em portugu\u00eas Borja, no dia 28 de outubro de 1510, em G\u00e1udia, Valen\u00e7a. Teve o m\u00e9rito de redimir completamente a m\u00e1 fama precedente desta fam\u00edlia desde a remota e obscura \u00e9poca medieval, notadamente em Roma. Ele era parente distante do papa Alexandre VI [&hellip;]","og_url":"https:\/\/www.oarcanjo.net\/site\/sao-francisco-borja\/","og_site_name":"O Arcanjo no ar","article_publisher":"https:\/\/www.facebook.com\/OArcanjoNoAr\/","article_published_time":"2017-10-10T03:53:55+00:00","article_modified_time":"2017-07-31T19:10:55+00:00","og_image":[{"url":"http:\/\/3.bp.blogspot.com\/_lyf-g6fTUf8\/SseNe5pWpQI\/AAAAAAAAAAw\/xsaclYL-c8s\/s320\/Sao_Francisco_de_Borja.jpg"}],"author":"danilo","twitter_card":"summary_large_image","twitter_misc":{"Escrito por":"danilo","Est. tempo de leitura":"3 minutos"},"schema":{"@context":"https:\/\/schema.org","@graph":[{"@type":"Article","@id":"https:\/\/www.oarcanjo.net\/site\/sao-francisco-borja\/#article","isPartOf":{"@id":"https:\/\/www.oarcanjo.net\/site\/sao-francisco-borja\/"},"author":{"name":"danilo","@id":"https:\/\/www.oarcanjo.net\/site\/#\/schema\/person\/5eb9480bedd2f3c97e430ce128c29c6c"},"headline":"S\u00e3o Francisco Borja","datePublished":"2017-10-10T03:53:55+00:00","dateModified":"2017-07-31T19:10:55+00:00","mainEntityOfPage":{"@id":"https:\/\/www.oarcanjo.net\/site\/sao-francisco-borja\/"},"wordCount":547,"commentCount":0,"publisher":{"@id":"https:\/\/www.oarcanjo.net\/site\/#organization"},"image":{"@id":"https:\/\/www.oarcanjo.net\/site\/sao-francisco-borja\/#primaryimage"},"thumbnailUrl":"http:\/\/3.bp.blogspot.com\/_lyf-g6fTUf8\/SseNe5pWpQI\/AAAAAAAAAAw\/xsaclYL-c8s\/s320\/Sao_Francisco_de_Borja.jpg","articleSection":["Testemunhos"],"inLanguage":"pt-BR","potentialAction":[{"@type":"CommentAction","name":"Comment","target":["https:\/\/www.oarcanjo.net\/site\/sao-francisco-borja\/#respond"]}]},{"@type":"WebPage","@id":"https:\/\/www.oarcanjo.net\/site\/sao-francisco-borja\/","url":"https:\/\/www.oarcanjo.net\/site\/sao-francisco-borja\/","name":"S\u00e3o Francisco Borja - O Arcanjo no ar","isPartOf":{"@id":"https:\/\/www.oarcanjo.net\/site\/#website"},"primaryImageOfPage":{"@id":"https:\/\/www.oarcanjo.net\/site\/sao-francisco-borja\/#primaryimage"},"image":{"@id":"https:\/\/www.oarcanjo.net\/site\/sao-francisco-borja\/#primaryimage"},"thumbnailUrl":"http:\/\/3.bp.blogspot.com\/_lyf-g6fTUf8\/SseNe5pWpQI\/AAAAAAAAAAw\/xsaclYL-c8s\/s320\/Sao_Francisco_de_Borja.jpg","datePublished":"2017-10-10T03:53:55+00:00","dateModified":"2017-07-31T19:10:55+00:00","breadcrumb":{"@id":"https:\/\/www.oarcanjo.net\/site\/sao-francisco-borja\/#breadcrumb"},"inLanguage":"pt-BR","potentialAction":[{"@type":"ReadAction","target":["https:\/\/www.oarcanjo.net\/site\/sao-francisco-borja\/"]}]},{"@type":"ImageObject","inLanguage":"pt-BR","@id":"https:\/\/www.oarcanjo.net\/site\/sao-francisco-borja\/#primaryimage","url":"http:\/\/3.bp.blogspot.com\/_lyf-g6fTUf8\/SseNe5pWpQI\/AAAAAAAAAAw\/xsaclYL-c8s\/s320\/Sao_Francisco_de_Borja.jpg","contentUrl":"http:\/\/3.bp.blogspot.com\/_lyf-g6fTUf8\/SseNe5pWpQI\/AAAAAAAAAAw\/xsaclYL-c8s\/s320\/Sao_Francisco_de_Borja.jpg"},{"@type":"BreadcrumbList","@id":"https:\/\/www.oarcanjo.net\/site\/sao-francisco-borja\/#breadcrumb","itemListElement":[{"@type":"ListItem","position":1,"name":"In\u00edcio","item":"https:\/\/www.oarcanjo.net\/site\/"},{"@type":"ListItem","position":2,"name":"S\u00e3o Francisco Borja"}]},{"@type":"WebSite","@id":"https:\/\/www.oarcanjo.net\/site\/#website","url":"https:\/\/www.oarcanjo.net\/site\/","name":"O Arcanjo no ar","description":"Site da Par\u00f3quia S\u00e3o Miguel Arcanjo (Arquidiocese de SP)","publisher":{"@id":"https:\/\/www.oarcanjo.net\/site\/#organization"},"potentialAction":[{"@type":"SearchAction","target":{"@type":"EntryPoint","urlTemplate":"https:\/\/www.oarcanjo.net\/site\/?s={search_term_string}"},"query-input":{"@type":"PropertyValueSpecification","valueRequired":true,"valueName":"search_term_string"}}],"inLanguage":"pt-BR"},{"@type":"Organization","@id":"https:\/\/www.oarcanjo.net\/site\/#organization","name":"Par\u00f3quia S\u00e3o Miguel Arcanjo","url":"https:\/\/www.oarcanjo.net\/site\/","logo":{"@type":"ImageObject","inLanguage":"pt-BR","@id":"https:\/\/www.oarcanjo.net\/site\/#\/schema\/logo\/image\/","url":"https:\/\/www.oarcanjo.net\/site\/wp-content\/uploads\/LogoOArcanjo.png","contentUrl":"https:\/\/www.oarcanjo.net\/site\/wp-content\/uploads\/LogoOArcanjo.png","width":319,"height":99,"caption":"Par\u00f3quia S\u00e3o Miguel Arcanjo"},"image":{"@id":"https:\/\/www.oarcanjo.net\/site\/#\/schema\/logo\/image\/"},"sameAs":["https:\/\/www.facebook.com\/OArcanjoNoAr\/"]},{"@type":"Person","@id":"https:\/\/www.oarcanjo.net\/site\/#\/schema\/person\/5eb9480bedd2f3c97e430ce128c29c6c","name":"danilo"}]}},"publishpress_future_action":{"enabled":false,"date":"2026-05-08 22:28:57","action":"category","newStatus":"draft","terms":[],"taxonomy":"category"},"publishpress_future_workflow_manual_trigger":{"enabledWorkflows":[]},"_links":{"self":[{"href":"https:\/\/www.oarcanjo.net\/site\/wp-json\/wp\/v2\/posts\/11252"}],"collection":[{"href":"https:\/\/www.oarcanjo.net\/site\/wp-json\/wp\/v2\/posts"}],"about":[{"href":"https:\/\/www.oarcanjo.net\/site\/wp-json\/wp\/v2\/types\/post"}],"author":[{"embeddable":true,"href":"https:\/\/www.oarcanjo.net\/site\/wp-json\/wp\/v2\/users\/14"}],"replies":[{"embeddable":true,"href":"https:\/\/www.oarcanjo.net\/site\/wp-json\/wp\/v2\/comments?post=11252"}],"version-history":[{"count":0,"href":"https:\/\/www.oarcanjo.net\/site\/wp-json\/wp\/v2\/posts\/11252\/revisions"}],"wp:attachment":[{"href":"https:\/\/www.oarcanjo.net\/site\/wp-json\/wp\/v2\/media?parent=11252"}],"wp:term":[{"taxonomy":"category","embeddable":true,"href":"https:\/\/www.oarcanjo.net\/site\/wp-json\/wp\/v2\/categories?post=11252"},{"taxonomy":"post_tag","embeddable":true,"href":"https:\/\/www.oarcanjo.net\/site\/wp-json\/wp\/v2\/tags?post=11252"}],"curies":[{"name":"wp","href":"https:\/\/api.w.org\/{rel}","templated":true}]}}