
{"id":11254,"date":"2017-10-10T00:56:06","date_gmt":"2017-10-10T03:56:06","guid":{"rendered":"http:\/\/www.oarcanjo.net\/site\/?p=11254"},"modified":"2017-07-31T16:10:47","modified_gmt":"2017-07-31T19:10:47","slug":"sao-daniel-comboni","status":"publish","type":"post","link":"https:\/\/www.oarcanjo.net\/site\/sao-daniel-comboni\/","title":{"rendered":"S\u00e3o Daniel Comboni"},"content":{"rendered":"<p><img decoding=\"async\" src=\"http:\/\/3.bp.blogspot.com\/_oeLn3gBPSdg\/TA-CnDzp2lI\/AAAAAAAAAhs\/Uz-8JIx6VU4\/s1600\/Figura1.jpg\" alt=\"\" \/><\/p>\n<p>10 de Outubro<\/p>\n<p>Fundou o Instituto dos Padres Mission\u00e1rios Combonianos e o Instituto das Irm\u00e3s Mission\u00e1rias Combonianas<\/p>\n<p>Daniel Comboni era italiano de Limone sul Garda, na Brescia, tendo nascido, em 15 de mar\u00e7o de 1831, numa fam\u00edlia crist\u00e3, unida, humilde e pobre de camponeses. Os pais, Luis e Domenica, dedicavam-lhe um amor incontido, pois era o \u00fanico sobrevivente de oito filhos.<\/p>\n<p>Por causa da condi\u00e7\u00e3o econ\u00f4mica, enviaram Daniel para estudar no Instituto dos padres mazzianos em Verona, quando, ent\u00e3o, despertou sua voca\u00e7\u00e3o para o sacerd\u00f3cio, especialmente para a miss\u00e3o da \u00c1frica Central, onde os mazzianos atuam. Em 1854, j\u00e1 formado em filosofia e teologia, Daniel \u00e9 ordenado sacerdote. Tr\u00eas anos depois, recebe as b\u00ean\u00e7\u00e3os dos pais e parte para a \u00c1frica, junto com mais cinco mission\u00e1rios.<\/p>\n<p>Ap\u00f3s quatro meses de viagem, padre Comboni chega a Cartum, capital do Sud\u00e3o. A realidade africana \u00e9 cruel e choca. As dificuldades come\u00e7am no clima insuport\u00e1vel, passam pelas doen\u00e7as, pobreza, abandono do povo e terminam com o \u00edndice elevado de mortes entre os jovens companheiros. Mas tudo isso serve de est\u00edmulo para seguir avante, sem abandonar a miss\u00e3o e o entusiasmo.<\/p>\n<p>Pela \u00c1frica e seu povo, padre Comboni regressa \u00e0 It\u00e1lia, numa tentativa de conseguir uma nova t\u00e1tica para evangelizar naquele continente. Em 1864, rezando junto ao t\u00famulo de s\u00e3o Pedro, em Roma, surge a luz. Elabora seu plano para a regenera\u00e7\u00e3o da \u00c1frica, resumido apenas num tema: &#8220;Salvar a \u00c1frica com a \u00c1frica&#8221;, um projeto mission\u00e1rio simples e ousado para a \u00e9poca.<\/p>\n<p>Padre Comboni passa, imediatamente, \u00e0 a\u00e7\u00e3o, pede todo tipo de ajuda espiritual e material \u00e0 sociedade europ\u00e9ia, vai aos reis, bispos, ricos senhores e recorre tamb\u00e9m ao povo pobre e simples. A miss\u00e3o da \u00c1frica Central precisa de todos engajados no mesmo objetivo crist\u00e3o e humanit\u00e1rio. Dedica-se com tanto empenho e \u00e2nimo que consegue fundar uma revista de incentivo mission\u00e1rio, a primeira na It\u00e1lia.<\/p>\n<p>Al\u00e9m disso, fundou, em 1867, o Instituto dos Mission\u00e1rios, depois chamados de Padres Mission\u00e1rios Combonianos e, em 1872, o Instituto das Mission\u00e1rias, mais tarde conhecidas como Irm\u00e3s Mission\u00e1rias Combonianas.<\/p>\n<p>No Conc\u00edlio Vaticano I, ele participa como te\u00f3logo do bispo de Verona, conseguindo que outros setenta bispos assinem uma peti\u00e7\u00e3o em favor da evangeliza\u00e7\u00e3o da \u00c1frica Central. Em 1877, Comboni \u00e9 nomeado vig\u00e1rio apost\u00f3lico da \u00c1frica Central e, em seguida, \u00e9 tamb\u00e9m consagrado o primeiro bispo cat\u00f3lico da \u00c1frica Central, confirma\u00e7\u00e3o de que suas id\u00e9ias antes contestadas s\u00e3o as mais eficientes para anunciar a Palavra de Cristo aos africanos.<\/p>\n<p>Depois de muito sofrimento no corpo e no esp\u00edrito, no dia 10 de outubro de 1881 o bispo Comboni morre, em Cartum, em meio ao povo africano, rodeado pelos seus religiosos, com a certeza de que sua obra mission\u00e1ria n\u00e3o morreria.<\/p>\n<p>Chamado de &#8220;Pai dos Negros&#8221; pelo papa Jo\u00e3o Paulo II, ao beatific\u00e1-lo em 1996, o mesmo pont\u00edfice declarou santo Daniel Comboni em 2003. A sua comemora\u00e7\u00e3o lit\u00fargica deve ocorrer no dia de sua morte.<\/p>\n<div id=\"themify_builder_content-11254\" data-postid=\"11254\" class=\"themify_builder_content themify_builder_content-11254 themify_builder themify_builder_front\">\n\t<\/div>\n<!-- \/themify_builder_content -->","protected":false},"excerpt":{"rendered":"<p>10 de Outubro Fundou o Instituto dos Padres Mission\u00e1rios Combonianos e o Instituto das Irm\u00e3s Mission\u00e1rias Combonianas Daniel Comboni era italiano de Limone sul Garda, na Brescia, tendo nascido, em 15 de mar\u00e7o de 1831, numa fam\u00edlia crist\u00e3, unida, humilde e pobre de camponeses. Os pais, Luis e Domenica, dedicavam-lhe um amor incontido, pois era [&hellip;]<\/p>\n","protected":false},"author":14,"featured_media":0,"comment_status":"open","ping_status":"open","sticky":false,"template":"","format":"standard","meta":{"ngg_post_thumbnail":0,"footnotes":""},"categories":[186],"tags":[],"yoast_head":"<!-- This site is optimized with the Yoast SEO plugin v23.5 - https:\/\/yoast.com\/wordpress\/plugins\/seo\/ -->\n<title>S\u00e3o Daniel Comboni - O Arcanjo no ar<\/title>\n<meta name=\"robots\" content=\"index, follow, max-snippet:-1, max-image-preview:large, max-video-preview:-1\" \/>\n<link rel=\"canonical\" href=\"https:\/\/www.oarcanjo.net\/site\/sao-daniel-comboni\/\" \/>\n<meta property=\"og:locale\" content=\"pt_BR\" \/>\n<meta property=\"og:type\" content=\"article\" \/>\n<meta property=\"og:title\" content=\"S\u00e3o Daniel Comboni - O Arcanjo no ar\" \/>\n<meta property=\"og:description\" content=\"10 de Outubro Fundou o Instituto dos Padres Mission\u00e1rios Combonianos e o Instituto das Irm\u00e3s Mission\u00e1rias Combonianas Daniel Comboni era italiano de Limone sul Garda, na Brescia, tendo nascido, em 15 de mar\u00e7o de 1831, numa fam\u00edlia crist\u00e3, unida, humilde e pobre de camponeses. Os pais, Luis e Domenica, dedicavam-lhe um amor incontido, pois era [&hellip;]\" \/>\n<meta property=\"og:url\" content=\"https:\/\/www.oarcanjo.net\/site\/sao-daniel-comboni\/\" \/>\n<meta property=\"og:site_name\" content=\"O Arcanjo no ar\" \/>\n<meta property=\"article:publisher\" content=\"https:\/\/www.facebook.com\/OArcanjoNoAr\/\" \/>\n<meta property=\"article:published_time\" content=\"2017-10-10T03:56:06+00:00\" \/>\n<meta property=\"article:modified_time\" content=\"2017-07-31T19:10:47+00:00\" \/>\n<meta property=\"og:image\" content=\"http:\/\/3.bp.blogspot.com\/_oeLn3gBPSdg\/TA-CnDzp2lI\/AAAAAAAAAhs\/Uz-8JIx6VU4\/s1600\/Figura1.jpg\" \/>\n<meta name=\"author\" content=\"danilo\" \/>\n<meta name=\"twitter:card\" content=\"summary_large_image\" \/>\n<meta name=\"twitter:label1\" content=\"Escrito por\" \/>\n\t<meta name=\"twitter:data1\" content=\"danilo\" \/>\n\t<meta name=\"twitter:label2\" content=\"Est. tempo de leitura\" \/>\n\t<meta name=\"twitter:data2\" content=\"3 minutos\" \/>\n<script type=\"application\/ld+json\" class=\"yoast-schema-graph\">{\"@context\":\"https:\/\/schema.org\",\"@graph\":[{\"@type\":\"Article\",\"@id\":\"https:\/\/www.oarcanjo.net\/site\/sao-daniel-comboni\/#article\",\"isPartOf\":{\"@id\":\"https:\/\/www.oarcanjo.net\/site\/sao-daniel-comboni\/\"},\"author\":{\"name\":\"danilo\",\"@id\":\"https:\/\/www.oarcanjo.net\/site\/#\/schema\/person\/5eb9480bedd2f3c97e430ce128c29c6c\"},\"headline\":\"S\u00e3o Daniel Comboni\",\"datePublished\":\"2017-10-10T03:56:06+00:00\",\"dateModified\":\"2017-07-31T19:10:47+00:00\",\"mainEntityOfPage\":{\"@id\":\"https:\/\/www.oarcanjo.net\/site\/sao-daniel-comboni\/\"},\"wordCount\":532,\"commentCount\":0,\"publisher\":{\"@id\":\"https:\/\/www.oarcanjo.net\/site\/#organization\"},\"image\":{\"@id\":\"https:\/\/www.oarcanjo.net\/site\/sao-daniel-comboni\/#primaryimage\"},\"thumbnailUrl\":\"http:\/\/3.bp.blogspot.com\/_oeLn3gBPSdg\/TA-CnDzp2lI\/AAAAAAAAAhs\/Uz-8JIx6VU4\/s1600\/Figura1.jpg\",\"articleSection\":[\"Testemunhos\"],\"inLanguage\":\"pt-BR\",\"potentialAction\":[{\"@type\":\"CommentAction\",\"name\":\"Comment\",\"target\":[\"https:\/\/www.oarcanjo.net\/site\/sao-daniel-comboni\/#respond\"]}]},{\"@type\":\"WebPage\",\"@id\":\"https:\/\/www.oarcanjo.net\/site\/sao-daniel-comboni\/\",\"url\":\"https:\/\/www.oarcanjo.net\/site\/sao-daniel-comboni\/\",\"name\":\"S\u00e3o Daniel Comboni - O Arcanjo no ar\",\"isPartOf\":{\"@id\":\"https:\/\/www.oarcanjo.net\/site\/#website\"},\"primaryImageOfPage\":{\"@id\":\"https:\/\/www.oarcanjo.net\/site\/sao-daniel-comboni\/#primaryimage\"},\"image\":{\"@id\":\"https:\/\/www.oarcanjo.net\/site\/sao-daniel-comboni\/#primaryimage\"},\"thumbnailUrl\":\"http:\/\/3.bp.blogspot.com\/_oeLn3gBPSdg\/TA-CnDzp2lI\/AAAAAAAAAhs\/Uz-8JIx6VU4\/s1600\/Figura1.jpg\",\"datePublished\":\"2017-10-10T03:56:06+00:00\",\"dateModified\":\"2017-07-31T19:10:47+00:00\",\"breadcrumb\":{\"@id\":\"https:\/\/www.oarcanjo.net\/site\/sao-daniel-comboni\/#breadcrumb\"},\"inLanguage\":\"pt-BR\",\"potentialAction\":[{\"@type\":\"ReadAction\",\"target\":[\"https:\/\/www.oarcanjo.net\/site\/sao-daniel-comboni\/\"]}]},{\"@type\":\"ImageObject\",\"inLanguage\":\"pt-BR\",\"@id\":\"https:\/\/www.oarcanjo.net\/site\/sao-daniel-comboni\/#primaryimage\",\"url\":\"http:\/\/3.bp.blogspot.com\/_oeLn3gBPSdg\/TA-CnDzp2lI\/AAAAAAAAAhs\/Uz-8JIx6VU4\/s1600\/Figura1.jpg\",\"contentUrl\":\"http:\/\/3.bp.blogspot.com\/_oeLn3gBPSdg\/TA-CnDzp2lI\/AAAAAAAAAhs\/Uz-8JIx6VU4\/s1600\/Figura1.jpg\"},{\"@type\":\"BreadcrumbList\",\"@id\":\"https:\/\/www.oarcanjo.net\/site\/sao-daniel-comboni\/#breadcrumb\",\"itemListElement\":[{\"@type\":\"ListItem\",\"position\":1,\"name\":\"In\u00edcio\",\"item\":\"https:\/\/www.oarcanjo.net\/site\/\"},{\"@type\":\"ListItem\",\"position\":2,\"name\":\"S\u00e3o Daniel Comboni\"}]},{\"@type\":\"WebSite\",\"@id\":\"https:\/\/www.oarcanjo.net\/site\/#website\",\"url\":\"https:\/\/www.oarcanjo.net\/site\/\",\"name\":\"O Arcanjo no ar\",\"description\":\"Site da Par\u00f3quia S\u00e3o Miguel Arcanjo (Arquidiocese de SP)\",\"publisher\":{\"@id\":\"https:\/\/www.oarcanjo.net\/site\/#organization\"},\"potentialAction\":[{\"@type\":\"SearchAction\",\"target\":{\"@type\":\"EntryPoint\",\"urlTemplate\":\"https:\/\/www.oarcanjo.net\/site\/?s={search_term_string}\"},\"query-input\":{\"@type\":\"PropertyValueSpecification\",\"valueRequired\":true,\"valueName\":\"search_term_string\"}}],\"inLanguage\":\"pt-BR\"},{\"@type\":\"Organization\",\"@id\":\"https:\/\/www.oarcanjo.net\/site\/#organization\",\"name\":\"Par\u00f3quia S\u00e3o Miguel Arcanjo\",\"url\":\"https:\/\/www.oarcanjo.net\/site\/\",\"logo\":{\"@type\":\"ImageObject\",\"inLanguage\":\"pt-BR\",\"@id\":\"https:\/\/www.oarcanjo.net\/site\/#\/schema\/logo\/image\/\",\"url\":\"https:\/\/www.oarcanjo.net\/site\/wp-content\/uploads\/LogoOArcanjo.png\",\"contentUrl\":\"https:\/\/www.oarcanjo.net\/site\/wp-content\/uploads\/LogoOArcanjo.png\",\"width\":319,\"height\":99,\"caption\":\"Par\u00f3quia S\u00e3o Miguel Arcanjo\"},\"image\":{\"@id\":\"https:\/\/www.oarcanjo.net\/site\/#\/schema\/logo\/image\/\"},\"sameAs\":[\"https:\/\/www.facebook.com\/OArcanjoNoAr\/\"]},{\"@type\":\"Person\",\"@id\":\"https:\/\/www.oarcanjo.net\/site\/#\/schema\/person\/5eb9480bedd2f3c97e430ce128c29c6c\",\"name\":\"danilo\"}]}<\/script>\n<!-- \/ Yoast SEO plugin. -->","yoast_head_json":{"title":"S\u00e3o Daniel Comboni - O Arcanjo no ar","robots":{"index":"index","follow":"follow","max-snippet":"max-snippet:-1","max-image-preview":"max-image-preview:large","max-video-preview":"max-video-preview:-1"},"canonical":"https:\/\/www.oarcanjo.net\/site\/sao-daniel-comboni\/","og_locale":"pt_BR","og_type":"article","og_title":"S\u00e3o Daniel Comboni - O Arcanjo no ar","og_description":"10 de Outubro Fundou o Instituto dos Padres Mission\u00e1rios Combonianos e o Instituto das Irm\u00e3s Mission\u00e1rias Combonianas Daniel Comboni era italiano de Limone sul Garda, na Brescia, tendo nascido, em 15 de mar\u00e7o de 1831, numa fam\u00edlia crist\u00e3, unida, humilde e pobre de camponeses. Os pais, Luis e Domenica, dedicavam-lhe um amor incontido, pois era [&hellip;]","og_url":"https:\/\/www.oarcanjo.net\/site\/sao-daniel-comboni\/","og_site_name":"O Arcanjo no ar","article_publisher":"https:\/\/www.facebook.com\/OArcanjoNoAr\/","article_published_time":"2017-10-10T03:56:06+00:00","article_modified_time":"2017-07-31T19:10:47+00:00","og_image":[{"url":"http:\/\/3.bp.blogspot.com\/_oeLn3gBPSdg\/TA-CnDzp2lI\/AAAAAAAAAhs\/Uz-8JIx6VU4\/s1600\/Figura1.jpg"}],"author":"danilo","twitter_card":"summary_large_image","twitter_misc":{"Escrito por":"danilo","Est. tempo de leitura":"3 minutos"},"schema":{"@context":"https:\/\/schema.org","@graph":[{"@type":"Article","@id":"https:\/\/www.oarcanjo.net\/site\/sao-daniel-comboni\/#article","isPartOf":{"@id":"https:\/\/www.oarcanjo.net\/site\/sao-daniel-comboni\/"},"author":{"name":"danilo","@id":"https:\/\/www.oarcanjo.net\/site\/#\/schema\/person\/5eb9480bedd2f3c97e430ce128c29c6c"},"headline":"S\u00e3o Daniel Comboni","datePublished":"2017-10-10T03:56:06+00:00","dateModified":"2017-07-31T19:10:47+00:00","mainEntityOfPage":{"@id":"https:\/\/www.oarcanjo.net\/site\/sao-daniel-comboni\/"},"wordCount":532,"commentCount":0,"publisher":{"@id":"https:\/\/www.oarcanjo.net\/site\/#organization"},"image":{"@id":"https:\/\/www.oarcanjo.net\/site\/sao-daniel-comboni\/#primaryimage"},"thumbnailUrl":"http:\/\/3.bp.blogspot.com\/_oeLn3gBPSdg\/TA-CnDzp2lI\/AAAAAAAAAhs\/Uz-8JIx6VU4\/s1600\/Figura1.jpg","articleSection":["Testemunhos"],"inLanguage":"pt-BR","potentialAction":[{"@type":"CommentAction","name":"Comment","target":["https:\/\/www.oarcanjo.net\/site\/sao-daniel-comboni\/#respond"]}]},{"@type":"WebPage","@id":"https:\/\/www.oarcanjo.net\/site\/sao-daniel-comboni\/","url":"https:\/\/www.oarcanjo.net\/site\/sao-daniel-comboni\/","name":"S\u00e3o Daniel Comboni - O Arcanjo no ar","isPartOf":{"@id":"https:\/\/www.oarcanjo.net\/site\/#website"},"primaryImageOfPage":{"@id":"https:\/\/www.oarcanjo.net\/site\/sao-daniel-comboni\/#primaryimage"},"image":{"@id":"https:\/\/www.oarcanjo.net\/site\/sao-daniel-comboni\/#primaryimage"},"thumbnailUrl":"http:\/\/3.bp.blogspot.com\/_oeLn3gBPSdg\/TA-CnDzp2lI\/AAAAAAAAAhs\/Uz-8JIx6VU4\/s1600\/Figura1.jpg","datePublished":"2017-10-10T03:56:06+00:00","dateModified":"2017-07-31T19:10:47+00:00","breadcrumb":{"@id":"https:\/\/www.oarcanjo.net\/site\/sao-daniel-comboni\/#breadcrumb"},"inLanguage":"pt-BR","potentialAction":[{"@type":"ReadAction","target":["https:\/\/www.oarcanjo.net\/site\/sao-daniel-comboni\/"]}]},{"@type":"ImageObject","inLanguage":"pt-BR","@id":"https:\/\/www.oarcanjo.net\/site\/sao-daniel-comboni\/#primaryimage","url":"http:\/\/3.bp.blogspot.com\/_oeLn3gBPSdg\/TA-CnDzp2lI\/AAAAAAAAAhs\/Uz-8JIx6VU4\/s1600\/Figura1.jpg","contentUrl":"http:\/\/3.bp.blogspot.com\/_oeLn3gBPSdg\/TA-CnDzp2lI\/AAAAAAAAAhs\/Uz-8JIx6VU4\/s1600\/Figura1.jpg"},{"@type":"BreadcrumbList","@id":"https:\/\/www.oarcanjo.net\/site\/sao-daniel-comboni\/#breadcrumb","itemListElement":[{"@type":"ListItem","position":1,"name":"In\u00edcio","item":"https:\/\/www.oarcanjo.net\/site\/"},{"@type":"ListItem","position":2,"name":"S\u00e3o Daniel Comboni"}]},{"@type":"WebSite","@id":"https:\/\/www.oarcanjo.net\/site\/#website","url":"https:\/\/www.oarcanjo.net\/site\/","name":"O Arcanjo no ar","description":"Site da Par\u00f3quia S\u00e3o Miguel Arcanjo (Arquidiocese de SP)","publisher":{"@id":"https:\/\/www.oarcanjo.net\/site\/#organization"},"potentialAction":[{"@type":"SearchAction","target":{"@type":"EntryPoint","urlTemplate":"https:\/\/www.oarcanjo.net\/site\/?s={search_term_string}"},"query-input":{"@type":"PropertyValueSpecification","valueRequired":true,"valueName":"search_term_string"}}],"inLanguage":"pt-BR"},{"@type":"Organization","@id":"https:\/\/www.oarcanjo.net\/site\/#organization","name":"Par\u00f3quia S\u00e3o Miguel Arcanjo","url":"https:\/\/www.oarcanjo.net\/site\/","logo":{"@type":"ImageObject","inLanguage":"pt-BR","@id":"https:\/\/www.oarcanjo.net\/site\/#\/schema\/logo\/image\/","url":"https:\/\/www.oarcanjo.net\/site\/wp-content\/uploads\/LogoOArcanjo.png","contentUrl":"https:\/\/www.oarcanjo.net\/site\/wp-content\/uploads\/LogoOArcanjo.png","width":319,"height":99,"caption":"Par\u00f3quia S\u00e3o Miguel Arcanjo"},"image":{"@id":"https:\/\/www.oarcanjo.net\/site\/#\/schema\/logo\/image\/"},"sameAs":["https:\/\/www.facebook.com\/OArcanjoNoAr\/"]},{"@type":"Person","@id":"https:\/\/www.oarcanjo.net\/site\/#\/schema\/person\/5eb9480bedd2f3c97e430ce128c29c6c","name":"danilo"}]}},"publishpress_future_action":{"enabled":false,"date":"2026-05-08 22:29:28","action":"category","newStatus":"draft","terms":[],"taxonomy":"category"},"publishpress_future_workflow_manual_trigger":{"enabledWorkflows":[]},"_links":{"self":[{"href":"https:\/\/www.oarcanjo.net\/site\/wp-json\/wp\/v2\/posts\/11254"}],"collection":[{"href":"https:\/\/www.oarcanjo.net\/site\/wp-json\/wp\/v2\/posts"}],"about":[{"href":"https:\/\/www.oarcanjo.net\/site\/wp-json\/wp\/v2\/types\/post"}],"author":[{"embeddable":true,"href":"https:\/\/www.oarcanjo.net\/site\/wp-json\/wp\/v2\/users\/14"}],"replies":[{"embeddable":true,"href":"https:\/\/www.oarcanjo.net\/site\/wp-json\/wp\/v2\/comments?post=11254"}],"version-history":[{"count":0,"href":"https:\/\/www.oarcanjo.net\/site\/wp-json\/wp\/v2\/posts\/11254\/revisions"}],"wp:attachment":[{"href":"https:\/\/www.oarcanjo.net\/site\/wp-json\/wp\/v2\/media?parent=11254"}],"wp:term":[{"taxonomy":"category","embeddable":true,"href":"https:\/\/www.oarcanjo.net\/site\/wp-json\/wp\/v2\/categories?post=11254"},{"taxonomy":"post_tag","embeddable":true,"href":"https:\/\/www.oarcanjo.net\/site\/wp-json\/wp\/v2\/tags?post=11254"}],"curies":[{"name":"wp","href":"https:\/\/api.w.org\/{rel}","templated":true}]}}