
{"id":11257,"date":"2017-10-11T00:05:41","date_gmt":"2017-10-11T03:05:41","guid":{"rendered":"http:\/\/www.oarcanjo.net\/site\/?p=11257"},"modified":"2017-07-31T16:10:27","modified_gmt":"2017-07-31T19:10:27","slug":"santo-alexandre-sauli","status":"publish","type":"post","link":"https:\/\/www.oarcanjo.net\/site\/santo-alexandre-sauli\/","title":{"rendered":"Santo Alexandre Sauli"},"content":{"rendered":"<p><img loading=\"lazy\" decoding=\"async\" class=\"alignnone size-full wp-image-52571\" src=\"http:\/\/www.oarcanjo.net\/site\/wp-content\/uploads\/Santo-Alexandre-Sauli.jpg\" alt=\"Santo Alexandre Sauli\" width=\"300\" height=\"300\" srcset=\"https:\/\/www.oarcanjo.net\/site\/wp-content\/uploads\/Santo-Alexandre-Sauli.jpg 300w, https:\/\/www.oarcanjo.net\/site\/wp-content\/uploads\/Santo-Alexandre-Sauli-150x150.jpg 150w\" sizes=\"(max-width: 300px) 100vw, 300px\" \/><\/p>\n<p>11 de Outubro<\/p>\n<p>A fam\u00edlia Sauli fazia parte da nobre Corte de G\u00eanova, muito ligada \u00e0 Igreja. Nela, havia in\u00fameras figuras de destaque e influ\u00eancia na pol\u00edtica, ricas e poderosas, tendo tradi\u00e7\u00e3o de senadores e administradores para aquela costa mar\u00edtima t\u00e3o importante da It\u00e1lia.<\/p>\n<p>No seio deles nasceu Alexandre, no dia 15 de fevereiro de 1534, em Mil\u00e3o. No batizado, sua m\u00e3e o consagrou \u00e0 Virgem Maria. Desde a tenra idade queria seguir a vida religiosa. E na adolesc\u00eancia ele dispensou uma brilhante carreira na Corte do rei Carlos V, conhecido como o senhor da Europa e da Am\u00e9rica, para seguir sua voca\u00e7\u00e3o.<\/p>\n<p>Aos dezessete anos de idade, entrou no Col\u00e9gio do Clero Regular de S\u00e3o Paulo, da igreja milanesa de S\u00e3o Barnab\u00e9, tradicionalmente freq\u00fcentada por sua fam\u00edlia. L\u00e1, entregou-se por completo \u00e0 obedi\u00eancia das regras da vida comum com severas tarefas religiosas. Abandonou tudo o que possu\u00eda, tornando-se um verdadeiro seguidor de Cristo.<\/p>\n<p>Ordenado sacerdote, Alexandre Sauli exerceu o minist\u00e9rio como professor de novi\u00e7os e formador de padres barnabitas. Depois, foi nomeado pelo arcebispo de Mil\u00e3o, Carlos Borromeo, agora santo, te\u00f3logo e decano da Faculdade Teol\u00f3gica de P\u00e1via. Em 1565, aos trinta e um anos de idade, foi eleito superior-geral da Ordem, empenhando-se para manter vivo o esp\u00edrito original do fundador. Considerado por seu dom de conselho, tornou-se o confessor do pr\u00f3prio s\u00e3o Carlos Borromeo, e orientador espiritual de muitas pessoas ilustres do seu tempo, tanto religiosos como leigos.<\/p>\n<p>Em 1567, foi nomeado bispo de Al\u00e9ria, na ilha de C\u00f3rsega, Fran\u00e7a. Recebeu, entretanto, uma diocese decadente e abandonada, sem clero capacitado, sem locais de culto decente, com um rebanho perdido nas trevas da ignor\u00e2ncia e da supersti\u00e7\u00e3o. Trabalhou duro durante vinte e um anos. Conseguiu reformar o clero, sendo o professor e o exemplo da vida crist\u00e3 para todas as classes sociais, eliminando diverg\u00eancias e \u00f3dios entre as v\u00e1rias fam\u00edlias dominantes.<\/p>\n<p>Transformou a diocese num modelo de devo\u00e7\u00e3o apost\u00f3lica e de organiza\u00e7\u00e3o, sendo estimado e amado por todos, ricos e pobres.<\/p>\n<p>Mas Alexandre teve de deixar a C\u00f3rsega quando foi nomeado bispo de P\u00e1via pelo papa Greg\u00f3rio XIV, de quem fora diretor espiritual e confessor. Na \u00e9poca, Alexandre n\u00e3o tinha boas condi\u00e7\u00f5es f\u00edsicas devido ao seu incans\u00e1vel trabalho e \u00e0 vida dura de priva\u00e7\u00f5es, penit\u00eancias e mortifica\u00e7\u00f5es a que ele sempre se submetera. Mesmo assim, iniciou a visita pastoral de sua nova diocese, sem nem sequer pensar em abandonar a cruz de sua miss\u00e3o.<\/p>\n<p>No dia 11 de outubro de 1592, ele estava em visita na cidade de Calosso d&#8217;Asti. Era um doce entardecer de outono. Estando na rica propriedade do senhor do local, aceitou sua oferta de hospitalidade. Mas n\u00e3o ficou em nenhum dos luxuosos sal\u00f5es, preferiu estar entre os trabalhadores que se acomodavam nas estrebarias dos animais, onde adormeceu e n\u00e3o mais acordou.<\/p>\n<p>Seu corpo foi transferido e sepultado na Catedral de P\u00e1via, It\u00e1lia. Em 1904, o papa Pio X o canonizou como santo Alexandre Sauli, &#8220;Ap\u00f3stolo da C\u00f3rsega&#8221;. Venerado como padroeiro da ilha de C\u00f3rsega, sua festa lit\u00fargica, que ocorre no dia de sua morte, mant\u00e9m-se muito viva e vigorosa.<\/p>\n<div id=\"themify_builder_content-11257\" data-postid=\"11257\" class=\"themify_builder_content themify_builder_content-11257 themify_builder themify_builder_front\">\n\t<\/div>\n<!-- \/themify_builder_content -->","protected":false},"excerpt":{"rendered":"<p>11 de Outubro A fam\u00edlia Sauli fazia parte da nobre Corte de G\u00eanova, muito ligada \u00e0 Igreja. Nela, havia in\u00fameras figuras de destaque e influ\u00eancia na pol\u00edtica, ricas e poderosas, tendo tradi\u00e7\u00e3o de senadores e administradores para aquela costa mar\u00edtima t\u00e3o importante da It\u00e1lia. No seio deles nasceu Alexandre, no dia 15 de fevereiro de [&hellip;]<\/p>\n","protected":false},"author":14,"featured_media":0,"comment_status":"open","ping_status":"open","sticky":false,"template":"","format":"standard","meta":{"ngg_post_thumbnail":0,"footnotes":""},"categories":[186],"tags":[],"yoast_head":"<!-- This site is optimized with the Yoast SEO plugin v23.5 - https:\/\/yoast.com\/wordpress\/plugins\/seo\/ -->\n<title>Santo Alexandre Sauli - O Arcanjo no ar<\/title>\n<meta name=\"robots\" content=\"index, follow, max-snippet:-1, max-image-preview:large, max-video-preview:-1\" \/>\n<link rel=\"canonical\" href=\"https:\/\/www.oarcanjo.net\/site\/santo-alexandre-sauli\/\" \/>\n<meta property=\"og:locale\" content=\"pt_BR\" \/>\n<meta property=\"og:type\" content=\"article\" \/>\n<meta property=\"og:title\" content=\"Santo Alexandre Sauli - O Arcanjo no ar\" \/>\n<meta property=\"og:description\" content=\"11 de Outubro A fam\u00edlia Sauli fazia parte da nobre Corte de G\u00eanova, muito ligada \u00e0 Igreja. Nela, havia in\u00fameras figuras de destaque e influ\u00eancia na pol\u00edtica, ricas e poderosas, tendo tradi\u00e7\u00e3o de senadores e administradores para aquela costa mar\u00edtima t\u00e3o importante da It\u00e1lia. No seio deles nasceu Alexandre, no dia 15 de fevereiro de [&hellip;]\" \/>\n<meta property=\"og:url\" content=\"https:\/\/www.oarcanjo.net\/site\/santo-alexandre-sauli\/\" \/>\n<meta property=\"og:site_name\" content=\"O Arcanjo no ar\" \/>\n<meta property=\"article:publisher\" content=\"https:\/\/www.facebook.com\/OArcanjoNoAr\/\" \/>\n<meta property=\"article:published_time\" content=\"2017-10-11T03:05:41+00:00\" \/>\n<meta property=\"article:modified_time\" content=\"2017-07-31T19:10:27+00:00\" \/>\n<meta property=\"og:image\" content=\"http:\/\/www.oarcanjo.net\/site\/wp-content\/uploads\/Santo-Alexandre-Sauli.jpg\" \/>\n<meta name=\"author\" content=\"danilo\" \/>\n<meta name=\"twitter:card\" content=\"summary_large_image\" \/>\n<meta name=\"twitter:label1\" content=\"Escrito por\" \/>\n\t<meta name=\"twitter:data1\" content=\"danilo\" \/>\n\t<meta name=\"twitter:label2\" content=\"Est. tempo de leitura\" \/>\n\t<meta name=\"twitter:data2\" content=\"3 minutos\" \/>\n<script type=\"application\/ld+json\" class=\"yoast-schema-graph\">{\"@context\":\"https:\/\/schema.org\",\"@graph\":[{\"@type\":\"Article\",\"@id\":\"https:\/\/www.oarcanjo.net\/site\/santo-alexandre-sauli\/#article\",\"isPartOf\":{\"@id\":\"https:\/\/www.oarcanjo.net\/site\/santo-alexandre-sauli\/\"},\"author\":{\"name\":\"danilo\",\"@id\":\"https:\/\/www.oarcanjo.net\/site\/#\/schema\/person\/5eb9480bedd2f3c97e430ce128c29c6c\"},\"headline\":\"Santo Alexandre Sauli\",\"datePublished\":\"2017-10-11T03:05:41+00:00\",\"dateModified\":\"2017-07-31T19:10:27+00:00\",\"mainEntityOfPage\":{\"@id\":\"https:\/\/www.oarcanjo.net\/site\/santo-alexandre-sauli\/\"},\"wordCount\":567,\"commentCount\":0,\"publisher\":{\"@id\":\"https:\/\/www.oarcanjo.net\/site\/#organization\"},\"image\":{\"@id\":\"https:\/\/www.oarcanjo.net\/site\/santo-alexandre-sauli\/#primaryimage\"},\"thumbnailUrl\":\"http:\/\/www.oarcanjo.net\/site\/wp-content\/uploads\/Santo-Alexandre-Sauli.jpg\",\"articleSection\":[\"Testemunhos\"],\"inLanguage\":\"pt-BR\",\"potentialAction\":[{\"@type\":\"CommentAction\",\"name\":\"Comment\",\"target\":[\"https:\/\/www.oarcanjo.net\/site\/santo-alexandre-sauli\/#respond\"]}]},{\"@type\":\"WebPage\",\"@id\":\"https:\/\/www.oarcanjo.net\/site\/santo-alexandre-sauli\/\",\"url\":\"https:\/\/www.oarcanjo.net\/site\/santo-alexandre-sauli\/\",\"name\":\"Santo Alexandre Sauli - O Arcanjo no ar\",\"isPartOf\":{\"@id\":\"https:\/\/www.oarcanjo.net\/site\/#website\"},\"primaryImageOfPage\":{\"@id\":\"https:\/\/www.oarcanjo.net\/site\/santo-alexandre-sauli\/#primaryimage\"},\"image\":{\"@id\":\"https:\/\/www.oarcanjo.net\/site\/santo-alexandre-sauli\/#primaryimage\"},\"thumbnailUrl\":\"http:\/\/www.oarcanjo.net\/site\/wp-content\/uploads\/Santo-Alexandre-Sauli.jpg\",\"datePublished\":\"2017-10-11T03:05:41+00:00\",\"dateModified\":\"2017-07-31T19:10:27+00:00\",\"breadcrumb\":{\"@id\":\"https:\/\/www.oarcanjo.net\/site\/santo-alexandre-sauli\/#breadcrumb\"},\"inLanguage\":\"pt-BR\",\"potentialAction\":[{\"@type\":\"ReadAction\",\"target\":[\"https:\/\/www.oarcanjo.net\/site\/santo-alexandre-sauli\/\"]}]},{\"@type\":\"ImageObject\",\"inLanguage\":\"pt-BR\",\"@id\":\"https:\/\/www.oarcanjo.net\/site\/santo-alexandre-sauli\/#primaryimage\",\"url\":\"https:\/\/www.oarcanjo.net\/site\/wp-content\/uploads\/Santo-Alexandre-Sauli.jpg\",\"contentUrl\":\"https:\/\/www.oarcanjo.net\/site\/wp-content\/uploads\/Santo-Alexandre-Sauli.jpg\",\"width\":300,\"height\":300,\"caption\":\"Santo Alexandre Sauli\"},{\"@type\":\"BreadcrumbList\",\"@id\":\"https:\/\/www.oarcanjo.net\/site\/santo-alexandre-sauli\/#breadcrumb\",\"itemListElement\":[{\"@type\":\"ListItem\",\"position\":1,\"name\":\"In\u00edcio\",\"item\":\"https:\/\/www.oarcanjo.net\/site\/\"},{\"@type\":\"ListItem\",\"position\":2,\"name\":\"Santo Alexandre Sauli\"}]},{\"@type\":\"WebSite\",\"@id\":\"https:\/\/www.oarcanjo.net\/site\/#website\",\"url\":\"https:\/\/www.oarcanjo.net\/site\/\",\"name\":\"O Arcanjo no ar\",\"description\":\"Site da Par\u00f3quia S\u00e3o Miguel Arcanjo (Arquidiocese de SP)\",\"publisher\":{\"@id\":\"https:\/\/www.oarcanjo.net\/site\/#organization\"},\"potentialAction\":[{\"@type\":\"SearchAction\",\"target\":{\"@type\":\"EntryPoint\",\"urlTemplate\":\"https:\/\/www.oarcanjo.net\/site\/?s={search_term_string}\"},\"query-input\":{\"@type\":\"PropertyValueSpecification\",\"valueRequired\":true,\"valueName\":\"search_term_string\"}}],\"inLanguage\":\"pt-BR\"},{\"@type\":\"Organization\",\"@id\":\"https:\/\/www.oarcanjo.net\/site\/#organization\",\"name\":\"Par\u00f3quia S\u00e3o Miguel Arcanjo\",\"url\":\"https:\/\/www.oarcanjo.net\/site\/\",\"logo\":{\"@type\":\"ImageObject\",\"inLanguage\":\"pt-BR\",\"@id\":\"https:\/\/www.oarcanjo.net\/site\/#\/schema\/logo\/image\/\",\"url\":\"https:\/\/www.oarcanjo.net\/site\/wp-content\/uploads\/LogoOArcanjo.png\",\"contentUrl\":\"https:\/\/www.oarcanjo.net\/site\/wp-content\/uploads\/LogoOArcanjo.png\",\"width\":319,\"height\":99,\"caption\":\"Par\u00f3quia S\u00e3o Miguel Arcanjo\"},\"image\":{\"@id\":\"https:\/\/www.oarcanjo.net\/site\/#\/schema\/logo\/image\/\"},\"sameAs\":[\"https:\/\/www.facebook.com\/OArcanjoNoAr\/\"]},{\"@type\":\"Person\",\"@id\":\"https:\/\/www.oarcanjo.net\/site\/#\/schema\/person\/5eb9480bedd2f3c97e430ce128c29c6c\",\"name\":\"danilo\"}]}<\/script>\n<!-- \/ Yoast SEO plugin. -->","yoast_head_json":{"title":"Santo Alexandre Sauli - O Arcanjo no ar","robots":{"index":"index","follow":"follow","max-snippet":"max-snippet:-1","max-image-preview":"max-image-preview:large","max-video-preview":"max-video-preview:-1"},"canonical":"https:\/\/www.oarcanjo.net\/site\/santo-alexandre-sauli\/","og_locale":"pt_BR","og_type":"article","og_title":"Santo Alexandre Sauli - O Arcanjo no ar","og_description":"11 de Outubro A fam\u00edlia Sauli fazia parte da nobre Corte de G\u00eanova, muito ligada \u00e0 Igreja. Nela, havia in\u00fameras figuras de destaque e influ\u00eancia na pol\u00edtica, ricas e poderosas, tendo tradi\u00e7\u00e3o de senadores e administradores para aquela costa mar\u00edtima t\u00e3o importante da It\u00e1lia. No seio deles nasceu Alexandre, no dia 15 de fevereiro de [&hellip;]","og_url":"https:\/\/www.oarcanjo.net\/site\/santo-alexandre-sauli\/","og_site_name":"O Arcanjo no ar","article_publisher":"https:\/\/www.facebook.com\/OArcanjoNoAr\/","article_published_time":"2017-10-11T03:05:41+00:00","article_modified_time":"2017-07-31T19:10:27+00:00","og_image":[{"url":"http:\/\/www.oarcanjo.net\/site\/wp-content\/uploads\/Santo-Alexandre-Sauli.jpg"}],"author":"danilo","twitter_card":"summary_large_image","twitter_misc":{"Escrito por":"danilo","Est. tempo de leitura":"3 minutos"},"schema":{"@context":"https:\/\/schema.org","@graph":[{"@type":"Article","@id":"https:\/\/www.oarcanjo.net\/site\/santo-alexandre-sauli\/#article","isPartOf":{"@id":"https:\/\/www.oarcanjo.net\/site\/santo-alexandre-sauli\/"},"author":{"name":"danilo","@id":"https:\/\/www.oarcanjo.net\/site\/#\/schema\/person\/5eb9480bedd2f3c97e430ce128c29c6c"},"headline":"Santo Alexandre Sauli","datePublished":"2017-10-11T03:05:41+00:00","dateModified":"2017-07-31T19:10:27+00:00","mainEntityOfPage":{"@id":"https:\/\/www.oarcanjo.net\/site\/santo-alexandre-sauli\/"},"wordCount":567,"commentCount":0,"publisher":{"@id":"https:\/\/www.oarcanjo.net\/site\/#organization"},"image":{"@id":"https:\/\/www.oarcanjo.net\/site\/santo-alexandre-sauli\/#primaryimage"},"thumbnailUrl":"http:\/\/www.oarcanjo.net\/site\/wp-content\/uploads\/Santo-Alexandre-Sauli.jpg","articleSection":["Testemunhos"],"inLanguage":"pt-BR","potentialAction":[{"@type":"CommentAction","name":"Comment","target":["https:\/\/www.oarcanjo.net\/site\/santo-alexandre-sauli\/#respond"]}]},{"@type":"WebPage","@id":"https:\/\/www.oarcanjo.net\/site\/santo-alexandre-sauli\/","url":"https:\/\/www.oarcanjo.net\/site\/santo-alexandre-sauli\/","name":"Santo Alexandre Sauli - O Arcanjo no ar","isPartOf":{"@id":"https:\/\/www.oarcanjo.net\/site\/#website"},"primaryImageOfPage":{"@id":"https:\/\/www.oarcanjo.net\/site\/santo-alexandre-sauli\/#primaryimage"},"image":{"@id":"https:\/\/www.oarcanjo.net\/site\/santo-alexandre-sauli\/#primaryimage"},"thumbnailUrl":"http:\/\/www.oarcanjo.net\/site\/wp-content\/uploads\/Santo-Alexandre-Sauli.jpg","datePublished":"2017-10-11T03:05:41+00:00","dateModified":"2017-07-31T19:10:27+00:00","breadcrumb":{"@id":"https:\/\/www.oarcanjo.net\/site\/santo-alexandre-sauli\/#breadcrumb"},"inLanguage":"pt-BR","potentialAction":[{"@type":"ReadAction","target":["https:\/\/www.oarcanjo.net\/site\/santo-alexandre-sauli\/"]}]},{"@type":"ImageObject","inLanguage":"pt-BR","@id":"https:\/\/www.oarcanjo.net\/site\/santo-alexandre-sauli\/#primaryimage","url":"https:\/\/www.oarcanjo.net\/site\/wp-content\/uploads\/Santo-Alexandre-Sauli.jpg","contentUrl":"https:\/\/www.oarcanjo.net\/site\/wp-content\/uploads\/Santo-Alexandre-Sauli.jpg","width":300,"height":300,"caption":"Santo Alexandre Sauli"},{"@type":"BreadcrumbList","@id":"https:\/\/www.oarcanjo.net\/site\/santo-alexandre-sauli\/#breadcrumb","itemListElement":[{"@type":"ListItem","position":1,"name":"In\u00edcio","item":"https:\/\/www.oarcanjo.net\/site\/"},{"@type":"ListItem","position":2,"name":"Santo Alexandre Sauli"}]},{"@type":"WebSite","@id":"https:\/\/www.oarcanjo.net\/site\/#website","url":"https:\/\/www.oarcanjo.net\/site\/","name":"O Arcanjo no ar","description":"Site da Par\u00f3quia S\u00e3o Miguel Arcanjo (Arquidiocese de SP)","publisher":{"@id":"https:\/\/www.oarcanjo.net\/site\/#organization"},"potentialAction":[{"@type":"SearchAction","target":{"@type":"EntryPoint","urlTemplate":"https:\/\/www.oarcanjo.net\/site\/?s={search_term_string}"},"query-input":{"@type":"PropertyValueSpecification","valueRequired":true,"valueName":"search_term_string"}}],"inLanguage":"pt-BR"},{"@type":"Organization","@id":"https:\/\/www.oarcanjo.net\/site\/#organization","name":"Par\u00f3quia S\u00e3o Miguel Arcanjo","url":"https:\/\/www.oarcanjo.net\/site\/","logo":{"@type":"ImageObject","inLanguage":"pt-BR","@id":"https:\/\/www.oarcanjo.net\/site\/#\/schema\/logo\/image\/","url":"https:\/\/www.oarcanjo.net\/site\/wp-content\/uploads\/LogoOArcanjo.png","contentUrl":"https:\/\/www.oarcanjo.net\/site\/wp-content\/uploads\/LogoOArcanjo.png","width":319,"height":99,"caption":"Par\u00f3quia S\u00e3o Miguel Arcanjo"},"image":{"@id":"https:\/\/www.oarcanjo.net\/site\/#\/schema\/logo\/image\/"},"sameAs":["https:\/\/www.facebook.com\/OArcanjoNoAr\/"]},{"@type":"Person","@id":"https:\/\/www.oarcanjo.net\/site\/#\/schema\/person\/5eb9480bedd2f3c97e430ce128c29c6c","name":"danilo"}]}},"publishpress_future_action":{"enabled":false,"date":"2026-05-08 22:29:29","action":"category","newStatus":"draft","terms":[],"taxonomy":"category"},"publishpress_future_workflow_manual_trigger":{"enabledWorkflows":[]},"_links":{"self":[{"href":"https:\/\/www.oarcanjo.net\/site\/wp-json\/wp\/v2\/posts\/11257"}],"collection":[{"href":"https:\/\/www.oarcanjo.net\/site\/wp-json\/wp\/v2\/posts"}],"about":[{"href":"https:\/\/www.oarcanjo.net\/site\/wp-json\/wp\/v2\/types\/post"}],"author":[{"embeddable":true,"href":"https:\/\/www.oarcanjo.net\/site\/wp-json\/wp\/v2\/users\/14"}],"replies":[{"embeddable":true,"href":"https:\/\/www.oarcanjo.net\/site\/wp-json\/wp\/v2\/comments?post=11257"}],"version-history":[{"count":0,"href":"https:\/\/www.oarcanjo.net\/site\/wp-json\/wp\/v2\/posts\/11257\/revisions"}],"wp:attachment":[{"href":"https:\/\/www.oarcanjo.net\/site\/wp-json\/wp\/v2\/media?parent=11257"}],"wp:term":[{"taxonomy":"category","embeddable":true,"href":"https:\/\/www.oarcanjo.net\/site\/wp-json\/wp\/v2\/categories?post=11257"},{"taxonomy":"post_tag","embeddable":true,"href":"https:\/\/www.oarcanjo.net\/site\/wp-json\/wp\/v2\/tags?post=11257"}],"curies":[{"name":"wp","href":"https:\/\/api.w.org\/{rel}","templated":true}]}}