
{"id":11259,"date":"2017-10-11T00:35:01","date_gmt":"2017-10-11T03:35:01","guid":{"rendered":"http:\/\/www.oarcanjo.net\/site\/?p=11259"},"modified":"2017-07-31T16:11:06","modified_gmt":"2017-07-31T19:11:06","slug":"sao-joao-xxiii","status":"publish","type":"post","link":"https:\/\/www.oarcanjo.net\/site\/sao-joao-xxiii\/","title":{"rendered":"S\u00e3o Jo\u00e3o XXIII"},"content":{"rendered":"<p><img decoding=\"async\" src=\"http:\/\/1.bp.blogspot.com\/_EJXruiPZIZQ\/TGVlaBBVj2I\/AAAAAAAAAPA\/s8BNJIbKXsQ\/s1600\/joao+23.jpg\" alt=\"\" \/> 11 de Outubro Nasceu no dia 25 de Novembro de 1881 em Sotto il Monte, diocese e prov\u00edncia de B\u00e9rgamo (It\u00e1lia), e nesse mesmo dia foi baptizado com o nome de Angelo Giuseppe; foi o quarto de treze irm\u00e3os, nascidos numa fam\u00edlia de camponeses e de tipo patriarcal. Ao seu tio Xavier, ele mesmo atribuir\u00e1 a sua primeira e fundamental forma\u00e7\u00e3o religiosa. O clima religioso da fam\u00edlia e a fervorosa vida paroquial foram a primeira escola de vida crist\u00e3, que marcou a sua fisionomia espiritual. Ingressou no Semin\u00e1rio de B\u00e9rgamo, onde estudou at\u00e9 ao segundo ano de teologia. Ali come\u00e7ou a redigir os seus escritos espirituais, que depois foram recolhidos no &#8220;Di\u00e1rio da alma&#8221;. No dia 1 de Mar\u00e7o de 1896, o seu director espiritual admitiu-o na ordem franciscana secular, cuja regra professou a 23 de Maio de 1897. De 1901 a 1905 foi aluno do Pontif\u00edcio Semin\u00e1rio Romano, gra\u00e7as a uma bolsa de estudos da diocese de B\u00e9rgamo. Neste tempo prestou, al\u00e9m disso, um ano de servi\u00e7o militar. Recebeu a Ordena\u00e7\u00e3o sacerdotal a 10 de Agosto de 1904, em Roma, e no ano seguinte foi nomeado secret\u00e1rio do novo Bispo de B\u00e9rgamo, D. Giacomo Maria R. Tedeschi, acompanhando-o nas v\u00e1rias visitas pastorais e colaborando em m\u00faltiplas iniciativas apost\u00f3licas:\u00a0 s\u00ednodo, redac\u00e7\u00e3o do boletim diocesano, peregrina\u00e7\u00f5es, obras sociais. \u00c0s vezes era tamb\u00e9m professor de hist\u00f3ria eclesi\u00e1stica, patrologia e apolog\u00e9tica. Foi tamb\u00e9m Assistente da Ac\u00e7\u00e3o Cat\u00f3lica Feminina, colaborador no di\u00e1rio cat\u00f3lico de B\u00e9rgamo e pregador muito solicitado, pela sua eloqu\u00eancia elegante, profunda e eficaz. Naqueles anos aprofundou-se no estudo de tr\u00eas grandes pastores:\u00a0 S\u00e3o Carlos Borromeu (de quem publicou as Actas das visitas realizadas na diocese de B\u00e9rgamo em 1575), S\u00e3o Francisco de Sales e o ent\u00e3o Beato Greg\u00f3rio Barbarigo. Ap\u00f3s a morte de D. Giacomo Tedeschi, em 1914, o Pade Roncalli prosseguiu o seu minist\u00e9rio sacerdotal dedicado ao magist\u00e9rio no Semin\u00e1rio e ao apostolado, sobretudo entre os membros das associa\u00e7\u00f5es cat\u00f3licas. Em 1915, quando a It\u00e1lia entrou em guerra, foi chamado como sargento sanit\u00e1rio e nomeado capel\u00e3o militar dos soldados feridos que regressavam da linha de combate. No fim da guerra abriu a &#8220;Casa do estudante&#8221; e trabalhou na pastoral dos jovens estudantes. Em 1919 foi nomeado director espiritual do Semin\u00e1rio. Em 1921 teve in\u00edcio a segunda parte da sua vida, dedicada ao servi\u00e7o da Santa Igreja. Tendo sido chamado a Roma por Bento XV como presidente nacional do Conselho das Obras Pontif\u00edcias para a Propaga\u00e7\u00e3o da F\u00e9, percorreu muitas dioceses da It\u00e1lia organizando c\u00edrculos mission\u00e1rios. Em 1925, Pio XI nomeou-o Visitador Apost\u00f3lico para a Bulg\u00e1ria e elevou-o \u00e0 dignidade episcopal da Sede titular de Areopolis. Tendo recebido a Ordena\u00e7\u00e3o episcopal a 19 de Mar\u00e7o de 1925, em Roma, iniciou o seu minist\u00e9rio na Bulg\u00e1ria, onde permaneceu at\u00e9 1935. Visitou as comunidades cat\u00f3licas e cultivou rela\u00e7\u00f5es respeitosas com as demais comunidades crist\u00e3s. Actuou com grande solicitude e caridade, aliviando os sofrimentos causados pelo terremoto de 1928. Suportou em sil\u00eancio as incompreens\u00f5es e dificuldades de um minist\u00e9rio marcado pela t\u00e1ctica pastoral de pequenos passos. Consolidou a sua confian\u00e7a em Jesus crucificado e a sua entrega a Ele. Em 1935 foi nomeado Delegado Apost\u00f3lico na Turquia e Gr\u00e9cia:\u00a0 era um vasto campo de trabalho. A Igreja tinha uma presen\u00e7a activa em muitos \u00e2mbitos da jovem rep\u00fablica, que se estava a renovar e a organizar. Mons. Roncalli trabalhou com intensidade ao servi\u00e7o dos cat\u00f3licos e destacou-se pela sua maneira de dialogar e pelo trato respeitoso com os ortodoxos e os mu\u00e7ulmanos. Quando irrompeu a segunda guerra mundial ele encontrava-se na Gr\u00e9cia, que ficou devastada pelos combates. Procurou dar not\u00edcias sobre os prisioneiros de guerra e salvou muitos judeus com a &#8220;permiss\u00e3o de tr\u00e2nsito&#8221; fornecida pela Delega\u00e7\u00e3o Apost\u00f3lica. Em 1944 Pio XII nomeou-o N\u00fancio Apost\u00f3lico em Paris. Durante os \u00faltimos meses do conflito mundial, e uma vez restabelecida a paz, ajudou os prisioneiros de guerra e trabalhou pela normaliza\u00e7\u00e3o da vida eclesial na Fran\u00e7a. Visitou os grandes santu\u00e1rios franceses e participou nas festas populares e nas manifesta\u00e7\u00f5es religiosas mais significativas. Foi um observador atento, prudente e repleto de confian\u00e7a nas novas iniciativas pastorais do episcopado e do clero na Fran\u00e7a. Distinguiu-se sempre pela busca da simplicidade evang\u00e9lica, inclusive nos assuntos diplom\u00e1ticos mais complexos. Procurou agir sempre como sacerdote em todas as situa\u00e7\u00f5es, animado por uma piedade sincera, que se transformava todos os dias em prolongado tempo a orar e a meditar. Em 1953 foi criado Cardeal e enviado a Veneza como Patriarca, realizando ali um pastoreio s\u00e1bio e empreendedor e dedicando-se totalmente ao cuidado das almas, seguindo o exemplo dos seus santos predecessores:\u00a0 S\u00e3o Louren\u00e7o Giustiniani, primeiro Patriarca de Veneza, e S\u00e3o Pio X. Depois da morte de Pio XII, foi eleito Sumo Pont\u00edfice a 28 de Outubro de 1958 e assumiu o nome de Jo\u00e3o XXIII. O seu pontificado, que durou menos de cinco anos, apresentou-o ao mundo como uma aut\u00eantica imagem de bom Pastor. Manso e atento, empreendedor e corajoso, simples e cordial, praticou crist\u00e3mente as obras de miseric\u00f3rdia corporais e espirituais, visitando os encarcerados e os doentes, recebendo homens de todas as na\u00e7\u00f5es e cren\u00e7as e cultivando um extraordin\u00e1rio sentimento de paternidade para com todos. O seu magist\u00e9rio foi muito apreciado, sobretudo com as Enc\u00edclicas &#8220;<em>Pacem in terris<\/em>&#8221; e &#8220;<em>Mater et magistra<\/em>&#8220;. Convocou o S\u00ednodo romano, instituiu uma Comiss\u00e3o para a revis\u00e3o do C\u00f3digo de Direito Can\u00f3nico e convocou o Conc\u00edlio Ecum\u00e9nico Vaticano II. Visitou muitas par\u00f3quias da Diocese de Roma, sobretudo as dos bairros mais novos. O povo viu nele um reflexo da bondade de Deus e chamou-o &#8220;o Papa da bondade&#8221;. Sustentava-o um profundo esp\u00edrito de ora\u00e7\u00e3o, e a sua pessoa, iniciadora duma grande renova\u00e7\u00e3o na Igreja, irradiava a paz pr\u00f3pria de quem confia sempre no Senhor. Faleceu na tarde do dia 3 de Junho de 1963. Foi declarado beato pelo Papa Jo\u00e3o Paulo II, em 3 de setembro de 2000. \u00c9 considerado o patrono dos delegados pontif\u00edcios. Respons\u00e1vel por convocar o Conc\u00edlio <a class=\"premium-tip\" href=\"http:\/\/g1.globo.com\/topico\/vaticano\/\">Vaticano<\/a> II, que modernizou a Igreja Cat\u00f3lica,\u00a0\u00e9 conhecido como o \u201cPapa bom\u201d! Foi canonizado no dia 27 de abril de\u00a02014 pelo Papa Francisco<\/p>\n<p><img loading=\"lazy\" decoding=\"async\" class=\"attachment-960x1024\" src=\"http:\/\/pebesen.files.wordpress.com\/2014\/04\/papa-joao-xxiii-6.jpg?w=600\" alt=\"O n\u00fancio Roncalli com bispos em Istambul\" width=\"600\" height=\"551\" \/><\/p>\n<p>&nbsp;<\/p>\n<p><img loading=\"lazy\" decoding=\"async\" title=\"Foto de 15 de abril de 1963 mostra o Papa Jo\u00e3o XXIII em sua mesa de trabalho no Vaticano (Foto: Luigi Felici\/AP)\" src=\"http:\/\/s2.glbimg.com\/6f_DZS6HpF--reH4mc3iMvJV_Iw=\/620x465\/s.glbimg.com\/jo\/g1\/f\/original\/2014\/04\/23\/vatican_the_other_pop_fran.jpg\" alt=\"Foto de 15 de abril de 1963 mostra o Papa Jo\u00e3o XXIII em sua mesa de trabalho no Vaticano (Foto: Luigi Felici\/AP)\" width=\"620\" height=\"465\" \/><\/p>\n<p><strong>Foto de 15 de abril de 1963 mostra o Papa Jo\u00e3o XXIII em sua mesa de trabalho no Vaticano (Foto: Luigi Felici\/AP)<\/strong><\/p>\n<div id=\"themify_builder_content-11259\" data-postid=\"11259\" class=\"themify_builder_content themify_builder_content-11259 themify_builder themify_builder_front\">\n\t<\/div>\n<!-- \/themify_builder_content -->","protected":false},"excerpt":{"rendered":"<p>11 de Outubro Nasceu no dia 25 de Novembro de 1881 em Sotto il Monte, diocese e prov\u00edncia de B\u00e9rgamo (It\u00e1lia), e nesse mesmo dia foi baptizado com o nome de Angelo Giuseppe; foi o quarto de treze irm\u00e3os, nascidos numa fam\u00edlia de camponeses e de tipo patriarcal. Ao seu tio Xavier, ele mesmo atribuir\u00e1 [&hellip;]<\/p>\n","protected":false},"author":14,"featured_media":0,"comment_status":"open","ping_status":"open","sticky":false,"template":"","format":"standard","meta":{"ngg_post_thumbnail":0,"footnotes":""},"categories":[186],"tags":[],"yoast_head":"<!-- This site is optimized with the Yoast SEO plugin v23.5 - https:\/\/yoast.com\/wordpress\/plugins\/seo\/ -->\n<title>S\u00e3o Jo\u00e3o XXIII - O Arcanjo no ar<\/title>\n<meta name=\"robots\" content=\"index, follow, max-snippet:-1, max-image-preview:large, max-video-preview:-1\" \/>\n<link rel=\"canonical\" href=\"https:\/\/www.oarcanjo.net\/site\/sao-joao-xxiii\/\" \/>\n<meta property=\"og:locale\" content=\"pt_BR\" \/>\n<meta property=\"og:type\" content=\"article\" \/>\n<meta property=\"og:title\" content=\"S\u00e3o Jo\u00e3o XXIII - O Arcanjo no ar\" \/>\n<meta property=\"og:description\" content=\"11 de Outubro Nasceu no dia 25 de Novembro de 1881 em Sotto il Monte, diocese e prov\u00edncia de B\u00e9rgamo (It\u00e1lia), e nesse mesmo dia foi baptizado com o nome de Angelo Giuseppe; foi o quarto de treze irm\u00e3os, nascidos numa fam\u00edlia de camponeses e de tipo patriarcal. Ao seu tio Xavier, ele mesmo atribuir\u00e1 [&hellip;]\" \/>\n<meta property=\"og:url\" content=\"https:\/\/www.oarcanjo.net\/site\/sao-joao-xxiii\/\" \/>\n<meta property=\"og:site_name\" content=\"O Arcanjo no ar\" \/>\n<meta property=\"article:publisher\" content=\"https:\/\/www.facebook.com\/OArcanjoNoAr\/\" \/>\n<meta property=\"article:published_time\" content=\"2017-10-11T03:35:01+00:00\" \/>\n<meta property=\"article:modified_time\" content=\"2017-07-31T19:11:06+00:00\" \/>\n<meta property=\"og:image\" content=\"http:\/\/1.bp.blogspot.com\/_EJXruiPZIZQ\/TGVlaBBVj2I\/AAAAAAAAAPA\/s8BNJIbKXsQ\/s1600\/joao+23.jpg\" \/>\n<meta name=\"author\" content=\"danilo\" \/>\n<meta name=\"twitter:card\" content=\"summary_large_image\" \/>\n<meta name=\"twitter:label1\" content=\"Escrito por\" \/>\n\t<meta name=\"twitter:data1\" content=\"danilo\" \/>\n\t<meta name=\"twitter:label2\" content=\"Est. tempo de leitura\" \/>\n\t<meta name=\"twitter:data2\" content=\"6 minutos\" \/>\n<script type=\"application\/ld+json\" class=\"yoast-schema-graph\">{\"@context\":\"https:\/\/schema.org\",\"@graph\":[{\"@type\":\"Article\",\"@id\":\"https:\/\/www.oarcanjo.net\/site\/sao-joao-xxiii\/#article\",\"isPartOf\":{\"@id\":\"https:\/\/www.oarcanjo.net\/site\/sao-joao-xxiii\/\"},\"author\":{\"name\":\"danilo\",\"@id\":\"https:\/\/www.oarcanjo.net\/site\/#\/schema\/person\/5eb9480bedd2f3c97e430ce128c29c6c\"},\"headline\":\"S\u00e3o Jo\u00e3o XXIII\",\"datePublished\":\"2017-10-11T03:35:01+00:00\",\"dateModified\":\"2017-07-31T19:11:06+00:00\",\"mainEntityOfPage\":{\"@id\":\"https:\/\/www.oarcanjo.net\/site\/sao-joao-xxiii\/\"},\"wordCount\":1131,\"commentCount\":0,\"publisher\":{\"@id\":\"https:\/\/www.oarcanjo.net\/site\/#organization\"},\"image\":{\"@id\":\"https:\/\/www.oarcanjo.net\/site\/sao-joao-xxiii\/#primaryimage\"},\"thumbnailUrl\":\"http:\/\/1.bp.blogspot.com\/_EJXruiPZIZQ\/TGVlaBBVj2I\/AAAAAAAAAPA\/s8BNJIbKXsQ\/s1600\/joao+23.jpg\",\"articleSection\":[\"Testemunhos\"],\"inLanguage\":\"pt-BR\",\"potentialAction\":[{\"@type\":\"CommentAction\",\"name\":\"Comment\",\"target\":[\"https:\/\/www.oarcanjo.net\/site\/sao-joao-xxiii\/#respond\"]}]},{\"@type\":\"WebPage\",\"@id\":\"https:\/\/www.oarcanjo.net\/site\/sao-joao-xxiii\/\",\"url\":\"https:\/\/www.oarcanjo.net\/site\/sao-joao-xxiii\/\",\"name\":\"S\u00e3o Jo\u00e3o XXIII - O Arcanjo no ar\",\"isPartOf\":{\"@id\":\"https:\/\/www.oarcanjo.net\/site\/#website\"},\"primaryImageOfPage\":{\"@id\":\"https:\/\/www.oarcanjo.net\/site\/sao-joao-xxiii\/#primaryimage\"},\"image\":{\"@id\":\"https:\/\/www.oarcanjo.net\/site\/sao-joao-xxiii\/#primaryimage\"},\"thumbnailUrl\":\"http:\/\/1.bp.blogspot.com\/_EJXruiPZIZQ\/TGVlaBBVj2I\/AAAAAAAAAPA\/s8BNJIbKXsQ\/s1600\/joao+23.jpg\",\"datePublished\":\"2017-10-11T03:35:01+00:00\",\"dateModified\":\"2017-07-31T19:11:06+00:00\",\"breadcrumb\":{\"@id\":\"https:\/\/www.oarcanjo.net\/site\/sao-joao-xxiii\/#breadcrumb\"},\"inLanguage\":\"pt-BR\",\"potentialAction\":[{\"@type\":\"ReadAction\",\"target\":[\"https:\/\/www.oarcanjo.net\/site\/sao-joao-xxiii\/\"]}]},{\"@type\":\"ImageObject\",\"inLanguage\":\"pt-BR\",\"@id\":\"https:\/\/www.oarcanjo.net\/site\/sao-joao-xxiii\/#primaryimage\",\"url\":\"http:\/\/1.bp.blogspot.com\/_EJXruiPZIZQ\/TGVlaBBVj2I\/AAAAAAAAAPA\/s8BNJIbKXsQ\/s1600\/joao+23.jpg\",\"contentUrl\":\"http:\/\/1.bp.blogspot.com\/_EJXruiPZIZQ\/TGVlaBBVj2I\/AAAAAAAAAPA\/s8BNJIbKXsQ\/s1600\/joao+23.jpg\"},{\"@type\":\"BreadcrumbList\",\"@id\":\"https:\/\/www.oarcanjo.net\/site\/sao-joao-xxiii\/#breadcrumb\",\"itemListElement\":[{\"@type\":\"ListItem\",\"position\":1,\"name\":\"In\u00edcio\",\"item\":\"https:\/\/www.oarcanjo.net\/site\/\"},{\"@type\":\"ListItem\",\"position\":2,\"name\":\"S\u00e3o Jo\u00e3o XXIII\"}]},{\"@type\":\"WebSite\",\"@id\":\"https:\/\/www.oarcanjo.net\/site\/#website\",\"url\":\"https:\/\/www.oarcanjo.net\/site\/\",\"name\":\"O Arcanjo no ar\",\"description\":\"Site da Par\u00f3quia S\u00e3o Miguel Arcanjo (Arquidiocese de SP)\",\"publisher\":{\"@id\":\"https:\/\/www.oarcanjo.net\/site\/#organization\"},\"potentialAction\":[{\"@type\":\"SearchAction\",\"target\":{\"@type\":\"EntryPoint\",\"urlTemplate\":\"https:\/\/www.oarcanjo.net\/site\/?s={search_term_string}\"},\"query-input\":{\"@type\":\"PropertyValueSpecification\",\"valueRequired\":true,\"valueName\":\"search_term_string\"}}],\"inLanguage\":\"pt-BR\"},{\"@type\":\"Organization\",\"@id\":\"https:\/\/www.oarcanjo.net\/site\/#organization\",\"name\":\"Par\u00f3quia S\u00e3o Miguel Arcanjo\",\"url\":\"https:\/\/www.oarcanjo.net\/site\/\",\"logo\":{\"@type\":\"ImageObject\",\"inLanguage\":\"pt-BR\",\"@id\":\"https:\/\/www.oarcanjo.net\/site\/#\/schema\/logo\/image\/\",\"url\":\"https:\/\/www.oarcanjo.net\/site\/wp-content\/uploads\/LogoOArcanjo.png\",\"contentUrl\":\"https:\/\/www.oarcanjo.net\/site\/wp-content\/uploads\/LogoOArcanjo.png\",\"width\":319,\"height\":99,\"caption\":\"Par\u00f3quia S\u00e3o Miguel Arcanjo\"},\"image\":{\"@id\":\"https:\/\/www.oarcanjo.net\/site\/#\/schema\/logo\/image\/\"},\"sameAs\":[\"https:\/\/www.facebook.com\/OArcanjoNoAr\/\"]},{\"@type\":\"Person\",\"@id\":\"https:\/\/www.oarcanjo.net\/site\/#\/schema\/person\/5eb9480bedd2f3c97e430ce128c29c6c\",\"name\":\"danilo\"}]}<\/script>\n<!-- \/ Yoast SEO plugin. -->","yoast_head_json":{"title":"S\u00e3o Jo\u00e3o XXIII - O Arcanjo no ar","robots":{"index":"index","follow":"follow","max-snippet":"max-snippet:-1","max-image-preview":"max-image-preview:large","max-video-preview":"max-video-preview:-1"},"canonical":"https:\/\/www.oarcanjo.net\/site\/sao-joao-xxiii\/","og_locale":"pt_BR","og_type":"article","og_title":"S\u00e3o Jo\u00e3o XXIII - O Arcanjo no ar","og_description":"11 de Outubro Nasceu no dia 25 de Novembro de 1881 em Sotto il Monte, diocese e prov\u00edncia de B\u00e9rgamo (It\u00e1lia), e nesse mesmo dia foi baptizado com o nome de Angelo Giuseppe; foi o quarto de treze irm\u00e3os, nascidos numa fam\u00edlia de camponeses e de tipo patriarcal. Ao seu tio Xavier, ele mesmo atribuir\u00e1 [&hellip;]","og_url":"https:\/\/www.oarcanjo.net\/site\/sao-joao-xxiii\/","og_site_name":"O Arcanjo no ar","article_publisher":"https:\/\/www.facebook.com\/OArcanjoNoAr\/","article_published_time":"2017-10-11T03:35:01+00:00","article_modified_time":"2017-07-31T19:11:06+00:00","og_image":[{"url":"http:\/\/1.bp.blogspot.com\/_EJXruiPZIZQ\/TGVlaBBVj2I\/AAAAAAAAAPA\/s8BNJIbKXsQ\/s1600\/joao+23.jpg"}],"author":"danilo","twitter_card":"summary_large_image","twitter_misc":{"Escrito por":"danilo","Est. tempo de leitura":"6 minutos"},"schema":{"@context":"https:\/\/schema.org","@graph":[{"@type":"Article","@id":"https:\/\/www.oarcanjo.net\/site\/sao-joao-xxiii\/#article","isPartOf":{"@id":"https:\/\/www.oarcanjo.net\/site\/sao-joao-xxiii\/"},"author":{"name":"danilo","@id":"https:\/\/www.oarcanjo.net\/site\/#\/schema\/person\/5eb9480bedd2f3c97e430ce128c29c6c"},"headline":"S\u00e3o Jo\u00e3o XXIII","datePublished":"2017-10-11T03:35:01+00:00","dateModified":"2017-07-31T19:11:06+00:00","mainEntityOfPage":{"@id":"https:\/\/www.oarcanjo.net\/site\/sao-joao-xxiii\/"},"wordCount":1131,"commentCount":0,"publisher":{"@id":"https:\/\/www.oarcanjo.net\/site\/#organization"},"image":{"@id":"https:\/\/www.oarcanjo.net\/site\/sao-joao-xxiii\/#primaryimage"},"thumbnailUrl":"http:\/\/1.bp.blogspot.com\/_EJXruiPZIZQ\/TGVlaBBVj2I\/AAAAAAAAAPA\/s8BNJIbKXsQ\/s1600\/joao+23.jpg","articleSection":["Testemunhos"],"inLanguage":"pt-BR","potentialAction":[{"@type":"CommentAction","name":"Comment","target":["https:\/\/www.oarcanjo.net\/site\/sao-joao-xxiii\/#respond"]}]},{"@type":"WebPage","@id":"https:\/\/www.oarcanjo.net\/site\/sao-joao-xxiii\/","url":"https:\/\/www.oarcanjo.net\/site\/sao-joao-xxiii\/","name":"S\u00e3o Jo\u00e3o XXIII - O Arcanjo no ar","isPartOf":{"@id":"https:\/\/www.oarcanjo.net\/site\/#website"},"primaryImageOfPage":{"@id":"https:\/\/www.oarcanjo.net\/site\/sao-joao-xxiii\/#primaryimage"},"image":{"@id":"https:\/\/www.oarcanjo.net\/site\/sao-joao-xxiii\/#primaryimage"},"thumbnailUrl":"http:\/\/1.bp.blogspot.com\/_EJXruiPZIZQ\/TGVlaBBVj2I\/AAAAAAAAAPA\/s8BNJIbKXsQ\/s1600\/joao+23.jpg","datePublished":"2017-10-11T03:35:01+00:00","dateModified":"2017-07-31T19:11:06+00:00","breadcrumb":{"@id":"https:\/\/www.oarcanjo.net\/site\/sao-joao-xxiii\/#breadcrumb"},"inLanguage":"pt-BR","potentialAction":[{"@type":"ReadAction","target":["https:\/\/www.oarcanjo.net\/site\/sao-joao-xxiii\/"]}]},{"@type":"ImageObject","inLanguage":"pt-BR","@id":"https:\/\/www.oarcanjo.net\/site\/sao-joao-xxiii\/#primaryimage","url":"http:\/\/1.bp.blogspot.com\/_EJXruiPZIZQ\/TGVlaBBVj2I\/AAAAAAAAAPA\/s8BNJIbKXsQ\/s1600\/joao+23.jpg","contentUrl":"http:\/\/1.bp.blogspot.com\/_EJXruiPZIZQ\/TGVlaBBVj2I\/AAAAAAAAAPA\/s8BNJIbKXsQ\/s1600\/joao+23.jpg"},{"@type":"BreadcrumbList","@id":"https:\/\/www.oarcanjo.net\/site\/sao-joao-xxiii\/#breadcrumb","itemListElement":[{"@type":"ListItem","position":1,"name":"In\u00edcio","item":"https:\/\/www.oarcanjo.net\/site\/"},{"@type":"ListItem","position":2,"name":"S\u00e3o Jo\u00e3o XXIII"}]},{"@type":"WebSite","@id":"https:\/\/www.oarcanjo.net\/site\/#website","url":"https:\/\/www.oarcanjo.net\/site\/","name":"O Arcanjo no ar","description":"Site da Par\u00f3quia S\u00e3o Miguel Arcanjo (Arquidiocese de SP)","publisher":{"@id":"https:\/\/www.oarcanjo.net\/site\/#organization"},"potentialAction":[{"@type":"SearchAction","target":{"@type":"EntryPoint","urlTemplate":"https:\/\/www.oarcanjo.net\/site\/?s={search_term_string}"},"query-input":{"@type":"PropertyValueSpecification","valueRequired":true,"valueName":"search_term_string"}}],"inLanguage":"pt-BR"},{"@type":"Organization","@id":"https:\/\/www.oarcanjo.net\/site\/#organization","name":"Par\u00f3quia S\u00e3o Miguel Arcanjo","url":"https:\/\/www.oarcanjo.net\/site\/","logo":{"@type":"ImageObject","inLanguage":"pt-BR","@id":"https:\/\/www.oarcanjo.net\/site\/#\/schema\/logo\/image\/","url":"https:\/\/www.oarcanjo.net\/site\/wp-content\/uploads\/LogoOArcanjo.png","contentUrl":"https:\/\/www.oarcanjo.net\/site\/wp-content\/uploads\/LogoOArcanjo.png","width":319,"height":99,"caption":"Par\u00f3quia S\u00e3o Miguel Arcanjo"},"image":{"@id":"https:\/\/www.oarcanjo.net\/site\/#\/schema\/logo\/image\/"},"sameAs":["https:\/\/www.facebook.com\/OArcanjoNoAr\/"]},{"@type":"Person","@id":"https:\/\/www.oarcanjo.net\/site\/#\/schema\/person\/5eb9480bedd2f3c97e430ce128c29c6c","name":"danilo"}]}},"publishpress_future_action":{"enabled":false,"date":"2026-05-08 23:38:16","action":"category","newStatus":"draft","terms":[],"taxonomy":"category"},"publishpress_future_workflow_manual_trigger":{"enabledWorkflows":[]},"_links":{"self":[{"href":"https:\/\/www.oarcanjo.net\/site\/wp-json\/wp\/v2\/posts\/11259"}],"collection":[{"href":"https:\/\/www.oarcanjo.net\/site\/wp-json\/wp\/v2\/posts"}],"about":[{"href":"https:\/\/www.oarcanjo.net\/site\/wp-json\/wp\/v2\/types\/post"}],"author":[{"embeddable":true,"href":"https:\/\/www.oarcanjo.net\/site\/wp-json\/wp\/v2\/users\/14"}],"replies":[{"embeddable":true,"href":"https:\/\/www.oarcanjo.net\/site\/wp-json\/wp\/v2\/comments?post=11259"}],"version-history":[{"count":0,"href":"https:\/\/www.oarcanjo.net\/site\/wp-json\/wp\/v2\/posts\/11259\/revisions"}],"wp:attachment":[{"href":"https:\/\/www.oarcanjo.net\/site\/wp-json\/wp\/v2\/media?parent=11259"}],"wp:term":[{"taxonomy":"category","embeddable":true,"href":"https:\/\/www.oarcanjo.net\/site\/wp-json\/wp\/v2\/categories?post=11259"},{"taxonomy":"post_tag","embeddable":true,"href":"https:\/\/www.oarcanjo.net\/site\/wp-json\/wp\/v2\/tags?post=11259"}],"curies":[{"name":"wp","href":"https:\/\/api.w.org\/{rel}","templated":true}]}}