
{"id":11264,"date":"2010-10-09T10:20:48","date_gmt":"2010-10-09T13:20:48","guid":{"rendered":"http:\/\/www.oarcanjo.net\/site\/?p=11264"},"modified":"2010-10-11T12:19:28","modified_gmt":"2010-10-11T15:19:28","slug":"deus-escuta-os-desvalidos","status":"publish","type":"post","link":"https:\/\/www.oarcanjo.net\/site\/deus-escuta-os-desvalidos\/","title":{"rendered":"Deus escuta os desvalidos!"},"content":{"rendered":"<p><object classid=\"clsid:6bf52a52-394a-11d3-b153-00c04f79faa6\" width=\"470\" height=\"330\" codebase=\"http:\/\/activex.microsoft.com\/activex\/controls\/mplayer\/en\/nsmp2inf.cab#Version=5,1,52,701\"><param name=\"autostart\" value=\"false\" \/><param name=\"url\" value=\"http:\/\/www.oarcanjo.net\/video\/Homilia20101010-final.wmv\" \/><embed type=\"application\/x-mplayer2\" width=\"470\" height=\"330\" src=\"http:\/\/www.oarcanjo.net\/video\/Homilia20101010-final.wmv\" autostart=\"false\"><\/embed><\/object><\/p>\n<p>O evangelho deste domingo nas chama \u00e0 aten\u00e7\u00e3o a situa\u00e7\u00e3o de sofrimento e exclus\u00e3o dos desvalidos, leprosos, que por motivos religiosos eram considerados impuros, castigados e exclu\u00eddos da vida comunit\u00e1ria e familiar.<\/p>\n<p>Um deles, al\u00e9m de tudo era samaritano, isto \u00e9 herege e maldito.<\/p>\n<p>Leproso e samaritano, desgra\u00e7a em cima de desgra\u00e7a, a exclus\u00e3o em seu limite m\u00e1ximo.<\/p>\n<p>O samaritano se d\u00e1 conta que \u00e9 curado por a\u00e7\u00e3o de Deus, que o cura da exclus\u00e3o, da doen\u00e7a e de toda maldi\u00e7\u00e3o.<\/p>\n<p>Todos estavam unidos na desgra\u00e7a e na gra\u00e7a s\u00f3 um voltou para agradecer.Todos estavam felizes com a nova situa\u00e7\u00e3o  mas s\u00f3 um superou o individualismo e a regra para manifestar a a\u00e7\u00e3o de gra\u00e7as ao Deus da vida manifestado por Jesus.<\/p>\n<p>Todos ficaram curados enquanto caminhavam, o evangelho de Lucas \u00e9 o evangelho do caminho, onde se faz o discernimento para seguir Jesus.<\/p>\n<p>Jesus veio para restaurar e salvar os marginalizados. O epis\u00f3dio fala de dez leprosos curados, mas um deles foi salvo: Sua f\u00e9 o salvou.<\/p>\n<p>O epis\u00f3dio dos dez leprosos \u00e9 um verdadeiro caminho da f\u00e9, um itiner\u00e1rio catequ\u00e9tico&#8230;<\/p>\n<p>A f\u00e9 nasce do clamor, na esperan\u00e7a em Jesus libertador.<\/p>\n<p>Jesus, Mestre, tem compaix\u00e3o de n\u00f3s!<\/p>\n<div id=\"themify_builder_content-11264\" data-postid=\"11264\" class=\"themify_builder_content themify_builder_content-11264 themify_builder themify_builder_front\">\n\t<\/div>\n<!-- \/themify_builder_content -->","protected":false},"excerpt":{"rendered":"<p>O evangelho deste domingo nas chama \u00e0 aten\u00e7\u00e3o a situa\u00e7\u00e3o de sofrimento e exclus\u00e3o dos desvalidos, leprosos, que por motivos religiosos eram considerados impuros, castigados e exclu\u00eddos da vida comunit\u00e1ria e familiar. Um deles, al\u00e9m de tudo era samaritano, isto \u00e9 herege e maldito. Leproso e samaritano, desgra\u00e7a em cima de desgra\u00e7a, a exclus\u00e3o em [&hellip;]<\/p>\n","protected":false},"author":4,"featured_media":0,"comment_status":"open","ping_status":"open","sticky":false,"template":"","format":"standard","meta":{"ngg_post_thumbnail":0,"footnotes":""},"categories":[4,475],"tags":[],"yoast_head":"<!-- This site is optimized with the Yoast SEO plugin v23.5 - https:\/\/yoast.com\/wordpress\/plugins\/seo\/ -->\n<title>Deus escuta os desvalidos! - O Arcanjo no ar<\/title>\n<meta name=\"robots\" content=\"index, follow, max-snippet:-1, max-image-preview:large, max-video-preview:-1\" \/>\n<link rel=\"canonical\" href=\"https:\/\/www.oarcanjo.net\/site\/deus-escuta-os-desvalidos\/\" \/>\n<meta property=\"og:locale\" content=\"pt_BR\" \/>\n<meta property=\"og:type\" content=\"article\" \/>\n<meta property=\"og:title\" content=\"Deus escuta os desvalidos! - O Arcanjo no ar\" \/>\n<meta property=\"og:description\" content=\"O evangelho deste domingo nas chama \u00e0 aten\u00e7\u00e3o a situa\u00e7\u00e3o de sofrimento e exclus\u00e3o dos desvalidos, leprosos, que por motivos religiosos eram considerados impuros, castigados e exclu\u00eddos da vida comunit\u00e1ria e familiar. Um deles, al\u00e9m de tudo era samaritano, isto \u00e9 herege e maldito. Leproso e samaritano, desgra\u00e7a em cima de desgra\u00e7a, a exclus\u00e3o em [&hellip;]\" \/>\n<meta property=\"og:url\" content=\"https:\/\/www.oarcanjo.net\/site\/deus-escuta-os-desvalidos\/\" \/>\n<meta property=\"og:site_name\" content=\"O Arcanjo no ar\" \/>\n<meta property=\"article:publisher\" content=\"https:\/\/www.facebook.com\/OArcanjoNoAr\/\" \/>\n<meta property=\"article:published_time\" content=\"2010-10-09T13:20:48+00:00\" \/>\n<meta property=\"article:modified_time\" content=\"2010-10-11T15:19:28+00:00\" \/>\n<meta property=\"og:image\" content=\"https:\/\/www.oarcanjo.net\/site\/wp-content\/uploads\/logo-o-arcanjo-no-ar-facebook.png\" \/>\n\t<meta property=\"og:image:width\" content=\"300\" \/>\n\t<meta property=\"og:image:height\" content=\"300\" \/>\n\t<meta property=\"og:image:type\" content=\"image\/png\" \/>\n<meta name=\"author\" content=\"julio\" \/>\n<meta name=\"twitter:card\" content=\"summary_large_image\" \/>\n<meta name=\"twitter:label1\" content=\"Escrito por\" \/>\n\t<meta name=\"twitter:data1\" content=\"julio\" \/>\n\t<meta name=\"twitter:label2\" content=\"Est. tempo de leitura\" \/>\n\t<meta name=\"twitter:data2\" content=\"1 minuto\" \/>\n<script type=\"application\/ld+json\" class=\"yoast-schema-graph\">{\"@context\":\"https:\/\/schema.org\",\"@graph\":[{\"@type\":\"Article\",\"@id\":\"https:\/\/www.oarcanjo.net\/site\/deus-escuta-os-desvalidos\/#article\",\"isPartOf\":{\"@id\":\"https:\/\/www.oarcanjo.net\/site\/deus-escuta-os-desvalidos\/\"},\"author\":{\"name\":\"julio\",\"@id\":\"https:\/\/www.oarcanjo.net\/site\/#\/schema\/person\/d78ea01c648c91e29c364b516767079e\"},\"headline\":\"Deus escuta os desvalidos!\",\"datePublished\":\"2010-10-09T13:20:48+00:00\",\"dateModified\":\"2010-10-11T15:19:28+00:00\",\"mainEntityOfPage\":{\"@id\":\"https:\/\/www.oarcanjo.net\/site\/deus-escuta-os-desvalidos\/\"},\"wordCount\":224,\"commentCount\":9,\"publisher\":{\"@id\":\"https:\/\/www.oarcanjo.net\/site\/#organization\"},\"articleSection\":[\"Blog\",\"Homilias\"],\"inLanguage\":\"pt-BR\",\"potentialAction\":[{\"@type\":\"CommentAction\",\"name\":\"Comment\",\"target\":[\"https:\/\/www.oarcanjo.net\/site\/deus-escuta-os-desvalidos\/#respond\"]}]},{\"@type\":\"WebPage\",\"@id\":\"https:\/\/www.oarcanjo.net\/site\/deus-escuta-os-desvalidos\/\",\"url\":\"https:\/\/www.oarcanjo.net\/site\/deus-escuta-os-desvalidos\/\",\"name\":\"Deus escuta os desvalidos! - O Arcanjo no ar\",\"isPartOf\":{\"@id\":\"https:\/\/www.oarcanjo.net\/site\/#website\"},\"datePublished\":\"2010-10-09T13:20:48+00:00\",\"dateModified\":\"2010-10-11T15:19:28+00:00\",\"breadcrumb\":{\"@id\":\"https:\/\/www.oarcanjo.net\/site\/deus-escuta-os-desvalidos\/#breadcrumb\"},\"inLanguage\":\"pt-BR\",\"potentialAction\":[{\"@type\":\"ReadAction\",\"target\":[\"https:\/\/www.oarcanjo.net\/site\/deus-escuta-os-desvalidos\/\"]}]},{\"@type\":\"BreadcrumbList\",\"@id\":\"https:\/\/www.oarcanjo.net\/site\/deus-escuta-os-desvalidos\/#breadcrumb\",\"itemListElement\":[{\"@type\":\"ListItem\",\"position\":1,\"name\":\"In\u00edcio\",\"item\":\"https:\/\/www.oarcanjo.net\/site\/\"},{\"@type\":\"ListItem\",\"position\":2,\"name\":\"Deus escuta os desvalidos!\"}]},{\"@type\":\"WebSite\",\"@id\":\"https:\/\/www.oarcanjo.net\/site\/#website\",\"url\":\"https:\/\/www.oarcanjo.net\/site\/\",\"name\":\"O Arcanjo no ar\",\"description\":\"Site da Par\u00f3quia S\u00e3o Miguel Arcanjo (Arquidiocese de SP)\",\"publisher\":{\"@id\":\"https:\/\/www.oarcanjo.net\/site\/#organization\"},\"potentialAction\":[{\"@type\":\"SearchAction\",\"target\":{\"@type\":\"EntryPoint\",\"urlTemplate\":\"https:\/\/www.oarcanjo.net\/site\/?s={search_term_string}\"},\"query-input\":{\"@type\":\"PropertyValueSpecification\",\"valueRequired\":true,\"valueName\":\"search_term_string\"}}],\"inLanguage\":\"pt-BR\"},{\"@type\":\"Organization\",\"@id\":\"https:\/\/www.oarcanjo.net\/site\/#organization\",\"name\":\"Par\u00f3quia S\u00e3o Miguel Arcanjo\",\"url\":\"https:\/\/www.oarcanjo.net\/site\/\",\"logo\":{\"@type\":\"ImageObject\",\"inLanguage\":\"pt-BR\",\"@id\":\"https:\/\/www.oarcanjo.net\/site\/#\/schema\/logo\/image\/\",\"url\":\"https:\/\/www.oarcanjo.net\/site\/wp-content\/uploads\/LogoOArcanjo.png\",\"contentUrl\":\"https:\/\/www.oarcanjo.net\/site\/wp-content\/uploads\/LogoOArcanjo.png\",\"width\":319,\"height\":99,\"caption\":\"Par\u00f3quia S\u00e3o Miguel Arcanjo\"},\"image\":{\"@id\":\"https:\/\/www.oarcanjo.net\/site\/#\/schema\/logo\/image\/\"},\"sameAs\":[\"https:\/\/www.facebook.com\/OArcanjoNoAr\/\"]},{\"@type\":\"Person\",\"@id\":\"https:\/\/www.oarcanjo.net\/site\/#\/schema\/person\/d78ea01c648c91e29c364b516767079e\",\"name\":\"julio\",\"sameAs\":[\"http:\/\/www.oarcanjo.net\"]}]}<\/script>\n<!-- \/ Yoast SEO plugin. -->","yoast_head_json":{"title":"Deus escuta os desvalidos! - O Arcanjo no ar","robots":{"index":"index","follow":"follow","max-snippet":"max-snippet:-1","max-image-preview":"max-image-preview:large","max-video-preview":"max-video-preview:-1"},"canonical":"https:\/\/www.oarcanjo.net\/site\/deus-escuta-os-desvalidos\/","og_locale":"pt_BR","og_type":"article","og_title":"Deus escuta os desvalidos! - O Arcanjo no ar","og_description":"O evangelho deste domingo nas chama \u00e0 aten\u00e7\u00e3o a situa\u00e7\u00e3o de sofrimento e exclus\u00e3o dos desvalidos, leprosos, que por motivos religiosos eram considerados impuros, castigados e exclu\u00eddos da vida comunit\u00e1ria e familiar. Um deles, al\u00e9m de tudo era samaritano, isto \u00e9 herege e maldito. Leproso e samaritano, desgra\u00e7a em cima de desgra\u00e7a, a exclus\u00e3o em [&hellip;]","og_url":"https:\/\/www.oarcanjo.net\/site\/deus-escuta-os-desvalidos\/","og_site_name":"O Arcanjo no ar","article_publisher":"https:\/\/www.facebook.com\/OArcanjoNoAr\/","article_published_time":"2010-10-09T13:20:48+00:00","article_modified_time":"2010-10-11T15:19:28+00:00","og_image":[{"width":300,"height":300,"url":"https:\/\/www.oarcanjo.net\/site\/wp-content\/uploads\/logo-o-arcanjo-no-ar-facebook.png","type":"image\/png"}],"author":"julio","twitter_card":"summary_large_image","twitter_misc":{"Escrito por":"julio","Est. tempo de leitura":"1 minuto"},"schema":{"@context":"https:\/\/schema.org","@graph":[{"@type":"Article","@id":"https:\/\/www.oarcanjo.net\/site\/deus-escuta-os-desvalidos\/#article","isPartOf":{"@id":"https:\/\/www.oarcanjo.net\/site\/deus-escuta-os-desvalidos\/"},"author":{"name":"julio","@id":"https:\/\/www.oarcanjo.net\/site\/#\/schema\/person\/d78ea01c648c91e29c364b516767079e"},"headline":"Deus escuta os desvalidos!","datePublished":"2010-10-09T13:20:48+00:00","dateModified":"2010-10-11T15:19:28+00:00","mainEntityOfPage":{"@id":"https:\/\/www.oarcanjo.net\/site\/deus-escuta-os-desvalidos\/"},"wordCount":224,"commentCount":9,"publisher":{"@id":"https:\/\/www.oarcanjo.net\/site\/#organization"},"articleSection":["Blog","Homilias"],"inLanguage":"pt-BR","potentialAction":[{"@type":"CommentAction","name":"Comment","target":["https:\/\/www.oarcanjo.net\/site\/deus-escuta-os-desvalidos\/#respond"]}]},{"@type":"WebPage","@id":"https:\/\/www.oarcanjo.net\/site\/deus-escuta-os-desvalidos\/","url":"https:\/\/www.oarcanjo.net\/site\/deus-escuta-os-desvalidos\/","name":"Deus escuta os desvalidos! - O Arcanjo no ar","isPartOf":{"@id":"https:\/\/www.oarcanjo.net\/site\/#website"},"datePublished":"2010-10-09T13:20:48+00:00","dateModified":"2010-10-11T15:19:28+00:00","breadcrumb":{"@id":"https:\/\/www.oarcanjo.net\/site\/deus-escuta-os-desvalidos\/#breadcrumb"},"inLanguage":"pt-BR","potentialAction":[{"@type":"ReadAction","target":["https:\/\/www.oarcanjo.net\/site\/deus-escuta-os-desvalidos\/"]}]},{"@type":"BreadcrumbList","@id":"https:\/\/www.oarcanjo.net\/site\/deus-escuta-os-desvalidos\/#breadcrumb","itemListElement":[{"@type":"ListItem","position":1,"name":"In\u00edcio","item":"https:\/\/www.oarcanjo.net\/site\/"},{"@type":"ListItem","position":2,"name":"Deus escuta os desvalidos!"}]},{"@type":"WebSite","@id":"https:\/\/www.oarcanjo.net\/site\/#website","url":"https:\/\/www.oarcanjo.net\/site\/","name":"O Arcanjo no ar","description":"Site da Par\u00f3quia S\u00e3o Miguel Arcanjo (Arquidiocese de SP)","publisher":{"@id":"https:\/\/www.oarcanjo.net\/site\/#organization"},"potentialAction":[{"@type":"SearchAction","target":{"@type":"EntryPoint","urlTemplate":"https:\/\/www.oarcanjo.net\/site\/?s={search_term_string}"},"query-input":{"@type":"PropertyValueSpecification","valueRequired":true,"valueName":"search_term_string"}}],"inLanguage":"pt-BR"},{"@type":"Organization","@id":"https:\/\/www.oarcanjo.net\/site\/#organization","name":"Par\u00f3quia S\u00e3o Miguel Arcanjo","url":"https:\/\/www.oarcanjo.net\/site\/","logo":{"@type":"ImageObject","inLanguage":"pt-BR","@id":"https:\/\/www.oarcanjo.net\/site\/#\/schema\/logo\/image\/","url":"https:\/\/www.oarcanjo.net\/site\/wp-content\/uploads\/LogoOArcanjo.png","contentUrl":"https:\/\/www.oarcanjo.net\/site\/wp-content\/uploads\/LogoOArcanjo.png","width":319,"height":99,"caption":"Par\u00f3quia S\u00e3o Miguel Arcanjo"},"image":{"@id":"https:\/\/www.oarcanjo.net\/site\/#\/schema\/logo\/image\/"},"sameAs":["https:\/\/www.facebook.com\/OArcanjoNoAr\/"]},{"@type":"Person","@id":"https:\/\/www.oarcanjo.net\/site\/#\/schema\/person\/d78ea01c648c91e29c364b516767079e","name":"julio","sameAs":["http:\/\/www.oarcanjo.net"]}]}},"publishpress_future_action":{"enabled":false,"date":"2026-05-07 10:56:41","action":"category","newStatus":"draft","terms":[],"taxonomy":"category"},"publishpress_future_workflow_manual_trigger":{"enabledWorkflows":[]},"_links":{"self":[{"href":"https:\/\/www.oarcanjo.net\/site\/wp-json\/wp\/v2\/posts\/11264"}],"collection":[{"href":"https:\/\/www.oarcanjo.net\/site\/wp-json\/wp\/v2\/posts"}],"about":[{"href":"https:\/\/www.oarcanjo.net\/site\/wp-json\/wp\/v2\/types\/post"}],"author":[{"embeddable":true,"href":"https:\/\/www.oarcanjo.net\/site\/wp-json\/wp\/v2\/users\/4"}],"replies":[{"embeddable":true,"href":"https:\/\/www.oarcanjo.net\/site\/wp-json\/wp\/v2\/comments?post=11264"}],"version-history":[{"count":0,"href":"https:\/\/www.oarcanjo.net\/site\/wp-json\/wp\/v2\/posts\/11264\/revisions"}],"wp:attachment":[{"href":"https:\/\/www.oarcanjo.net\/site\/wp-json\/wp\/v2\/media?parent=11264"}],"wp:term":[{"taxonomy":"category","embeddable":true,"href":"https:\/\/www.oarcanjo.net\/site\/wp-json\/wp\/v2\/categories?post=11264"},{"taxonomy":"post_tag","embeddable":true,"href":"https:\/\/www.oarcanjo.net\/site\/wp-json\/wp\/v2\/tags?post=11264"}],"curies":[{"name":"wp","href":"https:\/\/api.w.org\/{rel}","templated":true}]}}