
{"id":11267,"date":"2010-10-08T19:07:20","date_gmt":"2010-10-08T22:07:20","guid":{"rendered":"http:\/\/www.oarcanjo.net\/site\/?p=11267"},"modified":"2010-10-09T15:12:03","modified_gmt":"2010-10-09T18:12:03","slug":"nota-oficial-da-cnbb-sobre-o-momento-eleitoral","status":"publish","type":"post","link":"https:\/\/www.oarcanjo.net\/site\/nota-oficial-da-cnbb-sobre-o-momento-eleitoral\/","title":{"rendered":"Nota oficial da CNBB sobre o momento eleitoral"},"content":{"rendered":"<p>A Confer\u00eancia Nacional dos Bispos do Brasil, por meio de sua Presid\u00eancia, congratula-se com o Povo Brasileiro pelo exerc\u00edcio da cidadania na realiza\u00e7\u00e3o do primeiro turno das elei\u00e7\u00f5es gerais, quando foram eleitos os representantes para o Poder Legislativo e definidos os Governadores de diversas unidades da Federa\u00e7\u00e3o, bem como o nome daqueles que ser\u00e3o submetidos a novo escrut\u00ednio em 2\u00ba turno, para a Presid\u00eancia da Rep\u00fablica e alguns governos estaduais e distrital.<\/p>\n<p>A CNBB congratula-se tamb\u00e9m pelos frutos ben\u00e9ficos decorrentes da aprova\u00e7\u00e3o da Lei da Ficha Limpa, que est\u00e1 oferecendo um novo paradigma para o processo eleitoral, mesmo se ainda tantos obst\u00e1culos a essa Lei tenham de ser superados.<\/p>\n<p>Entretanto, lamentamos profundamente que o nome da CNBB &#8211; e da pr\u00f3pria Igreja Cat\u00f3lica \u2013 tenha sido usado indevidamente ao longo da campanha, sendo objeto de manipula\u00e7\u00e3o. Certamente, \u00e9 direito \u2013 e, mesmo, dever \u2013 de cada Bispo, em sua Diocese, orientar seus pr\u00f3prios diocesanos, sobretudo em assuntos que dizem respeito \u00e0 f\u00e9 e \u00e0 moral crist\u00e3. A CNBB \u00e9 um organismo a servi\u00e7o da comunh\u00e3o e do di\u00e1logo entre os Bispos, de planejamento org\u00e2nico da pastoral da Igreja no Brasil, e busca colaborar na edifica\u00e7\u00e3o de uma sociedade justa, fraterna e solid\u00e1ria.<\/p>\n<p>Neste sentido, queremos reafirmar os termos da Nota de 16.09.2010, na qual esclarecemos que \u201cfalam em nome da CNBB somente a Assembl\u00e9ia Geral, o Conselho Permanente e a Presid\u00eancia\u201d. Recordamos novamente que, da parte da CNBB, permanece como orienta\u00e7\u00e3o, neste momento de express\u00e3o do exerc\u00edcio da cidadania em nosso Pa\u00eds, a Declara\u00e7\u00e3o sobre o Momento Pol\u00edtico Nacional, aprovada este ano em sua 48\u00aa Assembl\u00e9ia Geral.<\/p>\n<p>Reafirmamos, ainda, que a CNBB n\u00e3o indica nenhum candidato, e recordamos que a escolha \u00e9 um ato livre e consciente de cada cidad\u00e3o. Diante de t\u00e3o grande responsabilidade, exortamos os fi\u00e9is cat\u00f3licos a terem presentes crit\u00e9rios \u00e9ticos, entre os quais se incluem especialmente o respeito incondicional \u00e0 vida, \u00e0 fam\u00edlia, \u00e0 liberdade religiosa e \u00e0 dignidade humana.<\/p>\n<p>Confiando na intercess\u00e3o de Nossa Senhora Aparecida, invocamos as b\u00ean\u00e7\u00e3os de Deus para todo o Povo Brasileiro.<\/p>\n<p>Bras\u00edlia, 08 de outubro de 2010<\/p>\n<p>Dom Geraldo Lyrio Rocha<br \/>\nArcebispo de Mariana<br \/>\nPresidente da CNBB<\/p>\n<p>Dom Luiz Soares Vieira<br \/>\nArcebispo de Manaus<br \/>\nVice-Presidente da CNBB<\/p>\n<p>Dom Dimas Lara Barbosa<br \/>\nBispo Auxiliar do Rio de Janeiro<br \/>\nSecret\u00e1rio Geral da CNBB<\/p>\n<div id=\"themify_builder_content-11267\" data-postid=\"11267\" class=\"themify_builder_content themify_builder_content-11267 themify_builder themify_builder_front\">\n\t<\/div>\n<!-- \/themify_builder_content -->","protected":false},"excerpt":{"rendered":"<p>A Confer\u00eancia Nacional dos Bispos do Brasil, por meio de sua Presid\u00eancia, congratula-se com o Povo Brasileiro pelo exerc\u00edcio da cidadania na realiza\u00e7\u00e3o do primeiro turno das elei\u00e7\u00f5es gerais, quando foram eleitos os representantes para o Poder Legislativo e definidos os Governadores de diversas unidades da Federa\u00e7\u00e3o, bem como o nome daqueles que ser\u00e3o submetidos [&hellip;]<\/p>\n","protected":false},"author":5,"featured_media":0,"comment_status":"open","ping_status":"open","sticky":false,"template":"","format":"standard","meta":{"ngg_post_thumbnail":0,"footnotes":""},"categories":[8],"tags":[63,41,103,843],"yoast_head":"<!-- This site is optimized with the Yoast SEO plugin v23.5 - https:\/\/yoast.com\/wordpress\/plugins\/seo\/ -->\n<title>Nota oficial da CNBB sobre o momento eleitoral - O Arcanjo no ar<\/title>\n<meta name=\"robots\" content=\"index, follow, max-snippet:-1, max-image-preview:large, max-video-preview:-1\" \/>\n<link rel=\"canonical\" href=\"https:\/\/www.oarcanjo.net\/site\/nota-oficial-da-cnbb-sobre-o-momento-eleitoral\/\" \/>\n<meta property=\"og:locale\" content=\"pt_BR\" \/>\n<meta property=\"og:type\" content=\"article\" \/>\n<meta property=\"og:title\" content=\"Nota oficial da CNBB sobre o momento eleitoral - O Arcanjo no ar\" \/>\n<meta property=\"og:description\" content=\"A Confer\u00eancia Nacional dos Bispos do Brasil, por meio de sua Presid\u00eancia, congratula-se com o Povo Brasileiro pelo exerc\u00edcio da cidadania na realiza\u00e7\u00e3o do primeiro turno das elei\u00e7\u00f5es gerais, quando foram eleitos os representantes para o Poder Legislativo e definidos os Governadores de diversas unidades da Federa\u00e7\u00e3o, bem como o nome daqueles que ser\u00e3o submetidos [&hellip;]\" \/>\n<meta property=\"og:url\" content=\"https:\/\/www.oarcanjo.net\/site\/nota-oficial-da-cnbb-sobre-o-momento-eleitoral\/\" \/>\n<meta property=\"og:site_name\" content=\"O Arcanjo no ar\" \/>\n<meta property=\"article:publisher\" content=\"https:\/\/www.facebook.com\/OArcanjoNoAr\/\" \/>\n<meta property=\"article:published_time\" content=\"2010-10-08T22:07:20+00:00\" \/>\n<meta property=\"article:modified_time\" content=\"2010-10-09T18:12:03+00:00\" \/>\n<meta property=\"og:image\" content=\"https:\/\/www.oarcanjo.net\/site\/wp-content\/uploads\/logo-o-arcanjo-no-ar-facebook.png\" \/>\n\t<meta property=\"og:image:width\" content=\"300\" \/>\n\t<meta property=\"og:image:height\" content=\"300\" \/>\n\t<meta property=\"og:image:type\" content=\"image\/png\" \/>\n<meta name=\"author\" content=\"editor\" \/>\n<meta name=\"twitter:card\" content=\"summary_large_image\" \/>\n<meta name=\"twitter:label1\" content=\"Escrito por\" \/>\n\t<meta name=\"twitter:data1\" content=\"editor\" \/>\n\t<meta name=\"twitter:label2\" content=\"Est. tempo de leitura\" \/>\n\t<meta name=\"twitter:data2\" content=\"2 minutos\" \/>\n<script type=\"application\/ld+json\" class=\"yoast-schema-graph\">{\"@context\":\"https:\/\/schema.org\",\"@graph\":[{\"@type\":\"Article\",\"@id\":\"https:\/\/www.oarcanjo.net\/site\/nota-oficial-da-cnbb-sobre-o-momento-eleitoral\/#article\",\"isPartOf\":{\"@id\":\"https:\/\/www.oarcanjo.net\/site\/nota-oficial-da-cnbb-sobre-o-momento-eleitoral\/\"},\"author\":{\"name\":\"editor\",\"@id\":\"https:\/\/www.oarcanjo.net\/site\/#\/schema\/person\/f7024d007863202483a31326673a0838\"},\"headline\":\"Nota oficial da CNBB sobre o momento eleitoral\",\"datePublished\":\"2010-10-08T22:07:20+00:00\",\"dateModified\":\"2010-10-09T18:12:03+00:00\",\"mainEntityOfPage\":{\"@id\":\"https:\/\/www.oarcanjo.net\/site\/nota-oficial-da-cnbb-sobre-o-momento-eleitoral\/\"},\"wordCount\":417,\"commentCount\":0,\"publisher\":{\"@id\":\"https:\/\/www.oarcanjo.net\/site\/#organization\"},\"keywords\":[\"CNBB\",\"elei\u00e7\u00f5es\",\"f\u00e9 e pol\u00edtica\",\"Ficha Limpa\"],\"articleSection\":[\"Not\u00edcias\"],\"inLanguage\":\"pt-BR\",\"potentialAction\":[{\"@type\":\"CommentAction\",\"name\":\"Comment\",\"target\":[\"https:\/\/www.oarcanjo.net\/site\/nota-oficial-da-cnbb-sobre-o-momento-eleitoral\/#respond\"]}]},{\"@type\":\"WebPage\",\"@id\":\"https:\/\/www.oarcanjo.net\/site\/nota-oficial-da-cnbb-sobre-o-momento-eleitoral\/\",\"url\":\"https:\/\/www.oarcanjo.net\/site\/nota-oficial-da-cnbb-sobre-o-momento-eleitoral\/\",\"name\":\"Nota oficial da CNBB sobre o momento eleitoral - O Arcanjo no ar\",\"isPartOf\":{\"@id\":\"https:\/\/www.oarcanjo.net\/site\/#website\"},\"datePublished\":\"2010-10-08T22:07:20+00:00\",\"dateModified\":\"2010-10-09T18:12:03+00:00\",\"breadcrumb\":{\"@id\":\"https:\/\/www.oarcanjo.net\/site\/nota-oficial-da-cnbb-sobre-o-momento-eleitoral\/#breadcrumb\"},\"inLanguage\":\"pt-BR\",\"potentialAction\":[{\"@type\":\"ReadAction\",\"target\":[\"https:\/\/www.oarcanjo.net\/site\/nota-oficial-da-cnbb-sobre-o-momento-eleitoral\/\"]}]},{\"@type\":\"BreadcrumbList\",\"@id\":\"https:\/\/www.oarcanjo.net\/site\/nota-oficial-da-cnbb-sobre-o-momento-eleitoral\/#breadcrumb\",\"itemListElement\":[{\"@type\":\"ListItem\",\"position\":1,\"name\":\"In\u00edcio\",\"item\":\"https:\/\/www.oarcanjo.net\/site\/\"},{\"@type\":\"ListItem\",\"position\":2,\"name\":\"Nota oficial da CNBB sobre o momento eleitoral\"}]},{\"@type\":\"WebSite\",\"@id\":\"https:\/\/www.oarcanjo.net\/site\/#website\",\"url\":\"https:\/\/www.oarcanjo.net\/site\/\",\"name\":\"O Arcanjo no ar\",\"description\":\"Site da Par\u00f3quia S\u00e3o Miguel Arcanjo (Arquidiocese de SP)\",\"publisher\":{\"@id\":\"https:\/\/www.oarcanjo.net\/site\/#organization\"},\"potentialAction\":[{\"@type\":\"SearchAction\",\"target\":{\"@type\":\"EntryPoint\",\"urlTemplate\":\"https:\/\/www.oarcanjo.net\/site\/?s={search_term_string}\"},\"query-input\":{\"@type\":\"PropertyValueSpecification\",\"valueRequired\":true,\"valueName\":\"search_term_string\"}}],\"inLanguage\":\"pt-BR\"},{\"@type\":\"Organization\",\"@id\":\"https:\/\/www.oarcanjo.net\/site\/#organization\",\"name\":\"Par\u00f3quia S\u00e3o Miguel Arcanjo\",\"url\":\"https:\/\/www.oarcanjo.net\/site\/\",\"logo\":{\"@type\":\"ImageObject\",\"inLanguage\":\"pt-BR\",\"@id\":\"https:\/\/www.oarcanjo.net\/site\/#\/schema\/logo\/image\/\",\"url\":\"https:\/\/www.oarcanjo.net\/site\/wp-content\/uploads\/LogoOArcanjo.png\",\"contentUrl\":\"https:\/\/www.oarcanjo.net\/site\/wp-content\/uploads\/LogoOArcanjo.png\",\"width\":319,\"height\":99,\"caption\":\"Par\u00f3quia S\u00e3o Miguel Arcanjo\"},\"image\":{\"@id\":\"https:\/\/www.oarcanjo.net\/site\/#\/schema\/logo\/image\/\"},\"sameAs\":[\"https:\/\/www.facebook.com\/OArcanjoNoAr\/\"]},{\"@type\":\"Person\",\"@id\":\"https:\/\/www.oarcanjo.net\/site\/#\/schema\/person\/f7024d007863202483a31326673a0838\",\"name\":\"editor\",\"sameAs\":[\"http:\/\/www.oarcanjo.net\"]}]}<\/script>\n<!-- \/ Yoast SEO plugin. -->","yoast_head_json":{"title":"Nota oficial da CNBB sobre o momento eleitoral - O Arcanjo no ar","robots":{"index":"index","follow":"follow","max-snippet":"max-snippet:-1","max-image-preview":"max-image-preview:large","max-video-preview":"max-video-preview:-1"},"canonical":"https:\/\/www.oarcanjo.net\/site\/nota-oficial-da-cnbb-sobre-o-momento-eleitoral\/","og_locale":"pt_BR","og_type":"article","og_title":"Nota oficial da CNBB sobre o momento eleitoral - O Arcanjo no ar","og_description":"A Confer\u00eancia Nacional dos Bispos do Brasil, por meio de sua Presid\u00eancia, congratula-se com o Povo Brasileiro pelo exerc\u00edcio da cidadania na realiza\u00e7\u00e3o do primeiro turno das elei\u00e7\u00f5es gerais, quando foram eleitos os representantes para o Poder Legislativo e definidos os Governadores de diversas unidades da Federa\u00e7\u00e3o, bem como o nome daqueles que ser\u00e3o submetidos [&hellip;]","og_url":"https:\/\/www.oarcanjo.net\/site\/nota-oficial-da-cnbb-sobre-o-momento-eleitoral\/","og_site_name":"O Arcanjo no ar","article_publisher":"https:\/\/www.facebook.com\/OArcanjoNoAr\/","article_published_time":"2010-10-08T22:07:20+00:00","article_modified_time":"2010-10-09T18:12:03+00:00","og_image":[{"width":300,"height":300,"url":"https:\/\/www.oarcanjo.net\/site\/wp-content\/uploads\/logo-o-arcanjo-no-ar-facebook.png","type":"image\/png"}],"author":"editor","twitter_card":"summary_large_image","twitter_misc":{"Escrito por":"editor","Est. tempo de leitura":"2 minutos"},"schema":{"@context":"https:\/\/schema.org","@graph":[{"@type":"Article","@id":"https:\/\/www.oarcanjo.net\/site\/nota-oficial-da-cnbb-sobre-o-momento-eleitoral\/#article","isPartOf":{"@id":"https:\/\/www.oarcanjo.net\/site\/nota-oficial-da-cnbb-sobre-o-momento-eleitoral\/"},"author":{"name":"editor","@id":"https:\/\/www.oarcanjo.net\/site\/#\/schema\/person\/f7024d007863202483a31326673a0838"},"headline":"Nota oficial da CNBB sobre o momento eleitoral","datePublished":"2010-10-08T22:07:20+00:00","dateModified":"2010-10-09T18:12:03+00:00","mainEntityOfPage":{"@id":"https:\/\/www.oarcanjo.net\/site\/nota-oficial-da-cnbb-sobre-o-momento-eleitoral\/"},"wordCount":417,"commentCount":0,"publisher":{"@id":"https:\/\/www.oarcanjo.net\/site\/#organization"},"keywords":["CNBB","elei\u00e7\u00f5es","f\u00e9 e pol\u00edtica","Ficha Limpa"],"articleSection":["Not\u00edcias"],"inLanguage":"pt-BR","potentialAction":[{"@type":"CommentAction","name":"Comment","target":["https:\/\/www.oarcanjo.net\/site\/nota-oficial-da-cnbb-sobre-o-momento-eleitoral\/#respond"]}]},{"@type":"WebPage","@id":"https:\/\/www.oarcanjo.net\/site\/nota-oficial-da-cnbb-sobre-o-momento-eleitoral\/","url":"https:\/\/www.oarcanjo.net\/site\/nota-oficial-da-cnbb-sobre-o-momento-eleitoral\/","name":"Nota oficial da CNBB sobre o momento eleitoral - O Arcanjo no ar","isPartOf":{"@id":"https:\/\/www.oarcanjo.net\/site\/#website"},"datePublished":"2010-10-08T22:07:20+00:00","dateModified":"2010-10-09T18:12:03+00:00","breadcrumb":{"@id":"https:\/\/www.oarcanjo.net\/site\/nota-oficial-da-cnbb-sobre-o-momento-eleitoral\/#breadcrumb"},"inLanguage":"pt-BR","potentialAction":[{"@type":"ReadAction","target":["https:\/\/www.oarcanjo.net\/site\/nota-oficial-da-cnbb-sobre-o-momento-eleitoral\/"]}]},{"@type":"BreadcrumbList","@id":"https:\/\/www.oarcanjo.net\/site\/nota-oficial-da-cnbb-sobre-o-momento-eleitoral\/#breadcrumb","itemListElement":[{"@type":"ListItem","position":1,"name":"In\u00edcio","item":"https:\/\/www.oarcanjo.net\/site\/"},{"@type":"ListItem","position":2,"name":"Nota oficial da CNBB sobre o momento eleitoral"}]},{"@type":"WebSite","@id":"https:\/\/www.oarcanjo.net\/site\/#website","url":"https:\/\/www.oarcanjo.net\/site\/","name":"O Arcanjo no ar","description":"Site da Par\u00f3quia S\u00e3o Miguel Arcanjo (Arquidiocese de SP)","publisher":{"@id":"https:\/\/www.oarcanjo.net\/site\/#organization"},"potentialAction":[{"@type":"SearchAction","target":{"@type":"EntryPoint","urlTemplate":"https:\/\/www.oarcanjo.net\/site\/?s={search_term_string}"},"query-input":{"@type":"PropertyValueSpecification","valueRequired":true,"valueName":"search_term_string"}}],"inLanguage":"pt-BR"},{"@type":"Organization","@id":"https:\/\/www.oarcanjo.net\/site\/#organization","name":"Par\u00f3quia S\u00e3o Miguel Arcanjo","url":"https:\/\/www.oarcanjo.net\/site\/","logo":{"@type":"ImageObject","inLanguage":"pt-BR","@id":"https:\/\/www.oarcanjo.net\/site\/#\/schema\/logo\/image\/","url":"https:\/\/www.oarcanjo.net\/site\/wp-content\/uploads\/LogoOArcanjo.png","contentUrl":"https:\/\/www.oarcanjo.net\/site\/wp-content\/uploads\/LogoOArcanjo.png","width":319,"height":99,"caption":"Par\u00f3quia S\u00e3o Miguel Arcanjo"},"image":{"@id":"https:\/\/www.oarcanjo.net\/site\/#\/schema\/logo\/image\/"},"sameAs":["https:\/\/www.facebook.com\/OArcanjoNoAr\/"]},{"@type":"Person","@id":"https:\/\/www.oarcanjo.net\/site\/#\/schema\/person\/f7024d007863202483a31326673a0838","name":"editor","sameAs":["http:\/\/www.oarcanjo.net"]}]}},"publishpress_future_action":{"enabled":false,"date":"2026-05-09 08:16:43","action":"category","newStatus":"draft","terms":[],"taxonomy":"category"},"publishpress_future_workflow_manual_trigger":{"enabledWorkflows":[]},"_links":{"self":[{"href":"https:\/\/www.oarcanjo.net\/site\/wp-json\/wp\/v2\/posts\/11267"}],"collection":[{"href":"https:\/\/www.oarcanjo.net\/site\/wp-json\/wp\/v2\/posts"}],"about":[{"href":"https:\/\/www.oarcanjo.net\/site\/wp-json\/wp\/v2\/types\/post"}],"author":[{"embeddable":true,"href":"https:\/\/www.oarcanjo.net\/site\/wp-json\/wp\/v2\/users\/5"}],"replies":[{"embeddable":true,"href":"https:\/\/www.oarcanjo.net\/site\/wp-json\/wp\/v2\/comments?post=11267"}],"version-history":[{"count":0,"href":"https:\/\/www.oarcanjo.net\/site\/wp-json\/wp\/v2\/posts\/11267\/revisions"}],"wp:attachment":[{"href":"https:\/\/www.oarcanjo.net\/site\/wp-json\/wp\/v2\/media?parent=11267"}],"wp:term":[{"taxonomy":"category","embeddable":true,"href":"https:\/\/www.oarcanjo.net\/site\/wp-json\/wp\/v2\/categories?post=11267"},{"taxonomy":"post_tag","embeddable":true,"href":"https:\/\/www.oarcanjo.net\/site\/wp-json\/wp\/v2\/tags?post=11267"}],"curies":[{"name":"wp","href":"https:\/\/api.w.org\/{rel}","templated":true}]}}