
{"id":11284,"date":"2010-10-01T11:47:39","date_gmt":"2010-10-01T14:47:39","guid":{"rendered":"http:\/\/www.oarcanjo.net\/site\/?p=11284"},"modified":"2010-10-10T11:48:33","modified_gmt":"2010-10-10T14:48:33","slug":"leituras-do-domingo-03102010","status":"publish","type":"post","link":"https:\/\/www.oarcanjo.net\/site\/leituras-do-domingo-03102010\/","title":{"rendered":"Leituras do domingo 03\/10\/2010"},"content":{"rendered":"<div>\n<h4>27\u00ba Domingo Comum<\/h4>\n<p>Primeira leitura (Habacuc 1,2-3; 2,2-4)<\/p>\n<p>Leitura do livro do Profeta Habacuc.<\/p>\n<p><sup>2<\/sup>Senhor, at\u00e9 quando chamarei, sem me atenderes? At\u00e9 quando devo gritar a ti: \u201cViol\u00eancia!\u201d, sem me socorreres?<br \/>\n<sup>3<\/sup>Por que me fazes ver iniquidades, quando tu mesmo v\u00eas a maldade? Destrui\u00e7\u00f5es e prepot\u00eancia est\u00e3o \u00e0 minha frente; reina a discuss\u00e3o, surge a disc\u00f3rdia.<br \/>\n<sup>2<\/sup>,<sup>2<\/sup>Respondeu-me o Senhor, dizendo: \u201cEscreve esta vis\u00e3o, estende seus dizeres sobre t\u00e1buas, para que possa ser lida com facilidade.\u00a0<sup>3<\/sup>A vis\u00e3o refere-se a um prazo definido, mas tende para um desfecho, e n\u00e3o falhar\u00e1; se demorar, espera, pois ela vir\u00e1 com certeza, e n\u00e3o tardar\u00e1.\u00a0<sup>4<\/sup>Quem n\u00e3o \u00e9 correto, vai morrer, mas o justo viver\u00e1 por sua f\u00e9\u201d.<\/p>\n<p>Salmo (Salmos 94)<\/p>\n<p>\u2014 N\u00e3o fecheis o cora\u00e7\u00e3o; ouvi vosso Deus!<br \/>\n<strong>\u2014 N\u00e3o fecheis o cora\u00e7\u00e3o; ouvi vosso Deus!<\/strong><\/p>\n<p>\u2014 Vinde, exultemos de alegria no Senhor,\/ aclamemos o Rochedo que nos salva!\/ Ao seu encontro caminhemos com louvores,\/ e com cantos de alegria o celebremos!<br \/>\n\u2014 Vinde, adoremos e prostremo-nos por terra,\/ e ajoelhemos ante o Deus que nos criou!\/ Porque ele \u00e9 o nosso Deus, nosso Pastor,\/ e n\u00f3s somos o seu povo e seu rebanho,\/ as ovelhas que conduz com sua m\u00e3o.<br \/>\n\u2014 Oxal\u00e1 ouv\u00edsseis hoje a sua voz:\/ \u201cN\u00e3o fecheis os cora\u00e7\u00f5es como em Meriba,\/ como em Massa, no deserto, aquele dia,\/ em que outrora vossos pais me provocaram,\/ apesar de terem visto as minhas obras\u201d.<\/p>\n<p>Segunda leitura (2\u00ba Tim\u00f3teo 1,6-8.13-14)<\/p>\n<p>Leitura da Segunda Carta de S\u00e3o Paulo ap\u00f3stolo a Tim\u00f3teo.<\/p>\n<p>Car\u00edssimo:\u00a0<sup>6<\/sup>Exorto-te a reavivar a chama do dom de Deus que recebeste pela imposi\u00e7\u00e3o das minhas m\u00e3os.\u00a0<sup>7<\/sup>Pois Deus n\u00e3o nos deu um esp\u00edrito de timidez, mas de fortaleza, de amor e sobriedade.<br \/>\n<sup>8<\/sup>N\u00e3o te envergonhes do testemunho de Nosso Senhor nem de mim, seu prisioneiro, mas sofre comigo pelo Evangelho, fortificado pelo poder de Deus.\u00a0<sup>13<\/sup>Usa um comp\u00eandio das palavras sadias que de mim ouviste em mat\u00e9ria de f\u00e9 e de amor em Cristo Jesus.<br \/>\n<sup>14<\/sup>Guarda o precioso dep\u00f3sito, com a ajuda do Esp\u00edrito Santo, que habita em n\u00f3s.<\/p>\n<p>Evangelho (Lucas 17,5-10)<\/p>\n<p>Naquele tempo,\u00a0<sup>5<\/sup>os ap\u00f3stolos disseram ao Senhor: \u201cAumenta a nossa f\u00e9!\u201d<br \/>\n<sup>6<\/sup>O Senhor respondeu: \u201cSe v\u00f3s tiv\u00e9sseis f\u00e9, mesmo pequena como um gr\u00e3o de mostarda, poder\u00edes dizer a esta amoreira: \u2018Arranca-te daqui e planta-te no mar\u2019, e ela vos obedeceria.<br \/>\n<sup>7<\/sup>Se algum de v\u00f3s tem um empregado que trabalha a terra ou cuida dos animais, por acaso vai dizer-lhe, quando ele volta do campo: \u2018Vem depressa para a mesa?\u2019<br \/>\n<sup>8<\/sup>Pelo contr\u00e1rio, n\u00e3o vai dizer ao empregado: \u2018Prepara-me o jantar, cinge-te e serve-me, enquanto eu como e bebo; depois disso tu poder\u00e1s comer e beber?\u2019\u00a0<sup>9<\/sup>Ser\u00e1 que vai agradecer ao empregado, porque fez o que lhe havia mandado?<br \/>\n<sup>10<\/sup>Assim tamb\u00e9m v\u00f3s: quando tiverdes feito tudo o que vos mandaram, dizei: \u2018Somos servos in\u00fateis; fizemos o que dev\u00edamos fazer\u2019\u201d.<\/p>\n<\/div>\n<div id=\"themify_builder_content-11284\" data-postid=\"11284\" class=\"themify_builder_content themify_builder_content-11284 themify_builder themify_builder_front\">\n\t<\/div>\n<!-- \/themify_builder_content -->","protected":false},"excerpt":{"rendered":"<p>27\u00ba Domingo Comum Primeira leitura (Habacuc 1,2-3; 2,2-4) Leitura do livro do Profeta Habacuc. 2Senhor, at\u00e9 quando chamarei, sem me atenderes? At\u00e9 quando devo gritar a ti: \u201cViol\u00eancia!\u201d, sem me socorreres? 3Por que me fazes ver iniquidades, quando tu mesmo v\u00eas a maldade? Destrui\u00e7\u00f5es e prepot\u00eancia est\u00e3o \u00e0 minha frente; reina a discuss\u00e3o, surge a [&hellip;]<\/p>\n","protected":false},"author":5,"featured_media":0,"comment_status":"open","ping_status":"open","sticky":false,"template":"","format":"standard","meta":{"ngg_post_thumbnail":0,"footnotes":""},"categories":[109],"tags":[3204],"yoast_head":"<!-- This site is optimized with the Yoast SEO plugin v23.5 - https:\/\/yoast.com\/wordpress\/plugins\/seo\/ -->\n<title>Leituras do domingo 03\/10\/2010 - O Arcanjo no ar<\/title>\n<meta name=\"robots\" content=\"index, follow, max-snippet:-1, max-image-preview:large, max-video-preview:-1\" \/>\n<link rel=\"canonical\" href=\"https:\/\/www.oarcanjo.net\/site\/leituras-do-domingo-03102010\/\" \/>\n<meta property=\"og:locale\" content=\"pt_BR\" \/>\n<meta property=\"og:type\" content=\"article\" \/>\n<meta property=\"og:title\" content=\"Leituras do domingo 03\/10\/2010 - O Arcanjo no ar\" \/>\n<meta property=\"og:description\" content=\"27\u00ba Domingo Comum Primeira leitura (Habacuc 1,2-3; 2,2-4) Leitura do livro do Profeta Habacuc. 2Senhor, at\u00e9 quando chamarei, sem me atenderes? At\u00e9 quando devo gritar a ti: \u201cViol\u00eancia!\u201d, sem me socorreres? 3Por que me fazes ver iniquidades, quando tu mesmo v\u00eas a maldade? Destrui\u00e7\u00f5es e prepot\u00eancia est\u00e3o \u00e0 minha frente; reina a discuss\u00e3o, surge a [&hellip;]\" \/>\n<meta property=\"og:url\" content=\"https:\/\/www.oarcanjo.net\/site\/leituras-do-domingo-03102010\/\" \/>\n<meta property=\"og:site_name\" content=\"O Arcanjo no ar\" \/>\n<meta property=\"article:publisher\" content=\"https:\/\/www.facebook.com\/OArcanjoNoAr\/\" \/>\n<meta property=\"article:published_time\" content=\"2010-10-01T14:47:39+00:00\" \/>\n<meta property=\"article:modified_time\" content=\"2010-10-10T14:48:33+00:00\" \/>\n<meta property=\"og:image\" content=\"https:\/\/www.oarcanjo.net\/site\/wp-content\/uploads\/logo-o-arcanjo-no-ar-facebook.png\" \/>\n\t<meta property=\"og:image:width\" content=\"300\" \/>\n\t<meta property=\"og:image:height\" content=\"300\" \/>\n\t<meta property=\"og:image:type\" content=\"image\/png\" \/>\n<meta name=\"author\" content=\"editor\" \/>\n<meta name=\"twitter:card\" content=\"summary_large_image\" \/>\n<meta name=\"twitter:label1\" content=\"Escrito por\" \/>\n\t<meta name=\"twitter:data1\" content=\"editor\" \/>\n\t<meta name=\"twitter:label2\" content=\"Est. tempo de leitura\" \/>\n\t<meta name=\"twitter:data2\" content=\"3 minutos\" \/>\n<script type=\"application\/ld+json\" class=\"yoast-schema-graph\">{\"@context\":\"https:\/\/schema.org\",\"@graph\":[{\"@type\":\"Article\",\"@id\":\"https:\/\/www.oarcanjo.net\/site\/leituras-do-domingo-03102010\/#article\",\"isPartOf\":{\"@id\":\"https:\/\/www.oarcanjo.net\/site\/leituras-do-domingo-03102010\/\"},\"author\":{\"name\":\"editor\",\"@id\":\"https:\/\/www.oarcanjo.net\/site\/#\/schema\/person\/f7024d007863202483a31326673a0838\"},\"headline\":\"Leituras do domingo 03\/10\/2010\",\"datePublished\":\"2010-10-01T14:47:39+00:00\",\"dateModified\":\"2010-10-10T14:48:33+00:00\",\"mainEntityOfPage\":{\"@id\":\"https:\/\/www.oarcanjo.net\/site\/leituras-do-domingo-03102010\/\"},\"wordCount\":511,\"commentCount\":0,\"publisher\":{\"@id\":\"https:\/\/www.oarcanjo.net\/site\/#organization\"},\"keywords\":[\"Liturgia\"],\"articleSection\":[\"Liturgia\"],\"inLanguage\":\"pt-BR\",\"potentialAction\":[{\"@type\":\"CommentAction\",\"name\":\"Comment\",\"target\":[\"https:\/\/www.oarcanjo.net\/site\/leituras-do-domingo-03102010\/#respond\"]}]},{\"@type\":\"WebPage\",\"@id\":\"https:\/\/www.oarcanjo.net\/site\/leituras-do-domingo-03102010\/\",\"url\":\"https:\/\/www.oarcanjo.net\/site\/leituras-do-domingo-03102010\/\",\"name\":\"Leituras do domingo 03\/10\/2010 - O Arcanjo no ar\",\"isPartOf\":{\"@id\":\"https:\/\/www.oarcanjo.net\/site\/#website\"},\"datePublished\":\"2010-10-01T14:47:39+00:00\",\"dateModified\":\"2010-10-10T14:48:33+00:00\",\"breadcrumb\":{\"@id\":\"https:\/\/www.oarcanjo.net\/site\/leituras-do-domingo-03102010\/#breadcrumb\"},\"inLanguage\":\"pt-BR\",\"potentialAction\":[{\"@type\":\"ReadAction\",\"target\":[\"https:\/\/www.oarcanjo.net\/site\/leituras-do-domingo-03102010\/\"]}]},{\"@type\":\"BreadcrumbList\",\"@id\":\"https:\/\/www.oarcanjo.net\/site\/leituras-do-domingo-03102010\/#breadcrumb\",\"itemListElement\":[{\"@type\":\"ListItem\",\"position\":1,\"name\":\"In\u00edcio\",\"item\":\"https:\/\/www.oarcanjo.net\/site\/\"},{\"@type\":\"ListItem\",\"position\":2,\"name\":\"Leituras do domingo 03\/10\/2010\"}]},{\"@type\":\"WebSite\",\"@id\":\"https:\/\/www.oarcanjo.net\/site\/#website\",\"url\":\"https:\/\/www.oarcanjo.net\/site\/\",\"name\":\"O Arcanjo no ar\",\"description\":\"Site da Par\u00f3quia S\u00e3o Miguel Arcanjo (Arquidiocese de SP)\",\"publisher\":{\"@id\":\"https:\/\/www.oarcanjo.net\/site\/#organization\"},\"potentialAction\":[{\"@type\":\"SearchAction\",\"target\":{\"@type\":\"EntryPoint\",\"urlTemplate\":\"https:\/\/www.oarcanjo.net\/site\/?s={search_term_string}\"},\"query-input\":{\"@type\":\"PropertyValueSpecification\",\"valueRequired\":true,\"valueName\":\"search_term_string\"}}],\"inLanguage\":\"pt-BR\"},{\"@type\":\"Organization\",\"@id\":\"https:\/\/www.oarcanjo.net\/site\/#organization\",\"name\":\"Par\u00f3quia S\u00e3o Miguel Arcanjo\",\"url\":\"https:\/\/www.oarcanjo.net\/site\/\",\"logo\":{\"@type\":\"ImageObject\",\"inLanguage\":\"pt-BR\",\"@id\":\"https:\/\/www.oarcanjo.net\/site\/#\/schema\/logo\/image\/\",\"url\":\"https:\/\/www.oarcanjo.net\/site\/wp-content\/uploads\/LogoOArcanjo.png\",\"contentUrl\":\"https:\/\/www.oarcanjo.net\/site\/wp-content\/uploads\/LogoOArcanjo.png\",\"width\":319,\"height\":99,\"caption\":\"Par\u00f3quia S\u00e3o Miguel Arcanjo\"},\"image\":{\"@id\":\"https:\/\/www.oarcanjo.net\/site\/#\/schema\/logo\/image\/\"},\"sameAs\":[\"https:\/\/www.facebook.com\/OArcanjoNoAr\/\"]},{\"@type\":\"Person\",\"@id\":\"https:\/\/www.oarcanjo.net\/site\/#\/schema\/person\/f7024d007863202483a31326673a0838\",\"name\":\"editor\",\"sameAs\":[\"http:\/\/www.oarcanjo.net\"]}]}<\/script>\n<!-- \/ Yoast SEO plugin. -->","yoast_head_json":{"title":"Leituras do domingo 03\/10\/2010 - O Arcanjo no ar","robots":{"index":"index","follow":"follow","max-snippet":"max-snippet:-1","max-image-preview":"max-image-preview:large","max-video-preview":"max-video-preview:-1"},"canonical":"https:\/\/www.oarcanjo.net\/site\/leituras-do-domingo-03102010\/","og_locale":"pt_BR","og_type":"article","og_title":"Leituras do domingo 03\/10\/2010 - O Arcanjo no ar","og_description":"27\u00ba Domingo Comum Primeira leitura (Habacuc 1,2-3; 2,2-4) Leitura do livro do Profeta Habacuc. 2Senhor, at\u00e9 quando chamarei, sem me atenderes? At\u00e9 quando devo gritar a ti: \u201cViol\u00eancia!\u201d, sem me socorreres? 3Por que me fazes ver iniquidades, quando tu mesmo v\u00eas a maldade? Destrui\u00e7\u00f5es e prepot\u00eancia est\u00e3o \u00e0 minha frente; reina a discuss\u00e3o, surge a [&hellip;]","og_url":"https:\/\/www.oarcanjo.net\/site\/leituras-do-domingo-03102010\/","og_site_name":"O Arcanjo no ar","article_publisher":"https:\/\/www.facebook.com\/OArcanjoNoAr\/","article_published_time":"2010-10-01T14:47:39+00:00","article_modified_time":"2010-10-10T14:48:33+00:00","og_image":[{"width":300,"height":300,"url":"https:\/\/www.oarcanjo.net\/site\/wp-content\/uploads\/logo-o-arcanjo-no-ar-facebook.png","type":"image\/png"}],"author":"editor","twitter_card":"summary_large_image","twitter_misc":{"Escrito por":"editor","Est. tempo de leitura":"3 minutos"},"schema":{"@context":"https:\/\/schema.org","@graph":[{"@type":"Article","@id":"https:\/\/www.oarcanjo.net\/site\/leituras-do-domingo-03102010\/#article","isPartOf":{"@id":"https:\/\/www.oarcanjo.net\/site\/leituras-do-domingo-03102010\/"},"author":{"name":"editor","@id":"https:\/\/www.oarcanjo.net\/site\/#\/schema\/person\/f7024d007863202483a31326673a0838"},"headline":"Leituras do domingo 03\/10\/2010","datePublished":"2010-10-01T14:47:39+00:00","dateModified":"2010-10-10T14:48:33+00:00","mainEntityOfPage":{"@id":"https:\/\/www.oarcanjo.net\/site\/leituras-do-domingo-03102010\/"},"wordCount":511,"commentCount":0,"publisher":{"@id":"https:\/\/www.oarcanjo.net\/site\/#organization"},"keywords":["Liturgia"],"articleSection":["Liturgia"],"inLanguage":"pt-BR","potentialAction":[{"@type":"CommentAction","name":"Comment","target":["https:\/\/www.oarcanjo.net\/site\/leituras-do-domingo-03102010\/#respond"]}]},{"@type":"WebPage","@id":"https:\/\/www.oarcanjo.net\/site\/leituras-do-domingo-03102010\/","url":"https:\/\/www.oarcanjo.net\/site\/leituras-do-domingo-03102010\/","name":"Leituras do domingo 03\/10\/2010 - O Arcanjo no ar","isPartOf":{"@id":"https:\/\/www.oarcanjo.net\/site\/#website"},"datePublished":"2010-10-01T14:47:39+00:00","dateModified":"2010-10-10T14:48:33+00:00","breadcrumb":{"@id":"https:\/\/www.oarcanjo.net\/site\/leituras-do-domingo-03102010\/#breadcrumb"},"inLanguage":"pt-BR","potentialAction":[{"@type":"ReadAction","target":["https:\/\/www.oarcanjo.net\/site\/leituras-do-domingo-03102010\/"]}]},{"@type":"BreadcrumbList","@id":"https:\/\/www.oarcanjo.net\/site\/leituras-do-domingo-03102010\/#breadcrumb","itemListElement":[{"@type":"ListItem","position":1,"name":"In\u00edcio","item":"https:\/\/www.oarcanjo.net\/site\/"},{"@type":"ListItem","position":2,"name":"Leituras do domingo 03\/10\/2010"}]},{"@type":"WebSite","@id":"https:\/\/www.oarcanjo.net\/site\/#website","url":"https:\/\/www.oarcanjo.net\/site\/","name":"O Arcanjo no ar","description":"Site da Par\u00f3quia S\u00e3o Miguel Arcanjo (Arquidiocese de SP)","publisher":{"@id":"https:\/\/www.oarcanjo.net\/site\/#organization"},"potentialAction":[{"@type":"SearchAction","target":{"@type":"EntryPoint","urlTemplate":"https:\/\/www.oarcanjo.net\/site\/?s={search_term_string}"},"query-input":{"@type":"PropertyValueSpecification","valueRequired":true,"valueName":"search_term_string"}}],"inLanguage":"pt-BR"},{"@type":"Organization","@id":"https:\/\/www.oarcanjo.net\/site\/#organization","name":"Par\u00f3quia S\u00e3o Miguel Arcanjo","url":"https:\/\/www.oarcanjo.net\/site\/","logo":{"@type":"ImageObject","inLanguage":"pt-BR","@id":"https:\/\/www.oarcanjo.net\/site\/#\/schema\/logo\/image\/","url":"https:\/\/www.oarcanjo.net\/site\/wp-content\/uploads\/LogoOArcanjo.png","contentUrl":"https:\/\/www.oarcanjo.net\/site\/wp-content\/uploads\/LogoOArcanjo.png","width":319,"height":99,"caption":"Par\u00f3quia S\u00e3o Miguel Arcanjo"},"image":{"@id":"https:\/\/www.oarcanjo.net\/site\/#\/schema\/logo\/image\/"},"sameAs":["https:\/\/www.facebook.com\/OArcanjoNoAr\/"]},{"@type":"Person","@id":"https:\/\/www.oarcanjo.net\/site\/#\/schema\/person\/f7024d007863202483a31326673a0838","name":"editor","sameAs":["http:\/\/www.oarcanjo.net"]}]}},"publishpress_future_action":{"enabled":false,"date":"2026-05-08 08:07:50","action":"category","newStatus":"draft","terms":[],"taxonomy":"category"},"publishpress_future_workflow_manual_trigger":{"enabledWorkflows":[]},"_links":{"self":[{"href":"https:\/\/www.oarcanjo.net\/site\/wp-json\/wp\/v2\/posts\/11284"}],"collection":[{"href":"https:\/\/www.oarcanjo.net\/site\/wp-json\/wp\/v2\/posts"}],"about":[{"href":"https:\/\/www.oarcanjo.net\/site\/wp-json\/wp\/v2\/types\/post"}],"author":[{"embeddable":true,"href":"https:\/\/www.oarcanjo.net\/site\/wp-json\/wp\/v2\/users\/5"}],"replies":[{"embeddable":true,"href":"https:\/\/www.oarcanjo.net\/site\/wp-json\/wp\/v2\/comments?post=11284"}],"version-history":[{"count":0,"href":"https:\/\/www.oarcanjo.net\/site\/wp-json\/wp\/v2\/posts\/11284\/revisions"}],"wp:attachment":[{"href":"https:\/\/www.oarcanjo.net\/site\/wp-json\/wp\/v2\/media?parent=11284"}],"wp:term":[{"taxonomy":"category","embeddable":true,"href":"https:\/\/www.oarcanjo.net\/site\/wp-json\/wp\/v2\/categories?post=11284"},{"taxonomy":"post_tag","embeddable":true,"href":"https:\/\/www.oarcanjo.net\/site\/wp-json\/wp\/v2\/tags?post=11284"}],"curies":[{"name":"wp","href":"https:\/\/api.w.org\/{rel}","templated":true}]}}