
{"id":11294,"date":"2010-10-01T11:54:51","date_gmt":"2010-10-01T14:54:51","guid":{"rendered":"http:\/\/www.oarcanjo.net\/site\/?p=11294"},"modified":"2010-10-10T11:58:14","modified_gmt":"2010-10-10T14:58:14","slug":"leituras-do-domingo-17102010","status":"publish","type":"post","link":"https:\/\/www.oarcanjo.net\/site\/leituras-do-domingo-17102010\/","title":{"rendered":"Leituras do domingo 17\/10\/2010"},"content":{"rendered":"<div>\n<div>\n<div>\n<h4>29\u00ba Domingo Comum<\/h4>\n<p>Primeira leitura (\u00caxodo 17,8-13)<\/p>\n<p>Leitura do livro do \u00caxodo.<\/p>\n<p>Naqueles dias,\u00a0<sup>8<\/sup>os amalecitas vieram atacar Israel em Rafidim.<br \/>\n<sup>9<\/sup>Mois\u00e9s disse a Josu\u00e9: \u201cEscolhe alguns homens e vai combater contra os amalecitas. Amanh\u00e3 estarei, de p\u00e9, no alto da colina, com a vara de Deus na m\u00e3o\u201d.<br \/>\n<sup>10<\/sup>Josu\u00e9 fez o que Mois\u00e9s lhe tinha mandado e combateu os amalecitas. Mois\u00e9s, Aar\u00e3o e Ur subiram ao topo da colina.\u00a0<sup>11<\/sup>E, enquanto Mois\u00e9s conservava a m\u00e3o levantada, Israel vencia; quando abaixava a m\u00e3o, vencia Amalec.<br \/>\n<sup>12<\/sup>Ora, as m\u00e3os de Mois\u00e9s tornaram-se pesadas. Pegando ent\u00e3o uma pedra, colocaram-na debaixo dele para que se sentasse, e Aar\u00e3o e Ur, um de cada lado, sustentavam as m\u00e3os de Mois\u00e9s. Assim, suas m\u00e3os n\u00e3o se fatigaram at\u00e9 ao p\u00f4r-do-sol,\u00a0<sup>13<\/sup>e Josu\u00e9 derrotou Amalec e sua gente a fio de espada.<\/p>\n<p>Salmo (Salmos 120)<\/p>\n<p>\u2014 Do Senhor \u00e9 que me vem o meu socorro,\/ do Senhor, que fez o c\u00e9u e fez a terra.<br \/>\n<strong>\u2014 Do Senhor \u00e9 que me vem o meu socorro,\/ do Senhor, que fez o c\u00e9u e fez a terra.<\/strong><\/p>\n<p>\u2014 Eu levanto os meus olhos para os montes:\/ de onde pode vir o meu socorro?\/ \u201cDo Senhor \u00e9 que me vem o meu socorro,\/ do Senhor que fez o c\u00e9u e fez a terra!\u201d<br \/>\n\u2014 Ele n\u00e3o deixa trope\u00e7arem os meus p\u00e9s,\/ e n\u00e3o dorme quem te guarda e te vigia.\/ Oh! n\u00e3o! ele n\u00e3o dorme nem cochila,\/ aquele que \u00e9 o guarda de Israel!<br \/>\n\u2014 O Senhor \u00e9 o teu guarda, o teu vigia,\/ \u00e9 uma sombra protetora \u00e0 tua direita.\/ N\u00e3o vai ferir-te o sol durante o dia,\/ nem a lua atrav\u00e9s de toda a noite.<br \/>\n\u2014 O Senhor te guardar\u00e1 de todo o mal,\/ ele mesmo vai cuidar da tua vida!\/ Deus te guarda na partida e na chegada.\/ Ele te guarda desde agora e para sempre!<\/p>\n<p>Segunda leitura (2\u00ba Tim\u00f3teo 3,14-4,2)<\/p>\n<p>Leitura da segunda Carta de S\u00e3o Paulo a Tim\u00f3teo.<\/p>\n<p>Car\u00edssimo:\u00a0<sup>14<\/sup>Permanece firme naquilo que aprendeste e aceitaste como verdade; tu sabes de quem o aprendeste.\u00a0<sup>15<\/sup>Desde a inf\u00e2ncia conheces as Sagradas Escrituras: elas t\u00eam o poder de te comunicar a sabedoria que conduz \u00e0 salva\u00e7\u00e3o pela f\u00e9 em Cristo Jesus.<br \/>\n<sup>16<\/sup>Toda a Escritura \u00e9 inspirada por Deus e \u00fatil para ensinar, para argumentar, para corrigir e para educar na justi\u00e7a,\u00a0<sup>17<\/sup>a fim de que o homem de Deus seja perfeito e qualificado para toda boa obra.<br \/>\n<sup>4<\/sup>,<sup>1<\/sup>Diante de Deus e de Cristo Jesus, que h\u00e1 de vir a julgar os vivos e os mortos, e em virtude da sua manifesta\u00e7\u00e3o gloriosa e do seu Reino, eu te pe\u00e7o com insist\u00eancia:<sup>2<\/sup>proclama a palavra, insiste oportuna ou importunamente, argumenta, repreende, aconselha, com toda a paci\u00eancia e doutrina.<\/p>\n<p>Evangelho (Lucas 18,1-8)<\/p>\n<p>Naquele tempo,\u00a0<sup>1<\/sup>Jesus contou aos disc\u00edpulos uma par\u00e1bola, para mostrar-lhes a necessidade de rezar sempre, e nunca desistir, dizendo:<br \/>\n<sup>2<\/sup>\u201dNuma cidade havia um juiz que n\u00e3o temia a Deus, e n\u00e3o respeitava homem algum.\u00a0<sup>3<\/sup>Na mesma cidade havia uma vi\u00fava, que vinha \u00e0 procura do juiz, pedindo: \u2018Faze-me justi\u00e7a contra o meu advers\u00e1rio!\u2019<br \/>\n<sup>4<\/sup>Durante muito tempo, o juiz se recusou. Por fim, ele pensou: \u2018Eu n\u00e3o temo a Deus, e n\u00e3o respeito homem algum.\u00a0<sup>5<\/sup>Mas esta vi\u00fava j\u00e1 me est\u00e1 aborrecendo. Vou fazer-lhe justi\u00e7a, para que ela n\u00e3o venha a agredir-me!\u2019\u201d<br \/>\n<sup>6<\/sup>E o Senhor acrescentou: \u201cEscutai o que diz este juiz injusto.\u00a0<sup>7<\/sup>E Deus, n\u00e3o far\u00e1 justi\u00e7a aos seus escolhidos, que dia e noite gritam por ele? Ser\u00e1 que vai faz\u00ea-los esperar?<br \/>\n<sup>8<\/sup>Eu vos digo que Deus lhes far\u00e1 justi\u00e7a bem depressa. Mas o Filho do homem, quando vier, ser\u00e1 que ainda vai encontrar f\u00e9 sobre a terra?\u201d<\/p>\n<\/div>\n<\/div>\n<\/div>\n<div id=\"themify_builder_content-11294\" data-postid=\"11294\" class=\"themify_builder_content themify_builder_content-11294 themify_builder themify_builder_front\">\n\t<\/div>\n<!-- \/themify_builder_content -->","protected":false},"excerpt":{"rendered":"<p>29\u00ba Domingo Comum Primeira leitura (\u00caxodo 17,8-13) Leitura do livro do \u00caxodo. Naqueles dias,\u00a08os amalecitas vieram atacar Israel em Rafidim. 9Mois\u00e9s disse a Josu\u00e9: \u201cEscolhe alguns homens e vai combater contra os amalecitas. Amanh\u00e3 estarei, de p\u00e9, no alto da colina, com a vara de Deus na m\u00e3o\u201d. 10Josu\u00e9 fez o que Mois\u00e9s lhe tinha [&hellip;]<\/p>\n","protected":false},"author":5,"featured_media":0,"comment_status":"open","ping_status":"open","sticky":false,"template":"","format":"standard","meta":{"ngg_post_thumbnail":0,"footnotes":""},"categories":[109],"tags":[3204],"yoast_head":"<!-- This site is optimized with the Yoast SEO plugin v23.5 - https:\/\/yoast.com\/wordpress\/plugins\/seo\/ -->\n<title>Leituras do domingo 17\/10\/2010 - O Arcanjo no ar<\/title>\n<meta name=\"robots\" content=\"index, follow, max-snippet:-1, max-image-preview:large, max-video-preview:-1\" \/>\n<link rel=\"canonical\" href=\"https:\/\/www.oarcanjo.net\/site\/leituras-do-domingo-17102010\/\" \/>\n<meta property=\"og:locale\" content=\"pt_BR\" \/>\n<meta property=\"og:type\" content=\"article\" \/>\n<meta property=\"og:title\" content=\"Leituras do domingo 17\/10\/2010 - O Arcanjo no ar\" \/>\n<meta property=\"og:description\" content=\"29\u00ba Domingo Comum Primeira leitura (\u00caxodo 17,8-13) Leitura do livro do \u00caxodo. Naqueles dias,\u00a08os amalecitas vieram atacar Israel em Rafidim. 9Mois\u00e9s disse a Josu\u00e9: \u201cEscolhe alguns homens e vai combater contra os amalecitas. Amanh\u00e3 estarei, de p\u00e9, no alto da colina, com a vara de Deus na m\u00e3o\u201d. 10Josu\u00e9 fez o que Mois\u00e9s lhe tinha [&hellip;]\" \/>\n<meta property=\"og:url\" content=\"https:\/\/www.oarcanjo.net\/site\/leituras-do-domingo-17102010\/\" \/>\n<meta property=\"og:site_name\" content=\"O Arcanjo no ar\" \/>\n<meta property=\"article:publisher\" content=\"https:\/\/www.facebook.com\/OArcanjoNoAr\/\" \/>\n<meta property=\"article:published_time\" content=\"2010-10-01T14:54:51+00:00\" \/>\n<meta property=\"article:modified_time\" content=\"2010-10-10T14:58:14+00:00\" \/>\n<meta property=\"og:image\" content=\"https:\/\/www.oarcanjo.net\/site\/wp-content\/uploads\/logo-o-arcanjo-no-ar-facebook.png\" \/>\n\t<meta property=\"og:image:width\" content=\"300\" \/>\n\t<meta property=\"og:image:height\" content=\"300\" \/>\n\t<meta property=\"og:image:type\" content=\"image\/png\" \/>\n<meta name=\"author\" content=\"editor\" \/>\n<meta name=\"twitter:card\" content=\"summary_large_image\" \/>\n<meta name=\"twitter:label1\" content=\"Escrito por\" \/>\n\t<meta name=\"twitter:data1\" content=\"editor\" \/>\n\t<meta name=\"twitter:label2\" content=\"Est. tempo de leitura\" \/>\n\t<meta name=\"twitter:data2\" content=\"3 minutos\" \/>\n<script type=\"application\/ld+json\" class=\"yoast-schema-graph\">{\"@context\":\"https:\/\/schema.org\",\"@graph\":[{\"@type\":\"Article\",\"@id\":\"https:\/\/www.oarcanjo.net\/site\/leituras-do-domingo-17102010\/#article\",\"isPartOf\":{\"@id\":\"https:\/\/www.oarcanjo.net\/site\/leituras-do-domingo-17102010\/\"},\"author\":{\"name\":\"editor\",\"@id\":\"https:\/\/www.oarcanjo.net\/site\/#\/schema\/person\/f7024d007863202483a31326673a0838\"},\"headline\":\"Leituras do domingo 17\/10\/2010\",\"datePublished\":\"2010-10-01T14:54:51+00:00\",\"dateModified\":\"2010-10-10T14:58:14+00:00\",\"mainEntityOfPage\":{\"@id\":\"https:\/\/www.oarcanjo.net\/site\/leituras-do-domingo-17102010\/\"},\"wordCount\":642,\"commentCount\":0,\"publisher\":{\"@id\":\"https:\/\/www.oarcanjo.net\/site\/#organization\"},\"keywords\":[\"Liturgia\"],\"articleSection\":[\"Liturgia\"],\"inLanguage\":\"pt-BR\",\"potentialAction\":[{\"@type\":\"CommentAction\",\"name\":\"Comment\",\"target\":[\"https:\/\/www.oarcanjo.net\/site\/leituras-do-domingo-17102010\/#respond\"]}]},{\"@type\":\"WebPage\",\"@id\":\"https:\/\/www.oarcanjo.net\/site\/leituras-do-domingo-17102010\/\",\"url\":\"https:\/\/www.oarcanjo.net\/site\/leituras-do-domingo-17102010\/\",\"name\":\"Leituras do domingo 17\/10\/2010 - O Arcanjo no ar\",\"isPartOf\":{\"@id\":\"https:\/\/www.oarcanjo.net\/site\/#website\"},\"datePublished\":\"2010-10-01T14:54:51+00:00\",\"dateModified\":\"2010-10-10T14:58:14+00:00\",\"breadcrumb\":{\"@id\":\"https:\/\/www.oarcanjo.net\/site\/leituras-do-domingo-17102010\/#breadcrumb\"},\"inLanguage\":\"pt-BR\",\"potentialAction\":[{\"@type\":\"ReadAction\",\"target\":[\"https:\/\/www.oarcanjo.net\/site\/leituras-do-domingo-17102010\/\"]}]},{\"@type\":\"BreadcrumbList\",\"@id\":\"https:\/\/www.oarcanjo.net\/site\/leituras-do-domingo-17102010\/#breadcrumb\",\"itemListElement\":[{\"@type\":\"ListItem\",\"position\":1,\"name\":\"In\u00edcio\",\"item\":\"https:\/\/www.oarcanjo.net\/site\/\"},{\"@type\":\"ListItem\",\"position\":2,\"name\":\"Leituras do domingo 17\/10\/2010\"}]},{\"@type\":\"WebSite\",\"@id\":\"https:\/\/www.oarcanjo.net\/site\/#website\",\"url\":\"https:\/\/www.oarcanjo.net\/site\/\",\"name\":\"O Arcanjo no ar\",\"description\":\"Site da Par\u00f3quia S\u00e3o Miguel Arcanjo (Arquidiocese de SP)\",\"publisher\":{\"@id\":\"https:\/\/www.oarcanjo.net\/site\/#organization\"},\"potentialAction\":[{\"@type\":\"SearchAction\",\"target\":{\"@type\":\"EntryPoint\",\"urlTemplate\":\"https:\/\/www.oarcanjo.net\/site\/?s={search_term_string}\"},\"query-input\":{\"@type\":\"PropertyValueSpecification\",\"valueRequired\":true,\"valueName\":\"search_term_string\"}}],\"inLanguage\":\"pt-BR\"},{\"@type\":\"Organization\",\"@id\":\"https:\/\/www.oarcanjo.net\/site\/#organization\",\"name\":\"Par\u00f3quia S\u00e3o Miguel Arcanjo\",\"url\":\"https:\/\/www.oarcanjo.net\/site\/\",\"logo\":{\"@type\":\"ImageObject\",\"inLanguage\":\"pt-BR\",\"@id\":\"https:\/\/www.oarcanjo.net\/site\/#\/schema\/logo\/image\/\",\"url\":\"https:\/\/www.oarcanjo.net\/site\/wp-content\/uploads\/LogoOArcanjo.png\",\"contentUrl\":\"https:\/\/www.oarcanjo.net\/site\/wp-content\/uploads\/LogoOArcanjo.png\",\"width\":319,\"height\":99,\"caption\":\"Par\u00f3quia S\u00e3o Miguel Arcanjo\"},\"image\":{\"@id\":\"https:\/\/www.oarcanjo.net\/site\/#\/schema\/logo\/image\/\"},\"sameAs\":[\"https:\/\/www.facebook.com\/OArcanjoNoAr\/\"]},{\"@type\":\"Person\",\"@id\":\"https:\/\/www.oarcanjo.net\/site\/#\/schema\/person\/f7024d007863202483a31326673a0838\",\"name\":\"editor\",\"sameAs\":[\"http:\/\/www.oarcanjo.net\"]}]}<\/script>\n<!-- \/ Yoast SEO plugin. -->","yoast_head_json":{"title":"Leituras do domingo 17\/10\/2010 - O Arcanjo no ar","robots":{"index":"index","follow":"follow","max-snippet":"max-snippet:-1","max-image-preview":"max-image-preview:large","max-video-preview":"max-video-preview:-1"},"canonical":"https:\/\/www.oarcanjo.net\/site\/leituras-do-domingo-17102010\/","og_locale":"pt_BR","og_type":"article","og_title":"Leituras do domingo 17\/10\/2010 - O Arcanjo no ar","og_description":"29\u00ba Domingo Comum Primeira leitura (\u00caxodo 17,8-13) Leitura do livro do \u00caxodo. Naqueles dias,\u00a08os amalecitas vieram atacar Israel em Rafidim. 9Mois\u00e9s disse a Josu\u00e9: \u201cEscolhe alguns homens e vai combater contra os amalecitas. Amanh\u00e3 estarei, de p\u00e9, no alto da colina, com a vara de Deus na m\u00e3o\u201d. 10Josu\u00e9 fez o que Mois\u00e9s lhe tinha [&hellip;]","og_url":"https:\/\/www.oarcanjo.net\/site\/leituras-do-domingo-17102010\/","og_site_name":"O Arcanjo no ar","article_publisher":"https:\/\/www.facebook.com\/OArcanjoNoAr\/","article_published_time":"2010-10-01T14:54:51+00:00","article_modified_time":"2010-10-10T14:58:14+00:00","og_image":[{"width":300,"height":300,"url":"https:\/\/www.oarcanjo.net\/site\/wp-content\/uploads\/logo-o-arcanjo-no-ar-facebook.png","type":"image\/png"}],"author":"editor","twitter_card":"summary_large_image","twitter_misc":{"Escrito por":"editor","Est. tempo de leitura":"3 minutos"},"schema":{"@context":"https:\/\/schema.org","@graph":[{"@type":"Article","@id":"https:\/\/www.oarcanjo.net\/site\/leituras-do-domingo-17102010\/#article","isPartOf":{"@id":"https:\/\/www.oarcanjo.net\/site\/leituras-do-domingo-17102010\/"},"author":{"name":"editor","@id":"https:\/\/www.oarcanjo.net\/site\/#\/schema\/person\/f7024d007863202483a31326673a0838"},"headline":"Leituras do domingo 17\/10\/2010","datePublished":"2010-10-01T14:54:51+00:00","dateModified":"2010-10-10T14:58:14+00:00","mainEntityOfPage":{"@id":"https:\/\/www.oarcanjo.net\/site\/leituras-do-domingo-17102010\/"},"wordCount":642,"commentCount":0,"publisher":{"@id":"https:\/\/www.oarcanjo.net\/site\/#organization"},"keywords":["Liturgia"],"articleSection":["Liturgia"],"inLanguage":"pt-BR","potentialAction":[{"@type":"CommentAction","name":"Comment","target":["https:\/\/www.oarcanjo.net\/site\/leituras-do-domingo-17102010\/#respond"]}]},{"@type":"WebPage","@id":"https:\/\/www.oarcanjo.net\/site\/leituras-do-domingo-17102010\/","url":"https:\/\/www.oarcanjo.net\/site\/leituras-do-domingo-17102010\/","name":"Leituras do domingo 17\/10\/2010 - O Arcanjo no ar","isPartOf":{"@id":"https:\/\/www.oarcanjo.net\/site\/#website"},"datePublished":"2010-10-01T14:54:51+00:00","dateModified":"2010-10-10T14:58:14+00:00","breadcrumb":{"@id":"https:\/\/www.oarcanjo.net\/site\/leituras-do-domingo-17102010\/#breadcrumb"},"inLanguage":"pt-BR","potentialAction":[{"@type":"ReadAction","target":["https:\/\/www.oarcanjo.net\/site\/leituras-do-domingo-17102010\/"]}]},{"@type":"BreadcrumbList","@id":"https:\/\/www.oarcanjo.net\/site\/leituras-do-domingo-17102010\/#breadcrumb","itemListElement":[{"@type":"ListItem","position":1,"name":"In\u00edcio","item":"https:\/\/www.oarcanjo.net\/site\/"},{"@type":"ListItem","position":2,"name":"Leituras do domingo 17\/10\/2010"}]},{"@type":"WebSite","@id":"https:\/\/www.oarcanjo.net\/site\/#website","url":"https:\/\/www.oarcanjo.net\/site\/","name":"O Arcanjo no ar","description":"Site da Par\u00f3quia S\u00e3o Miguel Arcanjo (Arquidiocese de SP)","publisher":{"@id":"https:\/\/www.oarcanjo.net\/site\/#organization"},"potentialAction":[{"@type":"SearchAction","target":{"@type":"EntryPoint","urlTemplate":"https:\/\/www.oarcanjo.net\/site\/?s={search_term_string}"},"query-input":{"@type":"PropertyValueSpecification","valueRequired":true,"valueName":"search_term_string"}}],"inLanguage":"pt-BR"},{"@type":"Organization","@id":"https:\/\/www.oarcanjo.net\/site\/#organization","name":"Par\u00f3quia S\u00e3o Miguel Arcanjo","url":"https:\/\/www.oarcanjo.net\/site\/","logo":{"@type":"ImageObject","inLanguage":"pt-BR","@id":"https:\/\/www.oarcanjo.net\/site\/#\/schema\/logo\/image\/","url":"https:\/\/www.oarcanjo.net\/site\/wp-content\/uploads\/LogoOArcanjo.png","contentUrl":"https:\/\/www.oarcanjo.net\/site\/wp-content\/uploads\/LogoOArcanjo.png","width":319,"height":99,"caption":"Par\u00f3quia S\u00e3o Miguel Arcanjo"},"image":{"@id":"https:\/\/www.oarcanjo.net\/site\/#\/schema\/logo\/image\/"},"sameAs":["https:\/\/www.facebook.com\/OArcanjoNoAr\/"]},{"@type":"Person","@id":"https:\/\/www.oarcanjo.net\/site\/#\/schema\/person\/f7024d007863202483a31326673a0838","name":"editor","sameAs":["http:\/\/www.oarcanjo.net"]}]}},"publishpress_future_action":{"enabled":false,"date":"2026-05-08 11:08:31","action":"category","newStatus":"draft","terms":[],"taxonomy":"category"},"publishpress_future_workflow_manual_trigger":{"enabledWorkflows":[]},"_links":{"self":[{"href":"https:\/\/www.oarcanjo.net\/site\/wp-json\/wp\/v2\/posts\/11294"}],"collection":[{"href":"https:\/\/www.oarcanjo.net\/site\/wp-json\/wp\/v2\/posts"}],"about":[{"href":"https:\/\/www.oarcanjo.net\/site\/wp-json\/wp\/v2\/types\/post"}],"author":[{"embeddable":true,"href":"https:\/\/www.oarcanjo.net\/site\/wp-json\/wp\/v2\/users\/5"}],"replies":[{"embeddable":true,"href":"https:\/\/www.oarcanjo.net\/site\/wp-json\/wp\/v2\/comments?post=11294"}],"version-history":[{"count":0,"href":"https:\/\/www.oarcanjo.net\/site\/wp-json\/wp\/v2\/posts\/11294\/revisions"}],"wp:attachment":[{"href":"https:\/\/www.oarcanjo.net\/site\/wp-json\/wp\/v2\/media?parent=11294"}],"wp:term":[{"taxonomy":"category","embeddable":true,"href":"https:\/\/www.oarcanjo.net\/site\/wp-json\/wp\/v2\/categories?post=11294"},{"taxonomy":"post_tag","embeddable":true,"href":"https:\/\/www.oarcanjo.net\/site\/wp-json\/wp\/v2\/tags?post=11294"}],"curies":[{"name":"wp","href":"https:\/\/api.w.org\/{rel}","templated":true}]}}