
{"id":11305,"date":"2017-10-12T00:14:28","date_gmt":"2017-10-12T03:14:28","guid":{"rendered":"http:\/\/www.oarcanjo.net\/site\/?p=11305"},"modified":"2017-07-31T16:11:00","modified_gmt":"2017-07-31T19:11:00","slug":"sao-serafim-de-montegranaro","status":"publish","type":"post","link":"https:\/\/www.oarcanjo.net\/site\/sao-serafim-de-montegranaro\/","title":{"rendered":"S\u00e3o Serafim de Montegranaro"},"content":{"rendered":"<p><img decoding=\"async\" src=\"http:\/\/www.derradeirasgracas.com\/images\/1.%20O%20Santo%20do%20Dia%20-%20Fotos\/Santos%20de%20Outubro%20-%20Fotos\/S%C3%A3o%20Serafim%20de%20Montegranaro.gif\" alt=\"\" \/><\/p>\n<p>12 de Outubro<\/p>\n<p><span style=\"font-family: comic sans ms;color: #996633;font-size: x-small\">S\u00e3o Serafim nasceu em 1540, em Montegranaro, nas Marcas. Foram seus pais Jer\u00f3nimo Rapagnano e Teodora Giovannuzzi. Eram de humilde condi\u00e7\u00e3o e crist\u00e3os fervorosos. Dada a pobreza da sua fam\u00edlia, trabalhou, durante algum tempo, como criado na casa de um lavrador, que lhe encomendou a guarda dos seus rebanhos. Como sucedeu com outros irm\u00e3os franciscanos seus contempor\u00e2neos, S\u00e3o Pascoal Bail\u00e3o e S\u00e3o F\u00e9lix de Cantal\u00edcio, na solid\u00e3o dos campos, sendo analfabeto, aprendeu a ler o grande livro da natureza e a levantar o esp\u00edrito para Deus. <\/span><\/p>\n<p><span style=\"font-family: comic sans ms;color: #996633;font-size: x-small\">Quando tinha 18 anos, bateu \u00e0 porta do Convento dos Capuchinhos de Tolentino. Depois de algumas dificuldades, foi recebido na Ordem como irm\u00e3o n\u00e3o cl\u00e9rigo e fez o noviciado em Jesi. Percorreu quase todos os Conventos das Marcas, porque, apesar da sua boa vontade e a maior dilig\u00eancia que punha no cumprimento de tudo o que lhe confiavam, n\u00e3o conseguia agradar nem aos superiores nem aos irm\u00e3os da fraternidade, que n\u00e3o lhe poupavam repreens\u00f5es e castigos. Por\u00e9m, mostrava sempre uma extraordin\u00e1ria bondade, pobreza, humildade, pureza e mortifica\u00e7\u00e3o. Exerceu os of\u00edcios de porteiro e esmoleiro, em contacto com os mais variados grupos de pessoas. Encontrava sempre uma palavra oportuna, uma fina delicadeza de sentimentos no sentido de conduzir as almas para Deus. <\/span><\/p>\n<p><span style=\"font-family: comic sans ms;color: #996633;font-size: x-small\">A exemplo de S\u00e3o Francisco, amou a natureza, que lhe falava ao cora\u00e7\u00e3o e o elevava para Deus. Em muitos casos da sua vida, parece-nos reviver algumas p\u00e1ginas mais caracter\u00edsticas das Florinhas de S\u00e3o Francisco. Em 1590, estabeleceu-se definitivamente em Ascoli Piceno. A cidade afei\u00e7oou-se-lhe de tal maneira que, em 1602, tendo-se difundido a not\u00edcia de que iria ser transferido, as autoridades escreveram aos Superiores para o impedir. <\/span><\/p>\n<p><span style=\"font-family: comic sans ms;color: #996633;font-size: x-small\">Verdadeiro mensageiro da paz e do bem, exercia um influxo enorme em todos os grupos de pessoas e a sua palavra conseguia serenar situa\u00e7\u00f5es verdadeiramente alarmantes e extinguir \u00f3dios encarni\u00e7ados, promover o amor fervoroso pela virtude, suavizar os costumes, lendo assim \u00e0 pr\u00e1tica, com efic\u00e1cia, a reforma, no esp\u00edrito do Conc\u00edlio de Trento. Viveu em ora\u00e7\u00e3o, humildade, penit\u00eancia, trabalho e sobretudo paci\u00eancia, pois n\u00e3o lhe faltaram constantes repreens\u00f5es. <\/span><\/p>\n<p><span style=\"font-family: comic sans ms;color: #996633;font-size: x-small\">Deus se encarregou de o ajudar, suprindo-o nas suas capacidades, na cozinha, na portaria, no quintal, no of\u00edcio de esmoleiro, com milagres, penetra\u00e7\u00e3o dos cora\u00e7\u00f5es e com o dom de confortar a todos de uma maneira nunca vista. Da sua parte, manteve-se sempre contente por amar a Deus, sabendo e estudando os seus dois livros: o crucifixo e o ter\u00e7o de Nossa Senhora. <\/span><\/p>\n<p><span style=\"font-family: comic sans ms;color: #996633;font-size: x-small\">Tinha 64 anos de idade e j\u00e1 a sua fama de santidade se espalhava por toda a regi\u00e3o de Ascoli. Pediu ent\u00e3o o Vi\u00e1tico quando ningu\u00e9m imaginava que estivesse pr\u00f3xima a sua morte. Veio a morrer no dia 12 de Outubro de 1604. Depois de ter expirado, com a maior simplicidade, at\u00e9 na sua morte, a voz do povo logo o come\u00e7ou a chamar santo.<br \/>\n<\/span><\/p>\n<div id=\"themify_builder_content-11305\" data-postid=\"11305\" class=\"themify_builder_content themify_builder_content-11305 themify_builder themify_builder_front\">\n\t<\/div>\n<!-- \/themify_builder_content -->","protected":false},"excerpt":{"rendered":"<p>12 de Outubro S\u00e3o Serafim nasceu em 1540, em Montegranaro, nas Marcas. Foram seus pais Jer\u00f3nimo Rapagnano e Teodora Giovannuzzi. Eram de humilde condi\u00e7\u00e3o e crist\u00e3os fervorosos. Dada a pobreza da sua fam\u00edlia, trabalhou, durante algum tempo, como criado na casa de um lavrador, que lhe encomendou a guarda dos seus rebanhos. Como sucedeu com [&hellip;]<\/p>\n","protected":false},"author":14,"featured_media":0,"comment_status":"open","ping_status":"open","sticky":false,"template":"","format":"standard","meta":{"ngg_post_thumbnail":0,"footnotes":""},"categories":[186],"tags":[],"yoast_head":"<!-- This site is optimized with the Yoast SEO plugin v23.5 - https:\/\/yoast.com\/wordpress\/plugins\/seo\/ -->\n<title>S\u00e3o Serafim de Montegranaro - O Arcanjo no ar<\/title>\n<meta name=\"robots\" content=\"index, follow, max-snippet:-1, max-image-preview:large, max-video-preview:-1\" \/>\n<link rel=\"canonical\" href=\"https:\/\/www.oarcanjo.net\/site\/sao-serafim-de-montegranaro\/\" \/>\n<meta property=\"og:locale\" content=\"pt_BR\" \/>\n<meta property=\"og:type\" content=\"article\" \/>\n<meta property=\"og:title\" content=\"S\u00e3o Serafim de Montegranaro - O Arcanjo no ar\" \/>\n<meta property=\"og:description\" content=\"12 de Outubro S\u00e3o Serafim nasceu em 1540, em Montegranaro, nas Marcas. Foram seus pais Jer\u00f3nimo Rapagnano e Teodora Giovannuzzi. Eram de humilde condi\u00e7\u00e3o e crist\u00e3os fervorosos. Dada a pobreza da sua fam\u00edlia, trabalhou, durante algum tempo, como criado na casa de um lavrador, que lhe encomendou a guarda dos seus rebanhos. Como sucedeu com [&hellip;]\" \/>\n<meta property=\"og:url\" content=\"https:\/\/www.oarcanjo.net\/site\/sao-serafim-de-montegranaro\/\" \/>\n<meta property=\"og:site_name\" content=\"O Arcanjo no ar\" \/>\n<meta property=\"article:publisher\" content=\"https:\/\/www.facebook.com\/OArcanjoNoAr\/\" \/>\n<meta property=\"article:published_time\" content=\"2017-10-12T03:14:28+00:00\" \/>\n<meta property=\"article:modified_time\" content=\"2017-07-31T19:11:00+00:00\" \/>\n<meta property=\"og:image\" content=\"http:\/\/www.derradeirasgracas.com\/images\/1.%20O%20Santo%20do%20Dia%20-%20Fotos\/Santos%20de%20Outubro%20-%20Fotos\/S%C3%A3o%20Serafim%20de%20Montegranaro.gif\" \/>\n<meta name=\"author\" content=\"danilo\" \/>\n<meta name=\"twitter:card\" content=\"summary_large_image\" \/>\n<meta name=\"twitter:label1\" content=\"Escrito por\" \/>\n\t<meta name=\"twitter:data1\" content=\"danilo\" \/>\n\t<meta name=\"twitter:label2\" content=\"Est. tempo de leitura\" \/>\n\t<meta name=\"twitter:data2\" content=\"3 minutos\" \/>\n<script type=\"application\/ld+json\" class=\"yoast-schema-graph\">{\"@context\":\"https:\/\/schema.org\",\"@graph\":[{\"@type\":\"Article\",\"@id\":\"https:\/\/www.oarcanjo.net\/site\/sao-serafim-de-montegranaro\/#article\",\"isPartOf\":{\"@id\":\"https:\/\/www.oarcanjo.net\/site\/sao-serafim-de-montegranaro\/\"},\"author\":{\"name\":\"danilo\",\"@id\":\"https:\/\/www.oarcanjo.net\/site\/#\/schema\/person\/5eb9480bedd2f3c97e430ce128c29c6c\"},\"headline\":\"S\u00e3o Serafim de Montegranaro\",\"datePublished\":\"2017-10-12T03:14:28+00:00\",\"dateModified\":\"2017-07-31T19:11:00+00:00\",\"mainEntityOfPage\":{\"@id\":\"https:\/\/www.oarcanjo.net\/site\/sao-serafim-de-montegranaro\/\"},\"wordCount\":523,\"commentCount\":0,\"publisher\":{\"@id\":\"https:\/\/www.oarcanjo.net\/site\/#organization\"},\"image\":{\"@id\":\"https:\/\/www.oarcanjo.net\/site\/sao-serafim-de-montegranaro\/#primaryimage\"},\"thumbnailUrl\":\"http:\/\/www.derradeirasgracas.com\/images\/1.%20O%20Santo%20do%20Dia%20-%20Fotos\/Santos%20de%20Outubro%20-%20Fotos\/S%C3%A3o%20Serafim%20de%20Montegranaro.gif\",\"articleSection\":[\"Testemunhos\"],\"inLanguage\":\"pt-BR\",\"potentialAction\":[{\"@type\":\"CommentAction\",\"name\":\"Comment\",\"target\":[\"https:\/\/www.oarcanjo.net\/site\/sao-serafim-de-montegranaro\/#respond\"]}]},{\"@type\":\"WebPage\",\"@id\":\"https:\/\/www.oarcanjo.net\/site\/sao-serafim-de-montegranaro\/\",\"url\":\"https:\/\/www.oarcanjo.net\/site\/sao-serafim-de-montegranaro\/\",\"name\":\"S\u00e3o Serafim de Montegranaro - O Arcanjo no ar\",\"isPartOf\":{\"@id\":\"https:\/\/www.oarcanjo.net\/site\/#website\"},\"primaryImageOfPage\":{\"@id\":\"https:\/\/www.oarcanjo.net\/site\/sao-serafim-de-montegranaro\/#primaryimage\"},\"image\":{\"@id\":\"https:\/\/www.oarcanjo.net\/site\/sao-serafim-de-montegranaro\/#primaryimage\"},\"thumbnailUrl\":\"http:\/\/www.derradeirasgracas.com\/images\/1.%20O%20Santo%20do%20Dia%20-%20Fotos\/Santos%20de%20Outubro%20-%20Fotos\/S%C3%A3o%20Serafim%20de%20Montegranaro.gif\",\"datePublished\":\"2017-10-12T03:14:28+00:00\",\"dateModified\":\"2017-07-31T19:11:00+00:00\",\"breadcrumb\":{\"@id\":\"https:\/\/www.oarcanjo.net\/site\/sao-serafim-de-montegranaro\/#breadcrumb\"},\"inLanguage\":\"pt-BR\",\"potentialAction\":[{\"@type\":\"ReadAction\",\"target\":[\"https:\/\/www.oarcanjo.net\/site\/sao-serafim-de-montegranaro\/\"]}]},{\"@type\":\"ImageObject\",\"inLanguage\":\"pt-BR\",\"@id\":\"https:\/\/www.oarcanjo.net\/site\/sao-serafim-de-montegranaro\/#primaryimage\",\"url\":\"http:\/\/www.derradeirasgracas.com\/images\/1.%20O%20Santo%20do%20Dia%20-%20Fotos\/Santos%20de%20Outubro%20-%20Fotos\/S%C3%A3o%20Serafim%20de%20Montegranaro.gif\",\"contentUrl\":\"http:\/\/www.derradeirasgracas.com\/images\/1.%20O%20Santo%20do%20Dia%20-%20Fotos\/Santos%20de%20Outubro%20-%20Fotos\/S%C3%A3o%20Serafim%20de%20Montegranaro.gif\"},{\"@type\":\"BreadcrumbList\",\"@id\":\"https:\/\/www.oarcanjo.net\/site\/sao-serafim-de-montegranaro\/#breadcrumb\",\"itemListElement\":[{\"@type\":\"ListItem\",\"position\":1,\"name\":\"In\u00edcio\",\"item\":\"https:\/\/www.oarcanjo.net\/site\/\"},{\"@type\":\"ListItem\",\"position\":2,\"name\":\"S\u00e3o Serafim de Montegranaro\"}]},{\"@type\":\"WebSite\",\"@id\":\"https:\/\/www.oarcanjo.net\/site\/#website\",\"url\":\"https:\/\/www.oarcanjo.net\/site\/\",\"name\":\"O Arcanjo no ar\",\"description\":\"Site da Par\u00f3quia S\u00e3o Miguel Arcanjo (Arquidiocese de SP)\",\"publisher\":{\"@id\":\"https:\/\/www.oarcanjo.net\/site\/#organization\"},\"potentialAction\":[{\"@type\":\"SearchAction\",\"target\":{\"@type\":\"EntryPoint\",\"urlTemplate\":\"https:\/\/www.oarcanjo.net\/site\/?s={search_term_string}\"},\"query-input\":{\"@type\":\"PropertyValueSpecification\",\"valueRequired\":true,\"valueName\":\"search_term_string\"}}],\"inLanguage\":\"pt-BR\"},{\"@type\":\"Organization\",\"@id\":\"https:\/\/www.oarcanjo.net\/site\/#organization\",\"name\":\"Par\u00f3quia S\u00e3o Miguel Arcanjo\",\"url\":\"https:\/\/www.oarcanjo.net\/site\/\",\"logo\":{\"@type\":\"ImageObject\",\"inLanguage\":\"pt-BR\",\"@id\":\"https:\/\/www.oarcanjo.net\/site\/#\/schema\/logo\/image\/\",\"url\":\"https:\/\/www.oarcanjo.net\/site\/wp-content\/uploads\/LogoOArcanjo.png\",\"contentUrl\":\"https:\/\/www.oarcanjo.net\/site\/wp-content\/uploads\/LogoOArcanjo.png\",\"width\":319,\"height\":99,\"caption\":\"Par\u00f3quia S\u00e3o Miguel Arcanjo\"},\"image\":{\"@id\":\"https:\/\/www.oarcanjo.net\/site\/#\/schema\/logo\/image\/\"},\"sameAs\":[\"https:\/\/www.facebook.com\/OArcanjoNoAr\/\"]},{\"@type\":\"Person\",\"@id\":\"https:\/\/www.oarcanjo.net\/site\/#\/schema\/person\/5eb9480bedd2f3c97e430ce128c29c6c\",\"name\":\"danilo\"}]}<\/script>\n<!-- \/ Yoast SEO plugin. -->","yoast_head_json":{"title":"S\u00e3o Serafim de Montegranaro - O Arcanjo no ar","robots":{"index":"index","follow":"follow","max-snippet":"max-snippet:-1","max-image-preview":"max-image-preview:large","max-video-preview":"max-video-preview:-1"},"canonical":"https:\/\/www.oarcanjo.net\/site\/sao-serafim-de-montegranaro\/","og_locale":"pt_BR","og_type":"article","og_title":"S\u00e3o Serafim de Montegranaro - O Arcanjo no ar","og_description":"12 de Outubro S\u00e3o Serafim nasceu em 1540, em Montegranaro, nas Marcas. Foram seus pais Jer\u00f3nimo Rapagnano e Teodora Giovannuzzi. Eram de humilde condi\u00e7\u00e3o e crist\u00e3os fervorosos. Dada a pobreza da sua fam\u00edlia, trabalhou, durante algum tempo, como criado na casa de um lavrador, que lhe encomendou a guarda dos seus rebanhos. Como sucedeu com [&hellip;]","og_url":"https:\/\/www.oarcanjo.net\/site\/sao-serafim-de-montegranaro\/","og_site_name":"O Arcanjo no ar","article_publisher":"https:\/\/www.facebook.com\/OArcanjoNoAr\/","article_published_time":"2017-10-12T03:14:28+00:00","article_modified_time":"2017-07-31T19:11:00+00:00","og_image":[{"url":"http:\/\/www.derradeirasgracas.com\/images\/1.%20O%20Santo%20do%20Dia%20-%20Fotos\/Santos%20de%20Outubro%20-%20Fotos\/S%C3%A3o%20Serafim%20de%20Montegranaro.gif"}],"author":"danilo","twitter_card":"summary_large_image","twitter_misc":{"Escrito por":"danilo","Est. tempo de leitura":"3 minutos"},"schema":{"@context":"https:\/\/schema.org","@graph":[{"@type":"Article","@id":"https:\/\/www.oarcanjo.net\/site\/sao-serafim-de-montegranaro\/#article","isPartOf":{"@id":"https:\/\/www.oarcanjo.net\/site\/sao-serafim-de-montegranaro\/"},"author":{"name":"danilo","@id":"https:\/\/www.oarcanjo.net\/site\/#\/schema\/person\/5eb9480bedd2f3c97e430ce128c29c6c"},"headline":"S\u00e3o Serafim de Montegranaro","datePublished":"2017-10-12T03:14:28+00:00","dateModified":"2017-07-31T19:11:00+00:00","mainEntityOfPage":{"@id":"https:\/\/www.oarcanjo.net\/site\/sao-serafim-de-montegranaro\/"},"wordCount":523,"commentCount":0,"publisher":{"@id":"https:\/\/www.oarcanjo.net\/site\/#organization"},"image":{"@id":"https:\/\/www.oarcanjo.net\/site\/sao-serafim-de-montegranaro\/#primaryimage"},"thumbnailUrl":"http:\/\/www.derradeirasgracas.com\/images\/1.%20O%20Santo%20do%20Dia%20-%20Fotos\/Santos%20de%20Outubro%20-%20Fotos\/S%C3%A3o%20Serafim%20de%20Montegranaro.gif","articleSection":["Testemunhos"],"inLanguage":"pt-BR","potentialAction":[{"@type":"CommentAction","name":"Comment","target":["https:\/\/www.oarcanjo.net\/site\/sao-serafim-de-montegranaro\/#respond"]}]},{"@type":"WebPage","@id":"https:\/\/www.oarcanjo.net\/site\/sao-serafim-de-montegranaro\/","url":"https:\/\/www.oarcanjo.net\/site\/sao-serafim-de-montegranaro\/","name":"S\u00e3o Serafim de Montegranaro - O Arcanjo no ar","isPartOf":{"@id":"https:\/\/www.oarcanjo.net\/site\/#website"},"primaryImageOfPage":{"@id":"https:\/\/www.oarcanjo.net\/site\/sao-serafim-de-montegranaro\/#primaryimage"},"image":{"@id":"https:\/\/www.oarcanjo.net\/site\/sao-serafim-de-montegranaro\/#primaryimage"},"thumbnailUrl":"http:\/\/www.derradeirasgracas.com\/images\/1.%20O%20Santo%20do%20Dia%20-%20Fotos\/Santos%20de%20Outubro%20-%20Fotos\/S%C3%A3o%20Serafim%20de%20Montegranaro.gif","datePublished":"2017-10-12T03:14:28+00:00","dateModified":"2017-07-31T19:11:00+00:00","breadcrumb":{"@id":"https:\/\/www.oarcanjo.net\/site\/sao-serafim-de-montegranaro\/#breadcrumb"},"inLanguage":"pt-BR","potentialAction":[{"@type":"ReadAction","target":["https:\/\/www.oarcanjo.net\/site\/sao-serafim-de-montegranaro\/"]}]},{"@type":"ImageObject","inLanguage":"pt-BR","@id":"https:\/\/www.oarcanjo.net\/site\/sao-serafim-de-montegranaro\/#primaryimage","url":"http:\/\/www.derradeirasgracas.com\/images\/1.%20O%20Santo%20do%20Dia%20-%20Fotos\/Santos%20de%20Outubro%20-%20Fotos\/S%C3%A3o%20Serafim%20de%20Montegranaro.gif","contentUrl":"http:\/\/www.derradeirasgracas.com\/images\/1.%20O%20Santo%20do%20Dia%20-%20Fotos\/Santos%20de%20Outubro%20-%20Fotos\/S%C3%A3o%20Serafim%20de%20Montegranaro.gif"},{"@type":"BreadcrumbList","@id":"https:\/\/www.oarcanjo.net\/site\/sao-serafim-de-montegranaro\/#breadcrumb","itemListElement":[{"@type":"ListItem","position":1,"name":"In\u00edcio","item":"https:\/\/www.oarcanjo.net\/site\/"},{"@type":"ListItem","position":2,"name":"S\u00e3o Serafim de Montegranaro"}]},{"@type":"WebSite","@id":"https:\/\/www.oarcanjo.net\/site\/#website","url":"https:\/\/www.oarcanjo.net\/site\/","name":"O Arcanjo no ar","description":"Site da Par\u00f3quia S\u00e3o Miguel Arcanjo (Arquidiocese de SP)","publisher":{"@id":"https:\/\/www.oarcanjo.net\/site\/#organization"},"potentialAction":[{"@type":"SearchAction","target":{"@type":"EntryPoint","urlTemplate":"https:\/\/www.oarcanjo.net\/site\/?s={search_term_string}"},"query-input":{"@type":"PropertyValueSpecification","valueRequired":true,"valueName":"search_term_string"}}],"inLanguage":"pt-BR"},{"@type":"Organization","@id":"https:\/\/www.oarcanjo.net\/site\/#organization","name":"Par\u00f3quia S\u00e3o Miguel Arcanjo","url":"https:\/\/www.oarcanjo.net\/site\/","logo":{"@type":"ImageObject","inLanguage":"pt-BR","@id":"https:\/\/www.oarcanjo.net\/site\/#\/schema\/logo\/image\/","url":"https:\/\/www.oarcanjo.net\/site\/wp-content\/uploads\/LogoOArcanjo.png","contentUrl":"https:\/\/www.oarcanjo.net\/site\/wp-content\/uploads\/LogoOArcanjo.png","width":319,"height":99,"caption":"Par\u00f3quia S\u00e3o Miguel Arcanjo"},"image":{"@id":"https:\/\/www.oarcanjo.net\/site\/#\/schema\/logo\/image\/"},"sameAs":["https:\/\/www.facebook.com\/OArcanjoNoAr\/"]},{"@type":"Person","@id":"https:\/\/www.oarcanjo.net\/site\/#\/schema\/person\/5eb9480bedd2f3c97e430ce128c29c6c","name":"danilo"}]}},"publishpress_future_action":{"enabled":false,"date":"2026-05-08 22:08:12","action":"category","newStatus":"draft","terms":[],"taxonomy":"category"},"publishpress_future_workflow_manual_trigger":{"enabledWorkflows":[]},"_links":{"self":[{"href":"https:\/\/www.oarcanjo.net\/site\/wp-json\/wp\/v2\/posts\/11305"}],"collection":[{"href":"https:\/\/www.oarcanjo.net\/site\/wp-json\/wp\/v2\/posts"}],"about":[{"href":"https:\/\/www.oarcanjo.net\/site\/wp-json\/wp\/v2\/types\/post"}],"author":[{"embeddable":true,"href":"https:\/\/www.oarcanjo.net\/site\/wp-json\/wp\/v2\/users\/14"}],"replies":[{"embeddable":true,"href":"https:\/\/www.oarcanjo.net\/site\/wp-json\/wp\/v2\/comments?post=11305"}],"version-history":[{"count":0,"href":"https:\/\/www.oarcanjo.net\/site\/wp-json\/wp\/v2\/posts\/11305\/revisions"}],"wp:attachment":[{"href":"https:\/\/www.oarcanjo.net\/site\/wp-json\/wp\/v2\/media?parent=11305"}],"wp:term":[{"taxonomy":"category","embeddable":true,"href":"https:\/\/www.oarcanjo.net\/site\/wp-json\/wp\/v2\/categories?post=11305"},{"taxonomy":"post_tag","embeddable":true,"href":"https:\/\/www.oarcanjo.net\/site\/wp-json\/wp\/v2\/tags?post=11305"}],"curies":[{"name":"wp","href":"https:\/\/api.w.org\/{rel}","templated":true}]}}