
{"id":11309,"date":"2017-10-12T00:19:48","date_gmt":"2017-10-12T03:19:48","guid":{"rendered":"http:\/\/www.oarcanjo.net\/site\/?p=11309"},"modified":"2017-07-31T16:10:23","modified_gmt":"2017-07-31T19:10:23","slug":"nossa-senhora-aparecida","status":"publish","type":"post","link":"https:\/\/www.oarcanjo.net\/site\/nossa-senhora-aparecida\/","title":{"rendered":"Nossa Senhora Aparecida"},"content":{"rendered":"<p><img loading=\"lazy\" decoding=\"async\" class=\"alignnone size-full wp-image-52568\" src=\"http:\/\/www.oarcanjo.net\/site\/wp-content\/uploads\/Nossa-Senhora-Aparecida.jpg\" alt=\"Nossa Senhora Aparecida\" width=\"300\" height=\"400\" srcset=\"https:\/\/www.oarcanjo.net\/site\/wp-content\/uploads\/Nossa-Senhora-Aparecida.jpg 300w, https:\/\/www.oarcanjo.net\/site\/wp-content\/uploads\/Nossa-Senhora-Aparecida-225x300.jpg 225w\" sizes=\"(max-width: 300px) 100vw, 300px\" \/><\/p>\n<p>12 de Outubro<\/p>\n<p>Nossa Senhora Aparecida Padroeira do Brasil<\/p>\n<p>N\u00e3o bastasse ser um dos maiores pa\u00edses cat\u00f3licos do planeta, o Brasil tem tamb\u00e9m um dos maiores centros de peregrina\u00e7\u00e3o mariana da cristandade do mundo. Trata-se, \u00e9 claro, do Santu\u00e1rio de Nossa Senhora Aparecida, em Aparecida, S\u00e3o Paulo. A cidade foi batizada com o nome da Senhora, &#8220;aparecida&#8221; das \u00e1guas, mas o Brasil inteiro tamb\u00e9m recebeu sua b\u00ean\u00e7\u00e3o desde o nascimento, gra\u00e7as aos descobridores e colonizadores que a tinham como advogada junto a Deus nas desventuras das expedi\u00e7\u00f5es. A f\u00e9 na Virgem Maria cresceu com os s\u00e9culos e a confian\u00e7a n\u00e3o esmoreceu, s\u00f3 se fortaleceu.<\/p>\n<p>Em 1717, quando da visita do governador a Guaratinguet\u00e1, foi ordenado aos pescadores que recolhessem do rio Para\u00edba a maior quantidade poss\u00edvel de peixes, para que toda a comitiva pudesse ser alimentada e festejada com uma grande recep\u00e7\u00e3o. Todos se lan\u00e7aram \u00e0s \u00e1guas com suas redes. Tr\u00eas deles, Domingos Garcia, Jo\u00e3o Alves e Filipe Pedroso, partiram juntos com suas canoas e juntos tamb\u00e9m lan\u00e7aram as redes por horas e horas, sem pegar um \u00fanico peixe. De repente, na rede de Jo\u00e3o Alves apareceu o corpo da imagem de uma santa. Outra vez lan\u00e7ada a rede, e a cabe\u00e7a da imagem vem tamb\u00e9m para bordo. A partir da\u00ed, os tr\u00eas pescaram tanto que quase afundaram por causa da quantidade de peixes.<\/p>\n<p><img loading=\"lazy\" decoding=\"async\" src=\"http:\/\/www.culturabrasil.org\/imagens\/pescador.jpg\" alt=\"Imagem Original de Chico Santeiro\" width=\"330\" height=\"250\" align=\"right\" border=\"0\" \/><\/p>\n<p>A pesca, milagrosa, eles atribu\u00edram \u00e0 imagem da santa. Ao regressarem foram para a casa de Filipe Pedroso e, ao limparem a imagem com cuidado, viram que se tratava de Nossa Senhora da Imaculada Concei\u00e7\u00e3o, de cor escura. Ent\u00e3o, cobriram-na com um manto e a colocaram num pequeno altar dentro de casa, onde passaram a fazer suas ora\u00e7\u00f5es di\u00e1rias. A novidade se espalhou e todos da vizinhan\u00e7a acorriam para rezar diante dela. Invocada pelos devotos como &#8220;Aparecida&#8221; das \u00e1guas, durante quinze anos seguidos, a imagem ficou na casa da fam\u00edlia daquele pescador.<\/p>\n<p>A devo\u00e7\u00e3o foi crescendo no meio do povo e muitas gra\u00e7as foram alcan\u00e7adas por todos aqueles que rezavam diante da imagem. Eram tantos os devotos que acorriam ao local que, em 1732, a fam\u00edlia de Filipe construiu o primeiro orat\u00f3rio. Mas a fama dos prodigiosos poderes de Nossa Senhora Aparecida foi se espalhando at\u00e9 atingir todos os recantos do Brasil. Assim, foi necess\u00e1rio, ent\u00e3o, construir uma pequena capela, em seguida uma sucess\u00e3o de outras capelas cada vez maiores. At\u00e9 que o local se tornou a cidade de hoje. Em 1888, houve a b\u00ean\u00e7\u00e3o do primeiro templo, que existe at\u00e9 hoje, conhecido como &#8220;Bas\u00edlica Velha&#8221;.<\/p>\n<p>A primeira grande peregrina\u00e7\u00e3o de cat\u00f3licos &#8220;de fora&#8221;, oficial e historicamente registrada, aconteceu em 1900. Eram mil e duzentos peregrinos viajando de trem desde S\u00e3o Paulo, liderados por seu bispo. Atualmente, s\u00e3o milh\u00f5es de peregrinos vindos, diariamente, de todos os estados do pa\u00eds e de v\u00e1rias outras na\u00e7\u00f5es cat\u00f3licas, especialmente das Am\u00e9ricas. A atual Catedral-Bas\u00edlica de Nossa Senhora Aparecida, conhecida como &#8220;Bas\u00edlica Nova&#8221;, foi consagrada pessoalmente pelo papa Jo\u00e3o Paulo II, em 1980, quando de sua primeira visita ao Brasil.<\/p>\n<p>Quanto ao amor do nosso povo por Maria, em 1904 a imagem foi coroada, simbolizando a eleva\u00e7\u00e3o da Senhora como eterna &#8220;Rainha do Brasil&#8221;, com todo o apoio popular. A coroa foi oferecida pela princesa Isabel. Foi tamb\u00e9m por aclama\u00e7\u00e3o popular e a pedido dos bispos brasileiros que, em 1930, o papa Pio XI proclamou solenemente Nossa Senhora Aparecida a &#8220;padroeira oficial do Brasil&#8221;. O dia de sua festa, 12 de outubro, desde 1988 \u00e9 feriado nacional.<\/p>\n<p><strong><span style=\"color: #ff0000;font-size: small\">PRIMEIROS MILAGRES<\/span> <\/strong><\/p>\n<hr \/>\n<p><img loading=\"lazy\" decoding=\"async\" src=\"http:\/\/www.culturabrasil.org\/imagens\/milagrevelas.jpg\" alt=\"Imagem Original de Chico Santeiro\" width=\"330\" height=\"250\" align=\"right\" border=\"0\" \/><span style=\"color: #0000ff;font-size: x-small\">MILAGRE DAS VELAS<\/span><br \/>\n<span style=\"font-size: xx-small\"><span style=\"font-size: xx-small\">Estando a noite serena, repentinamente as duas velas que iluminavam a Santa se apagaram. Houve espanto entre os devotos, e Silvana da Rocha, querendo acend\u00ea-las novamente, nem tentou, pois elas acenderam por si mesmas. Este foi o primeiro milagre de Nossa Senhora.<\/span><\/span><\/p>\n<hr \/>\n<p><span style=\"font-size: xx-small\"><span style=\"font-size: xx-small\"><img loading=\"lazy\" decoding=\"async\" src=\"http:\/\/www.culturabrasil.org\/imagens\/milagrecorr.jpg\" alt=\"Imagem Original de Chico Santeiro\" width=\"330\" height=\"250\" align=\"left\" border=\"0\" \/><span style=\"color: #0000ff;font-size: x-small\"><strong>CAEM AS CORRENTES<\/strong><\/span><br \/>\nEm meados de 1850, um escravo chamado Zacarias, preso por grossas correntes, ao passar pelo Santu\u00e1rio, pede ao feitor permiss\u00e3o para rezar \u00e0 Nossa Senhora Aparecida. Recebendo autoriza\u00e7\u00e3o, o escravo se ajoelha e reza contrito. As correntes, milagrosamente, soltam-se de seus pulsos deixando Zacarias livre.<\/span><\/span><\/p>\n<hr \/>\n<p><span style=\"font-size: xx-small\"><span style=\"font-size: xx-small\"><img loading=\"lazy\" decoding=\"async\" src=\"http:\/\/www.culturabrasil.org\/imagens\/milagrecav.jpg\" alt=\"Imagem Original de Chico Santeiro\" width=\"330\" height=\"250\" align=\"right\" border=\"0\" \/><span style=\"color: #0000ff;font-size: x-small\"><strong>O CAVALEIRO SEM F\u00c9<\/strong><\/span><br \/>\nUm cavaleiro de Cuiab\u00e1, passando por Aparecida, ao se dirigir para Minas Gerais, viu a f\u00e9 dos romeiros e come\u00e7ou a zombar, dizendo, que aquela f\u00e9 era uma bobagem. Quis provar o que dizia, entrando a cavalo na igreja. N\u00e3o conseguiu. A pata de seu cavalo se prendeu na pedra da escadaria da igreja ( Bas\u00edlica Velha ), e o cavaleiro arrependido, entrou na igreja como devoto.<\/span><\/span><\/p>\n<hr \/>\n<p><span style=\"font-size: xx-small\"><span style=\"font-size: xx-small\"><img loading=\"lazy\" decoding=\"async\" src=\"http:\/\/www.culturabrasil.org\/imagens\/milagrecega.jpg\" alt=\"Imagem Original de Chico Santeiro\" width=\"330\" height=\"250\" align=\"left\" border=\"0\" \/><span style=\"color: #0000ff;font-size: x-small\"><strong>A MENINA CEGA<\/strong><\/span><br \/>\nM\u00e3e e filha caminhavam \u00e0s margens do rio Para\u00edba, quando surpreendentemente a filha cega de nascen\u00e7a comenta surpresa com a m\u00e3e : &#8220;M\u00e3e como \u00e9 linda esta igreja&#8221; (Bas\u00edlica Velha).<\/span><\/span><\/p>\n<hr \/>\n<p><span style=\"font-size: xx-small\"><span style=\"font-size: xx-small\"><img loading=\"lazy\" decoding=\"async\" src=\"http:\/\/www.culturabrasil.org\/imagens\/milagreafo.jpg\" alt=\"Imagem Original de Chico Santeiro\" width=\"330\" height=\"250\" align=\"right\" border=\"0\" \/><span style=\"color: #0000ff;font-size: x-small\"><strong>MENINO NO RIO<\/strong><\/span><br \/>\nO Pai e o filho foram pescar, durante a pescaria a correnteza estava muito forte e por um descuido o menino caiu no rio e n\u00e3o sabia nadar, a correnteza o arrastava cada vez mais r\u00e1pido e o pai desesperado pede a Nossa Senhora Aparecida para salvar o menino. De <span style=\"font-size: xx-small\">repente o corpo do menino para de ser arrastado, enquanto a forte correnteza continua e o pai salva o menino.<\/span><\/span><\/span><\/p>\n<hr \/>\n<p><span style=\"font-size: xx-small\"><span style=\"font-size: xx-small\"><span style=\"font-size: xx-small\"><img loading=\"lazy\" decoding=\"async\" src=\"http:\/\/www.culturabrasil.org\/imagens\/milagreonca.jpg\" alt=\"Imagem Original de Chico Santeiro\" width=\"324\" height=\"243\" align=\"left\" border=\"0\" \/><span style=\"color: #0000ff;font-size: x-small\"><strong>O CA\u00c7ADOR<\/strong><\/span><br \/>\nUm ca\u00e7ador estava voltado de sua ca\u00e7ada j\u00e1 sem muni\u00e7\u00e3o, derepente ele se deparou com uma enorme on\u00e7a. Ele se viu encurralado e a on\u00e7a estava prestes a atacar, ent\u00e3o o ca\u00e7ador pede desesperado a Nossa Senhora Aparecida por sua vida, a on\u00e7a vira e vai embora<\/span><\/span><\/span><\/p>\n<p><img loading=\"lazy\" decoding=\"async\" src=\"http:\/\/nossasenhoraaparecida.brwww.com.br\/wp-content\/uploads\/2009\/11\/250px-Santuario_nacional.jpg\" alt=\"250px-Santuario_nacional\" width=\"250\" height=\"162\" \/><\/p>\n<p>A Bas\u00edlica de Nossa Senhora Aparecida, tamb\u00e9m conhecido como Santu\u00e1rio Nacional de Nossa Senhora da Concei\u00e7\u00e3o Aparecida, fica localizada na cidade de Aparecida, no interior do Estado de S\u00e3o Paulo, Brasil. \u00c9 o terceiro maior templo cat\u00f3lico do mundo. Foi inaugurada em 4 de julho de 1980 quando Jo\u00e3o Paulo II visitou o Brasil pela primeira vez. Em outra de suas visitas, passando por Aparecida, aben\u00e7oou o Santu\u00e1rio e, em 1984, a CNBB, Confer\u00eancia Nacional dos Bispos do Brasil, elevou a Nova Bas\u00edlica a Santu\u00e1rio Nacional. Localiza-se no centro da cidade, tendo como acesso a \u201cPassarela da F\u00e9\u201d, que liga a bas\u00edlica atual com a antiga, ambas visitadas por romeiros.<\/p>\n<p>&nbsp;<\/p>\n<div id=\"themify_builder_content-11309\" data-postid=\"11309\" class=\"themify_builder_content themify_builder_content-11309 themify_builder themify_builder_front\">\n\t<\/div>\n<!-- \/themify_builder_content -->","protected":false},"excerpt":{"rendered":"<p>12 de Outubro Nossa Senhora Aparecida Padroeira do Brasil N\u00e3o bastasse ser um dos maiores pa\u00edses cat\u00f3licos do planeta, o Brasil tem tamb\u00e9m um dos maiores centros de peregrina\u00e7\u00e3o mariana da cristandade do mundo. Trata-se, \u00e9 claro, do Santu\u00e1rio de Nossa Senhora Aparecida, em Aparecida, S\u00e3o Paulo. A cidade foi batizada com o nome da [&hellip;]<\/p>\n","protected":false},"author":14,"featured_media":0,"comment_status":"open","ping_status":"open","sticky":false,"template":"","format":"standard","meta":{"ngg_post_thumbnail":0,"footnotes":""},"categories":[186],"tags":[],"yoast_head":"<!-- This site is optimized with the Yoast SEO plugin v23.5 - https:\/\/yoast.com\/wordpress\/plugins\/seo\/ -->\n<title>Nossa Senhora Aparecida - O Arcanjo no ar<\/title>\n<meta name=\"robots\" content=\"index, follow, max-snippet:-1, max-image-preview:large, max-video-preview:-1\" \/>\n<link rel=\"canonical\" href=\"https:\/\/www.oarcanjo.net\/site\/nossa-senhora-aparecida\/\" \/>\n<meta property=\"og:locale\" content=\"pt_BR\" \/>\n<meta property=\"og:type\" content=\"article\" \/>\n<meta property=\"og:title\" content=\"Nossa Senhora Aparecida - O Arcanjo no ar\" \/>\n<meta property=\"og:description\" content=\"12 de Outubro Nossa Senhora Aparecida Padroeira do Brasil N\u00e3o bastasse ser um dos maiores pa\u00edses cat\u00f3licos do planeta, o Brasil tem tamb\u00e9m um dos maiores centros de peregrina\u00e7\u00e3o mariana da cristandade do mundo. Trata-se, \u00e9 claro, do Santu\u00e1rio de Nossa Senhora Aparecida, em Aparecida, S\u00e3o Paulo. A cidade foi batizada com o nome da [&hellip;]\" \/>\n<meta property=\"og:url\" content=\"https:\/\/www.oarcanjo.net\/site\/nossa-senhora-aparecida\/\" \/>\n<meta property=\"og:site_name\" content=\"O Arcanjo no ar\" \/>\n<meta property=\"article:publisher\" content=\"https:\/\/www.facebook.com\/OArcanjoNoAr\/\" \/>\n<meta property=\"article:published_time\" content=\"2017-10-12T03:19:48+00:00\" \/>\n<meta property=\"article:modified_time\" content=\"2017-07-31T19:10:23+00:00\" \/>\n<meta property=\"og:image\" content=\"http:\/\/www.oarcanjo.net\/site\/wp-content\/uploads\/Nossa-Senhora-Aparecida.jpg\" \/>\n<meta name=\"author\" content=\"danilo\" \/>\n<meta name=\"twitter:card\" content=\"summary_large_image\" \/>\n<meta name=\"twitter:label1\" content=\"Escrito por\" \/>\n\t<meta name=\"twitter:data1\" content=\"danilo\" \/>\n\t<meta name=\"twitter:label2\" content=\"Est. tempo de leitura\" \/>\n\t<meta name=\"twitter:data2\" content=\"5 minutos\" \/>\n<script type=\"application\/ld+json\" class=\"yoast-schema-graph\">{\"@context\":\"https:\/\/schema.org\",\"@graph\":[{\"@type\":\"Article\",\"@id\":\"https:\/\/www.oarcanjo.net\/site\/nossa-senhora-aparecida\/#article\",\"isPartOf\":{\"@id\":\"https:\/\/www.oarcanjo.net\/site\/nossa-senhora-aparecida\/\"},\"author\":{\"name\":\"danilo\",\"@id\":\"https:\/\/www.oarcanjo.net\/site\/#\/schema\/person\/5eb9480bedd2f3c97e430ce128c29c6c\"},\"headline\":\"Nossa Senhora Aparecida\",\"datePublished\":\"2017-10-12T03:19:48+00:00\",\"dateModified\":\"2017-07-31T19:10:23+00:00\",\"mainEntityOfPage\":{\"@id\":\"https:\/\/www.oarcanjo.net\/site\/nossa-senhora-aparecida\/\"},\"wordCount\":1088,\"commentCount\":3,\"publisher\":{\"@id\":\"https:\/\/www.oarcanjo.net\/site\/#organization\"},\"image\":{\"@id\":\"https:\/\/www.oarcanjo.net\/site\/nossa-senhora-aparecida\/#primaryimage\"},\"thumbnailUrl\":\"http:\/\/www.oarcanjo.net\/site\/wp-content\/uploads\/Nossa-Senhora-Aparecida.jpg\",\"articleSection\":[\"Testemunhos\"],\"inLanguage\":\"pt-BR\",\"potentialAction\":[{\"@type\":\"CommentAction\",\"name\":\"Comment\",\"target\":[\"https:\/\/www.oarcanjo.net\/site\/nossa-senhora-aparecida\/#respond\"]}]},{\"@type\":\"WebPage\",\"@id\":\"https:\/\/www.oarcanjo.net\/site\/nossa-senhora-aparecida\/\",\"url\":\"https:\/\/www.oarcanjo.net\/site\/nossa-senhora-aparecida\/\",\"name\":\"Nossa Senhora Aparecida - O Arcanjo no ar\",\"isPartOf\":{\"@id\":\"https:\/\/www.oarcanjo.net\/site\/#website\"},\"primaryImageOfPage\":{\"@id\":\"https:\/\/www.oarcanjo.net\/site\/nossa-senhora-aparecida\/#primaryimage\"},\"image\":{\"@id\":\"https:\/\/www.oarcanjo.net\/site\/nossa-senhora-aparecida\/#primaryimage\"},\"thumbnailUrl\":\"http:\/\/www.oarcanjo.net\/site\/wp-content\/uploads\/Nossa-Senhora-Aparecida.jpg\",\"datePublished\":\"2017-10-12T03:19:48+00:00\",\"dateModified\":\"2017-07-31T19:10:23+00:00\",\"breadcrumb\":{\"@id\":\"https:\/\/www.oarcanjo.net\/site\/nossa-senhora-aparecida\/#breadcrumb\"},\"inLanguage\":\"pt-BR\",\"potentialAction\":[{\"@type\":\"ReadAction\",\"target\":[\"https:\/\/www.oarcanjo.net\/site\/nossa-senhora-aparecida\/\"]}]},{\"@type\":\"ImageObject\",\"inLanguage\":\"pt-BR\",\"@id\":\"https:\/\/www.oarcanjo.net\/site\/nossa-senhora-aparecida\/#primaryimage\",\"url\":\"https:\/\/www.oarcanjo.net\/site\/wp-content\/uploads\/Nossa-Senhora-Aparecida.jpg\",\"contentUrl\":\"https:\/\/www.oarcanjo.net\/site\/wp-content\/uploads\/Nossa-Senhora-Aparecida.jpg\",\"width\":300,\"height\":400,\"caption\":\"Nossa Senhora Aparecida\"},{\"@type\":\"BreadcrumbList\",\"@id\":\"https:\/\/www.oarcanjo.net\/site\/nossa-senhora-aparecida\/#breadcrumb\",\"itemListElement\":[{\"@type\":\"ListItem\",\"position\":1,\"name\":\"In\u00edcio\",\"item\":\"https:\/\/www.oarcanjo.net\/site\/\"},{\"@type\":\"ListItem\",\"position\":2,\"name\":\"Nossa Senhora Aparecida\"}]},{\"@type\":\"WebSite\",\"@id\":\"https:\/\/www.oarcanjo.net\/site\/#website\",\"url\":\"https:\/\/www.oarcanjo.net\/site\/\",\"name\":\"O Arcanjo no ar\",\"description\":\"Site da Par\u00f3quia S\u00e3o Miguel Arcanjo (Arquidiocese de SP)\",\"publisher\":{\"@id\":\"https:\/\/www.oarcanjo.net\/site\/#organization\"},\"potentialAction\":[{\"@type\":\"SearchAction\",\"target\":{\"@type\":\"EntryPoint\",\"urlTemplate\":\"https:\/\/www.oarcanjo.net\/site\/?s={search_term_string}\"},\"query-input\":{\"@type\":\"PropertyValueSpecification\",\"valueRequired\":true,\"valueName\":\"search_term_string\"}}],\"inLanguage\":\"pt-BR\"},{\"@type\":\"Organization\",\"@id\":\"https:\/\/www.oarcanjo.net\/site\/#organization\",\"name\":\"Par\u00f3quia S\u00e3o Miguel Arcanjo\",\"url\":\"https:\/\/www.oarcanjo.net\/site\/\",\"logo\":{\"@type\":\"ImageObject\",\"inLanguage\":\"pt-BR\",\"@id\":\"https:\/\/www.oarcanjo.net\/site\/#\/schema\/logo\/image\/\",\"url\":\"https:\/\/www.oarcanjo.net\/site\/wp-content\/uploads\/LogoOArcanjo.png\",\"contentUrl\":\"https:\/\/www.oarcanjo.net\/site\/wp-content\/uploads\/LogoOArcanjo.png\",\"width\":319,\"height\":99,\"caption\":\"Par\u00f3quia S\u00e3o Miguel Arcanjo\"},\"image\":{\"@id\":\"https:\/\/www.oarcanjo.net\/site\/#\/schema\/logo\/image\/\"},\"sameAs\":[\"https:\/\/www.facebook.com\/OArcanjoNoAr\/\"]},{\"@type\":\"Person\",\"@id\":\"https:\/\/www.oarcanjo.net\/site\/#\/schema\/person\/5eb9480bedd2f3c97e430ce128c29c6c\",\"name\":\"danilo\"}]}<\/script>\n<!-- \/ Yoast SEO plugin. -->","yoast_head_json":{"title":"Nossa Senhora Aparecida - O Arcanjo no ar","robots":{"index":"index","follow":"follow","max-snippet":"max-snippet:-1","max-image-preview":"max-image-preview:large","max-video-preview":"max-video-preview:-1"},"canonical":"https:\/\/www.oarcanjo.net\/site\/nossa-senhora-aparecida\/","og_locale":"pt_BR","og_type":"article","og_title":"Nossa Senhora Aparecida - O Arcanjo no ar","og_description":"12 de Outubro Nossa Senhora Aparecida Padroeira do Brasil N\u00e3o bastasse ser um dos maiores pa\u00edses cat\u00f3licos do planeta, o Brasil tem tamb\u00e9m um dos maiores centros de peregrina\u00e7\u00e3o mariana da cristandade do mundo. Trata-se, \u00e9 claro, do Santu\u00e1rio de Nossa Senhora Aparecida, em Aparecida, S\u00e3o Paulo. A cidade foi batizada com o nome da [&hellip;]","og_url":"https:\/\/www.oarcanjo.net\/site\/nossa-senhora-aparecida\/","og_site_name":"O Arcanjo no ar","article_publisher":"https:\/\/www.facebook.com\/OArcanjoNoAr\/","article_published_time":"2017-10-12T03:19:48+00:00","article_modified_time":"2017-07-31T19:10:23+00:00","og_image":[{"url":"http:\/\/www.oarcanjo.net\/site\/wp-content\/uploads\/Nossa-Senhora-Aparecida.jpg"}],"author":"danilo","twitter_card":"summary_large_image","twitter_misc":{"Escrito por":"danilo","Est. tempo de leitura":"5 minutos"},"schema":{"@context":"https:\/\/schema.org","@graph":[{"@type":"Article","@id":"https:\/\/www.oarcanjo.net\/site\/nossa-senhora-aparecida\/#article","isPartOf":{"@id":"https:\/\/www.oarcanjo.net\/site\/nossa-senhora-aparecida\/"},"author":{"name":"danilo","@id":"https:\/\/www.oarcanjo.net\/site\/#\/schema\/person\/5eb9480bedd2f3c97e430ce128c29c6c"},"headline":"Nossa Senhora Aparecida","datePublished":"2017-10-12T03:19:48+00:00","dateModified":"2017-07-31T19:10:23+00:00","mainEntityOfPage":{"@id":"https:\/\/www.oarcanjo.net\/site\/nossa-senhora-aparecida\/"},"wordCount":1088,"commentCount":3,"publisher":{"@id":"https:\/\/www.oarcanjo.net\/site\/#organization"},"image":{"@id":"https:\/\/www.oarcanjo.net\/site\/nossa-senhora-aparecida\/#primaryimage"},"thumbnailUrl":"http:\/\/www.oarcanjo.net\/site\/wp-content\/uploads\/Nossa-Senhora-Aparecida.jpg","articleSection":["Testemunhos"],"inLanguage":"pt-BR","potentialAction":[{"@type":"CommentAction","name":"Comment","target":["https:\/\/www.oarcanjo.net\/site\/nossa-senhora-aparecida\/#respond"]}]},{"@type":"WebPage","@id":"https:\/\/www.oarcanjo.net\/site\/nossa-senhora-aparecida\/","url":"https:\/\/www.oarcanjo.net\/site\/nossa-senhora-aparecida\/","name":"Nossa Senhora Aparecida - O Arcanjo no ar","isPartOf":{"@id":"https:\/\/www.oarcanjo.net\/site\/#website"},"primaryImageOfPage":{"@id":"https:\/\/www.oarcanjo.net\/site\/nossa-senhora-aparecida\/#primaryimage"},"image":{"@id":"https:\/\/www.oarcanjo.net\/site\/nossa-senhora-aparecida\/#primaryimage"},"thumbnailUrl":"http:\/\/www.oarcanjo.net\/site\/wp-content\/uploads\/Nossa-Senhora-Aparecida.jpg","datePublished":"2017-10-12T03:19:48+00:00","dateModified":"2017-07-31T19:10:23+00:00","breadcrumb":{"@id":"https:\/\/www.oarcanjo.net\/site\/nossa-senhora-aparecida\/#breadcrumb"},"inLanguage":"pt-BR","potentialAction":[{"@type":"ReadAction","target":["https:\/\/www.oarcanjo.net\/site\/nossa-senhora-aparecida\/"]}]},{"@type":"ImageObject","inLanguage":"pt-BR","@id":"https:\/\/www.oarcanjo.net\/site\/nossa-senhora-aparecida\/#primaryimage","url":"https:\/\/www.oarcanjo.net\/site\/wp-content\/uploads\/Nossa-Senhora-Aparecida.jpg","contentUrl":"https:\/\/www.oarcanjo.net\/site\/wp-content\/uploads\/Nossa-Senhora-Aparecida.jpg","width":300,"height":400,"caption":"Nossa Senhora Aparecida"},{"@type":"BreadcrumbList","@id":"https:\/\/www.oarcanjo.net\/site\/nossa-senhora-aparecida\/#breadcrumb","itemListElement":[{"@type":"ListItem","position":1,"name":"In\u00edcio","item":"https:\/\/www.oarcanjo.net\/site\/"},{"@type":"ListItem","position":2,"name":"Nossa Senhora Aparecida"}]},{"@type":"WebSite","@id":"https:\/\/www.oarcanjo.net\/site\/#website","url":"https:\/\/www.oarcanjo.net\/site\/","name":"O Arcanjo no ar","description":"Site da Par\u00f3quia S\u00e3o Miguel Arcanjo (Arquidiocese de SP)","publisher":{"@id":"https:\/\/www.oarcanjo.net\/site\/#organization"},"potentialAction":[{"@type":"SearchAction","target":{"@type":"EntryPoint","urlTemplate":"https:\/\/www.oarcanjo.net\/site\/?s={search_term_string}"},"query-input":{"@type":"PropertyValueSpecification","valueRequired":true,"valueName":"search_term_string"}}],"inLanguage":"pt-BR"},{"@type":"Organization","@id":"https:\/\/www.oarcanjo.net\/site\/#organization","name":"Par\u00f3quia S\u00e3o Miguel Arcanjo","url":"https:\/\/www.oarcanjo.net\/site\/","logo":{"@type":"ImageObject","inLanguage":"pt-BR","@id":"https:\/\/www.oarcanjo.net\/site\/#\/schema\/logo\/image\/","url":"https:\/\/www.oarcanjo.net\/site\/wp-content\/uploads\/LogoOArcanjo.png","contentUrl":"https:\/\/www.oarcanjo.net\/site\/wp-content\/uploads\/LogoOArcanjo.png","width":319,"height":99,"caption":"Par\u00f3quia S\u00e3o Miguel Arcanjo"},"image":{"@id":"https:\/\/www.oarcanjo.net\/site\/#\/schema\/logo\/image\/"},"sameAs":["https:\/\/www.facebook.com\/OArcanjoNoAr\/"]},{"@type":"Person","@id":"https:\/\/www.oarcanjo.net\/site\/#\/schema\/person\/5eb9480bedd2f3c97e430ce128c29c6c","name":"danilo"}]}},"publishpress_future_action":{"enabled":false,"date":"2026-05-08 23:38:33","action":"category","newStatus":"draft","terms":[],"taxonomy":"category"},"publishpress_future_workflow_manual_trigger":{"enabledWorkflows":[]},"_links":{"self":[{"href":"https:\/\/www.oarcanjo.net\/site\/wp-json\/wp\/v2\/posts\/11309"}],"collection":[{"href":"https:\/\/www.oarcanjo.net\/site\/wp-json\/wp\/v2\/posts"}],"about":[{"href":"https:\/\/www.oarcanjo.net\/site\/wp-json\/wp\/v2\/types\/post"}],"author":[{"embeddable":true,"href":"https:\/\/www.oarcanjo.net\/site\/wp-json\/wp\/v2\/users\/14"}],"replies":[{"embeddable":true,"href":"https:\/\/www.oarcanjo.net\/site\/wp-json\/wp\/v2\/comments?post=11309"}],"version-history":[{"count":0,"href":"https:\/\/www.oarcanjo.net\/site\/wp-json\/wp\/v2\/posts\/11309\/revisions"}],"wp:attachment":[{"href":"https:\/\/www.oarcanjo.net\/site\/wp-json\/wp\/v2\/media?parent=11309"}],"wp:term":[{"taxonomy":"category","embeddable":true,"href":"https:\/\/www.oarcanjo.net\/site\/wp-json\/wp\/v2\/categories?post=11309"},{"taxonomy":"post_tag","embeddable":true,"href":"https:\/\/www.oarcanjo.net\/site\/wp-json\/wp\/v2\/tags?post=11309"}],"curies":[{"name":"wp","href":"https:\/\/api.w.org\/{rel}","templated":true}]}}