
{"id":11317,"date":"2017-10-13T00:58:58","date_gmt":"2017-10-13T03:58:58","guid":{"rendered":"http:\/\/www.oarcanjo.net\/site\/?p=11317"},"modified":"2017-08-11T14:53:55","modified_gmt":"2017-08-11T17:53:55","slug":"bem-aventurada-alexandrina-maria-da-costa","status":"publish","type":"post","link":"https:\/\/www.oarcanjo.net\/site\/bem-aventurada-alexandrina-maria-da-costa\/","title":{"rendered":"Bem Aventurada Alexandrina Maria da Costa"},"content":{"rendered":"<p><img decoding=\"async\" src=\"http:\/\/galeriaceleste.home.sapo.pt\/alexandrina_da-costa.jpg\" alt=\"\" \/><\/p>\n<p>13 de Outubro<\/p>\n<p>No dia 30 de mar\u00e7o de 1904, nasceu Alexandrina Maria da Costa na pequena cidade de Balazar, em P\u00f3voa de Varzim, Braga, Portugal. De fam\u00edlia camponesa muito pobre, tinha apenas uma irm\u00e3 mais velha, chamada Deolinda. Ambas foram educadas com amor pela m\u00e3e, Ana Maria e dentro da doutrina crist\u00e3.<\/p>\n<p>Alexandrina cresceu forte, inteligente, alegre e vivaz, teve uma inf\u00e2ncia feliz dentro da sua realidade. Em 1911, recebeu a primeira eucaristia e, como em Balazar n\u00e3o havia escola, foi com a irm\u00e3 Deolinda estudar em P\u00f3voa de Varzim. N\u00e3o chegaram a completar o estudo prim\u00e1rio, um ano e meio depois estavam de volta. Nessa ocasi\u00e3o, as duas irm\u00e3s receberam a crisma pelo bispo do Porto, depois foram para um local chamado &#8220;Calv\u00e1rio&#8221;, onde se fixaram.<\/p>\n<p>Elas viviam felizes, trabalhavam nos campos e se dedicavam \u00e0 costura. Eram estimadas e queridas pelas fam\u00edlias e colegas. Aos doze anos, por\u00e9m, Alexandrina quase morreu por uma grave infec\u00e7\u00e3o. A doen\u00e7a foi superada, mas a sua sa\u00fade ficou abalada.<\/p>\n<p>Em 1918, Alexandrina e sua irm\u00e3 Deolinda e mais uma amiga aprendiz estavam na sala de costura, situada no piso superior da casa, quando tr\u00eas homens invadiram o local para molest\u00e1-las sexualmente. Alexandrina, para salvar a sua pureza, atirou-se pela janela, de uma altura de quatro metros. Assustados, os homens fugiram sem concluir suas inten\u00e7\u00f5es. Mas as conseq\u00fc\u00eancias foram terr\u00edveis, embora n\u00e3o imediatas.<\/p>\n<p>Alexandrina sofreu dores terr\u00edveis num processo longo, gradual e irrevers\u00edvel que a deixou paral\u00edtica. A partir do dia 14 de abril de 1925, Alexandrina nunca mais levantou da cama. Assim, paralisada, passou trinta anos de sua vida, embora nos tr\u00eas anos seguintes ela ainda pedisse a Deus, por intercess\u00e3o de Nossa Senhora, a gra\u00e7a da cura. Depois entendeu que a sua voca\u00e7\u00e3o era o sofrimento. Desde ent\u00e3o teve uma vida repleta de fen\u00f4menos m\u00edsticos, de grande uni\u00e3o com Cristo nos tabern\u00e1culos, por meio de Nossa Senhora.<\/p>\n<p>Quanto mais clara se tornava a sua voca\u00e7\u00e3o de v\u00edtima, mais crescia nela o amor ao sofrimento. Atingiu tal grau de espiritualidade que \u00e0s sextas-feiras vivia os sofrimentos da Paix\u00e3o de Cristo. Nesses dias, superando o estado habitual de paralisia, descia da cama e, com movimentos e gestos, acompanhados de angustiantes dores, repetia, por tr\u00eas horas e meia, os diversos momentos da &#8220;via crucis&#8221;.<\/p>\n<p>Desde 1934, orientada espiritualmente por um padre jesu\u00edta, passou a escrever tudo quanto lhe dizia Jesus durante seus \u00eaxtases contemplativos. Em 1936, segundo ela por ordem de Jesus, pediu ao papa a consagra\u00e7\u00e3o do mundo ao Cora\u00e7\u00e3o Imaculado de Maria. O pedido foi renovado v\u00e1rias vezes at\u00e9 1941, quando, ent\u00e3o, Alexandrina parou de escrever ao papa e tamb\u00e9m seu di\u00e1rio. A partir de 27 de mar\u00e7o de 1942, deixou de alimentar-se, vivendo exclusivamente da eucaristia. No ano seguinte, passou a ser estudada por uma junta m\u00e9dica.<\/p>\n<p>Em 1944, seu novo diretor espiritual, um padre salesiano, ap\u00f3s constatar a profundidade espiritual a que tinha chegado, animou Alexandrina a voltar a ditar o seu di\u00e1rio; o que ela fez at\u00e9 a morte. No mesmo ano ela se inscreveu na Uni\u00e3o dos Cooperadores Salesianos, querendo colaborar com o seu sofrimento e as suas ora\u00e7\u00f5es para a salva\u00e7\u00e3o das almas, sobretudo os jovens. Atra\u00eddas pela fama de santidade, muitas pessoas vindas de longe buscavam os conselhos da &#8220;rosa branca de Jesus&#8221;, como era tamb\u00e9m chamada pelos fi\u00e9is, que j\u00e1 veneravam em vida a &#8220;santinha de Balazar&#8221;.<\/p>\n<p>No dia 13 de outubro de 1955, Alexandrina morreu dizendo: &#8220;Sou feliz porque vou para o c\u00e9u&#8221;. A 25 de abril de 2004 foi proclamada Bem-aventurada pelo papa Jo\u00e3o Paulo II, que a prop\u00f4s como modelo dos que sofrem.<\/p>\n<p><img decoding=\"async\" src=\"http:\/\/aleximagerie.home.sapo.pt\/alex_092.jpg\" alt=\"\" \/><\/p>\n<h1>A casa<\/h1>\n<p>Com a beatifica\u00e7\u00e3o da Alexandrina, a sua casa e o recheio dela adquiriram tamb\u00e9m um estatuto diferente. J\u00e1 h\u00e1 muito o site dos Corazones.org falava dos \u00ab\u00a0lugares santos\u00a0\u00bb de Balasar, onde esta casa era inclu\u00edda. Com muito mais raz\u00e3o se pode agora falar de lugar santo e de rel\u00edquias. Uma visita bem orientada \u00e0 Casa da Alexandrina ensina muito sobre ela.<\/p>\n<p><strong>A casa da Alexandrina actualmente<\/strong><\/p>\n<p>Quando a D. Ana Costa recebeu esta habita\u00e7\u00e3o, ela era bem mais pequena do que \u00e9 hoje.<\/p>\n<h1>O quarto<\/h1>\n<p>Os visitantes da casa da Alexandrina t\u00eam uma compreens\u00edvel pressa de entrar no quarto. Hoje, ela n\u00e3o est\u00e1 l\u00e1 fisicamente, mas muitos ainda a visitaram e a ouviram maravilhados, quando, em certos per\u00edodos recebeu pessoas aos milhares. A\u00ed estiveram muit\u00edssimas vezes o Padre Pinho e o Padre Humberto, mas tamb\u00e9m o Dr. Ab\u00edlio de Carvalho, o Dr. El\u00edsio de Moura e o Dr. Ara\u00fajo, o Mons. Vilar e o C\u00f3nego Molho, o Padre Lepopoldino, o Padre Sebasti\u00e3o Cruz, o Abade de Singeverga e mais tarde o Cardeal Cerejeira e tantos outros sacerdotes e pessoas de v\u00e1rios estratos sociais.<\/p>\n<p>A cama da Alexandrina parece-se muito com uma cama de hospital e s\u00f3 veio para l\u00e1 em 1942\u00a0; substituiu ent\u00e3o uma outra, que se guarda num quarto ao lado.<\/p>\n<p>No lado oposto \u00e0 cama, est\u00e1 um altar. Como a Alexandrina era associada das Filhas de Maria, tinha direito a missa no seu quarto de doente. Da\u00ed o altar, onde foi celebrada a missa por simples sacerdotes, mas mesmo por cardeais.<\/p>\n<p><img decoding=\"async\" src=\"http:\/\/alexandrina.balasar.free.fr\/quarto_alex_1.jpg\" alt=\"\" \/><\/p>\n<div id=\"themify_builder_content-11317\" data-postid=\"11317\" class=\"themify_builder_content themify_builder_content-11317 themify_builder themify_builder_front\">\n\t<\/div>\n<!-- \/themify_builder_content -->","protected":false},"excerpt":{"rendered":"<p>13 de Outubro No dia 30 de mar\u00e7o de 1904, nasceu Alexandrina Maria da Costa na pequena cidade de Balazar, em P\u00f3voa de Varzim, Braga, Portugal. De fam\u00edlia camponesa muito pobre, tinha apenas uma irm\u00e3 mais velha, chamada Deolinda. Ambas foram educadas com amor pela m\u00e3e, Ana Maria e dentro da doutrina crist\u00e3. Alexandrina cresceu [&hellip;]<\/p>\n","protected":false},"author":14,"featured_media":0,"comment_status":"open","ping_status":"open","sticky":false,"template":"","format":"standard","meta":{"ngg_post_thumbnail":0,"footnotes":""},"categories":[186],"tags":[],"yoast_head":"<!-- This site is optimized with the Yoast SEO plugin v23.5 - https:\/\/yoast.com\/wordpress\/plugins\/seo\/ -->\n<title>Bem Aventurada Alexandrina Maria da Costa - O Arcanjo no ar<\/title>\n<meta name=\"robots\" content=\"index, follow, max-snippet:-1, max-image-preview:large, max-video-preview:-1\" \/>\n<link rel=\"canonical\" href=\"https:\/\/www.oarcanjo.net\/site\/bem-aventurada-alexandrina-maria-da-costa\/\" \/>\n<meta property=\"og:locale\" content=\"pt_BR\" \/>\n<meta property=\"og:type\" content=\"article\" \/>\n<meta property=\"og:title\" content=\"Bem Aventurada Alexandrina Maria da Costa - O Arcanjo no ar\" \/>\n<meta property=\"og:description\" content=\"13 de Outubro No dia 30 de mar\u00e7o de 1904, nasceu Alexandrina Maria da Costa na pequena cidade de Balazar, em P\u00f3voa de Varzim, Braga, Portugal. De fam\u00edlia camponesa muito pobre, tinha apenas uma irm\u00e3 mais velha, chamada Deolinda. Ambas foram educadas com amor pela m\u00e3e, Ana Maria e dentro da doutrina crist\u00e3. Alexandrina cresceu [&hellip;]\" \/>\n<meta property=\"og:url\" content=\"https:\/\/www.oarcanjo.net\/site\/bem-aventurada-alexandrina-maria-da-costa\/\" \/>\n<meta property=\"og:site_name\" content=\"O Arcanjo no ar\" \/>\n<meta property=\"article:publisher\" content=\"https:\/\/www.facebook.com\/OArcanjoNoAr\/\" \/>\n<meta property=\"article:published_time\" content=\"2017-10-13T03:58:58+00:00\" \/>\n<meta property=\"article:modified_time\" content=\"2017-08-11T17:53:55+00:00\" \/>\n<meta property=\"og:image\" content=\"http:\/\/galeriaceleste.home.sapo.pt\/alexandrina_da-costa.jpg\" \/>\n<meta name=\"author\" content=\"danilo\" \/>\n<meta name=\"twitter:card\" content=\"summary_large_image\" \/>\n<meta name=\"twitter:label1\" content=\"Escrito por\" \/>\n\t<meta name=\"twitter:data1\" content=\"danilo\" \/>\n\t<meta name=\"twitter:label2\" content=\"Est. tempo de leitura\" \/>\n\t<meta name=\"twitter:data2\" content=\"5 minutos\" \/>\n<script type=\"application\/ld+json\" class=\"yoast-schema-graph\">{\"@context\":\"https:\/\/schema.org\",\"@graph\":[{\"@type\":\"Article\",\"@id\":\"https:\/\/www.oarcanjo.net\/site\/bem-aventurada-alexandrina-maria-da-costa\/#article\",\"isPartOf\":{\"@id\":\"https:\/\/www.oarcanjo.net\/site\/bem-aventurada-alexandrina-maria-da-costa\/\"},\"author\":{\"name\":\"danilo\",\"@id\":\"https:\/\/www.oarcanjo.net\/site\/#\/schema\/person\/5eb9480bedd2f3c97e430ce128c29c6c\"},\"headline\":\"Bem Aventurada Alexandrina Maria da Costa\",\"datePublished\":\"2017-10-13T03:58:58+00:00\",\"dateModified\":\"2017-08-11T17:53:55+00:00\",\"mainEntityOfPage\":{\"@id\":\"https:\/\/www.oarcanjo.net\/site\/bem-aventurada-alexandrina-maria-da-costa\/\"},\"wordCount\":920,\"commentCount\":0,\"publisher\":{\"@id\":\"https:\/\/www.oarcanjo.net\/site\/#organization\"},\"image\":{\"@id\":\"https:\/\/www.oarcanjo.net\/site\/bem-aventurada-alexandrina-maria-da-costa\/#primaryimage\"},\"thumbnailUrl\":\"http:\/\/galeriaceleste.home.sapo.pt\/alexandrina_da-costa.jpg\",\"articleSection\":[\"Testemunhos\"],\"inLanguage\":\"pt-BR\",\"potentialAction\":[{\"@type\":\"CommentAction\",\"name\":\"Comment\",\"target\":[\"https:\/\/www.oarcanjo.net\/site\/bem-aventurada-alexandrina-maria-da-costa\/#respond\"]}]},{\"@type\":\"WebPage\",\"@id\":\"https:\/\/www.oarcanjo.net\/site\/bem-aventurada-alexandrina-maria-da-costa\/\",\"url\":\"https:\/\/www.oarcanjo.net\/site\/bem-aventurada-alexandrina-maria-da-costa\/\",\"name\":\"Bem Aventurada Alexandrina Maria da Costa - O Arcanjo no ar\",\"isPartOf\":{\"@id\":\"https:\/\/www.oarcanjo.net\/site\/#website\"},\"primaryImageOfPage\":{\"@id\":\"https:\/\/www.oarcanjo.net\/site\/bem-aventurada-alexandrina-maria-da-costa\/#primaryimage\"},\"image\":{\"@id\":\"https:\/\/www.oarcanjo.net\/site\/bem-aventurada-alexandrina-maria-da-costa\/#primaryimage\"},\"thumbnailUrl\":\"http:\/\/galeriaceleste.home.sapo.pt\/alexandrina_da-costa.jpg\",\"datePublished\":\"2017-10-13T03:58:58+00:00\",\"dateModified\":\"2017-08-11T17:53:55+00:00\",\"breadcrumb\":{\"@id\":\"https:\/\/www.oarcanjo.net\/site\/bem-aventurada-alexandrina-maria-da-costa\/#breadcrumb\"},\"inLanguage\":\"pt-BR\",\"potentialAction\":[{\"@type\":\"ReadAction\",\"target\":[\"https:\/\/www.oarcanjo.net\/site\/bem-aventurada-alexandrina-maria-da-costa\/\"]}]},{\"@type\":\"ImageObject\",\"inLanguage\":\"pt-BR\",\"@id\":\"https:\/\/www.oarcanjo.net\/site\/bem-aventurada-alexandrina-maria-da-costa\/#primaryimage\",\"url\":\"http:\/\/galeriaceleste.home.sapo.pt\/alexandrina_da-costa.jpg\",\"contentUrl\":\"http:\/\/galeriaceleste.home.sapo.pt\/alexandrina_da-costa.jpg\"},{\"@type\":\"BreadcrumbList\",\"@id\":\"https:\/\/www.oarcanjo.net\/site\/bem-aventurada-alexandrina-maria-da-costa\/#breadcrumb\",\"itemListElement\":[{\"@type\":\"ListItem\",\"position\":1,\"name\":\"In\u00edcio\",\"item\":\"https:\/\/www.oarcanjo.net\/site\/\"},{\"@type\":\"ListItem\",\"position\":2,\"name\":\"Bem Aventurada Alexandrina Maria da Costa\"}]},{\"@type\":\"WebSite\",\"@id\":\"https:\/\/www.oarcanjo.net\/site\/#website\",\"url\":\"https:\/\/www.oarcanjo.net\/site\/\",\"name\":\"O Arcanjo no ar\",\"description\":\"Site da Par\u00f3quia S\u00e3o Miguel Arcanjo (Arquidiocese de SP)\",\"publisher\":{\"@id\":\"https:\/\/www.oarcanjo.net\/site\/#organization\"},\"potentialAction\":[{\"@type\":\"SearchAction\",\"target\":{\"@type\":\"EntryPoint\",\"urlTemplate\":\"https:\/\/www.oarcanjo.net\/site\/?s={search_term_string}\"},\"query-input\":{\"@type\":\"PropertyValueSpecification\",\"valueRequired\":true,\"valueName\":\"search_term_string\"}}],\"inLanguage\":\"pt-BR\"},{\"@type\":\"Organization\",\"@id\":\"https:\/\/www.oarcanjo.net\/site\/#organization\",\"name\":\"Par\u00f3quia S\u00e3o Miguel Arcanjo\",\"url\":\"https:\/\/www.oarcanjo.net\/site\/\",\"logo\":{\"@type\":\"ImageObject\",\"inLanguage\":\"pt-BR\",\"@id\":\"https:\/\/www.oarcanjo.net\/site\/#\/schema\/logo\/image\/\",\"url\":\"https:\/\/www.oarcanjo.net\/site\/wp-content\/uploads\/LogoOArcanjo.png\",\"contentUrl\":\"https:\/\/www.oarcanjo.net\/site\/wp-content\/uploads\/LogoOArcanjo.png\",\"width\":319,\"height\":99,\"caption\":\"Par\u00f3quia S\u00e3o Miguel Arcanjo\"},\"image\":{\"@id\":\"https:\/\/www.oarcanjo.net\/site\/#\/schema\/logo\/image\/\"},\"sameAs\":[\"https:\/\/www.facebook.com\/OArcanjoNoAr\/\"]},{\"@type\":\"Person\",\"@id\":\"https:\/\/www.oarcanjo.net\/site\/#\/schema\/person\/5eb9480bedd2f3c97e430ce128c29c6c\",\"name\":\"danilo\"}]}<\/script>\n<!-- \/ Yoast SEO plugin. -->","yoast_head_json":{"title":"Bem Aventurada Alexandrina Maria da Costa - O Arcanjo no ar","robots":{"index":"index","follow":"follow","max-snippet":"max-snippet:-1","max-image-preview":"max-image-preview:large","max-video-preview":"max-video-preview:-1"},"canonical":"https:\/\/www.oarcanjo.net\/site\/bem-aventurada-alexandrina-maria-da-costa\/","og_locale":"pt_BR","og_type":"article","og_title":"Bem Aventurada Alexandrina Maria da Costa - O Arcanjo no ar","og_description":"13 de Outubro No dia 30 de mar\u00e7o de 1904, nasceu Alexandrina Maria da Costa na pequena cidade de Balazar, em P\u00f3voa de Varzim, Braga, Portugal. De fam\u00edlia camponesa muito pobre, tinha apenas uma irm\u00e3 mais velha, chamada Deolinda. Ambas foram educadas com amor pela m\u00e3e, Ana Maria e dentro da doutrina crist\u00e3. Alexandrina cresceu [&hellip;]","og_url":"https:\/\/www.oarcanjo.net\/site\/bem-aventurada-alexandrina-maria-da-costa\/","og_site_name":"O Arcanjo no ar","article_publisher":"https:\/\/www.facebook.com\/OArcanjoNoAr\/","article_published_time":"2017-10-13T03:58:58+00:00","article_modified_time":"2017-08-11T17:53:55+00:00","og_image":[{"url":"http:\/\/galeriaceleste.home.sapo.pt\/alexandrina_da-costa.jpg"}],"author":"danilo","twitter_card":"summary_large_image","twitter_misc":{"Escrito por":"danilo","Est. tempo de leitura":"5 minutos"},"schema":{"@context":"https:\/\/schema.org","@graph":[{"@type":"Article","@id":"https:\/\/www.oarcanjo.net\/site\/bem-aventurada-alexandrina-maria-da-costa\/#article","isPartOf":{"@id":"https:\/\/www.oarcanjo.net\/site\/bem-aventurada-alexandrina-maria-da-costa\/"},"author":{"name":"danilo","@id":"https:\/\/www.oarcanjo.net\/site\/#\/schema\/person\/5eb9480bedd2f3c97e430ce128c29c6c"},"headline":"Bem Aventurada Alexandrina Maria da Costa","datePublished":"2017-10-13T03:58:58+00:00","dateModified":"2017-08-11T17:53:55+00:00","mainEntityOfPage":{"@id":"https:\/\/www.oarcanjo.net\/site\/bem-aventurada-alexandrina-maria-da-costa\/"},"wordCount":920,"commentCount":0,"publisher":{"@id":"https:\/\/www.oarcanjo.net\/site\/#organization"},"image":{"@id":"https:\/\/www.oarcanjo.net\/site\/bem-aventurada-alexandrina-maria-da-costa\/#primaryimage"},"thumbnailUrl":"http:\/\/galeriaceleste.home.sapo.pt\/alexandrina_da-costa.jpg","articleSection":["Testemunhos"],"inLanguage":"pt-BR","potentialAction":[{"@type":"CommentAction","name":"Comment","target":["https:\/\/www.oarcanjo.net\/site\/bem-aventurada-alexandrina-maria-da-costa\/#respond"]}]},{"@type":"WebPage","@id":"https:\/\/www.oarcanjo.net\/site\/bem-aventurada-alexandrina-maria-da-costa\/","url":"https:\/\/www.oarcanjo.net\/site\/bem-aventurada-alexandrina-maria-da-costa\/","name":"Bem Aventurada Alexandrina Maria da Costa - O Arcanjo no ar","isPartOf":{"@id":"https:\/\/www.oarcanjo.net\/site\/#website"},"primaryImageOfPage":{"@id":"https:\/\/www.oarcanjo.net\/site\/bem-aventurada-alexandrina-maria-da-costa\/#primaryimage"},"image":{"@id":"https:\/\/www.oarcanjo.net\/site\/bem-aventurada-alexandrina-maria-da-costa\/#primaryimage"},"thumbnailUrl":"http:\/\/galeriaceleste.home.sapo.pt\/alexandrina_da-costa.jpg","datePublished":"2017-10-13T03:58:58+00:00","dateModified":"2017-08-11T17:53:55+00:00","breadcrumb":{"@id":"https:\/\/www.oarcanjo.net\/site\/bem-aventurada-alexandrina-maria-da-costa\/#breadcrumb"},"inLanguage":"pt-BR","potentialAction":[{"@type":"ReadAction","target":["https:\/\/www.oarcanjo.net\/site\/bem-aventurada-alexandrina-maria-da-costa\/"]}]},{"@type":"ImageObject","inLanguage":"pt-BR","@id":"https:\/\/www.oarcanjo.net\/site\/bem-aventurada-alexandrina-maria-da-costa\/#primaryimage","url":"http:\/\/galeriaceleste.home.sapo.pt\/alexandrina_da-costa.jpg","contentUrl":"http:\/\/galeriaceleste.home.sapo.pt\/alexandrina_da-costa.jpg"},{"@type":"BreadcrumbList","@id":"https:\/\/www.oarcanjo.net\/site\/bem-aventurada-alexandrina-maria-da-costa\/#breadcrumb","itemListElement":[{"@type":"ListItem","position":1,"name":"In\u00edcio","item":"https:\/\/www.oarcanjo.net\/site\/"},{"@type":"ListItem","position":2,"name":"Bem Aventurada Alexandrina Maria da Costa"}]},{"@type":"WebSite","@id":"https:\/\/www.oarcanjo.net\/site\/#website","url":"https:\/\/www.oarcanjo.net\/site\/","name":"O Arcanjo no ar","description":"Site da Par\u00f3quia S\u00e3o Miguel Arcanjo (Arquidiocese de SP)","publisher":{"@id":"https:\/\/www.oarcanjo.net\/site\/#organization"},"potentialAction":[{"@type":"SearchAction","target":{"@type":"EntryPoint","urlTemplate":"https:\/\/www.oarcanjo.net\/site\/?s={search_term_string}"},"query-input":{"@type":"PropertyValueSpecification","valueRequired":true,"valueName":"search_term_string"}}],"inLanguage":"pt-BR"},{"@type":"Organization","@id":"https:\/\/www.oarcanjo.net\/site\/#organization","name":"Par\u00f3quia S\u00e3o Miguel Arcanjo","url":"https:\/\/www.oarcanjo.net\/site\/","logo":{"@type":"ImageObject","inLanguage":"pt-BR","@id":"https:\/\/www.oarcanjo.net\/site\/#\/schema\/logo\/image\/","url":"https:\/\/www.oarcanjo.net\/site\/wp-content\/uploads\/LogoOArcanjo.png","contentUrl":"https:\/\/www.oarcanjo.net\/site\/wp-content\/uploads\/LogoOArcanjo.png","width":319,"height":99,"caption":"Par\u00f3quia S\u00e3o Miguel Arcanjo"},"image":{"@id":"https:\/\/www.oarcanjo.net\/site\/#\/schema\/logo\/image\/"},"sameAs":["https:\/\/www.facebook.com\/OArcanjoNoAr\/"]},{"@type":"Person","@id":"https:\/\/www.oarcanjo.net\/site\/#\/schema\/person\/5eb9480bedd2f3c97e430ce128c29c6c","name":"danilo"}]}},"publishpress_future_action":{"enabled":false,"date":"2026-05-08 22:20:45","action":"category","newStatus":"draft","terms":[],"taxonomy":"category"},"publishpress_future_workflow_manual_trigger":{"enabledWorkflows":[]},"_links":{"self":[{"href":"https:\/\/www.oarcanjo.net\/site\/wp-json\/wp\/v2\/posts\/11317"}],"collection":[{"href":"https:\/\/www.oarcanjo.net\/site\/wp-json\/wp\/v2\/posts"}],"about":[{"href":"https:\/\/www.oarcanjo.net\/site\/wp-json\/wp\/v2\/types\/post"}],"author":[{"embeddable":true,"href":"https:\/\/www.oarcanjo.net\/site\/wp-json\/wp\/v2\/users\/14"}],"replies":[{"embeddable":true,"href":"https:\/\/www.oarcanjo.net\/site\/wp-json\/wp\/v2\/comments?post=11317"}],"version-history":[{"count":0,"href":"https:\/\/www.oarcanjo.net\/site\/wp-json\/wp\/v2\/posts\/11317\/revisions"}],"wp:attachment":[{"href":"https:\/\/www.oarcanjo.net\/site\/wp-json\/wp\/v2\/media?parent=11317"}],"wp:term":[{"taxonomy":"category","embeddable":true,"href":"https:\/\/www.oarcanjo.net\/site\/wp-json\/wp\/v2\/categories?post=11317"},{"taxonomy":"post_tag","embeddable":true,"href":"https:\/\/www.oarcanjo.net\/site\/wp-json\/wp\/v2\/tags?post=11317"}],"curies":[{"name":"wp","href":"https:\/\/api.w.org\/{rel}","templated":true}]}}