
{"id":11321,"date":"2017-10-13T00:28:36","date_gmt":"2017-10-13T03:28:36","guid":{"rendered":"http:\/\/www.oarcanjo.net\/site\/?p=11321"},"modified":"2017-08-11T14:53:39","modified_gmt":"2017-08-11T17:53:39","slug":"sao-daniel-e-companheiros","status":"publish","type":"post","link":"https:\/\/www.oarcanjo.net\/site\/sao-daniel-e-companheiros\/","title":{"rendered":"S\u00e3o Daniel e companheiros"},"content":{"rendered":"<p><img decoding=\"async\" src=\"http:\/\/4.bp.blogspot.com\/_VsL8VkjSZWw\/Ss-5OUzdPfI\/AAAAAAAAB54\/I64tqurljLo\/s400\/San_Daniele_e_compagni_B.jpg\" alt=\"\" \/><\/p>\n<p>13 de Outubro<\/p>\n<p>Os esclarecimentos que se tem sobre o ocorrido com estes mission\u00e1rios franciscanos s\u00e3o devidos a duas cartas encontradas nas suas resid\u00eancias. Os estudiosos consideraram tamb\u00e9m aut\u00eantica a carta de um certo Mariano de G\u00eanova, que escrevera ao irm\u00e3o Elias de Cortona comunicando o destino glorioso dos mission\u00e1rios. Esse documento teria sido escrito poucos dias ap\u00f3s os acontecimentos, e faz parte dos arquivos da Igreja.<\/p>\n<p>O irm\u00e3o Elias de Cortona era o superior da Ordem, em 1227, quando os sete franciscanos viajaram da It\u00e1lia para a Espanha, desejosos de transferirem-se para o Marrocos, na \u00c1frica, onde pretendiam converter os mu\u00e7ulmanos. Era um per\u00edodo de grande entusiasmo mission\u00e1rio nas jovens ordens franciscanas, fortalecidas pela mem\u00f3ria de s\u00e3o Francisco, que morrera no ano anterior.<\/p>\n<p>O chefe do grupo era Daniel, nascido em Belvedere, na Cal\u00e1bria, que tamb\u00e9m ocupava o cargo de ministro provincial da Ordem naquela regi\u00e3o; os outros se chamavam Samuel, \u00c2ngelo, Donulo, Le\u00e3o, Nicolas e Hugolino. Ap\u00f3s uma breve perman\u00eancia na Espanha, transferiram-se para a cidade de Ceuta, no Marrocos.<\/p>\n<p>Era um ato verdadeiramente corajoso, porque as autoridades marroquinas haviam proibido qualquer forma de propaganda da f\u00e9 crist\u00e3. No in\u00edcio, e por pouco tempo, trabalharam nos in\u00fameros mercados de Pisa, G\u00eanova e Marsiglia, enquanto residiam em Ceuta. Depois, nos primeiros dias de outubro de 1227, decidiram iniciar as prega\u00e7\u00f5es entre os infi\u00e9is.<\/p>\n<p>Nas estradas de Ceuta, falando em latim e em italiano, pois n\u00e3o conheciam o idioma local, anunciaram Cristo, contestando com palavras rudes a religi\u00e3o de Maom\u00e9. As autoridades mandaram que fossem capturados. Levados \u00e0 presen\u00e7a do sult\u00e3o, foram classificados como loucos, devendo permanecer na pris\u00e3o.<\/p>\n<p>Depois de sete dias, todos eles voltaram \u00e0 presen\u00e7a do sult\u00e3o, que se esfor\u00e7ou de todas as maneiras para que negassem a religi\u00e3o crist\u00e3. Mas n\u00e3o conseguiu. Ent\u00e3o, condenou \u00e0 morte os sete franciscanos, que se mantiveram firmes no cristianismo. No dia 10 de outubro, foram decapitados em pra\u00e7a p\u00fablica e seus corpos, destro\u00e7ados.<\/p>\n<p>Todavia os comerciantes crist\u00e3os ocidentais recuperaram os pobres restos, que sepultaram nos cemit\u00e9rios dos sub\u00farbios de Ceuta. Em seguida, os ossos foram transferidos para a Espanha. Hoje, as rel\u00edquias s\u00e3o conservadas em diversas igrejas de v\u00e1rias cidades da Espanha, de Portugal e da It\u00e1lia.<\/p>\n<p>O papa Le\u00e3o X, em 1516, canonizou como santos Daniel e cada um dos seis companheiros, autorizando o culto para o dia 13 de outubro, tr\u00eas dias ap\u00f3s suas mortes.<\/p>\n<div id=\"themify_builder_content-11321\" data-postid=\"11321\" class=\"themify_builder_content themify_builder_content-11321 themify_builder themify_builder_front\">\n\t<\/div>\n<!-- \/themify_builder_content -->","protected":false},"excerpt":{"rendered":"<p>13 de Outubro Os esclarecimentos que se tem sobre o ocorrido com estes mission\u00e1rios franciscanos s\u00e3o devidos a duas cartas encontradas nas suas resid\u00eancias. Os estudiosos consideraram tamb\u00e9m aut\u00eantica a carta de um certo Mariano de G\u00eanova, que escrevera ao irm\u00e3o Elias de Cortona comunicando o destino glorioso dos mission\u00e1rios. Esse documento teria sido escrito [&hellip;]<\/p>\n","protected":false},"author":14,"featured_media":0,"comment_status":"open","ping_status":"open","sticky":false,"template":"","format":"standard","meta":{"ngg_post_thumbnail":0,"footnotes":""},"categories":[186],"tags":[],"yoast_head":"<!-- This site is optimized with the Yoast SEO plugin v23.5 - https:\/\/yoast.com\/wordpress\/plugins\/seo\/ -->\n<title>S\u00e3o Daniel e companheiros - O Arcanjo no ar<\/title>\n<meta name=\"robots\" content=\"index, follow, max-snippet:-1, max-image-preview:large, max-video-preview:-1\" \/>\n<link rel=\"canonical\" href=\"https:\/\/www.oarcanjo.net\/site\/sao-daniel-e-companheiros\/\" \/>\n<meta property=\"og:locale\" content=\"pt_BR\" \/>\n<meta property=\"og:type\" content=\"article\" \/>\n<meta property=\"og:title\" content=\"S\u00e3o Daniel e companheiros - O Arcanjo no ar\" \/>\n<meta property=\"og:description\" content=\"13 de Outubro Os esclarecimentos que se tem sobre o ocorrido com estes mission\u00e1rios franciscanos s\u00e3o devidos a duas cartas encontradas nas suas resid\u00eancias. Os estudiosos consideraram tamb\u00e9m aut\u00eantica a carta de um certo Mariano de G\u00eanova, que escrevera ao irm\u00e3o Elias de Cortona comunicando o destino glorioso dos mission\u00e1rios. Esse documento teria sido escrito [&hellip;]\" \/>\n<meta property=\"og:url\" content=\"https:\/\/www.oarcanjo.net\/site\/sao-daniel-e-companheiros\/\" \/>\n<meta property=\"og:site_name\" content=\"O Arcanjo no ar\" \/>\n<meta property=\"article:publisher\" content=\"https:\/\/www.facebook.com\/OArcanjoNoAr\/\" \/>\n<meta property=\"article:published_time\" content=\"2017-10-13T03:28:36+00:00\" \/>\n<meta property=\"article:modified_time\" content=\"2017-08-11T17:53:39+00:00\" \/>\n<meta property=\"og:image\" content=\"http:\/\/4.bp.blogspot.com\/_VsL8VkjSZWw\/Ss-5OUzdPfI\/AAAAAAAAB54\/I64tqurljLo\/s400\/San_Daniele_e_compagni_B.jpg\" \/>\n<meta name=\"author\" content=\"danilo\" \/>\n<meta name=\"twitter:card\" content=\"summary_large_image\" \/>\n<meta name=\"twitter:label1\" content=\"Escrito por\" \/>\n\t<meta name=\"twitter:data1\" content=\"danilo\" \/>\n\t<meta name=\"twitter:label2\" content=\"Est. tempo de leitura\" \/>\n\t<meta name=\"twitter:data2\" content=\"2 minutos\" \/>\n<script type=\"application\/ld+json\" class=\"yoast-schema-graph\">{\"@context\":\"https:\/\/schema.org\",\"@graph\":[{\"@type\":\"Article\",\"@id\":\"https:\/\/www.oarcanjo.net\/site\/sao-daniel-e-companheiros\/#article\",\"isPartOf\":{\"@id\":\"https:\/\/www.oarcanjo.net\/site\/sao-daniel-e-companheiros\/\"},\"author\":{\"name\":\"danilo\",\"@id\":\"https:\/\/www.oarcanjo.net\/site\/#\/schema\/person\/5eb9480bedd2f3c97e430ce128c29c6c\"},\"headline\":\"S\u00e3o Daniel e companheiros\",\"datePublished\":\"2017-10-13T03:28:36+00:00\",\"dateModified\":\"2017-08-11T17:53:39+00:00\",\"mainEntityOfPage\":{\"@id\":\"https:\/\/www.oarcanjo.net\/site\/sao-daniel-e-companheiros\/\"},\"wordCount\":444,\"commentCount\":0,\"publisher\":{\"@id\":\"https:\/\/www.oarcanjo.net\/site\/#organization\"},\"image\":{\"@id\":\"https:\/\/www.oarcanjo.net\/site\/sao-daniel-e-companheiros\/#primaryimage\"},\"thumbnailUrl\":\"http:\/\/4.bp.blogspot.com\/_VsL8VkjSZWw\/Ss-5OUzdPfI\/AAAAAAAAB54\/I64tqurljLo\/s400\/San_Daniele_e_compagni_B.jpg\",\"articleSection\":[\"Testemunhos\"],\"inLanguage\":\"pt-BR\",\"potentialAction\":[{\"@type\":\"CommentAction\",\"name\":\"Comment\",\"target\":[\"https:\/\/www.oarcanjo.net\/site\/sao-daniel-e-companheiros\/#respond\"]}]},{\"@type\":\"WebPage\",\"@id\":\"https:\/\/www.oarcanjo.net\/site\/sao-daniel-e-companheiros\/\",\"url\":\"https:\/\/www.oarcanjo.net\/site\/sao-daniel-e-companheiros\/\",\"name\":\"S\u00e3o Daniel e companheiros - O Arcanjo no ar\",\"isPartOf\":{\"@id\":\"https:\/\/www.oarcanjo.net\/site\/#website\"},\"primaryImageOfPage\":{\"@id\":\"https:\/\/www.oarcanjo.net\/site\/sao-daniel-e-companheiros\/#primaryimage\"},\"image\":{\"@id\":\"https:\/\/www.oarcanjo.net\/site\/sao-daniel-e-companheiros\/#primaryimage\"},\"thumbnailUrl\":\"http:\/\/4.bp.blogspot.com\/_VsL8VkjSZWw\/Ss-5OUzdPfI\/AAAAAAAAB54\/I64tqurljLo\/s400\/San_Daniele_e_compagni_B.jpg\",\"datePublished\":\"2017-10-13T03:28:36+00:00\",\"dateModified\":\"2017-08-11T17:53:39+00:00\",\"breadcrumb\":{\"@id\":\"https:\/\/www.oarcanjo.net\/site\/sao-daniel-e-companheiros\/#breadcrumb\"},\"inLanguage\":\"pt-BR\",\"potentialAction\":[{\"@type\":\"ReadAction\",\"target\":[\"https:\/\/www.oarcanjo.net\/site\/sao-daniel-e-companheiros\/\"]}]},{\"@type\":\"ImageObject\",\"inLanguage\":\"pt-BR\",\"@id\":\"https:\/\/www.oarcanjo.net\/site\/sao-daniel-e-companheiros\/#primaryimage\",\"url\":\"http:\/\/4.bp.blogspot.com\/_VsL8VkjSZWw\/Ss-5OUzdPfI\/AAAAAAAAB54\/I64tqurljLo\/s400\/San_Daniele_e_compagni_B.jpg\",\"contentUrl\":\"http:\/\/4.bp.blogspot.com\/_VsL8VkjSZWw\/Ss-5OUzdPfI\/AAAAAAAAB54\/I64tqurljLo\/s400\/San_Daniele_e_compagni_B.jpg\"},{\"@type\":\"BreadcrumbList\",\"@id\":\"https:\/\/www.oarcanjo.net\/site\/sao-daniel-e-companheiros\/#breadcrumb\",\"itemListElement\":[{\"@type\":\"ListItem\",\"position\":1,\"name\":\"In\u00edcio\",\"item\":\"https:\/\/www.oarcanjo.net\/site\/\"},{\"@type\":\"ListItem\",\"position\":2,\"name\":\"S\u00e3o Daniel e companheiros\"}]},{\"@type\":\"WebSite\",\"@id\":\"https:\/\/www.oarcanjo.net\/site\/#website\",\"url\":\"https:\/\/www.oarcanjo.net\/site\/\",\"name\":\"O Arcanjo no ar\",\"description\":\"Site da Par\u00f3quia S\u00e3o Miguel Arcanjo (Arquidiocese de SP)\",\"publisher\":{\"@id\":\"https:\/\/www.oarcanjo.net\/site\/#organization\"},\"potentialAction\":[{\"@type\":\"SearchAction\",\"target\":{\"@type\":\"EntryPoint\",\"urlTemplate\":\"https:\/\/www.oarcanjo.net\/site\/?s={search_term_string}\"},\"query-input\":{\"@type\":\"PropertyValueSpecification\",\"valueRequired\":true,\"valueName\":\"search_term_string\"}}],\"inLanguage\":\"pt-BR\"},{\"@type\":\"Organization\",\"@id\":\"https:\/\/www.oarcanjo.net\/site\/#organization\",\"name\":\"Par\u00f3quia S\u00e3o Miguel Arcanjo\",\"url\":\"https:\/\/www.oarcanjo.net\/site\/\",\"logo\":{\"@type\":\"ImageObject\",\"inLanguage\":\"pt-BR\",\"@id\":\"https:\/\/www.oarcanjo.net\/site\/#\/schema\/logo\/image\/\",\"url\":\"https:\/\/www.oarcanjo.net\/site\/wp-content\/uploads\/LogoOArcanjo.png\",\"contentUrl\":\"https:\/\/www.oarcanjo.net\/site\/wp-content\/uploads\/LogoOArcanjo.png\",\"width\":319,\"height\":99,\"caption\":\"Par\u00f3quia S\u00e3o Miguel Arcanjo\"},\"image\":{\"@id\":\"https:\/\/www.oarcanjo.net\/site\/#\/schema\/logo\/image\/\"},\"sameAs\":[\"https:\/\/www.facebook.com\/OArcanjoNoAr\/\"]},{\"@type\":\"Person\",\"@id\":\"https:\/\/www.oarcanjo.net\/site\/#\/schema\/person\/5eb9480bedd2f3c97e430ce128c29c6c\",\"name\":\"danilo\"}]}<\/script>\n<!-- \/ Yoast SEO plugin. -->","yoast_head_json":{"title":"S\u00e3o Daniel e companheiros - O Arcanjo no ar","robots":{"index":"index","follow":"follow","max-snippet":"max-snippet:-1","max-image-preview":"max-image-preview:large","max-video-preview":"max-video-preview:-1"},"canonical":"https:\/\/www.oarcanjo.net\/site\/sao-daniel-e-companheiros\/","og_locale":"pt_BR","og_type":"article","og_title":"S\u00e3o Daniel e companheiros - O Arcanjo no ar","og_description":"13 de Outubro Os esclarecimentos que se tem sobre o ocorrido com estes mission\u00e1rios franciscanos s\u00e3o devidos a duas cartas encontradas nas suas resid\u00eancias. Os estudiosos consideraram tamb\u00e9m aut\u00eantica a carta de um certo Mariano de G\u00eanova, que escrevera ao irm\u00e3o Elias de Cortona comunicando o destino glorioso dos mission\u00e1rios. Esse documento teria sido escrito [&hellip;]","og_url":"https:\/\/www.oarcanjo.net\/site\/sao-daniel-e-companheiros\/","og_site_name":"O Arcanjo no ar","article_publisher":"https:\/\/www.facebook.com\/OArcanjoNoAr\/","article_published_time":"2017-10-13T03:28:36+00:00","article_modified_time":"2017-08-11T17:53:39+00:00","og_image":[{"url":"http:\/\/4.bp.blogspot.com\/_VsL8VkjSZWw\/Ss-5OUzdPfI\/AAAAAAAAB54\/I64tqurljLo\/s400\/San_Daniele_e_compagni_B.jpg"}],"author":"danilo","twitter_card":"summary_large_image","twitter_misc":{"Escrito por":"danilo","Est. tempo de leitura":"2 minutos"},"schema":{"@context":"https:\/\/schema.org","@graph":[{"@type":"Article","@id":"https:\/\/www.oarcanjo.net\/site\/sao-daniel-e-companheiros\/#article","isPartOf":{"@id":"https:\/\/www.oarcanjo.net\/site\/sao-daniel-e-companheiros\/"},"author":{"name":"danilo","@id":"https:\/\/www.oarcanjo.net\/site\/#\/schema\/person\/5eb9480bedd2f3c97e430ce128c29c6c"},"headline":"S\u00e3o Daniel e companheiros","datePublished":"2017-10-13T03:28:36+00:00","dateModified":"2017-08-11T17:53:39+00:00","mainEntityOfPage":{"@id":"https:\/\/www.oarcanjo.net\/site\/sao-daniel-e-companheiros\/"},"wordCount":444,"commentCount":0,"publisher":{"@id":"https:\/\/www.oarcanjo.net\/site\/#organization"},"image":{"@id":"https:\/\/www.oarcanjo.net\/site\/sao-daniel-e-companheiros\/#primaryimage"},"thumbnailUrl":"http:\/\/4.bp.blogspot.com\/_VsL8VkjSZWw\/Ss-5OUzdPfI\/AAAAAAAAB54\/I64tqurljLo\/s400\/San_Daniele_e_compagni_B.jpg","articleSection":["Testemunhos"],"inLanguage":"pt-BR","potentialAction":[{"@type":"CommentAction","name":"Comment","target":["https:\/\/www.oarcanjo.net\/site\/sao-daniel-e-companheiros\/#respond"]}]},{"@type":"WebPage","@id":"https:\/\/www.oarcanjo.net\/site\/sao-daniel-e-companheiros\/","url":"https:\/\/www.oarcanjo.net\/site\/sao-daniel-e-companheiros\/","name":"S\u00e3o Daniel e companheiros - O Arcanjo no ar","isPartOf":{"@id":"https:\/\/www.oarcanjo.net\/site\/#website"},"primaryImageOfPage":{"@id":"https:\/\/www.oarcanjo.net\/site\/sao-daniel-e-companheiros\/#primaryimage"},"image":{"@id":"https:\/\/www.oarcanjo.net\/site\/sao-daniel-e-companheiros\/#primaryimage"},"thumbnailUrl":"http:\/\/4.bp.blogspot.com\/_VsL8VkjSZWw\/Ss-5OUzdPfI\/AAAAAAAAB54\/I64tqurljLo\/s400\/San_Daniele_e_compagni_B.jpg","datePublished":"2017-10-13T03:28:36+00:00","dateModified":"2017-08-11T17:53:39+00:00","breadcrumb":{"@id":"https:\/\/www.oarcanjo.net\/site\/sao-daniel-e-companheiros\/#breadcrumb"},"inLanguage":"pt-BR","potentialAction":[{"@type":"ReadAction","target":["https:\/\/www.oarcanjo.net\/site\/sao-daniel-e-companheiros\/"]}]},{"@type":"ImageObject","inLanguage":"pt-BR","@id":"https:\/\/www.oarcanjo.net\/site\/sao-daniel-e-companheiros\/#primaryimage","url":"http:\/\/4.bp.blogspot.com\/_VsL8VkjSZWw\/Ss-5OUzdPfI\/AAAAAAAAB54\/I64tqurljLo\/s400\/San_Daniele_e_compagni_B.jpg","contentUrl":"http:\/\/4.bp.blogspot.com\/_VsL8VkjSZWw\/Ss-5OUzdPfI\/AAAAAAAAB54\/I64tqurljLo\/s400\/San_Daniele_e_compagni_B.jpg"},{"@type":"BreadcrumbList","@id":"https:\/\/www.oarcanjo.net\/site\/sao-daniel-e-companheiros\/#breadcrumb","itemListElement":[{"@type":"ListItem","position":1,"name":"In\u00edcio","item":"https:\/\/www.oarcanjo.net\/site\/"},{"@type":"ListItem","position":2,"name":"S\u00e3o Daniel e companheiros"}]},{"@type":"WebSite","@id":"https:\/\/www.oarcanjo.net\/site\/#website","url":"https:\/\/www.oarcanjo.net\/site\/","name":"O Arcanjo no ar","description":"Site da Par\u00f3quia S\u00e3o Miguel Arcanjo (Arquidiocese de SP)","publisher":{"@id":"https:\/\/www.oarcanjo.net\/site\/#organization"},"potentialAction":[{"@type":"SearchAction","target":{"@type":"EntryPoint","urlTemplate":"https:\/\/www.oarcanjo.net\/site\/?s={search_term_string}"},"query-input":{"@type":"PropertyValueSpecification","valueRequired":true,"valueName":"search_term_string"}}],"inLanguage":"pt-BR"},{"@type":"Organization","@id":"https:\/\/www.oarcanjo.net\/site\/#organization","name":"Par\u00f3quia S\u00e3o Miguel Arcanjo","url":"https:\/\/www.oarcanjo.net\/site\/","logo":{"@type":"ImageObject","inLanguage":"pt-BR","@id":"https:\/\/www.oarcanjo.net\/site\/#\/schema\/logo\/image\/","url":"https:\/\/www.oarcanjo.net\/site\/wp-content\/uploads\/LogoOArcanjo.png","contentUrl":"https:\/\/www.oarcanjo.net\/site\/wp-content\/uploads\/LogoOArcanjo.png","width":319,"height":99,"caption":"Par\u00f3quia S\u00e3o Miguel Arcanjo"},"image":{"@id":"https:\/\/www.oarcanjo.net\/site\/#\/schema\/logo\/image\/"},"sameAs":["https:\/\/www.facebook.com\/OArcanjoNoAr\/"]},{"@type":"Person","@id":"https:\/\/www.oarcanjo.net\/site\/#\/schema\/person\/5eb9480bedd2f3c97e430ce128c29c6c","name":"danilo"}]}},"publishpress_future_action":{"enabled":false,"date":"2026-05-08 22:28:50","action":"category","newStatus":"draft","terms":[],"taxonomy":"category"},"publishpress_future_workflow_manual_trigger":{"enabledWorkflows":[]},"_links":{"self":[{"href":"https:\/\/www.oarcanjo.net\/site\/wp-json\/wp\/v2\/posts\/11321"}],"collection":[{"href":"https:\/\/www.oarcanjo.net\/site\/wp-json\/wp\/v2\/posts"}],"about":[{"href":"https:\/\/www.oarcanjo.net\/site\/wp-json\/wp\/v2\/types\/post"}],"author":[{"embeddable":true,"href":"https:\/\/www.oarcanjo.net\/site\/wp-json\/wp\/v2\/users\/14"}],"replies":[{"embeddable":true,"href":"https:\/\/www.oarcanjo.net\/site\/wp-json\/wp\/v2\/comments?post=11321"}],"version-history":[{"count":0,"href":"https:\/\/www.oarcanjo.net\/site\/wp-json\/wp\/v2\/posts\/11321\/revisions"}],"wp:attachment":[{"href":"https:\/\/www.oarcanjo.net\/site\/wp-json\/wp\/v2\/media?parent=11321"}],"wp:term":[{"taxonomy":"category","embeddable":true,"href":"https:\/\/www.oarcanjo.net\/site\/wp-json\/wp\/v2\/categories?post=11321"},{"taxonomy":"post_tag","embeddable":true,"href":"https:\/\/www.oarcanjo.net\/site\/wp-json\/wp\/v2\/tags?post=11321"}],"curies":[{"name":"wp","href":"https:\/\/api.w.org\/{rel}","templated":true}]}}