
{"id":11325,"date":"2017-10-14T00:52:52","date_gmt":"2017-10-14T03:52:52","guid":{"rendered":"http:\/\/www.oarcanjo.net\/site\/?p=11325"},"modified":"2017-08-11T14:54:02","modified_gmt":"2017-08-11T17:54:02","slug":"sao-calisto-i","status":"publish","type":"post","link":"https:\/\/www.oarcanjo.net\/site\/sao-calisto-i\/","title":{"rendered":"S\u00e3o Calisto I"},"content":{"rendered":"<p><img decoding=\"async\" src=\"http:\/\/1.bp.blogspot.com\/_z-c0Sh5Zlrs\/SK9O_5s8iNI\/AAAAAAAACKM\/XwDd5a_c40Q\/s400\/S%C3%A3o+Calisto+I.jpg\" alt=\"\" \/><\/p>\n<p>14 de Outubro<\/p>\n<p>&#8220;Todo pecado pode ser perdoado pela Igreja, cumpridas as devidas penit\u00eancias.&#8221; A frase conclusiva \u00e9 do papa Calisto I, ao se posicionar no combate \u00e0s id\u00e9ias her\u00e9ticas, surgidas dentro do clero, que iam contra a Igreja.<\/p>\n<p>Calisto entendia muito bem de penit\u00eancia. Na Roma do s\u00e9culo II, ele nasceu num bairro pobre e foi escravo. Depois, liberto, sua sina de sofrimento continuou. Trabalhando para um comerciante, fracassou nos neg\u00f3cios e foi obrigado a indenizar o patr\u00e3o, mas decidiu fugir, indo refugiar-se em Portugal. Encontrado, foi deportado para a ilha da Sardenha e punido com trabalhos for\u00e7ados. Por\u00e9m foi nessa pris\u00e3o que sua vida se iluminou.<\/p>\n<p>Nas minas da Sardenha, ele tinha contato direto com os crist\u00e3os que tamb\u00e9m cumpriam penas por causa da sua religi\u00e3o. Ao v\u00ea-los heroicamente suportando o desterro, a humilha\u00e7\u00e3o e as torturas sem nunca perder a f\u00e9 e a esperan\u00e7a em Cristo, Calisto se converteu.<\/p>\n<p>Depois de alguns anos, os crist\u00e3os foram indultados e Calisto retornou \u00e0 vida livre, indo estabelecer-se na cidade de Anzio, onde adquiriu reconhecimento dos crist\u00e3os, como di\u00e1cono. Quando o papa Zeferino assumiu o governo da Igreja, chamou o di\u00e1cono para trabalhar com ele. Deu a Calisto v\u00e1rias miss\u00f5es executadas com sucesso. Depois o nomeou respons\u00e1vel pelos cemit\u00e9rios da Igreja.<\/p>\n<p>Chamados de catacumbas, esses cemit\u00e9rios subterr\u00e2neos da via \u00c1pia, em Roma, tiveram import\u00e2ncia vital para os crist\u00e3os. Al\u00e9m de ali enterrarem seus mortos, as catacumbas serviam, tamb\u00e9m, para cerim\u00f4nias e cultos, principalmente durante os per\u00edodos de persegui\u00e7\u00e3o. Calisto come\u00e7ou suas escava\u00e7\u00f5es, organizou-as e valorizou-as.<\/p>\n<p>Nelas mandou construir uma capela, chamada Cripta dos Papas, onde est\u00e3o enterrados quarenta e seis pont\u00edfices e cerca de duzentos mil m\u00e1rtires das persegui\u00e7\u00f5es contra os crist\u00e3os.<\/p>\n<p>Com a morte do papa Z\u00f3zimo, o clero e o povo elegeram Calisto para substitu\u00ed-lo, mas ele sofreu muita oposi\u00e7\u00e3o por causa de sua origem humilde de escravo. Hip\u00f3lito, um dos grandes te\u00f3logos do catolicismo e pensadores da \u00e9poca, era o principal deles. Hip\u00f3lito tinha um entendimento diferente sobre a Sant\u00edssima Trindade e desejava que determinados pecados n\u00e3o fossem perdoados. Entretanto o papa Calisto I manteve-se firme na defesa da Igreja, rompendo com Hip\u00f3lito e seus seguidores, respondendo a quest\u00e3o com aquela frase conclusiva. Anos depois, Hip\u00f3lito reconciliar-se-ia com a Igreja, tornado-se m\u00e1rtir da Igreja por n\u00e3o negar sua f\u00e9 em Cristo.<\/p>\n<p>O papa Calisto I governou por seis anos. Nesse per\u00edodo, concluiu o trabalho nas catacumbas romanas, conhecidas, hoje, como as catacumbas de s\u00e3o Calisto. Em 222, ele se tornou v\u00edtima da persegui\u00e7\u00e3o, foi espancado e, quase morto, jogado em um po\u00e7o. No local, agora, acha-se a igreja de Santa Maria, em Trastevere, que guarda o seu corpo, em Roma.<\/p>\n<div id=\"themify_builder_content-11325\" data-postid=\"11325\" class=\"themify_builder_content themify_builder_content-11325 themify_builder themify_builder_front\">\n\t<\/div>\n<!-- \/themify_builder_content -->","protected":false},"excerpt":{"rendered":"<p>14 de Outubro &#8220;Todo pecado pode ser perdoado pela Igreja, cumpridas as devidas penit\u00eancias.&#8221; A frase conclusiva \u00e9 do papa Calisto I, ao se posicionar no combate \u00e0s id\u00e9ias her\u00e9ticas, surgidas dentro do clero, que iam contra a Igreja. Calisto entendia muito bem de penit\u00eancia. Na Roma do s\u00e9culo II, ele nasceu num bairro pobre [&hellip;]<\/p>\n","protected":false},"author":14,"featured_media":0,"comment_status":"open","ping_status":"open","sticky":false,"template":"","format":"standard","meta":{"ngg_post_thumbnail":0,"footnotes":""},"categories":[186],"tags":[],"yoast_head":"<!-- This site is optimized with the Yoast SEO plugin v23.5 - https:\/\/yoast.com\/wordpress\/plugins\/seo\/ -->\n<title>S\u00e3o Calisto I - O Arcanjo no ar<\/title>\n<meta name=\"robots\" content=\"index, follow, max-snippet:-1, max-image-preview:large, max-video-preview:-1\" \/>\n<link rel=\"canonical\" href=\"https:\/\/www.oarcanjo.net\/site\/sao-calisto-i\/\" \/>\n<meta property=\"og:locale\" content=\"pt_BR\" \/>\n<meta property=\"og:type\" content=\"article\" \/>\n<meta property=\"og:title\" content=\"S\u00e3o Calisto I - O Arcanjo no ar\" \/>\n<meta property=\"og:description\" content=\"14 de Outubro &#8220;Todo pecado pode ser perdoado pela Igreja, cumpridas as devidas penit\u00eancias.&#8221; A frase conclusiva \u00e9 do papa Calisto I, ao se posicionar no combate \u00e0s id\u00e9ias her\u00e9ticas, surgidas dentro do clero, que iam contra a Igreja. Calisto entendia muito bem de penit\u00eancia. Na Roma do s\u00e9culo II, ele nasceu num bairro pobre [&hellip;]\" \/>\n<meta property=\"og:url\" content=\"https:\/\/www.oarcanjo.net\/site\/sao-calisto-i\/\" \/>\n<meta property=\"og:site_name\" content=\"O Arcanjo no ar\" \/>\n<meta property=\"article:publisher\" content=\"https:\/\/www.facebook.com\/OArcanjoNoAr\/\" \/>\n<meta property=\"article:published_time\" content=\"2017-10-14T03:52:52+00:00\" \/>\n<meta property=\"article:modified_time\" content=\"2017-08-11T17:54:02+00:00\" \/>\n<meta property=\"og:image\" content=\"http:\/\/1.bp.blogspot.com\/_z-c0Sh5Zlrs\/SK9O_5s8iNI\/AAAAAAAACKM\/XwDd5a_c40Q\/s400\/S%C3%A3o+Calisto+I.jpg\" \/>\n<meta name=\"author\" content=\"danilo\" \/>\n<meta name=\"twitter:card\" content=\"summary_large_image\" \/>\n<meta name=\"twitter:label1\" content=\"Escrito por\" \/>\n\t<meta name=\"twitter:data1\" content=\"danilo\" \/>\n\t<meta name=\"twitter:label2\" content=\"Est. tempo de leitura\" \/>\n\t<meta name=\"twitter:data2\" content=\"2 minutos\" \/>\n<script type=\"application\/ld+json\" class=\"yoast-schema-graph\">{\"@context\":\"https:\/\/schema.org\",\"@graph\":[{\"@type\":\"Article\",\"@id\":\"https:\/\/www.oarcanjo.net\/site\/sao-calisto-i\/#article\",\"isPartOf\":{\"@id\":\"https:\/\/www.oarcanjo.net\/site\/sao-calisto-i\/\"},\"author\":{\"name\":\"danilo\",\"@id\":\"https:\/\/www.oarcanjo.net\/site\/#\/schema\/person\/5eb9480bedd2f3c97e430ce128c29c6c\"},\"headline\":\"S\u00e3o Calisto I\",\"datePublished\":\"2017-10-14T03:52:52+00:00\",\"dateModified\":\"2017-08-11T17:54:02+00:00\",\"mainEntityOfPage\":{\"@id\":\"https:\/\/www.oarcanjo.net\/site\/sao-calisto-i\/\"},\"wordCount\":501,\"commentCount\":0,\"publisher\":{\"@id\":\"https:\/\/www.oarcanjo.net\/site\/#organization\"},\"image\":{\"@id\":\"https:\/\/www.oarcanjo.net\/site\/sao-calisto-i\/#primaryimage\"},\"thumbnailUrl\":\"http:\/\/1.bp.blogspot.com\/_z-c0Sh5Zlrs\/SK9O_5s8iNI\/AAAAAAAACKM\/XwDd5a_c40Q\/s400\/S%C3%A3o+Calisto+I.jpg\",\"articleSection\":[\"Testemunhos\"],\"inLanguage\":\"pt-BR\",\"potentialAction\":[{\"@type\":\"CommentAction\",\"name\":\"Comment\",\"target\":[\"https:\/\/www.oarcanjo.net\/site\/sao-calisto-i\/#respond\"]}]},{\"@type\":\"WebPage\",\"@id\":\"https:\/\/www.oarcanjo.net\/site\/sao-calisto-i\/\",\"url\":\"https:\/\/www.oarcanjo.net\/site\/sao-calisto-i\/\",\"name\":\"S\u00e3o Calisto I - O Arcanjo no ar\",\"isPartOf\":{\"@id\":\"https:\/\/www.oarcanjo.net\/site\/#website\"},\"primaryImageOfPage\":{\"@id\":\"https:\/\/www.oarcanjo.net\/site\/sao-calisto-i\/#primaryimage\"},\"image\":{\"@id\":\"https:\/\/www.oarcanjo.net\/site\/sao-calisto-i\/#primaryimage\"},\"thumbnailUrl\":\"http:\/\/1.bp.blogspot.com\/_z-c0Sh5Zlrs\/SK9O_5s8iNI\/AAAAAAAACKM\/XwDd5a_c40Q\/s400\/S%C3%A3o+Calisto+I.jpg\",\"datePublished\":\"2017-10-14T03:52:52+00:00\",\"dateModified\":\"2017-08-11T17:54:02+00:00\",\"breadcrumb\":{\"@id\":\"https:\/\/www.oarcanjo.net\/site\/sao-calisto-i\/#breadcrumb\"},\"inLanguage\":\"pt-BR\",\"potentialAction\":[{\"@type\":\"ReadAction\",\"target\":[\"https:\/\/www.oarcanjo.net\/site\/sao-calisto-i\/\"]}]},{\"@type\":\"ImageObject\",\"inLanguage\":\"pt-BR\",\"@id\":\"https:\/\/www.oarcanjo.net\/site\/sao-calisto-i\/#primaryimage\",\"url\":\"http:\/\/1.bp.blogspot.com\/_z-c0Sh5Zlrs\/SK9O_5s8iNI\/AAAAAAAACKM\/XwDd5a_c40Q\/s400\/S%C3%A3o+Calisto+I.jpg\",\"contentUrl\":\"http:\/\/1.bp.blogspot.com\/_z-c0Sh5Zlrs\/SK9O_5s8iNI\/AAAAAAAACKM\/XwDd5a_c40Q\/s400\/S%C3%A3o+Calisto+I.jpg\"},{\"@type\":\"BreadcrumbList\",\"@id\":\"https:\/\/www.oarcanjo.net\/site\/sao-calisto-i\/#breadcrumb\",\"itemListElement\":[{\"@type\":\"ListItem\",\"position\":1,\"name\":\"In\u00edcio\",\"item\":\"https:\/\/www.oarcanjo.net\/site\/\"},{\"@type\":\"ListItem\",\"position\":2,\"name\":\"S\u00e3o Calisto I\"}]},{\"@type\":\"WebSite\",\"@id\":\"https:\/\/www.oarcanjo.net\/site\/#website\",\"url\":\"https:\/\/www.oarcanjo.net\/site\/\",\"name\":\"O Arcanjo no ar\",\"description\":\"Site da Par\u00f3quia S\u00e3o Miguel Arcanjo (Arquidiocese de SP)\",\"publisher\":{\"@id\":\"https:\/\/www.oarcanjo.net\/site\/#organization\"},\"potentialAction\":[{\"@type\":\"SearchAction\",\"target\":{\"@type\":\"EntryPoint\",\"urlTemplate\":\"https:\/\/www.oarcanjo.net\/site\/?s={search_term_string}\"},\"query-input\":{\"@type\":\"PropertyValueSpecification\",\"valueRequired\":true,\"valueName\":\"search_term_string\"}}],\"inLanguage\":\"pt-BR\"},{\"@type\":\"Organization\",\"@id\":\"https:\/\/www.oarcanjo.net\/site\/#organization\",\"name\":\"Par\u00f3quia S\u00e3o Miguel Arcanjo\",\"url\":\"https:\/\/www.oarcanjo.net\/site\/\",\"logo\":{\"@type\":\"ImageObject\",\"inLanguage\":\"pt-BR\",\"@id\":\"https:\/\/www.oarcanjo.net\/site\/#\/schema\/logo\/image\/\",\"url\":\"https:\/\/www.oarcanjo.net\/site\/wp-content\/uploads\/LogoOArcanjo.png\",\"contentUrl\":\"https:\/\/www.oarcanjo.net\/site\/wp-content\/uploads\/LogoOArcanjo.png\",\"width\":319,\"height\":99,\"caption\":\"Par\u00f3quia S\u00e3o Miguel Arcanjo\"},\"image\":{\"@id\":\"https:\/\/www.oarcanjo.net\/site\/#\/schema\/logo\/image\/\"},\"sameAs\":[\"https:\/\/www.facebook.com\/OArcanjoNoAr\/\"]},{\"@type\":\"Person\",\"@id\":\"https:\/\/www.oarcanjo.net\/site\/#\/schema\/person\/5eb9480bedd2f3c97e430ce128c29c6c\",\"name\":\"danilo\"}]}<\/script>\n<!-- \/ Yoast SEO plugin. -->","yoast_head_json":{"title":"S\u00e3o Calisto I - O Arcanjo no ar","robots":{"index":"index","follow":"follow","max-snippet":"max-snippet:-1","max-image-preview":"max-image-preview:large","max-video-preview":"max-video-preview:-1"},"canonical":"https:\/\/www.oarcanjo.net\/site\/sao-calisto-i\/","og_locale":"pt_BR","og_type":"article","og_title":"S\u00e3o Calisto I - O Arcanjo no ar","og_description":"14 de Outubro &#8220;Todo pecado pode ser perdoado pela Igreja, cumpridas as devidas penit\u00eancias.&#8221; A frase conclusiva \u00e9 do papa Calisto I, ao se posicionar no combate \u00e0s id\u00e9ias her\u00e9ticas, surgidas dentro do clero, que iam contra a Igreja. Calisto entendia muito bem de penit\u00eancia. Na Roma do s\u00e9culo II, ele nasceu num bairro pobre [&hellip;]","og_url":"https:\/\/www.oarcanjo.net\/site\/sao-calisto-i\/","og_site_name":"O Arcanjo no ar","article_publisher":"https:\/\/www.facebook.com\/OArcanjoNoAr\/","article_published_time":"2017-10-14T03:52:52+00:00","article_modified_time":"2017-08-11T17:54:02+00:00","og_image":[{"url":"http:\/\/1.bp.blogspot.com\/_z-c0Sh5Zlrs\/SK9O_5s8iNI\/AAAAAAAACKM\/XwDd5a_c40Q\/s400\/S%C3%A3o+Calisto+I.jpg"}],"author":"danilo","twitter_card":"summary_large_image","twitter_misc":{"Escrito por":"danilo","Est. tempo de leitura":"2 minutos"},"schema":{"@context":"https:\/\/schema.org","@graph":[{"@type":"Article","@id":"https:\/\/www.oarcanjo.net\/site\/sao-calisto-i\/#article","isPartOf":{"@id":"https:\/\/www.oarcanjo.net\/site\/sao-calisto-i\/"},"author":{"name":"danilo","@id":"https:\/\/www.oarcanjo.net\/site\/#\/schema\/person\/5eb9480bedd2f3c97e430ce128c29c6c"},"headline":"S\u00e3o Calisto I","datePublished":"2017-10-14T03:52:52+00:00","dateModified":"2017-08-11T17:54:02+00:00","mainEntityOfPage":{"@id":"https:\/\/www.oarcanjo.net\/site\/sao-calisto-i\/"},"wordCount":501,"commentCount":0,"publisher":{"@id":"https:\/\/www.oarcanjo.net\/site\/#organization"},"image":{"@id":"https:\/\/www.oarcanjo.net\/site\/sao-calisto-i\/#primaryimage"},"thumbnailUrl":"http:\/\/1.bp.blogspot.com\/_z-c0Sh5Zlrs\/SK9O_5s8iNI\/AAAAAAAACKM\/XwDd5a_c40Q\/s400\/S%C3%A3o+Calisto+I.jpg","articleSection":["Testemunhos"],"inLanguage":"pt-BR","potentialAction":[{"@type":"CommentAction","name":"Comment","target":["https:\/\/www.oarcanjo.net\/site\/sao-calisto-i\/#respond"]}]},{"@type":"WebPage","@id":"https:\/\/www.oarcanjo.net\/site\/sao-calisto-i\/","url":"https:\/\/www.oarcanjo.net\/site\/sao-calisto-i\/","name":"S\u00e3o Calisto I - O Arcanjo no ar","isPartOf":{"@id":"https:\/\/www.oarcanjo.net\/site\/#website"},"primaryImageOfPage":{"@id":"https:\/\/www.oarcanjo.net\/site\/sao-calisto-i\/#primaryimage"},"image":{"@id":"https:\/\/www.oarcanjo.net\/site\/sao-calisto-i\/#primaryimage"},"thumbnailUrl":"http:\/\/1.bp.blogspot.com\/_z-c0Sh5Zlrs\/SK9O_5s8iNI\/AAAAAAAACKM\/XwDd5a_c40Q\/s400\/S%C3%A3o+Calisto+I.jpg","datePublished":"2017-10-14T03:52:52+00:00","dateModified":"2017-08-11T17:54:02+00:00","breadcrumb":{"@id":"https:\/\/www.oarcanjo.net\/site\/sao-calisto-i\/#breadcrumb"},"inLanguage":"pt-BR","potentialAction":[{"@type":"ReadAction","target":["https:\/\/www.oarcanjo.net\/site\/sao-calisto-i\/"]}]},{"@type":"ImageObject","inLanguage":"pt-BR","@id":"https:\/\/www.oarcanjo.net\/site\/sao-calisto-i\/#primaryimage","url":"http:\/\/1.bp.blogspot.com\/_z-c0Sh5Zlrs\/SK9O_5s8iNI\/AAAAAAAACKM\/XwDd5a_c40Q\/s400\/S%C3%A3o+Calisto+I.jpg","contentUrl":"http:\/\/1.bp.blogspot.com\/_z-c0Sh5Zlrs\/SK9O_5s8iNI\/AAAAAAAACKM\/XwDd5a_c40Q\/s400\/S%C3%A3o+Calisto+I.jpg"},{"@type":"BreadcrumbList","@id":"https:\/\/www.oarcanjo.net\/site\/sao-calisto-i\/#breadcrumb","itemListElement":[{"@type":"ListItem","position":1,"name":"In\u00edcio","item":"https:\/\/www.oarcanjo.net\/site\/"},{"@type":"ListItem","position":2,"name":"S\u00e3o Calisto I"}]},{"@type":"WebSite","@id":"https:\/\/www.oarcanjo.net\/site\/#website","url":"https:\/\/www.oarcanjo.net\/site\/","name":"O Arcanjo no ar","description":"Site da Par\u00f3quia S\u00e3o Miguel Arcanjo (Arquidiocese de SP)","publisher":{"@id":"https:\/\/www.oarcanjo.net\/site\/#organization"},"potentialAction":[{"@type":"SearchAction","target":{"@type":"EntryPoint","urlTemplate":"https:\/\/www.oarcanjo.net\/site\/?s={search_term_string}"},"query-input":{"@type":"PropertyValueSpecification","valueRequired":true,"valueName":"search_term_string"}}],"inLanguage":"pt-BR"},{"@type":"Organization","@id":"https:\/\/www.oarcanjo.net\/site\/#organization","name":"Par\u00f3quia S\u00e3o Miguel Arcanjo","url":"https:\/\/www.oarcanjo.net\/site\/","logo":{"@type":"ImageObject","inLanguage":"pt-BR","@id":"https:\/\/www.oarcanjo.net\/site\/#\/schema\/logo\/image\/","url":"https:\/\/www.oarcanjo.net\/site\/wp-content\/uploads\/LogoOArcanjo.png","contentUrl":"https:\/\/www.oarcanjo.net\/site\/wp-content\/uploads\/LogoOArcanjo.png","width":319,"height":99,"caption":"Par\u00f3quia S\u00e3o Miguel Arcanjo"},"image":{"@id":"https:\/\/www.oarcanjo.net\/site\/#\/schema\/logo\/image\/"},"sameAs":["https:\/\/www.facebook.com\/OArcanjoNoAr\/"]},{"@type":"Person","@id":"https:\/\/www.oarcanjo.net\/site\/#\/schema\/person\/5eb9480bedd2f3c97e430ce128c29c6c","name":"danilo"}]}},"publishpress_future_action":{"enabled":false,"date":"2026-05-08 20:59:51","action":"category","newStatus":"draft","terms":[],"taxonomy":"category"},"publishpress_future_workflow_manual_trigger":{"enabledWorkflows":[]},"_links":{"self":[{"href":"https:\/\/www.oarcanjo.net\/site\/wp-json\/wp\/v2\/posts\/11325"}],"collection":[{"href":"https:\/\/www.oarcanjo.net\/site\/wp-json\/wp\/v2\/posts"}],"about":[{"href":"https:\/\/www.oarcanjo.net\/site\/wp-json\/wp\/v2\/types\/post"}],"author":[{"embeddable":true,"href":"https:\/\/www.oarcanjo.net\/site\/wp-json\/wp\/v2\/users\/14"}],"replies":[{"embeddable":true,"href":"https:\/\/www.oarcanjo.net\/site\/wp-json\/wp\/v2\/comments?post=11325"}],"version-history":[{"count":0,"href":"https:\/\/www.oarcanjo.net\/site\/wp-json\/wp\/v2\/posts\/11325\/revisions"}],"wp:attachment":[{"href":"https:\/\/www.oarcanjo.net\/site\/wp-json\/wp\/v2\/media?parent=11325"}],"wp:term":[{"taxonomy":"category","embeddable":true,"href":"https:\/\/www.oarcanjo.net\/site\/wp-json\/wp\/v2\/categories?post=11325"},{"taxonomy":"post_tag","embeddable":true,"href":"https:\/\/www.oarcanjo.net\/site\/wp-json\/wp\/v2\/tags?post=11325"}],"curies":[{"name":"wp","href":"https:\/\/api.w.org\/{rel}","templated":true}]}}