
{"id":11337,"date":"2017-10-14T00:29:22","date_gmt":"2017-10-14T03:29:22","guid":{"rendered":"http:\/\/www.oarcanjo.net\/site\/?p=11337"},"modified":"2017-08-11T14:53:59","modified_gmt":"2017-08-11T17:53:59","slug":"sao-burchardo","status":"publish","type":"post","link":"https:\/\/www.oarcanjo.net\/site\/sao-burchardo\/","title":{"rendered":"S\u00e3o Burchardo"},"content":{"rendered":"<p><img loading=\"lazy\" decoding=\"async\" class=\"alignnone size-full wp-image-52573\" src=\"http:\/\/www.oarcanjo.net\/site\/wp-content\/uploads\/Sao-Burchardo.jpg\" alt=\"S\u00e3o Burchardo\" width=\"115\" height=\"159\" \/><\/p>\n<p>14 de Outubro<\/p>\n<p>Burchardo nasceu na Inglaterra. Educado desde a inf\u00e2ncia no cristianismo, na juventude tornou-se um monge beneditino. Em 735, quis realizar o antigo sonho de tornar-se mission\u00e1rio e partiu como volunt\u00e1rio para a Alemanha, indo juntar-se, ao agora santo, bispo Bonif\u00e1cio, que chefiava os trabalhos de evangeliza\u00e7\u00e3o junto \u00e0quela popula\u00e7\u00e3o ainda pag\u00e3. Fez uma longa estadia no Mosteiro de Fritzlar, fundado por Bonif\u00e1cio, at\u00e9 que foi destinado para levar a Palavra de Deus aos habitantes da Tur\u00edngia.<\/p>\n<p>Alto e forte, inteligente e piedoso, logo se tornou um mission\u00e1rio destacado. Em pouco tempo, a popula\u00e7\u00e3o pag\u00e3, que cultuava entidades como os deuses Odin e Freia, passou a encher as poucas igrejas existentes. Burchardo, ent\u00e3o, passou a construir novos templos em ritmo acelerado. Tanto assim que, pr\u00f3ximo ao ano 742, o pr\u00f3prio bispo Bonif\u00e1cio instituiu a diocese de Wurzburg, para a Tur\u00edngia Meridional e para a Franc\u00f4nia Oriental, consagrando Burchardo primeiro bispo.<\/p>\n<p>Mais tarde, o pr\u00f3prio rei Pepino, o Breve, seguido pelos herdeiros, dotou essa diocese com numerosos benef\u00edcios, que at\u00e9 mesmo foi elevada \u00e0 condi\u00e7\u00e3o de ducado, com jurisprud\u00eancia sobre as que estavam subordinadas a ela. Tal m\u00e9rito se deve, especialmente, a Burchardo, cuja fama de santidade era voz corrente entre os habitantes.<\/p>\n<p>Mesmo assim, nada foi f\u00e1cil no seu trabalho, sendo muito perseguido e caluniado. Participou de dois importantes conc\u00edlios: em 743, o dos bispos germ\u00e2nicos e, em 747, o dos francos. Tamb\u00e9m construiu o importante Mosteiro beneditino de Santo Andr\u00e9, em Wurzburg. Ap\u00f3s doze anos de incans\u00e1vel apostolado na diocese, o povo j\u00e1 era todo crist\u00e3o. Em 753, Burchardo serenamente morreu, sendo sepultado na igreja da cidade.<\/p>\n<p>Num dia 14 de outubro, entre os anos 984 e 990, o ent\u00e3o bispo Hugo promoveu o solene translado de suas rel\u00edquias para a capela do Mosteiro de Santo Andr\u00e9. A data passou a ser a da tradicional celebra\u00e7\u00e3o de s\u00e3o Burchardo, sendo tamb\u00e9m adotada pela Igreja quando autorizou o seu culto, no s\u00e9culo XII.<\/p>\n<div id=\"themify_builder_content-11337\" data-postid=\"11337\" class=\"themify_builder_content themify_builder_content-11337 themify_builder themify_builder_front\">\n\t<\/div>\n<!-- \/themify_builder_content -->","protected":false},"excerpt":{"rendered":"<p>14 de Outubro Burchardo nasceu na Inglaterra. Educado desde a inf\u00e2ncia no cristianismo, na juventude tornou-se um monge beneditino. Em 735, quis realizar o antigo sonho de tornar-se mission\u00e1rio e partiu como volunt\u00e1rio para a Alemanha, indo juntar-se, ao agora santo, bispo Bonif\u00e1cio, que chefiava os trabalhos de evangeliza\u00e7\u00e3o junto \u00e0quela popula\u00e7\u00e3o ainda pag\u00e3. Fez [&hellip;]<\/p>\n","protected":false},"author":14,"featured_media":0,"comment_status":"open","ping_status":"open","sticky":false,"template":"","format":"standard","meta":{"ngg_post_thumbnail":0,"footnotes":""},"categories":[186],"tags":[],"yoast_head":"<!-- This site is optimized with the Yoast SEO plugin v23.5 - https:\/\/yoast.com\/wordpress\/plugins\/seo\/ -->\n<title>S\u00e3o Burchardo - O Arcanjo no ar<\/title>\n<meta name=\"robots\" content=\"index, follow, max-snippet:-1, max-image-preview:large, max-video-preview:-1\" \/>\n<link rel=\"canonical\" href=\"https:\/\/www.oarcanjo.net\/site\/sao-burchardo\/\" \/>\n<meta property=\"og:locale\" content=\"pt_BR\" \/>\n<meta property=\"og:type\" content=\"article\" \/>\n<meta property=\"og:title\" content=\"S\u00e3o Burchardo - O Arcanjo no ar\" \/>\n<meta property=\"og:description\" content=\"14 de Outubro Burchardo nasceu na Inglaterra. Educado desde a inf\u00e2ncia no cristianismo, na juventude tornou-se um monge beneditino. Em 735, quis realizar o antigo sonho de tornar-se mission\u00e1rio e partiu como volunt\u00e1rio para a Alemanha, indo juntar-se, ao agora santo, bispo Bonif\u00e1cio, que chefiava os trabalhos de evangeliza\u00e7\u00e3o junto \u00e0quela popula\u00e7\u00e3o ainda pag\u00e3. Fez [&hellip;]\" \/>\n<meta property=\"og:url\" content=\"https:\/\/www.oarcanjo.net\/site\/sao-burchardo\/\" \/>\n<meta property=\"og:site_name\" content=\"O Arcanjo no ar\" \/>\n<meta property=\"article:publisher\" content=\"https:\/\/www.facebook.com\/OArcanjoNoAr\/\" \/>\n<meta property=\"article:published_time\" content=\"2017-10-14T03:29:22+00:00\" \/>\n<meta property=\"article:modified_time\" content=\"2017-08-11T17:53:59+00:00\" \/>\n<meta property=\"og:image\" content=\"http:\/\/www.oarcanjo.net\/site\/wp-content\/uploads\/Sao-Burchardo.jpg\" \/>\n<meta name=\"author\" content=\"danilo\" \/>\n<meta name=\"twitter:card\" content=\"summary_large_image\" \/>\n<meta name=\"twitter:label1\" content=\"Escrito por\" \/>\n\t<meta name=\"twitter:data1\" content=\"danilo\" \/>\n\t<meta name=\"twitter:label2\" content=\"Est. tempo de leitura\" \/>\n\t<meta name=\"twitter:data2\" content=\"2 minutos\" \/>\n<script type=\"application\/ld+json\" class=\"yoast-schema-graph\">{\"@context\":\"https:\/\/schema.org\",\"@graph\":[{\"@type\":\"Article\",\"@id\":\"https:\/\/www.oarcanjo.net\/site\/sao-burchardo\/#article\",\"isPartOf\":{\"@id\":\"https:\/\/www.oarcanjo.net\/site\/sao-burchardo\/\"},\"author\":{\"name\":\"danilo\",\"@id\":\"https:\/\/www.oarcanjo.net\/site\/#\/schema\/person\/5eb9480bedd2f3c97e430ce128c29c6c\"},\"headline\":\"S\u00e3o Burchardo\",\"datePublished\":\"2017-10-14T03:29:22+00:00\",\"dateModified\":\"2017-08-11T17:53:59+00:00\",\"mainEntityOfPage\":{\"@id\":\"https:\/\/www.oarcanjo.net\/site\/sao-burchardo\/\"},\"wordCount\":352,\"commentCount\":0,\"publisher\":{\"@id\":\"https:\/\/www.oarcanjo.net\/site\/#organization\"},\"image\":{\"@id\":\"https:\/\/www.oarcanjo.net\/site\/sao-burchardo\/#primaryimage\"},\"thumbnailUrl\":\"http:\/\/www.oarcanjo.net\/site\/wp-content\/uploads\/Sao-Burchardo.jpg\",\"articleSection\":[\"Testemunhos\"],\"inLanguage\":\"pt-BR\",\"potentialAction\":[{\"@type\":\"CommentAction\",\"name\":\"Comment\",\"target\":[\"https:\/\/www.oarcanjo.net\/site\/sao-burchardo\/#respond\"]}]},{\"@type\":\"WebPage\",\"@id\":\"https:\/\/www.oarcanjo.net\/site\/sao-burchardo\/\",\"url\":\"https:\/\/www.oarcanjo.net\/site\/sao-burchardo\/\",\"name\":\"S\u00e3o Burchardo - O Arcanjo no ar\",\"isPartOf\":{\"@id\":\"https:\/\/www.oarcanjo.net\/site\/#website\"},\"primaryImageOfPage\":{\"@id\":\"https:\/\/www.oarcanjo.net\/site\/sao-burchardo\/#primaryimage\"},\"image\":{\"@id\":\"https:\/\/www.oarcanjo.net\/site\/sao-burchardo\/#primaryimage\"},\"thumbnailUrl\":\"http:\/\/www.oarcanjo.net\/site\/wp-content\/uploads\/Sao-Burchardo.jpg\",\"datePublished\":\"2017-10-14T03:29:22+00:00\",\"dateModified\":\"2017-08-11T17:53:59+00:00\",\"breadcrumb\":{\"@id\":\"https:\/\/www.oarcanjo.net\/site\/sao-burchardo\/#breadcrumb\"},\"inLanguage\":\"pt-BR\",\"potentialAction\":[{\"@type\":\"ReadAction\",\"target\":[\"https:\/\/www.oarcanjo.net\/site\/sao-burchardo\/\"]}]},{\"@type\":\"ImageObject\",\"inLanguage\":\"pt-BR\",\"@id\":\"https:\/\/www.oarcanjo.net\/site\/sao-burchardo\/#primaryimage\",\"url\":\"https:\/\/www.oarcanjo.net\/site\/wp-content\/uploads\/Sao-Burchardo.jpg\",\"contentUrl\":\"https:\/\/www.oarcanjo.net\/site\/wp-content\/uploads\/Sao-Burchardo.jpg\",\"width\":115,\"height\":159,\"caption\":\"S\u00e3o Burchardo\"},{\"@type\":\"BreadcrumbList\",\"@id\":\"https:\/\/www.oarcanjo.net\/site\/sao-burchardo\/#breadcrumb\",\"itemListElement\":[{\"@type\":\"ListItem\",\"position\":1,\"name\":\"In\u00edcio\",\"item\":\"https:\/\/www.oarcanjo.net\/site\/\"},{\"@type\":\"ListItem\",\"position\":2,\"name\":\"S\u00e3o Burchardo\"}]},{\"@type\":\"WebSite\",\"@id\":\"https:\/\/www.oarcanjo.net\/site\/#website\",\"url\":\"https:\/\/www.oarcanjo.net\/site\/\",\"name\":\"O Arcanjo no ar\",\"description\":\"Site da Par\u00f3quia S\u00e3o Miguel Arcanjo (Arquidiocese de SP)\",\"publisher\":{\"@id\":\"https:\/\/www.oarcanjo.net\/site\/#organization\"},\"potentialAction\":[{\"@type\":\"SearchAction\",\"target\":{\"@type\":\"EntryPoint\",\"urlTemplate\":\"https:\/\/www.oarcanjo.net\/site\/?s={search_term_string}\"},\"query-input\":{\"@type\":\"PropertyValueSpecification\",\"valueRequired\":true,\"valueName\":\"search_term_string\"}}],\"inLanguage\":\"pt-BR\"},{\"@type\":\"Organization\",\"@id\":\"https:\/\/www.oarcanjo.net\/site\/#organization\",\"name\":\"Par\u00f3quia S\u00e3o Miguel Arcanjo\",\"url\":\"https:\/\/www.oarcanjo.net\/site\/\",\"logo\":{\"@type\":\"ImageObject\",\"inLanguage\":\"pt-BR\",\"@id\":\"https:\/\/www.oarcanjo.net\/site\/#\/schema\/logo\/image\/\",\"url\":\"https:\/\/www.oarcanjo.net\/site\/wp-content\/uploads\/LogoOArcanjo.png\",\"contentUrl\":\"https:\/\/www.oarcanjo.net\/site\/wp-content\/uploads\/LogoOArcanjo.png\",\"width\":319,\"height\":99,\"caption\":\"Par\u00f3quia S\u00e3o Miguel Arcanjo\"},\"image\":{\"@id\":\"https:\/\/www.oarcanjo.net\/site\/#\/schema\/logo\/image\/\"},\"sameAs\":[\"https:\/\/www.facebook.com\/OArcanjoNoAr\/\"]},{\"@type\":\"Person\",\"@id\":\"https:\/\/www.oarcanjo.net\/site\/#\/schema\/person\/5eb9480bedd2f3c97e430ce128c29c6c\",\"name\":\"danilo\"}]}<\/script>\n<!-- \/ Yoast SEO plugin. -->","yoast_head_json":{"title":"S\u00e3o Burchardo - O Arcanjo no ar","robots":{"index":"index","follow":"follow","max-snippet":"max-snippet:-1","max-image-preview":"max-image-preview:large","max-video-preview":"max-video-preview:-1"},"canonical":"https:\/\/www.oarcanjo.net\/site\/sao-burchardo\/","og_locale":"pt_BR","og_type":"article","og_title":"S\u00e3o Burchardo - O Arcanjo no ar","og_description":"14 de Outubro Burchardo nasceu na Inglaterra. Educado desde a inf\u00e2ncia no cristianismo, na juventude tornou-se um monge beneditino. Em 735, quis realizar o antigo sonho de tornar-se mission\u00e1rio e partiu como volunt\u00e1rio para a Alemanha, indo juntar-se, ao agora santo, bispo Bonif\u00e1cio, que chefiava os trabalhos de evangeliza\u00e7\u00e3o junto \u00e0quela popula\u00e7\u00e3o ainda pag\u00e3. Fez [&hellip;]","og_url":"https:\/\/www.oarcanjo.net\/site\/sao-burchardo\/","og_site_name":"O Arcanjo no ar","article_publisher":"https:\/\/www.facebook.com\/OArcanjoNoAr\/","article_published_time":"2017-10-14T03:29:22+00:00","article_modified_time":"2017-08-11T17:53:59+00:00","og_image":[{"url":"http:\/\/www.oarcanjo.net\/site\/wp-content\/uploads\/Sao-Burchardo.jpg"}],"author":"danilo","twitter_card":"summary_large_image","twitter_misc":{"Escrito por":"danilo","Est. tempo de leitura":"2 minutos"},"schema":{"@context":"https:\/\/schema.org","@graph":[{"@type":"Article","@id":"https:\/\/www.oarcanjo.net\/site\/sao-burchardo\/#article","isPartOf":{"@id":"https:\/\/www.oarcanjo.net\/site\/sao-burchardo\/"},"author":{"name":"danilo","@id":"https:\/\/www.oarcanjo.net\/site\/#\/schema\/person\/5eb9480bedd2f3c97e430ce128c29c6c"},"headline":"S\u00e3o Burchardo","datePublished":"2017-10-14T03:29:22+00:00","dateModified":"2017-08-11T17:53:59+00:00","mainEntityOfPage":{"@id":"https:\/\/www.oarcanjo.net\/site\/sao-burchardo\/"},"wordCount":352,"commentCount":0,"publisher":{"@id":"https:\/\/www.oarcanjo.net\/site\/#organization"},"image":{"@id":"https:\/\/www.oarcanjo.net\/site\/sao-burchardo\/#primaryimage"},"thumbnailUrl":"http:\/\/www.oarcanjo.net\/site\/wp-content\/uploads\/Sao-Burchardo.jpg","articleSection":["Testemunhos"],"inLanguage":"pt-BR","potentialAction":[{"@type":"CommentAction","name":"Comment","target":["https:\/\/www.oarcanjo.net\/site\/sao-burchardo\/#respond"]}]},{"@type":"WebPage","@id":"https:\/\/www.oarcanjo.net\/site\/sao-burchardo\/","url":"https:\/\/www.oarcanjo.net\/site\/sao-burchardo\/","name":"S\u00e3o Burchardo - O Arcanjo no ar","isPartOf":{"@id":"https:\/\/www.oarcanjo.net\/site\/#website"},"primaryImageOfPage":{"@id":"https:\/\/www.oarcanjo.net\/site\/sao-burchardo\/#primaryimage"},"image":{"@id":"https:\/\/www.oarcanjo.net\/site\/sao-burchardo\/#primaryimage"},"thumbnailUrl":"http:\/\/www.oarcanjo.net\/site\/wp-content\/uploads\/Sao-Burchardo.jpg","datePublished":"2017-10-14T03:29:22+00:00","dateModified":"2017-08-11T17:53:59+00:00","breadcrumb":{"@id":"https:\/\/www.oarcanjo.net\/site\/sao-burchardo\/#breadcrumb"},"inLanguage":"pt-BR","potentialAction":[{"@type":"ReadAction","target":["https:\/\/www.oarcanjo.net\/site\/sao-burchardo\/"]}]},{"@type":"ImageObject","inLanguage":"pt-BR","@id":"https:\/\/www.oarcanjo.net\/site\/sao-burchardo\/#primaryimage","url":"https:\/\/www.oarcanjo.net\/site\/wp-content\/uploads\/Sao-Burchardo.jpg","contentUrl":"https:\/\/www.oarcanjo.net\/site\/wp-content\/uploads\/Sao-Burchardo.jpg","width":115,"height":159,"caption":"S\u00e3o Burchardo"},{"@type":"BreadcrumbList","@id":"https:\/\/www.oarcanjo.net\/site\/sao-burchardo\/#breadcrumb","itemListElement":[{"@type":"ListItem","position":1,"name":"In\u00edcio","item":"https:\/\/www.oarcanjo.net\/site\/"},{"@type":"ListItem","position":2,"name":"S\u00e3o Burchardo"}]},{"@type":"WebSite","@id":"https:\/\/www.oarcanjo.net\/site\/#website","url":"https:\/\/www.oarcanjo.net\/site\/","name":"O Arcanjo no ar","description":"Site da Par\u00f3quia S\u00e3o Miguel Arcanjo (Arquidiocese de SP)","publisher":{"@id":"https:\/\/www.oarcanjo.net\/site\/#organization"},"potentialAction":[{"@type":"SearchAction","target":{"@type":"EntryPoint","urlTemplate":"https:\/\/www.oarcanjo.net\/site\/?s={search_term_string}"},"query-input":{"@type":"PropertyValueSpecification","valueRequired":true,"valueName":"search_term_string"}}],"inLanguage":"pt-BR"},{"@type":"Organization","@id":"https:\/\/www.oarcanjo.net\/site\/#organization","name":"Par\u00f3quia S\u00e3o Miguel Arcanjo","url":"https:\/\/www.oarcanjo.net\/site\/","logo":{"@type":"ImageObject","inLanguage":"pt-BR","@id":"https:\/\/www.oarcanjo.net\/site\/#\/schema\/logo\/image\/","url":"https:\/\/www.oarcanjo.net\/site\/wp-content\/uploads\/LogoOArcanjo.png","contentUrl":"https:\/\/www.oarcanjo.net\/site\/wp-content\/uploads\/LogoOArcanjo.png","width":319,"height":99,"caption":"Par\u00f3quia S\u00e3o Miguel Arcanjo"},"image":{"@id":"https:\/\/www.oarcanjo.net\/site\/#\/schema\/logo\/image\/"},"sameAs":["https:\/\/www.facebook.com\/OArcanjoNoAr\/"]},{"@type":"Person","@id":"https:\/\/www.oarcanjo.net\/site\/#\/schema\/person\/5eb9480bedd2f3c97e430ce128c29c6c","name":"danilo"}]}},"publishpress_future_action":{"enabled":false,"date":"2026-05-08 23:39:04","action":"category","newStatus":"draft","terms":[],"taxonomy":"category"},"publishpress_future_workflow_manual_trigger":{"enabledWorkflows":[]},"_links":{"self":[{"href":"https:\/\/www.oarcanjo.net\/site\/wp-json\/wp\/v2\/posts\/11337"}],"collection":[{"href":"https:\/\/www.oarcanjo.net\/site\/wp-json\/wp\/v2\/posts"}],"about":[{"href":"https:\/\/www.oarcanjo.net\/site\/wp-json\/wp\/v2\/types\/post"}],"author":[{"embeddable":true,"href":"https:\/\/www.oarcanjo.net\/site\/wp-json\/wp\/v2\/users\/14"}],"replies":[{"embeddable":true,"href":"https:\/\/www.oarcanjo.net\/site\/wp-json\/wp\/v2\/comments?post=11337"}],"version-history":[{"count":0,"href":"https:\/\/www.oarcanjo.net\/site\/wp-json\/wp\/v2\/posts\/11337\/revisions"}],"wp:attachment":[{"href":"https:\/\/www.oarcanjo.net\/site\/wp-json\/wp\/v2\/media?parent=11337"}],"wp:term":[{"taxonomy":"category","embeddable":true,"href":"https:\/\/www.oarcanjo.net\/site\/wp-json\/wp\/v2\/categories?post=11337"},{"taxonomy":"post_tag","embeddable":true,"href":"https:\/\/www.oarcanjo.net\/site\/wp-json\/wp\/v2\/tags?post=11337"}],"curies":[{"name":"wp","href":"https:\/\/api.w.org\/{rel}","templated":true}]}}