
{"id":11339,"date":"2017-10-15T01:30:32","date_gmt":"2017-10-15T03:30:32","guid":{"rendered":"http:\/\/www.oarcanjo.net\/site\/?p=11339"},"modified":"2017-08-11T14:54:07","modified_gmt":"2017-08-11T17:54:07","slug":"santa-teresa-davila","status":"publish","type":"post","link":"https:\/\/www.oarcanjo.net\/site\/santa-teresa-davila\/","title":{"rendered":"Santa Teresa d&#8217;\u00c1vila"},"content":{"rendered":"<p><img decoding=\"async\" src=\"http:\/\/1.bp.blogspot.com\/_WZFjAMx5XnM\/SN9xalEJM4I\/AAAAAAAAAGM\/cq0Vd88PTn4\/s320\/Sta+Teresa+de+Avila.jpg\" alt=\"\" \/><\/p>\n<p>15 de Outubro<\/p>\n<p>Nunca um santo ou santa mostrou-se t\u00e3o &#8220;carne e osso&#8221; como Teresa d&#8217;\u00c1vila, ou Teresa de Jesus, nome que assumiu no Carmelo. Nascida no dia 28 de mar\u00e7o de 1515, seus pais, Alonso Sanchez de Cepeda e Beatriz d&#8217;\u00c1vila y Ahumada, a educaram, junto com os irm\u00e3os, dentro do exemplo e dos princ\u00edpios crist\u00e3os. Aos sete anos, tentou fugir de casa e peregrinar ao Oriente para ser martirizada pelos mouros, mas foi impedida. A leitura da vida dos santos m\u00e1rtires tinha sobre ela uma for\u00e7a inexplic\u00e1vel e, se n\u00e3o fossem os parentes terem-na encontrado por acaso, teria fugido, levando consigo o irm\u00e3o Roderico.<\/p>\n<p>\u00d3rf\u00e3 de m\u00e3e aos doze anos, Teresa assumiu Nossa Senhora como sua m\u00e3e adotiva. Mas o despertar da adolesc\u00eancia a levou a ter experi\u00eancias excessivas ao lado dos primos e primas, tornando-se uma grande preocupa\u00e7\u00e3o para seu pai. Aos dezesseis anos, sua atra\u00e7\u00e3o pelas vaidades humanas era muito acentuada. Por isso, ele a colocou para estudar no col\u00e9gio das agostinianas em \u00c1vila. Ap\u00f3s dezoito meses, uma doen\u00e7a grave a fez voltar para receber tratamento na casa de seu pai, o qual se culpou pelo acontecido.<\/p>\n<p>Nesse per\u00edodo, pela primeira vez, Teresa passou por experi\u00eancias espirituais m\u00edsticas, de vis\u00f5es e conversas com Deus. Todavia as tenta\u00e7\u00f5es mundanas n\u00e3o a abandonavam. Assim atormentada, desejando seguir com seguran\u00e7a o caminho de Cristo, em 1535, j\u00e1 com vinte anos, decidiu tornar-se religiosa, mas foi impedida pelo pai. Como na inf\u00e2ncia, resolveu fugir, desta vez com sucesso. Foi para o Convento carmelita da Encarna\u00e7\u00e3o de \u00c1vila.<\/p>\n<p>Entretanto a paz n\u00e3o era sua companheira mais presente. Durante o noviciado, novas tenta\u00e7\u00f5es e mais o relaxamento da f\u00e9 n\u00e3o pararam de atorment\u00e1-la. Um ano depois, contraiu outra doen\u00e7a grave, quase fatal, e novamente teve vis\u00f5es e conversas com o Pai. Teresa, ent\u00e3o, concluiu que devia converter-se de verdade e empregou todas as for\u00e7as do cora\u00e7\u00e3o em sua definitiva viv\u00eancia da religi\u00e3o, no Carmelo, tomando o nome de Teresa de Jesus.<\/p>\n<p>Aos trinta e nove anos, ocorreu sua &#8220;convers\u00e3o&#8221;. Teve a vis\u00e3o do lugar que a esperaria no inferno se n\u00e3o tivesse abandonado suas vaidades. Iniciou, ent\u00e3o, o seu grande trabalho de reformista. Pequena e sempre adoentada, ningu\u00e9m entendia como conseguia subir e descer montanhas, deslocar-se pelos caminhos mais ermos e inacess\u00edveis, de convento em convento, por toda a Espanha. Em 1560, teve a inspira\u00e7\u00e3o de um novo Carmelo, onde se vivesse sob as Regras originais. Dois anos depois, fundou o primeiro Convento das Carmelitas Descal\u00e7as da Regra Primitiva de S\u00e3o Jos\u00e9 em \u00c1vila, onde foi morar.<\/p>\n<p>Por\u00e9m, em 1576, enfrentou dificuldades muito s\u00e9rias dentro da Ordem. Por causa da rigidez das normas que fez voltar nos conventos, as comunidades se rebelaram junto ao novo geral da Ordem, que tamb\u00e9m n\u00e3o concordava muito com tudo aquilo. Por isso ele a afastou. Teresa recolheu-se em um dos conventos e acreditou que sua obra n\u00e3o teria continuidade. Mas obteve o apoio do rei Felipe II e conseguiu dar seq\u00fc\u00eancia ao seu trabalho. Em 1580, o papa Greg\u00f3rio XIII declarou aut\u00f4noma a prov\u00edncia carmelitana descal\u00e7a.<\/p>\n<p>Apesar de toda essa atividade, ainda encontrava espa\u00e7o para transmitir ao mundo suas reflex\u00f5es e experi\u00eancias m\u00edsticas. Na sua \u00e9poca, toda a cidade de \u00c1vila sabia das suas vis\u00f5es e di\u00e1logos com Deus. Para obter ajuda, na \u00e2nsia de entender e conciliar seus dons de espiritualidade e as insistentes tenta\u00e7\u00f5es, ela mesma exp\u00f4s os fatos para muitos leigos e n\u00e3o apenas aos seus confessores. E ela s\u00f3 seguiu numa rota segura porque foi devidamente orientada pelos \u00faltimos, que eram os agora santos Francisco B\u00f3rgia e Pedro de Alc\u00e2ntara, que perceberam os sinais da a\u00e7\u00e3o de Deus.<\/p>\n<p>A pedido de seus superiores, registrou toda a sua vida atribulada de tenta\u00e7\u00f5es e espiritualidade m\u00edstica em livros como &#8220;O caminho da perfei\u00e7\u00e3o&#8221;, &#8220;As moradas&#8221;, &#8220;A autobiografia&#8221; e outros. Neles, ela pr\u00f3pria narra como um anjo transpassou seu cora\u00e7\u00e3o com uma seta de fogo. Doente, morreu no dia 4 de outubro de 1582, aos sessenta e sete anos, no Convento de Alba de Torres, Espanha. Na ocasi\u00e3o, tinha reformado dezenas de conventos e fundado mais trinta e dois, de carmelitas descal\u00e7as, sendo dezessete femininos e quinze masculinos.<\/p>\n<p>Beatificada em 1614, foi canonizada em 1622. A comemora\u00e7\u00e3o da festa da transverbera\u00e7\u00e3o do cora\u00e7\u00e3o de Santa Teresa ocorre em 27 de agosto, enquanto a celebra\u00e7\u00e3o do dia de sua morte ficou para o dia 15 de outubro, a partir da \u00faltima reforma do calend\u00e1rio lit\u00fargico da Igreja. O papa Paulo VI, em 1970, proclamou santa Teresa d&#8217;\u00c1vila doutora da Igreja, a primeira mulher a obter tal t\u00edtulo.<\/p>\n<div id=\"themify_builder_content-11339\" data-postid=\"11339\" class=\"themify_builder_content themify_builder_content-11339 themify_builder themify_builder_front\">\n\t<\/div>\n<!-- \/themify_builder_content -->","protected":false},"excerpt":{"rendered":"<p>15 de Outubro Nunca um santo ou santa mostrou-se t\u00e3o &#8220;carne e osso&#8221; como Teresa d&#8217;\u00c1vila, ou Teresa de Jesus, nome que assumiu no Carmelo. Nascida no dia 28 de mar\u00e7o de 1515, seus pais, Alonso Sanchez de Cepeda e Beatriz d&#8217;\u00c1vila y Ahumada, a educaram, junto com os irm\u00e3os, dentro do exemplo e dos [&hellip;]<\/p>\n","protected":false},"author":14,"featured_media":0,"comment_status":"open","ping_status":"open","sticky":false,"template":"","format":"standard","meta":{"ngg_post_thumbnail":0,"footnotes":""},"categories":[186],"tags":[],"yoast_head":"<!-- This site is optimized with the Yoast SEO plugin v23.5 - https:\/\/yoast.com\/wordpress\/plugins\/seo\/ -->\n<title>Santa Teresa d&#039;\u00c1vila - O Arcanjo no ar<\/title>\n<meta name=\"robots\" content=\"index, follow, max-snippet:-1, max-image-preview:large, max-video-preview:-1\" \/>\n<link rel=\"canonical\" href=\"https:\/\/www.oarcanjo.net\/site\/santa-teresa-davila\/\" \/>\n<meta property=\"og:locale\" content=\"pt_BR\" \/>\n<meta property=\"og:type\" content=\"article\" \/>\n<meta property=\"og:title\" content=\"Santa Teresa d&#039;\u00c1vila - O Arcanjo no ar\" \/>\n<meta property=\"og:description\" content=\"15 de Outubro Nunca um santo ou santa mostrou-se t\u00e3o &#8220;carne e osso&#8221; como Teresa d&#8217;\u00c1vila, ou Teresa de Jesus, nome que assumiu no Carmelo. Nascida no dia 28 de mar\u00e7o de 1515, seus pais, Alonso Sanchez de Cepeda e Beatriz d&#8217;\u00c1vila y Ahumada, a educaram, junto com os irm\u00e3os, dentro do exemplo e dos [&hellip;]\" \/>\n<meta property=\"og:url\" content=\"https:\/\/www.oarcanjo.net\/site\/santa-teresa-davila\/\" \/>\n<meta property=\"og:site_name\" content=\"O Arcanjo no ar\" \/>\n<meta property=\"article:publisher\" content=\"https:\/\/www.facebook.com\/OArcanjoNoAr\/\" \/>\n<meta property=\"article:published_time\" content=\"2017-10-15T03:30:32+00:00\" \/>\n<meta property=\"article:modified_time\" content=\"2017-08-11T17:54:07+00:00\" \/>\n<meta property=\"og:image\" content=\"http:\/\/1.bp.blogspot.com\/_WZFjAMx5XnM\/SN9xalEJM4I\/AAAAAAAAAGM\/cq0Vd88PTn4\/s320\/Sta+Teresa+de+Avila.jpg\" \/>\n<meta name=\"author\" content=\"danilo\" \/>\n<meta name=\"twitter:card\" content=\"summary_large_image\" \/>\n<meta name=\"twitter:label1\" content=\"Escrito por\" \/>\n\t<meta name=\"twitter:data1\" content=\"danilo\" \/>\n\t<meta name=\"twitter:label2\" content=\"Est. tempo de leitura\" \/>\n\t<meta name=\"twitter:data2\" content=\"4 minutos\" \/>\n<script type=\"application\/ld+json\" class=\"yoast-schema-graph\">{\"@context\":\"https:\/\/schema.org\",\"@graph\":[{\"@type\":\"Article\",\"@id\":\"https:\/\/www.oarcanjo.net\/site\/santa-teresa-davila\/#article\",\"isPartOf\":{\"@id\":\"https:\/\/www.oarcanjo.net\/site\/santa-teresa-davila\/\"},\"author\":{\"name\":\"danilo\",\"@id\":\"https:\/\/www.oarcanjo.net\/site\/#\/schema\/person\/5eb9480bedd2f3c97e430ce128c29c6c\"},\"headline\":\"Santa Teresa d&#8217;\u00c1vila\",\"datePublished\":\"2017-10-15T03:30:32+00:00\",\"dateModified\":\"2017-08-11T17:54:07+00:00\",\"mainEntityOfPage\":{\"@id\":\"https:\/\/www.oarcanjo.net\/site\/santa-teresa-davila\/\"},\"wordCount\":838,\"commentCount\":1,\"publisher\":{\"@id\":\"https:\/\/www.oarcanjo.net\/site\/#organization\"},\"image\":{\"@id\":\"https:\/\/www.oarcanjo.net\/site\/santa-teresa-davila\/#primaryimage\"},\"thumbnailUrl\":\"http:\/\/1.bp.blogspot.com\/_WZFjAMx5XnM\/SN9xalEJM4I\/AAAAAAAAAGM\/cq0Vd88PTn4\/s320\/Sta+Teresa+de+Avila.jpg\",\"articleSection\":[\"Testemunhos\"],\"inLanguage\":\"pt-BR\",\"potentialAction\":[{\"@type\":\"CommentAction\",\"name\":\"Comment\",\"target\":[\"https:\/\/www.oarcanjo.net\/site\/santa-teresa-davila\/#respond\"]}]},{\"@type\":\"WebPage\",\"@id\":\"https:\/\/www.oarcanjo.net\/site\/santa-teresa-davila\/\",\"url\":\"https:\/\/www.oarcanjo.net\/site\/santa-teresa-davila\/\",\"name\":\"Santa Teresa d'\u00c1vila - O Arcanjo no ar\",\"isPartOf\":{\"@id\":\"https:\/\/www.oarcanjo.net\/site\/#website\"},\"primaryImageOfPage\":{\"@id\":\"https:\/\/www.oarcanjo.net\/site\/santa-teresa-davila\/#primaryimage\"},\"image\":{\"@id\":\"https:\/\/www.oarcanjo.net\/site\/santa-teresa-davila\/#primaryimage\"},\"thumbnailUrl\":\"http:\/\/1.bp.blogspot.com\/_WZFjAMx5XnM\/SN9xalEJM4I\/AAAAAAAAAGM\/cq0Vd88PTn4\/s320\/Sta+Teresa+de+Avila.jpg\",\"datePublished\":\"2017-10-15T03:30:32+00:00\",\"dateModified\":\"2017-08-11T17:54:07+00:00\",\"breadcrumb\":{\"@id\":\"https:\/\/www.oarcanjo.net\/site\/santa-teresa-davila\/#breadcrumb\"},\"inLanguage\":\"pt-BR\",\"potentialAction\":[{\"@type\":\"ReadAction\",\"target\":[\"https:\/\/www.oarcanjo.net\/site\/santa-teresa-davila\/\"]}]},{\"@type\":\"ImageObject\",\"inLanguage\":\"pt-BR\",\"@id\":\"https:\/\/www.oarcanjo.net\/site\/santa-teresa-davila\/#primaryimage\",\"url\":\"http:\/\/1.bp.blogspot.com\/_WZFjAMx5XnM\/SN9xalEJM4I\/AAAAAAAAAGM\/cq0Vd88PTn4\/s320\/Sta+Teresa+de+Avila.jpg\",\"contentUrl\":\"http:\/\/1.bp.blogspot.com\/_WZFjAMx5XnM\/SN9xalEJM4I\/AAAAAAAAAGM\/cq0Vd88PTn4\/s320\/Sta+Teresa+de+Avila.jpg\"},{\"@type\":\"BreadcrumbList\",\"@id\":\"https:\/\/www.oarcanjo.net\/site\/santa-teresa-davila\/#breadcrumb\",\"itemListElement\":[{\"@type\":\"ListItem\",\"position\":1,\"name\":\"In\u00edcio\",\"item\":\"https:\/\/www.oarcanjo.net\/site\/\"},{\"@type\":\"ListItem\",\"position\":2,\"name\":\"Santa Teresa d&#8217;\u00c1vila\"}]},{\"@type\":\"WebSite\",\"@id\":\"https:\/\/www.oarcanjo.net\/site\/#website\",\"url\":\"https:\/\/www.oarcanjo.net\/site\/\",\"name\":\"O Arcanjo no ar\",\"description\":\"Site da Par\u00f3quia S\u00e3o Miguel Arcanjo (Arquidiocese de SP)\",\"publisher\":{\"@id\":\"https:\/\/www.oarcanjo.net\/site\/#organization\"},\"potentialAction\":[{\"@type\":\"SearchAction\",\"target\":{\"@type\":\"EntryPoint\",\"urlTemplate\":\"https:\/\/www.oarcanjo.net\/site\/?s={search_term_string}\"},\"query-input\":{\"@type\":\"PropertyValueSpecification\",\"valueRequired\":true,\"valueName\":\"search_term_string\"}}],\"inLanguage\":\"pt-BR\"},{\"@type\":\"Organization\",\"@id\":\"https:\/\/www.oarcanjo.net\/site\/#organization\",\"name\":\"Par\u00f3quia S\u00e3o Miguel Arcanjo\",\"url\":\"https:\/\/www.oarcanjo.net\/site\/\",\"logo\":{\"@type\":\"ImageObject\",\"inLanguage\":\"pt-BR\",\"@id\":\"https:\/\/www.oarcanjo.net\/site\/#\/schema\/logo\/image\/\",\"url\":\"https:\/\/www.oarcanjo.net\/site\/wp-content\/uploads\/LogoOArcanjo.png\",\"contentUrl\":\"https:\/\/www.oarcanjo.net\/site\/wp-content\/uploads\/LogoOArcanjo.png\",\"width\":319,\"height\":99,\"caption\":\"Par\u00f3quia S\u00e3o Miguel Arcanjo\"},\"image\":{\"@id\":\"https:\/\/www.oarcanjo.net\/site\/#\/schema\/logo\/image\/\"},\"sameAs\":[\"https:\/\/www.facebook.com\/OArcanjoNoAr\/\"]},{\"@type\":\"Person\",\"@id\":\"https:\/\/www.oarcanjo.net\/site\/#\/schema\/person\/5eb9480bedd2f3c97e430ce128c29c6c\",\"name\":\"danilo\"}]}<\/script>\n<!-- \/ Yoast SEO plugin. -->","yoast_head_json":{"title":"Santa Teresa d'\u00c1vila - O Arcanjo no ar","robots":{"index":"index","follow":"follow","max-snippet":"max-snippet:-1","max-image-preview":"max-image-preview:large","max-video-preview":"max-video-preview:-1"},"canonical":"https:\/\/www.oarcanjo.net\/site\/santa-teresa-davila\/","og_locale":"pt_BR","og_type":"article","og_title":"Santa Teresa d'\u00c1vila - O Arcanjo no ar","og_description":"15 de Outubro Nunca um santo ou santa mostrou-se t\u00e3o &#8220;carne e osso&#8221; como Teresa d&#8217;\u00c1vila, ou Teresa de Jesus, nome que assumiu no Carmelo. Nascida no dia 28 de mar\u00e7o de 1515, seus pais, Alonso Sanchez de Cepeda e Beatriz d&#8217;\u00c1vila y Ahumada, a educaram, junto com os irm\u00e3os, dentro do exemplo e dos [&hellip;]","og_url":"https:\/\/www.oarcanjo.net\/site\/santa-teresa-davila\/","og_site_name":"O Arcanjo no ar","article_publisher":"https:\/\/www.facebook.com\/OArcanjoNoAr\/","article_published_time":"2017-10-15T03:30:32+00:00","article_modified_time":"2017-08-11T17:54:07+00:00","og_image":[{"url":"http:\/\/1.bp.blogspot.com\/_WZFjAMx5XnM\/SN9xalEJM4I\/AAAAAAAAAGM\/cq0Vd88PTn4\/s320\/Sta+Teresa+de+Avila.jpg"}],"author":"danilo","twitter_card":"summary_large_image","twitter_misc":{"Escrito por":"danilo","Est. tempo de leitura":"4 minutos"},"schema":{"@context":"https:\/\/schema.org","@graph":[{"@type":"Article","@id":"https:\/\/www.oarcanjo.net\/site\/santa-teresa-davila\/#article","isPartOf":{"@id":"https:\/\/www.oarcanjo.net\/site\/santa-teresa-davila\/"},"author":{"name":"danilo","@id":"https:\/\/www.oarcanjo.net\/site\/#\/schema\/person\/5eb9480bedd2f3c97e430ce128c29c6c"},"headline":"Santa Teresa d&#8217;\u00c1vila","datePublished":"2017-10-15T03:30:32+00:00","dateModified":"2017-08-11T17:54:07+00:00","mainEntityOfPage":{"@id":"https:\/\/www.oarcanjo.net\/site\/santa-teresa-davila\/"},"wordCount":838,"commentCount":1,"publisher":{"@id":"https:\/\/www.oarcanjo.net\/site\/#organization"},"image":{"@id":"https:\/\/www.oarcanjo.net\/site\/santa-teresa-davila\/#primaryimage"},"thumbnailUrl":"http:\/\/1.bp.blogspot.com\/_WZFjAMx5XnM\/SN9xalEJM4I\/AAAAAAAAAGM\/cq0Vd88PTn4\/s320\/Sta+Teresa+de+Avila.jpg","articleSection":["Testemunhos"],"inLanguage":"pt-BR","potentialAction":[{"@type":"CommentAction","name":"Comment","target":["https:\/\/www.oarcanjo.net\/site\/santa-teresa-davila\/#respond"]}]},{"@type":"WebPage","@id":"https:\/\/www.oarcanjo.net\/site\/santa-teresa-davila\/","url":"https:\/\/www.oarcanjo.net\/site\/santa-teresa-davila\/","name":"Santa Teresa d'\u00c1vila - O Arcanjo no ar","isPartOf":{"@id":"https:\/\/www.oarcanjo.net\/site\/#website"},"primaryImageOfPage":{"@id":"https:\/\/www.oarcanjo.net\/site\/santa-teresa-davila\/#primaryimage"},"image":{"@id":"https:\/\/www.oarcanjo.net\/site\/santa-teresa-davila\/#primaryimage"},"thumbnailUrl":"http:\/\/1.bp.blogspot.com\/_WZFjAMx5XnM\/SN9xalEJM4I\/AAAAAAAAAGM\/cq0Vd88PTn4\/s320\/Sta+Teresa+de+Avila.jpg","datePublished":"2017-10-15T03:30:32+00:00","dateModified":"2017-08-11T17:54:07+00:00","breadcrumb":{"@id":"https:\/\/www.oarcanjo.net\/site\/santa-teresa-davila\/#breadcrumb"},"inLanguage":"pt-BR","potentialAction":[{"@type":"ReadAction","target":["https:\/\/www.oarcanjo.net\/site\/santa-teresa-davila\/"]}]},{"@type":"ImageObject","inLanguage":"pt-BR","@id":"https:\/\/www.oarcanjo.net\/site\/santa-teresa-davila\/#primaryimage","url":"http:\/\/1.bp.blogspot.com\/_WZFjAMx5XnM\/SN9xalEJM4I\/AAAAAAAAAGM\/cq0Vd88PTn4\/s320\/Sta+Teresa+de+Avila.jpg","contentUrl":"http:\/\/1.bp.blogspot.com\/_WZFjAMx5XnM\/SN9xalEJM4I\/AAAAAAAAAGM\/cq0Vd88PTn4\/s320\/Sta+Teresa+de+Avila.jpg"},{"@type":"BreadcrumbList","@id":"https:\/\/www.oarcanjo.net\/site\/santa-teresa-davila\/#breadcrumb","itemListElement":[{"@type":"ListItem","position":1,"name":"In\u00edcio","item":"https:\/\/www.oarcanjo.net\/site\/"},{"@type":"ListItem","position":2,"name":"Santa Teresa d&#8217;\u00c1vila"}]},{"@type":"WebSite","@id":"https:\/\/www.oarcanjo.net\/site\/#website","url":"https:\/\/www.oarcanjo.net\/site\/","name":"O Arcanjo no ar","description":"Site da Par\u00f3quia S\u00e3o Miguel Arcanjo (Arquidiocese de SP)","publisher":{"@id":"https:\/\/www.oarcanjo.net\/site\/#organization"},"potentialAction":[{"@type":"SearchAction","target":{"@type":"EntryPoint","urlTemplate":"https:\/\/www.oarcanjo.net\/site\/?s={search_term_string}"},"query-input":{"@type":"PropertyValueSpecification","valueRequired":true,"valueName":"search_term_string"}}],"inLanguage":"pt-BR"},{"@type":"Organization","@id":"https:\/\/www.oarcanjo.net\/site\/#organization","name":"Par\u00f3quia S\u00e3o Miguel Arcanjo","url":"https:\/\/www.oarcanjo.net\/site\/","logo":{"@type":"ImageObject","inLanguage":"pt-BR","@id":"https:\/\/www.oarcanjo.net\/site\/#\/schema\/logo\/image\/","url":"https:\/\/www.oarcanjo.net\/site\/wp-content\/uploads\/LogoOArcanjo.png","contentUrl":"https:\/\/www.oarcanjo.net\/site\/wp-content\/uploads\/LogoOArcanjo.png","width":319,"height":99,"caption":"Par\u00f3quia S\u00e3o Miguel Arcanjo"},"image":{"@id":"https:\/\/www.oarcanjo.net\/site\/#\/schema\/logo\/image\/"},"sameAs":["https:\/\/www.facebook.com\/OArcanjoNoAr\/"]},{"@type":"Person","@id":"https:\/\/www.oarcanjo.net\/site\/#\/schema\/person\/5eb9480bedd2f3c97e430ce128c29c6c","name":"danilo"}]}},"publishpress_future_action":{"enabled":false,"date":"2026-05-08 21:00:29","action":"category","newStatus":"draft","terms":[],"taxonomy":"category"},"publishpress_future_workflow_manual_trigger":{"enabledWorkflows":[]},"_links":{"self":[{"href":"https:\/\/www.oarcanjo.net\/site\/wp-json\/wp\/v2\/posts\/11339"}],"collection":[{"href":"https:\/\/www.oarcanjo.net\/site\/wp-json\/wp\/v2\/posts"}],"about":[{"href":"https:\/\/www.oarcanjo.net\/site\/wp-json\/wp\/v2\/types\/post"}],"author":[{"embeddable":true,"href":"https:\/\/www.oarcanjo.net\/site\/wp-json\/wp\/v2\/users\/14"}],"replies":[{"embeddable":true,"href":"https:\/\/www.oarcanjo.net\/site\/wp-json\/wp\/v2\/comments?post=11339"}],"version-history":[{"count":0,"href":"https:\/\/www.oarcanjo.net\/site\/wp-json\/wp\/v2\/posts\/11339\/revisions"}],"wp:attachment":[{"href":"https:\/\/www.oarcanjo.net\/site\/wp-json\/wp\/v2\/media?parent=11339"}],"wp:term":[{"taxonomy":"category","embeddable":true,"href":"https:\/\/www.oarcanjo.net\/site\/wp-json\/wp\/v2\/categories?post=11339"},{"taxonomy":"post_tag","embeddable":true,"href":"https:\/\/www.oarcanjo.net\/site\/wp-json\/wp\/v2\/tags?post=11339"}],"curies":[{"name":"wp","href":"https:\/\/api.w.org\/{rel}","templated":true}]}}