
{"id":11354,"date":"2017-10-16T01:04:46","date_gmt":"2017-10-16T03:04:46","guid":{"rendered":"http:\/\/www.oarcanjo.net\/site\/?p=11354"},"modified":"2017-08-11T14:54:17","modified_gmt":"2017-08-11T17:54:17","slug":"sao-geraldo-majela","status":"publish","type":"post","link":"https:\/\/www.oarcanjo.net\/site\/sao-geraldo-majela\/","title":{"rendered":"S\u00e3o Geraldo Majela"},"content":{"rendered":"<p><img decoding=\"async\" src=\"http:\/\/www.portalangels.com\/img\/sao_geraldo.jpg\" alt=\"\" \/><\/p>\n<p>16 de Outubro<\/p>\n<p>Filho da modesta e pobre fam\u00edlia do alfaiate Majela, Geraldo nasceu no dia 6 de abril de 1726, numa pequena cidade chamada Muro Lucano, no sul da It\u00e1lia. De constitui\u00e7\u00e3o f\u00edsica muito fr\u00e1gil, cresceu sempre adoentado, aprendendo o of\u00edcio com seu querido pai.<\/p>\n<p>Aos quatorze anos de idade ficou \u00f3rf\u00e3o de pai e, com a aprova\u00e7\u00e3o da m\u00e3e, Benedita, quis tornar-se um frade capuchinho. Mas foi recusado por ter pouca resist\u00eancia f\u00edsica. Entretanto o jovem Geraldo Majela n\u00e3o era de desistir das coisas facilmente. Arrimo de fam\u00edlia, foi trabalhar numa alfaiataria da cidade. Mais tarde, colocou-se a servi\u00e7o do bispo de Laced\u00f4nia, conhecido pelos modos rudes e severos, suportando aquele servi\u00e7o por v\u00e1rios anos, at\u00e9 a morte do bispo.<\/p>\n<p>A forte voca\u00e7\u00e3o religiosa sempre teve de ser sufocada, porque n\u00e3o o aceitavam. Com dezenove anos de idade, voltou para Muro Lucano, onde montou uma alfaiataria. Recebia um bom dinheiro. Dava tudo de necess\u00e1rio para sua m\u00e3e e suas irm\u00e3s, com o restante ajudava os pobres. Na cidade todos sabiam que Geraldo dava o dote necess\u00e1rio \u00e0s mo\u00e7as pobres que desejavam ingressar na vida religiosa. E se preciso, conseguia a vaga de novi\u00e7a.<\/p>\n<p>S\u00f3 em 1749, quando uma miss\u00e3o de padres redentoristas esteve em Muro Lucano, Geraldo conseguiu ingressar na vida religiosa. Tanto importunou o superior, padre Cafaro, que este acabou cedendo e o enviou para o convento de Deliceto, em Foggia.<\/p>\n<p>Enquanto era postulante, passou por muitas tenta\u00e7\u00f5es e afli\u00e7\u00f5es, mas resistiu e venceu todos os obst\u00e1culos. Professou os primeiros votos, aos vinte e seis anos de idade, naquele convento. E surpreendeu a todos com seu excelente trabalho de apostolado, simples, humilde, obediente, de ora\u00e7\u00e3o e penit\u00eancia. Chegou a ser encarregado das obras da nova Casa de Caposele; depois, como escultor, come\u00e7ou a fazer crucifixos. Possuindo os dons da cura e do conselho, converteu in\u00fameras pessoas, sendo muito querido no convento e na cidade.<\/p>\n<p>Mas mesmo assim viu-se envolvido num esc\u00e2ndalo provocado por uma jovem que ele ajudara. Foi em 1754, quando N\u00e9ria Caggiano, n\u00e3o se adaptando \u00e0 vida religiosa, voltou para casa. Para explicar sua atitude, espalhou mentiras e cal\u00fanias. Para isso escreveu uma carta ao superior, na \u00e9poca o pr\u00f3prio fundador, santo Afonso, acusando Geraldo de pecados de impureza com uma outra jovem.<\/p>\n<p>Chamado para defender-se, Geraldo preferiu manter o sil\u00eancio. O castigo foi ficar sem receber a santa comunh\u00e3o e sem ter contato com outras pessoas de fora do convento. Ele sofreu muito. Somente depois que a cal\u00fania foi desmentida pela pr\u00f3pria N\u00e9ria, em uma outra carta, \u00e9 que Geraldo p\u00f4de voltar a receber a eucaristia e a trabalhar com o afinco de sempre na defesa da f\u00e9 e na assist\u00eancia aos pobres. O povo s\u00f3 o chamava de &#8220;pai dos pobres&#8221;.<\/p>\n<p>Mas a fama de sua santidade, curiosamente, vinha das jovens m\u00e3es. \u00c9 que as socorridas por ele durante as afli\u00e7\u00f5es do parto contavam, depois, que s\u00f3 tinham conseguido sobreviver gra\u00e7as \u00e0s ora\u00e7\u00f5es que ele rezava junto delas, tendo o filho nascido sadio.<\/p>\n<p>De sa\u00fade sempre fr\u00e1gil, Geraldo Majela morreu no dia 16 de outubro de 1755, no Convento de Caposele, com vinte e nove anos de idade. Ap\u00f3s a sua morte, come\u00e7aram a ser relatados milagres atribu\u00eddos \u00e0 sua intercess\u00e3o, especialmente em partos dif\u00edceis. Em 1893, ele foi beatificado, sendo declarado o padroeiro dos partos felizes. Em 1904, o papa Pio X canonizou-o e sua festa lit\u00fargica ocorre no dia de sua morte.<\/p>\n<div id=\"themify_builder_content-11354\" data-postid=\"11354\" class=\"themify_builder_content themify_builder_content-11354 themify_builder themify_builder_front\">\n\t<\/div>\n<!-- \/themify_builder_content -->","protected":false},"excerpt":{"rendered":"<p>16 de Outubro Filho da modesta e pobre fam\u00edlia do alfaiate Majela, Geraldo nasceu no dia 6 de abril de 1726, numa pequena cidade chamada Muro Lucano, no sul da It\u00e1lia. De constitui\u00e7\u00e3o f\u00edsica muito fr\u00e1gil, cresceu sempre adoentado, aprendendo o of\u00edcio com seu querido pai. Aos quatorze anos de idade ficou \u00f3rf\u00e3o de pai [&hellip;]<\/p>\n","protected":false},"author":14,"featured_media":0,"comment_status":"open","ping_status":"open","sticky":false,"template":"","format":"standard","meta":{"ngg_post_thumbnail":0,"footnotes":""},"categories":[186],"tags":[],"yoast_head":"<!-- This site is optimized with the Yoast SEO plugin v23.5 - https:\/\/yoast.com\/wordpress\/plugins\/seo\/ -->\n<title>S\u00e3o Geraldo Majela - O Arcanjo no ar<\/title>\n<meta name=\"robots\" content=\"index, follow, max-snippet:-1, max-image-preview:large, max-video-preview:-1\" \/>\n<link rel=\"canonical\" href=\"https:\/\/www.oarcanjo.net\/site\/sao-geraldo-majela\/\" \/>\n<meta property=\"og:locale\" content=\"pt_BR\" \/>\n<meta property=\"og:type\" content=\"article\" \/>\n<meta property=\"og:title\" content=\"S\u00e3o Geraldo Majela - O Arcanjo no ar\" \/>\n<meta property=\"og:description\" content=\"16 de Outubro Filho da modesta e pobre fam\u00edlia do alfaiate Majela, Geraldo nasceu no dia 6 de abril de 1726, numa pequena cidade chamada Muro Lucano, no sul da It\u00e1lia. De constitui\u00e7\u00e3o f\u00edsica muito fr\u00e1gil, cresceu sempre adoentado, aprendendo o of\u00edcio com seu querido pai. Aos quatorze anos de idade ficou \u00f3rf\u00e3o de pai [&hellip;]\" \/>\n<meta property=\"og:url\" content=\"https:\/\/www.oarcanjo.net\/site\/sao-geraldo-majela\/\" \/>\n<meta property=\"og:site_name\" content=\"O Arcanjo no ar\" \/>\n<meta property=\"article:publisher\" content=\"https:\/\/www.facebook.com\/OArcanjoNoAr\/\" \/>\n<meta property=\"article:published_time\" content=\"2017-10-16T03:04:46+00:00\" \/>\n<meta property=\"article:modified_time\" content=\"2017-08-11T17:54:17+00:00\" \/>\n<meta property=\"og:image\" content=\"http:\/\/www.portalangels.com\/img\/sao_geraldo.jpg\" \/>\n<meta name=\"author\" content=\"danilo\" \/>\n<meta name=\"twitter:card\" content=\"summary_large_image\" \/>\n<meta name=\"twitter:label1\" content=\"Escrito por\" \/>\n\t<meta name=\"twitter:data1\" content=\"danilo\" \/>\n\t<meta name=\"twitter:label2\" content=\"Est. tempo de leitura\" \/>\n\t<meta name=\"twitter:data2\" content=\"3 minutos\" \/>\n<script type=\"application\/ld+json\" class=\"yoast-schema-graph\">{\"@context\":\"https:\/\/schema.org\",\"@graph\":[{\"@type\":\"Article\",\"@id\":\"https:\/\/www.oarcanjo.net\/site\/sao-geraldo-majela\/#article\",\"isPartOf\":{\"@id\":\"https:\/\/www.oarcanjo.net\/site\/sao-geraldo-majela\/\"},\"author\":{\"name\":\"danilo\",\"@id\":\"https:\/\/www.oarcanjo.net\/site\/#\/schema\/person\/5eb9480bedd2f3c97e430ce128c29c6c\"},\"headline\":\"S\u00e3o Geraldo Majela\",\"datePublished\":\"2017-10-16T03:04:46+00:00\",\"dateModified\":\"2017-08-11T17:54:17+00:00\",\"mainEntityOfPage\":{\"@id\":\"https:\/\/www.oarcanjo.net\/site\/sao-geraldo-majela\/\"},\"wordCount\":619,\"commentCount\":0,\"publisher\":{\"@id\":\"https:\/\/www.oarcanjo.net\/site\/#organization\"},\"image\":{\"@id\":\"https:\/\/www.oarcanjo.net\/site\/sao-geraldo-majela\/#primaryimage\"},\"thumbnailUrl\":\"http:\/\/www.portalangels.com\/img\/sao_geraldo.jpg\",\"articleSection\":[\"Testemunhos\"],\"inLanguage\":\"pt-BR\",\"potentialAction\":[{\"@type\":\"CommentAction\",\"name\":\"Comment\",\"target\":[\"https:\/\/www.oarcanjo.net\/site\/sao-geraldo-majela\/#respond\"]}]},{\"@type\":\"WebPage\",\"@id\":\"https:\/\/www.oarcanjo.net\/site\/sao-geraldo-majela\/\",\"url\":\"https:\/\/www.oarcanjo.net\/site\/sao-geraldo-majela\/\",\"name\":\"S\u00e3o Geraldo Majela - O Arcanjo no ar\",\"isPartOf\":{\"@id\":\"https:\/\/www.oarcanjo.net\/site\/#website\"},\"primaryImageOfPage\":{\"@id\":\"https:\/\/www.oarcanjo.net\/site\/sao-geraldo-majela\/#primaryimage\"},\"image\":{\"@id\":\"https:\/\/www.oarcanjo.net\/site\/sao-geraldo-majela\/#primaryimage\"},\"thumbnailUrl\":\"http:\/\/www.portalangels.com\/img\/sao_geraldo.jpg\",\"datePublished\":\"2017-10-16T03:04:46+00:00\",\"dateModified\":\"2017-08-11T17:54:17+00:00\",\"breadcrumb\":{\"@id\":\"https:\/\/www.oarcanjo.net\/site\/sao-geraldo-majela\/#breadcrumb\"},\"inLanguage\":\"pt-BR\",\"potentialAction\":[{\"@type\":\"ReadAction\",\"target\":[\"https:\/\/www.oarcanjo.net\/site\/sao-geraldo-majela\/\"]}]},{\"@type\":\"ImageObject\",\"inLanguage\":\"pt-BR\",\"@id\":\"https:\/\/www.oarcanjo.net\/site\/sao-geraldo-majela\/#primaryimage\",\"url\":\"http:\/\/www.portalangels.com\/img\/sao_geraldo.jpg\",\"contentUrl\":\"http:\/\/www.portalangels.com\/img\/sao_geraldo.jpg\"},{\"@type\":\"BreadcrumbList\",\"@id\":\"https:\/\/www.oarcanjo.net\/site\/sao-geraldo-majela\/#breadcrumb\",\"itemListElement\":[{\"@type\":\"ListItem\",\"position\":1,\"name\":\"In\u00edcio\",\"item\":\"https:\/\/www.oarcanjo.net\/site\/\"},{\"@type\":\"ListItem\",\"position\":2,\"name\":\"S\u00e3o Geraldo Majela\"}]},{\"@type\":\"WebSite\",\"@id\":\"https:\/\/www.oarcanjo.net\/site\/#website\",\"url\":\"https:\/\/www.oarcanjo.net\/site\/\",\"name\":\"O Arcanjo no ar\",\"description\":\"Site da Par\u00f3quia S\u00e3o Miguel Arcanjo (Arquidiocese de SP)\",\"publisher\":{\"@id\":\"https:\/\/www.oarcanjo.net\/site\/#organization\"},\"potentialAction\":[{\"@type\":\"SearchAction\",\"target\":{\"@type\":\"EntryPoint\",\"urlTemplate\":\"https:\/\/www.oarcanjo.net\/site\/?s={search_term_string}\"},\"query-input\":{\"@type\":\"PropertyValueSpecification\",\"valueRequired\":true,\"valueName\":\"search_term_string\"}}],\"inLanguage\":\"pt-BR\"},{\"@type\":\"Organization\",\"@id\":\"https:\/\/www.oarcanjo.net\/site\/#organization\",\"name\":\"Par\u00f3quia S\u00e3o Miguel Arcanjo\",\"url\":\"https:\/\/www.oarcanjo.net\/site\/\",\"logo\":{\"@type\":\"ImageObject\",\"inLanguage\":\"pt-BR\",\"@id\":\"https:\/\/www.oarcanjo.net\/site\/#\/schema\/logo\/image\/\",\"url\":\"https:\/\/www.oarcanjo.net\/site\/wp-content\/uploads\/LogoOArcanjo.png\",\"contentUrl\":\"https:\/\/www.oarcanjo.net\/site\/wp-content\/uploads\/LogoOArcanjo.png\",\"width\":319,\"height\":99,\"caption\":\"Par\u00f3quia S\u00e3o Miguel Arcanjo\"},\"image\":{\"@id\":\"https:\/\/www.oarcanjo.net\/site\/#\/schema\/logo\/image\/\"},\"sameAs\":[\"https:\/\/www.facebook.com\/OArcanjoNoAr\/\"]},{\"@type\":\"Person\",\"@id\":\"https:\/\/www.oarcanjo.net\/site\/#\/schema\/person\/5eb9480bedd2f3c97e430ce128c29c6c\",\"name\":\"danilo\"}]}<\/script>\n<!-- \/ Yoast SEO plugin. -->","yoast_head_json":{"title":"S\u00e3o Geraldo Majela - O Arcanjo no ar","robots":{"index":"index","follow":"follow","max-snippet":"max-snippet:-1","max-image-preview":"max-image-preview:large","max-video-preview":"max-video-preview:-1"},"canonical":"https:\/\/www.oarcanjo.net\/site\/sao-geraldo-majela\/","og_locale":"pt_BR","og_type":"article","og_title":"S\u00e3o Geraldo Majela - O Arcanjo no ar","og_description":"16 de Outubro Filho da modesta e pobre fam\u00edlia do alfaiate Majela, Geraldo nasceu no dia 6 de abril de 1726, numa pequena cidade chamada Muro Lucano, no sul da It\u00e1lia. De constitui\u00e7\u00e3o f\u00edsica muito fr\u00e1gil, cresceu sempre adoentado, aprendendo o of\u00edcio com seu querido pai. Aos quatorze anos de idade ficou \u00f3rf\u00e3o de pai [&hellip;]","og_url":"https:\/\/www.oarcanjo.net\/site\/sao-geraldo-majela\/","og_site_name":"O Arcanjo no ar","article_publisher":"https:\/\/www.facebook.com\/OArcanjoNoAr\/","article_published_time":"2017-10-16T03:04:46+00:00","article_modified_time":"2017-08-11T17:54:17+00:00","og_image":[{"url":"http:\/\/www.portalangels.com\/img\/sao_geraldo.jpg"}],"author":"danilo","twitter_card":"summary_large_image","twitter_misc":{"Escrito por":"danilo","Est. tempo de leitura":"3 minutos"},"schema":{"@context":"https:\/\/schema.org","@graph":[{"@type":"Article","@id":"https:\/\/www.oarcanjo.net\/site\/sao-geraldo-majela\/#article","isPartOf":{"@id":"https:\/\/www.oarcanjo.net\/site\/sao-geraldo-majela\/"},"author":{"name":"danilo","@id":"https:\/\/www.oarcanjo.net\/site\/#\/schema\/person\/5eb9480bedd2f3c97e430ce128c29c6c"},"headline":"S\u00e3o Geraldo Majela","datePublished":"2017-10-16T03:04:46+00:00","dateModified":"2017-08-11T17:54:17+00:00","mainEntityOfPage":{"@id":"https:\/\/www.oarcanjo.net\/site\/sao-geraldo-majela\/"},"wordCount":619,"commentCount":0,"publisher":{"@id":"https:\/\/www.oarcanjo.net\/site\/#organization"},"image":{"@id":"https:\/\/www.oarcanjo.net\/site\/sao-geraldo-majela\/#primaryimage"},"thumbnailUrl":"http:\/\/www.portalangels.com\/img\/sao_geraldo.jpg","articleSection":["Testemunhos"],"inLanguage":"pt-BR","potentialAction":[{"@type":"CommentAction","name":"Comment","target":["https:\/\/www.oarcanjo.net\/site\/sao-geraldo-majela\/#respond"]}]},{"@type":"WebPage","@id":"https:\/\/www.oarcanjo.net\/site\/sao-geraldo-majela\/","url":"https:\/\/www.oarcanjo.net\/site\/sao-geraldo-majela\/","name":"S\u00e3o Geraldo Majela - O Arcanjo no ar","isPartOf":{"@id":"https:\/\/www.oarcanjo.net\/site\/#website"},"primaryImageOfPage":{"@id":"https:\/\/www.oarcanjo.net\/site\/sao-geraldo-majela\/#primaryimage"},"image":{"@id":"https:\/\/www.oarcanjo.net\/site\/sao-geraldo-majela\/#primaryimage"},"thumbnailUrl":"http:\/\/www.portalangels.com\/img\/sao_geraldo.jpg","datePublished":"2017-10-16T03:04:46+00:00","dateModified":"2017-08-11T17:54:17+00:00","breadcrumb":{"@id":"https:\/\/www.oarcanjo.net\/site\/sao-geraldo-majela\/#breadcrumb"},"inLanguage":"pt-BR","potentialAction":[{"@type":"ReadAction","target":["https:\/\/www.oarcanjo.net\/site\/sao-geraldo-majela\/"]}]},{"@type":"ImageObject","inLanguage":"pt-BR","@id":"https:\/\/www.oarcanjo.net\/site\/sao-geraldo-majela\/#primaryimage","url":"http:\/\/www.portalangels.com\/img\/sao_geraldo.jpg","contentUrl":"http:\/\/www.portalangels.com\/img\/sao_geraldo.jpg"},{"@type":"BreadcrumbList","@id":"https:\/\/www.oarcanjo.net\/site\/sao-geraldo-majela\/#breadcrumb","itemListElement":[{"@type":"ListItem","position":1,"name":"In\u00edcio","item":"https:\/\/www.oarcanjo.net\/site\/"},{"@type":"ListItem","position":2,"name":"S\u00e3o Geraldo Majela"}]},{"@type":"WebSite","@id":"https:\/\/www.oarcanjo.net\/site\/#website","url":"https:\/\/www.oarcanjo.net\/site\/","name":"O Arcanjo no ar","description":"Site da Par\u00f3quia S\u00e3o Miguel Arcanjo (Arquidiocese de SP)","publisher":{"@id":"https:\/\/www.oarcanjo.net\/site\/#organization"},"potentialAction":[{"@type":"SearchAction","target":{"@type":"EntryPoint","urlTemplate":"https:\/\/www.oarcanjo.net\/site\/?s={search_term_string}"},"query-input":{"@type":"PropertyValueSpecification","valueRequired":true,"valueName":"search_term_string"}}],"inLanguage":"pt-BR"},{"@type":"Organization","@id":"https:\/\/www.oarcanjo.net\/site\/#organization","name":"Par\u00f3quia S\u00e3o Miguel Arcanjo","url":"https:\/\/www.oarcanjo.net\/site\/","logo":{"@type":"ImageObject","inLanguage":"pt-BR","@id":"https:\/\/www.oarcanjo.net\/site\/#\/schema\/logo\/image\/","url":"https:\/\/www.oarcanjo.net\/site\/wp-content\/uploads\/LogoOArcanjo.png","contentUrl":"https:\/\/www.oarcanjo.net\/site\/wp-content\/uploads\/LogoOArcanjo.png","width":319,"height":99,"caption":"Par\u00f3quia S\u00e3o Miguel Arcanjo"},"image":{"@id":"https:\/\/www.oarcanjo.net\/site\/#\/schema\/logo\/image\/"},"sameAs":["https:\/\/www.facebook.com\/OArcanjoNoAr\/"]},{"@type":"Person","@id":"https:\/\/www.oarcanjo.net\/site\/#\/schema\/person\/5eb9480bedd2f3c97e430ce128c29c6c","name":"danilo"}]}},"publishpress_future_action":{"enabled":false,"date":"2026-05-08 21:00:29","action":"category","newStatus":"draft","terms":[],"taxonomy":"category"},"publishpress_future_workflow_manual_trigger":{"enabledWorkflows":[]},"_links":{"self":[{"href":"https:\/\/www.oarcanjo.net\/site\/wp-json\/wp\/v2\/posts\/11354"}],"collection":[{"href":"https:\/\/www.oarcanjo.net\/site\/wp-json\/wp\/v2\/posts"}],"about":[{"href":"https:\/\/www.oarcanjo.net\/site\/wp-json\/wp\/v2\/types\/post"}],"author":[{"embeddable":true,"href":"https:\/\/www.oarcanjo.net\/site\/wp-json\/wp\/v2\/users\/14"}],"replies":[{"embeddable":true,"href":"https:\/\/www.oarcanjo.net\/site\/wp-json\/wp\/v2\/comments?post=11354"}],"version-history":[{"count":0,"href":"https:\/\/www.oarcanjo.net\/site\/wp-json\/wp\/v2\/posts\/11354\/revisions"}],"wp:attachment":[{"href":"https:\/\/www.oarcanjo.net\/site\/wp-json\/wp\/v2\/media?parent=11354"}],"wp:term":[{"taxonomy":"category","embeddable":true,"href":"https:\/\/www.oarcanjo.net\/site\/wp-json\/wp\/v2\/categories?post=11354"},{"taxonomy":"post_tag","embeddable":true,"href":"https:\/\/www.oarcanjo.net\/site\/wp-json\/wp\/v2\/tags?post=11354"}],"curies":[{"name":"wp","href":"https:\/\/api.w.org\/{rel}","templated":true}]}}