
{"id":11356,"date":"2017-10-16T00:07:39","date_gmt":"2017-10-16T02:07:39","guid":{"rendered":"http:\/\/www.oarcanjo.net\/site\/?p=11356"},"modified":"2017-08-11T14:54:13","modified_gmt":"2017-08-11T17:54:13","slug":"santa-edwiges","status":"publish","type":"post","link":"https:\/\/www.oarcanjo.net\/site\/santa-edwiges\/","title":{"rendered":"Santa Edwiges"},"content":{"rendered":"<p><img decoding=\"async\" src=\"http:\/\/lh5.ggpht.com\/_2UFc0M-0Wv0\/R0YKux_rjPI\/AAAAAAAAAvU\/NAH6n6ZbCjQ\/santa+edwiges.jpg\" alt=\"\" \/><\/p>\n<p>16 de Outubro<\/p>\n<p>&#8220;[&#8230;] e quanto mais alta for a posi\u00e7\u00e3o social, tanto mais obriga\u00e7\u00e3o se tem de edificar o pr\u00f3ximo com o bom exemplo.&#8221; S\u00e3o palavras de uma duquesa cuja \u00fanica riqueza, maior que suas posses, era o esp\u00edrito religioso e solid\u00e1rio, Edwiges, soberana da Sil\u00e9sia e da Pol\u00f4nia.<\/p>\n<p>Virtude foi o que ela mais exibiu e vivenciou em todas as fases da sua exist\u00eancia, primeiro como donzela, depois como esposa e, finalmente, como vi\u00fava. Nobre, Edwiges nasceu em 1174, na Bav\u00e1ria, Alemanha. Ainda crian\u00e7a, j\u00e1 mostrava mais apego \u00e0s coisas espirituais do que \u00e0s materiais, apesar de dispor de tudo o que quisesse comprar ou possuir. Em vez de divertir-se em festas da Corte, preferia manter-se recolhida para rezar.<\/p>\n<p>Aos doze anos, como era convencionado nas casas reais, foi dada em casamento a Henrique I, duque da Sil\u00e9sia e da Pol\u00f4nia. Ela obedeceu aos pais e teve com o marido sete filhos. Quando completou vinte anos, e ele trinta e quatro, sentiu o chamado definitivo ao seguimento de Jesus. Ent\u00e3o, conversou com o marido e decidiram manter dentro do casamento o voto de abstin\u00eancia sexual.<\/p>\n<p>Edwiges entregou-se, ent\u00e3o, \u00e0 piedade e caridade. Guardava uma pequena parte de seus ganhos para si e o resto empregava em aux\u00edlio ao pr\u00f3ximo. Quando descobriu que muitas pessoas eram presas porque n\u00e3o tinham como saldar suas d\u00edvidas, passou a ir pessoalmente aos pres\u00eddios para libertar tais encarcerados, pagando-lhes as d\u00edvidas com seu pr\u00f3prio dinheiro. Depois, ela tamb\u00e9m lhes conseguia um emprego, de modo que pudessem manter-se com dignidade.<\/p>\n<p>Construiu o Mosteiro de Trebnitz, na Pol\u00f4nia, ajudou a restaurar os outros e mandou erguer in\u00fameras igrejas. Desse modo, organizou uma grande rede de obras de caridade e assist\u00eancia aos pobres. Al\u00e9m disso, visitava os hospitais constantemente, para, pessoalmente, cuidar e limpar as feridas dos mais contaminados e leprosos. Mas Edwiges tinha um especial carinho pelas vi\u00favas e \u00f3rf\u00e3os.<\/p>\n<p>Veio, ent\u00e3o, um per\u00edodo de sucessivas desventuras familiares. Num curto espa\u00e7o de tempo, assistiu \u00e0 morte, um a um, dos seus seis filhos, ficando viva apenas a filha Gertrudes. Em seguida, foi a vez do marido. Henrique I fora preso pelos inimigos num combate de guerra e, mesmo depois de libertado, acabou morrendo, vitimado por uma doen\u00e7a contra\u00edda na pris\u00e3o.<\/p>\n<p>Agora vi\u00fava, e apesar da dura prova\u00e7\u00e3o, Edwiges continuou a viver na virtude. Retirou-se do mundo, ingressou no convento que ela pr\u00f3pria constru\u00edra, do qual a filha Gertrudes se tornara abadessa. Fez os votos de castidade e pobreza, a ponto de andar descal\u00e7a sobre a neve quando atendia suas obras de caridade. Foi nessa \u00e9poca que recebeu o dom da cura, e operou muitos milagres, em cegos e outros enfermos, com o toque da m\u00e3o e o sinal da cruz.<\/p>\n<p>Com fama de santidade, Edwiges morreu no dia 15 de outubro de 1243, no Mosteiro de Trebnitz, Pol\u00f4nia. Logo passou a ser cultuada como santa e o local de sua sepultura tornou-se centro de peregrina\u00e7\u00e3o para os fi\u00e9is crist\u00e3os. Em 1266, o papa Clemente IV canonizou-a oficialmente. A Igreja designou o dia 16 de outubro para a celebra\u00e7\u00e3o da sua festa lit\u00fargica. O culto a santa Edwiges, padroeira dos pobres e endividados, \u00e9 muito expressivo ainda hoje em todo o mundo cat\u00f3lico e um dos mais difundidos do Brasil.<\/p>\n<div id=\"themify_builder_content-11356\" data-postid=\"11356\" class=\"themify_builder_content themify_builder_content-11356 themify_builder themify_builder_front\">\n\t<\/div>\n<!-- \/themify_builder_content -->","protected":false},"excerpt":{"rendered":"<p>16 de Outubro &#8220;[&#8230;] e quanto mais alta for a posi\u00e7\u00e3o social, tanto mais obriga\u00e7\u00e3o se tem de edificar o pr\u00f3ximo com o bom exemplo.&#8221; S\u00e3o palavras de uma duquesa cuja \u00fanica riqueza, maior que suas posses, era o esp\u00edrito religioso e solid\u00e1rio, Edwiges, soberana da Sil\u00e9sia e da Pol\u00f4nia. Virtude foi o que ela [&hellip;]<\/p>\n","protected":false},"author":14,"featured_media":0,"comment_status":"open","ping_status":"open","sticky":false,"template":"","format":"standard","meta":{"ngg_post_thumbnail":0,"footnotes":""},"categories":[186],"tags":[],"yoast_head":"<!-- This site is optimized with the Yoast SEO plugin v23.5 - https:\/\/yoast.com\/wordpress\/plugins\/seo\/ -->\n<title>Santa Edwiges - O Arcanjo no ar<\/title>\n<meta name=\"robots\" content=\"index, follow, max-snippet:-1, max-image-preview:large, max-video-preview:-1\" \/>\n<link rel=\"canonical\" href=\"https:\/\/www.oarcanjo.net\/site\/santa-edwiges\/\" \/>\n<meta property=\"og:locale\" content=\"pt_BR\" \/>\n<meta property=\"og:type\" content=\"article\" \/>\n<meta property=\"og:title\" content=\"Santa Edwiges - O Arcanjo no ar\" \/>\n<meta property=\"og:description\" content=\"16 de Outubro &#8220;[&#8230;] e quanto mais alta for a posi\u00e7\u00e3o social, tanto mais obriga\u00e7\u00e3o se tem de edificar o pr\u00f3ximo com o bom exemplo.&#8221; S\u00e3o palavras de uma duquesa cuja \u00fanica riqueza, maior que suas posses, era o esp\u00edrito religioso e solid\u00e1rio, Edwiges, soberana da Sil\u00e9sia e da Pol\u00f4nia. Virtude foi o que ela [&hellip;]\" \/>\n<meta property=\"og:url\" content=\"https:\/\/www.oarcanjo.net\/site\/santa-edwiges\/\" \/>\n<meta property=\"og:site_name\" content=\"O Arcanjo no ar\" \/>\n<meta property=\"article:publisher\" content=\"https:\/\/www.facebook.com\/OArcanjoNoAr\/\" \/>\n<meta property=\"article:published_time\" content=\"2017-10-16T02:07:39+00:00\" \/>\n<meta property=\"article:modified_time\" content=\"2017-08-11T17:54:13+00:00\" \/>\n<meta property=\"og:image\" content=\"http:\/\/lh5.ggpht.com\/_2UFc0M-0Wv0\/R0YKux_rjPI\/AAAAAAAAAvU\/NAH6n6ZbCjQ\/santa+edwiges.jpg\" \/>\n<meta name=\"author\" content=\"danilo\" \/>\n<meta name=\"twitter:card\" content=\"summary_large_image\" \/>\n<meta name=\"twitter:label1\" content=\"Escrito por\" \/>\n\t<meta name=\"twitter:data1\" content=\"danilo\" \/>\n\t<meta name=\"twitter:label2\" content=\"Est. tempo de leitura\" \/>\n\t<meta name=\"twitter:data2\" content=\"3 minutos\" \/>\n<script type=\"application\/ld+json\" class=\"yoast-schema-graph\">{\"@context\":\"https:\/\/schema.org\",\"@graph\":[{\"@type\":\"Article\",\"@id\":\"https:\/\/www.oarcanjo.net\/site\/santa-edwiges\/#article\",\"isPartOf\":{\"@id\":\"https:\/\/www.oarcanjo.net\/site\/santa-edwiges\/\"},\"author\":{\"name\":\"danilo\",\"@id\":\"https:\/\/www.oarcanjo.net\/site\/#\/schema\/person\/5eb9480bedd2f3c97e430ce128c29c6c\"},\"headline\":\"Santa Edwiges\",\"datePublished\":\"2017-10-16T02:07:39+00:00\",\"dateModified\":\"2017-08-11T17:54:13+00:00\",\"mainEntityOfPage\":{\"@id\":\"https:\/\/www.oarcanjo.net\/site\/santa-edwiges\/\"},\"wordCount\":586,\"commentCount\":0,\"publisher\":{\"@id\":\"https:\/\/www.oarcanjo.net\/site\/#organization\"},\"image\":{\"@id\":\"https:\/\/www.oarcanjo.net\/site\/santa-edwiges\/#primaryimage\"},\"thumbnailUrl\":\"http:\/\/lh5.ggpht.com\/_2UFc0M-0Wv0\/R0YKux_rjPI\/AAAAAAAAAvU\/NAH6n6ZbCjQ\/santa+edwiges.jpg\",\"articleSection\":[\"Testemunhos\"],\"inLanguage\":\"pt-BR\",\"potentialAction\":[{\"@type\":\"CommentAction\",\"name\":\"Comment\",\"target\":[\"https:\/\/www.oarcanjo.net\/site\/santa-edwiges\/#respond\"]}]},{\"@type\":\"WebPage\",\"@id\":\"https:\/\/www.oarcanjo.net\/site\/santa-edwiges\/\",\"url\":\"https:\/\/www.oarcanjo.net\/site\/santa-edwiges\/\",\"name\":\"Santa Edwiges - O Arcanjo no ar\",\"isPartOf\":{\"@id\":\"https:\/\/www.oarcanjo.net\/site\/#website\"},\"primaryImageOfPage\":{\"@id\":\"https:\/\/www.oarcanjo.net\/site\/santa-edwiges\/#primaryimage\"},\"image\":{\"@id\":\"https:\/\/www.oarcanjo.net\/site\/santa-edwiges\/#primaryimage\"},\"thumbnailUrl\":\"http:\/\/lh5.ggpht.com\/_2UFc0M-0Wv0\/R0YKux_rjPI\/AAAAAAAAAvU\/NAH6n6ZbCjQ\/santa+edwiges.jpg\",\"datePublished\":\"2017-10-16T02:07:39+00:00\",\"dateModified\":\"2017-08-11T17:54:13+00:00\",\"breadcrumb\":{\"@id\":\"https:\/\/www.oarcanjo.net\/site\/santa-edwiges\/#breadcrumb\"},\"inLanguage\":\"pt-BR\",\"potentialAction\":[{\"@type\":\"ReadAction\",\"target\":[\"https:\/\/www.oarcanjo.net\/site\/santa-edwiges\/\"]}]},{\"@type\":\"ImageObject\",\"inLanguage\":\"pt-BR\",\"@id\":\"https:\/\/www.oarcanjo.net\/site\/santa-edwiges\/#primaryimage\",\"url\":\"http:\/\/lh5.ggpht.com\/_2UFc0M-0Wv0\/R0YKux_rjPI\/AAAAAAAAAvU\/NAH6n6ZbCjQ\/santa+edwiges.jpg\",\"contentUrl\":\"http:\/\/lh5.ggpht.com\/_2UFc0M-0Wv0\/R0YKux_rjPI\/AAAAAAAAAvU\/NAH6n6ZbCjQ\/santa+edwiges.jpg\"},{\"@type\":\"BreadcrumbList\",\"@id\":\"https:\/\/www.oarcanjo.net\/site\/santa-edwiges\/#breadcrumb\",\"itemListElement\":[{\"@type\":\"ListItem\",\"position\":1,\"name\":\"In\u00edcio\",\"item\":\"https:\/\/www.oarcanjo.net\/site\/\"},{\"@type\":\"ListItem\",\"position\":2,\"name\":\"Santa Edwiges\"}]},{\"@type\":\"WebSite\",\"@id\":\"https:\/\/www.oarcanjo.net\/site\/#website\",\"url\":\"https:\/\/www.oarcanjo.net\/site\/\",\"name\":\"O Arcanjo no ar\",\"description\":\"Site da Par\u00f3quia S\u00e3o Miguel Arcanjo (Arquidiocese de SP)\",\"publisher\":{\"@id\":\"https:\/\/www.oarcanjo.net\/site\/#organization\"},\"potentialAction\":[{\"@type\":\"SearchAction\",\"target\":{\"@type\":\"EntryPoint\",\"urlTemplate\":\"https:\/\/www.oarcanjo.net\/site\/?s={search_term_string}\"},\"query-input\":{\"@type\":\"PropertyValueSpecification\",\"valueRequired\":true,\"valueName\":\"search_term_string\"}}],\"inLanguage\":\"pt-BR\"},{\"@type\":\"Organization\",\"@id\":\"https:\/\/www.oarcanjo.net\/site\/#organization\",\"name\":\"Par\u00f3quia S\u00e3o Miguel Arcanjo\",\"url\":\"https:\/\/www.oarcanjo.net\/site\/\",\"logo\":{\"@type\":\"ImageObject\",\"inLanguage\":\"pt-BR\",\"@id\":\"https:\/\/www.oarcanjo.net\/site\/#\/schema\/logo\/image\/\",\"url\":\"https:\/\/www.oarcanjo.net\/site\/wp-content\/uploads\/LogoOArcanjo.png\",\"contentUrl\":\"https:\/\/www.oarcanjo.net\/site\/wp-content\/uploads\/LogoOArcanjo.png\",\"width\":319,\"height\":99,\"caption\":\"Par\u00f3quia S\u00e3o Miguel Arcanjo\"},\"image\":{\"@id\":\"https:\/\/www.oarcanjo.net\/site\/#\/schema\/logo\/image\/\"},\"sameAs\":[\"https:\/\/www.facebook.com\/OArcanjoNoAr\/\"]},{\"@type\":\"Person\",\"@id\":\"https:\/\/www.oarcanjo.net\/site\/#\/schema\/person\/5eb9480bedd2f3c97e430ce128c29c6c\",\"name\":\"danilo\"}]}<\/script>\n<!-- \/ Yoast SEO plugin. -->","yoast_head_json":{"title":"Santa Edwiges - O Arcanjo no ar","robots":{"index":"index","follow":"follow","max-snippet":"max-snippet:-1","max-image-preview":"max-image-preview:large","max-video-preview":"max-video-preview:-1"},"canonical":"https:\/\/www.oarcanjo.net\/site\/santa-edwiges\/","og_locale":"pt_BR","og_type":"article","og_title":"Santa Edwiges - O Arcanjo no ar","og_description":"16 de Outubro &#8220;[&#8230;] e quanto mais alta for a posi\u00e7\u00e3o social, tanto mais obriga\u00e7\u00e3o se tem de edificar o pr\u00f3ximo com o bom exemplo.&#8221; S\u00e3o palavras de uma duquesa cuja \u00fanica riqueza, maior que suas posses, era o esp\u00edrito religioso e solid\u00e1rio, Edwiges, soberana da Sil\u00e9sia e da Pol\u00f4nia. Virtude foi o que ela [&hellip;]","og_url":"https:\/\/www.oarcanjo.net\/site\/santa-edwiges\/","og_site_name":"O Arcanjo no ar","article_publisher":"https:\/\/www.facebook.com\/OArcanjoNoAr\/","article_published_time":"2017-10-16T02:07:39+00:00","article_modified_time":"2017-08-11T17:54:13+00:00","og_image":[{"url":"http:\/\/lh5.ggpht.com\/_2UFc0M-0Wv0\/R0YKux_rjPI\/AAAAAAAAAvU\/NAH6n6ZbCjQ\/santa+edwiges.jpg"}],"author":"danilo","twitter_card":"summary_large_image","twitter_misc":{"Escrito por":"danilo","Est. tempo de leitura":"3 minutos"},"schema":{"@context":"https:\/\/schema.org","@graph":[{"@type":"Article","@id":"https:\/\/www.oarcanjo.net\/site\/santa-edwiges\/#article","isPartOf":{"@id":"https:\/\/www.oarcanjo.net\/site\/santa-edwiges\/"},"author":{"name":"danilo","@id":"https:\/\/www.oarcanjo.net\/site\/#\/schema\/person\/5eb9480bedd2f3c97e430ce128c29c6c"},"headline":"Santa Edwiges","datePublished":"2017-10-16T02:07:39+00:00","dateModified":"2017-08-11T17:54:13+00:00","mainEntityOfPage":{"@id":"https:\/\/www.oarcanjo.net\/site\/santa-edwiges\/"},"wordCount":586,"commentCount":0,"publisher":{"@id":"https:\/\/www.oarcanjo.net\/site\/#organization"},"image":{"@id":"https:\/\/www.oarcanjo.net\/site\/santa-edwiges\/#primaryimage"},"thumbnailUrl":"http:\/\/lh5.ggpht.com\/_2UFc0M-0Wv0\/R0YKux_rjPI\/AAAAAAAAAvU\/NAH6n6ZbCjQ\/santa+edwiges.jpg","articleSection":["Testemunhos"],"inLanguage":"pt-BR","potentialAction":[{"@type":"CommentAction","name":"Comment","target":["https:\/\/www.oarcanjo.net\/site\/santa-edwiges\/#respond"]}]},{"@type":"WebPage","@id":"https:\/\/www.oarcanjo.net\/site\/santa-edwiges\/","url":"https:\/\/www.oarcanjo.net\/site\/santa-edwiges\/","name":"Santa Edwiges - O Arcanjo no ar","isPartOf":{"@id":"https:\/\/www.oarcanjo.net\/site\/#website"},"primaryImageOfPage":{"@id":"https:\/\/www.oarcanjo.net\/site\/santa-edwiges\/#primaryimage"},"image":{"@id":"https:\/\/www.oarcanjo.net\/site\/santa-edwiges\/#primaryimage"},"thumbnailUrl":"http:\/\/lh5.ggpht.com\/_2UFc0M-0Wv0\/R0YKux_rjPI\/AAAAAAAAAvU\/NAH6n6ZbCjQ\/santa+edwiges.jpg","datePublished":"2017-10-16T02:07:39+00:00","dateModified":"2017-08-11T17:54:13+00:00","breadcrumb":{"@id":"https:\/\/www.oarcanjo.net\/site\/santa-edwiges\/#breadcrumb"},"inLanguage":"pt-BR","potentialAction":[{"@type":"ReadAction","target":["https:\/\/www.oarcanjo.net\/site\/santa-edwiges\/"]}]},{"@type":"ImageObject","inLanguage":"pt-BR","@id":"https:\/\/www.oarcanjo.net\/site\/santa-edwiges\/#primaryimage","url":"http:\/\/lh5.ggpht.com\/_2UFc0M-0Wv0\/R0YKux_rjPI\/AAAAAAAAAvU\/NAH6n6ZbCjQ\/santa+edwiges.jpg","contentUrl":"http:\/\/lh5.ggpht.com\/_2UFc0M-0Wv0\/R0YKux_rjPI\/AAAAAAAAAvU\/NAH6n6ZbCjQ\/santa+edwiges.jpg"},{"@type":"BreadcrumbList","@id":"https:\/\/www.oarcanjo.net\/site\/santa-edwiges\/#breadcrumb","itemListElement":[{"@type":"ListItem","position":1,"name":"In\u00edcio","item":"https:\/\/www.oarcanjo.net\/site\/"},{"@type":"ListItem","position":2,"name":"Santa Edwiges"}]},{"@type":"WebSite","@id":"https:\/\/www.oarcanjo.net\/site\/#website","url":"https:\/\/www.oarcanjo.net\/site\/","name":"O Arcanjo no ar","description":"Site da Par\u00f3quia S\u00e3o Miguel Arcanjo (Arquidiocese de SP)","publisher":{"@id":"https:\/\/www.oarcanjo.net\/site\/#organization"},"potentialAction":[{"@type":"SearchAction","target":{"@type":"EntryPoint","urlTemplate":"https:\/\/www.oarcanjo.net\/site\/?s={search_term_string}"},"query-input":{"@type":"PropertyValueSpecification","valueRequired":true,"valueName":"search_term_string"}}],"inLanguage":"pt-BR"},{"@type":"Organization","@id":"https:\/\/www.oarcanjo.net\/site\/#organization","name":"Par\u00f3quia S\u00e3o Miguel Arcanjo","url":"https:\/\/www.oarcanjo.net\/site\/","logo":{"@type":"ImageObject","inLanguage":"pt-BR","@id":"https:\/\/www.oarcanjo.net\/site\/#\/schema\/logo\/image\/","url":"https:\/\/www.oarcanjo.net\/site\/wp-content\/uploads\/LogoOArcanjo.png","contentUrl":"https:\/\/www.oarcanjo.net\/site\/wp-content\/uploads\/LogoOArcanjo.png","width":319,"height":99,"caption":"Par\u00f3quia S\u00e3o Miguel Arcanjo"},"image":{"@id":"https:\/\/www.oarcanjo.net\/site\/#\/schema\/logo\/image\/"},"sameAs":["https:\/\/www.facebook.com\/OArcanjoNoAr\/"]},{"@type":"Person","@id":"https:\/\/www.oarcanjo.net\/site\/#\/schema\/person\/5eb9480bedd2f3c97e430ce128c29c6c","name":"danilo"}]}},"publishpress_future_action":{"enabled":false,"date":"2026-05-08 21:00:29","action":"category","newStatus":"draft","terms":[],"taxonomy":"category"},"publishpress_future_workflow_manual_trigger":{"enabledWorkflows":[]},"_links":{"self":[{"href":"https:\/\/www.oarcanjo.net\/site\/wp-json\/wp\/v2\/posts\/11356"}],"collection":[{"href":"https:\/\/www.oarcanjo.net\/site\/wp-json\/wp\/v2\/posts"}],"about":[{"href":"https:\/\/www.oarcanjo.net\/site\/wp-json\/wp\/v2\/types\/post"}],"author":[{"embeddable":true,"href":"https:\/\/www.oarcanjo.net\/site\/wp-json\/wp\/v2\/users\/14"}],"replies":[{"embeddable":true,"href":"https:\/\/www.oarcanjo.net\/site\/wp-json\/wp\/v2\/comments?post=11356"}],"version-history":[{"count":0,"href":"https:\/\/www.oarcanjo.net\/site\/wp-json\/wp\/v2\/posts\/11356\/revisions"}],"wp:attachment":[{"href":"https:\/\/www.oarcanjo.net\/site\/wp-json\/wp\/v2\/media?parent=11356"}],"wp:term":[{"taxonomy":"category","embeddable":true,"href":"https:\/\/www.oarcanjo.net\/site\/wp-json\/wp\/v2\/categories?post=11356"},{"taxonomy":"post_tag","embeddable":true,"href":"https:\/\/www.oarcanjo.net\/site\/wp-json\/wp\/v2\/tags?post=11356"}],"curies":[{"name":"wp","href":"https:\/\/api.w.org\/{rel}","templated":true}]}}