
{"id":11358,"date":"2017-10-17T01:12:22","date_gmt":"2017-10-17T03:12:22","guid":{"rendered":"http:\/\/www.oarcanjo.net\/site\/?p=11358"},"modified":"2017-08-11T14:54:25","modified_gmt":"2017-08-11T17:54:25","slug":"sao-rodolfo","status":"publish","type":"post","link":"https:\/\/www.oarcanjo.net\/site\/sao-rodolfo\/","title":{"rendered":"S\u00e3o Rodolfo"},"content":{"rendered":"<p><img decoding=\"async\" src=\"http:\/\/www.paulinas.org.br\/diafeliz\/images\/santo\/Rodolfo.gif\" alt=\"\" \/><\/p>\n<p>17 de Outubro<\/p>\n<p>Rodolfo nasceu no ano 1034, em Perugia, It\u00e1lia. A sua fam\u00edlia pertencia \u00e0 nobreza local e era muito influente na Corte. Mas motivada pelas prega\u00e7\u00f5es do monge Pedro Dami\u00e3o, decidiu abandonar os h\u00e1bitos mundanos e retornar o caminho do seguimento de Cristo. Esse monge fundara um mosteiro de eremitas na vizinhan\u00e7a de Fonte Avelana e a fama de sua santidade corria veloz no meio do mundo crist\u00e3o.<\/p>\n<p>Com a morte do pai, Rodolfo e seu irm\u00e3o Pedro abriram m\u00e3o da heran\u00e7a em favor da m\u00e3e e de Jo\u00e3o, o irm\u00e3o ca\u00e7ula, para ingressarem no mosteiro de Pedro Dami\u00e3o. Por\u00e9m, algum tempo depois, m\u00e3e e irm\u00e3o ca\u00e7ula tamb\u00e9m optaram pela vida religiosa daquela comunidade, que os acolheu ap\u00f3s doarem toda a fortuna da fam\u00edlia para a Igreja.<\/p>\n<p>Fonte Avelana tornara-se um verdadeiro viveiro de eremitas, pois desse mosteiro sa\u00edram os grandes renovadores da Igreja. Dentre eles, os tr\u00eas irm\u00e3os: Rodolfo, Pedro e Jo\u00e3o, disc\u00edpulos de Pedro Dami\u00e3o, hoje celebrado como santo e doutor da Igreja. Nessa nova comunidade religiosa, a vida era simples, voltada apenas ao trabalho, \u00e0 caridade aos pobres e doentes, dedicada \u00e0 penit\u00eancia e \u00e0 ora\u00e7\u00e3o contemplativa. No per\u00edodo medieval, foi um verdadeiro o\u00e1sis que surgiu para a revitaliza\u00e7\u00e3o da vida mon\u00e1stica, uma vez que a Igreja ocidental vivia um grande desgaste com os conflitos internos, causados pela ambi\u00e7\u00e3o e a gan\u00e2ncia dos bispos e sacerdotes, mais interessados nos bens mundanos do que na condu\u00e7\u00e3o do rebanho do Senhor.<\/p>\n<p>Aos vinte e cinco anos de idade, Rodolfo recebeu a ordena\u00e7\u00e3o sacerdotal e, mesmo a contragosto, foi consagrado bispo de Gubio, cidade pr\u00f3spera e rica da regi\u00e3o. Por\u00e9m era uma diocese muito problem\u00e1tica para a Igreja. Os bispos anteriores haviam institu\u00eddo o que se chamou de &#8220;ressarcimento&#8221;, isto \u00e9, os sacramentos eram condicionados a pagamentos e n\u00e3o aos m\u00e9ritos ou \u00e0 voca\u00e7\u00e3o religiosa. Enquanto alguns sacerdotes pediam dinheiro para a absolvi\u00e7\u00e3o dos pecados, outros queriam comiss\u00f5es para ordenar os sacerdotes.<\/p>\n<p>Rodolfo assumiu o posto e combateu tudo com firmeza, dentro do exemplo de fiel pastor. Vestia-se sempre com as mesmas roupas, velhas e surradas, fosse qual fosse o tempo ou a esta\u00e7\u00e3o. Comia pouco, impondo-se um severo jejum. Dormia quase nada, mantendo-se em vig\u00edlia constante, na ora\u00e7\u00e3o e penit\u00eancia. Percorria toda a diocese, e mantinha-se incans\u00e1vel, sempre pronto a atender os pobres, doentes e abandonados. Tornou-se o exemplo de humildade e de caridade crist\u00e3, um verdadeiro sacerdote da Igreja. Apenas com seu comportamento ele conseguiu recolocar Gubio no verdadeiro caminho do amor a Cristo e \u00e0 Virgem Sant\u00edssima.<\/p>\n<p>Foram cinco anos dedicados \u00e0 diocese de Gubio, durante os quais participou do Conc\u00edlio Romano, em 1059, como seu bispo. Rodolfo morreu jovem, com apenas trinta anos de idade, em 26 de junho de 1064, consumido pela fadiga e vida excessivamente austera. Entretanto a sua obra n\u00e3o chegou a ser interrompida, pois foi substitu\u00eddo por seu irm\u00e3o Jo\u00e3o, que seguiu o seu exemplo de bispo benevolente com o rebanho, mas rigoroso consigo mesmo.<\/p>\n<p>A figura do bispo Rodolfo tornou-se conhecida atrav\u00e9s da carta escrita por seu mestre, Pedro Dami\u00e3o, para comunicar sua morte ao papa Alexandre II. Nela, foi descrito como um homem de profundo esp\u00edrito religioso e possuidor de grande cultura teol\u00f3gica e b\u00edblica. A \u00fanica pessoa a quem confiava seus escritos para serem corrigidos de poss\u00edveis distor\u00e7\u00f5es da doutrina cat\u00f3lica e para a correta interpreta\u00e7\u00e3o do Evangelho.<\/p>\n<p>As rel\u00edquias de s\u00e3o Rodolfo, guardadas na Catedral de Gubio, foram destru\u00eddas durante as reformas executadas em 1670. Entretanto isso nada significou para seus devotos, que continuam a comemor\u00e1-lo no dia 17 de outubro, data oficial da sua festa.<\/p>\n<div id=\"themify_builder_content-11358\" data-postid=\"11358\" class=\"themify_builder_content themify_builder_content-11358 themify_builder themify_builder_front\">\n\t<\/div>\n<!-- \/themify_builder_content -->","protected":false},"excerpt":{"rendered":"<p>17 de Outubro Rodolfo nasceu no ano 1034, em Perugia, It\u00e1lia. A sua fam\u00edlia pertencia \u00e0 nobreza local e era muito influente na Corte. Mas motivada pelas prega\u00e7\u00f5es do monge Pedro Dami\u00e3o, decidiu abandonar os h\u00e1bitos mundanos e retornar o caminho do seguimento de Cristo. Esse monge fundara um mosteiro de eremitas na vizinhan\u00e7a de [&hellip;]<\/p>\n","protected":false},"author":14,"featured_media":0,"comment_status":"open","ping_status":"open","sticky":false,"template":"","format":"standard","meta":{"ngg_post_thumbnail":0,"footnotes":""},"categories":[186],"tags":[],"yoast_head":"<!-- This site is optimized with the Yoast SEO plugin v23.5 - https:\/\/yoast.com\/wordpress\/plugins\/seo\/ -->\n<title>S\u00e3o Rodolfo - O Arcanjo no ar<\/title>\n<meta name=\"robots\" content=\"index, follow, max-snippet:-1, max-image-preview:large, max-video-preview:-1\" \/>\n<link rel=\"canonical\" href=\"https:\/\/www.oarcanjo.net\/site\/sao-rodolfo\/\" \/>\n<meta property=\"og:locale\" content=\"pt_BR\" \/>\n<meta property=\"og:type\" content=\"article\" \/>\n<meta property=\"og:title\" content=\"S\u00e3o Rodolfo - O Arcanjo no ar\" \/>\n<meta property=\"og:description\" content=\"17 de Outubro Rodolfo nasceu no ano 1034, em Perugia, It\u00e1lia. A sua fam\u00edlia pertencia \u00e0 nobreza local e era muito influente na Corte. Mas motivada pelas prega\u00e7\u00f5es do monge Pedro Dami\u00e3o, decidiu abandonar os h\u00e1bitos mundanos e retornar o caminho do seguimento de Cristo. Esse monge fundara um mosteiro de eremitas na vizinhan\u00e7a de [&hellip;]\" \/>\n<meta property=\"og:url\" content=\"https:\/\/www.oarcanjo.net\/site\/sao-rodolfo\/\" \/>\n<meta property=\"og:site_name\" content=\"O Arcanjo no ar\" \/>\n<meta property=\"article:publisher\" content=\"https:\/\/www.facebook.com\/OArcanjoNoAr\/\" \/>\n<meta property=\"article:published_time\" content=\"2017-10-17T03:12:22+00:00\" \/>\n<meta property=\"article:modified_time\" content=\"2017-08-11T17:54:25+00:00\" \/>\n<meta property=\"og:image\" content=\"http:\/\/www.paulinas.org.br\/diafeliz\/images\/santo\/Rodolfo.gif\" \/>\n<meta name=\"author\" content=\"danilo\" \/>\n<meta name=\"twitter:card\" content=\"summary_large_image\" \/>\n<meta name=\"twitter:label1\" content=\"Escrito por\" \/>\n\t<meta name=\"twitter:data1\" content=\"danilo\" \/>\n\t<meta name=\"twitter:label2\" content=\"Est. tempo de leitura\" \/>\n\t<meta name=\"twitter:data2\" content=\"3 minutos\" \/>\n<script type=\"application\/ld+json\" class=\"yoast-schema-graph\">{\"@context\":\"https:\/\/schema.org\",\"@graph\":[{\"@type\":\"Article\",\"@id\":\"https:\/\/www.oarcanjo.net\/site\/sao-rodolfo\/#article\",\"isPartOf\":{\"@id\":\"https:\/\/www.oarcanjo.net\/site\/sao-rodolfo\/\"},\"author\":{\"name\":\"danilo\",\"@id\":\"https:\/\/www.oarcanjo.net\/site\/#\/schema\/person\/5eb9480bedd2f3c97e430ce128c29c6c\"},\"headline\":\"S\u00e3o Rodolfo\",\"datePublished\":\"2017-10-17T03:12:22+00:00\",\"dateModified\":\"2017-08-11T17:54:25+00:00\",\"mainEntityOfPage\":{\"@id\":\"https:\/\/www.oarcanjo.net\/site\/sao-rodolfo\/\"},\"wordCount\":660,\"commentCount\":0,\"publisher\":{\"@id\":\"https:\/\/www.oarcanjo.net\/site\/#organization\"},\"image\":{\"@id\":\"https:\/\/www.oarcanjo.net\/site\/sao-rodolfo\/#primaryimage\"},\"thumbnailUrl\":\"http:\/\/www.paulinas.org.br\/diafeliz\/images\/santo\/Rodolfo.gif\",\"articleSection\":[\"Testemunhos\"],\"inLanguage\":\"pt-BR\",\"potentialAction\":[{\"@type\":\"CommentAction\",\"name\":\"Comment\",\"target\":[\"https:\/\/www.oarcanjo.net\/site\/sao-rodolfo\/#respond\"]}]},{\"@type\":\"WebPage\",\"@id\":\"https:\/\/www.oarcanjo.net\/site\/sao-rodolfo\/\",\"url\":\"https:\/\/www.oarcanjo.net\/site\/sao-rodolfo\/\",\"name\":\"S\u00e3o Rodolfo - O Arcanjo no ar\",\"isPartOf\":{\"@id\":\"https:\/\/www.oarcanjo.net\/site\/#website\"},\"primaryImageOfPage\":{\"@id\":\"https:\/\/www.oarcanjo.net\/site\/sao-rodolfo\/#primaryimage\"},\"image\":{\"@id\":\"https:\/\/www.oarcanjo.net\/site\/sao-rodolfo\/#primaryimage\"},\"thumbnailUrl\":\"http:\/\/www.paulinas.org.br\/diafeliz\/images\/santo\/Rodolfo.gif\",\"datePublished\":\"2017-10-17T03:12:22+00:00\",\"dateModified\":\"2017-08-11T17:54:25+00:00\",\"breadcrumb\":{\"@id\":\"https:\/\/www.oarcanjo.net\/site\/sao-rodolfo\/#breadcrumb\"},\"inLanguage\":\"pt-BR\",\"potentialAction\":[{\"@type\":\"ReadAction\",\"target\":[\"https:\/\/www.oarcanjo.net\/site\/sao-rodolfo\/\"]}]},{\"@type\":\"ImageObject\",\"inLanguage\":\"pt-BR\",\"@id\":\"https:\/\/www.oarcanjo.net\/site\/sao-rodolfo\/#primaryimage\",\"url\":\"http:\/\/www.paulinas.org.br\/diafeliz\/images\/santo\/Rodolfo.gif\",\"contentUrl\":\"http:\/\/www.paulinas.org.br\/diafeliz\/images\/santo\/Rodolfo.gif\"},{\"@type\":\"BreadcrumbList\",\"@id\":\"https:\/\/www.oarcanjo.net\/site\/sao-rodolfo\/#breadcrumb\",\"itemListElement\":[{\"@type\":\"ListItem\",\"position\":1,\"name\":\"In\u00edcio\",\"item\":\"https:\/\/www.oarcanjo.net\/site\/\"},{\"@type\":\"ListItem\",\"position\":2,\"name\":\"S\u00e3o Rodolfo\"}]},{\"@type\":\"WebSite\",\"@id\":\"https:\/\/www.oarcanjo.net\/site\/#website\",\"url\":\"https:\/\/www.oarcanjo.net\/site\/\",\"name\":\"O Arcanjo no ar\",\"description\":\"Site da Par\u00f3quia S\u00e3o Miguel Arcanjo (Arquidiocese de SP)\",\"publisher\":{\"@id\":\"https:\/\/www.oarcanjo.net\/site\/#organization\"},\"potentialAction\":[{\"@type\":\"SearchAction\",\"target\":{\"@type\":\"EntryPoint\",\"urlTemplate\":\"https:\/\/www.oarcanjo.net\/site\/?s={search_term_string}\"},\"query-input\":{\"@type\":\"PropertyValueSpecification\",\"valueRequired\":true,\"valueName\":\"search_term_string\"}}],\"inLanguage\":\"pt-BR\"},{\"@type\":\"Organization\",\"@id\":\"https:\/\/www.oarcanjo.net\/site\/#organization\",\"name\":\"Par\u00f3quia S\u00e3o Miguel Arcanjo\",\"url\":\"https:\/\/www.oarcanjo.net\/site\/\",\"logo\":{\"@type\":\"ImageObject\",\"inLanguage\":\"pt-BR\",\"@id\":\"https:\/\/www.oarcanjo.net\/site\/#\/schema\/logo\/image\/\",\"url\":\"https:\/\/www.oarcanjo.net\/site\/wp-content\/uploads\/LogoOArcanjo.png\",\"contentUrl\":\"https:\/\/www.oarcanjo.net\/site\/wp-content\/uploads\/LogoOArcanjo.png\",\"width\":319,\"height\":99,\"caption\":\"Par\u00f3quia S\u00e3o Miguel Arcanjo\"},\"image\":{\"@id\":\"https:\/\/www.oarcanjo.net\/site\/#\/schema\/logo\/image\/\"},\"sameAs\":[\"https:\/\/www.facebook.com\/OArcanjoNoAr\/\"]},{\"@type\":\"Person\",\"@id\":\"https:\/\/www.oarcanjo.net\/site\/#\/schema\/person\/5eb9480bedd2f3c97e430ce128c29c6c\",\"name\":\"danilo\"}]}<\/script>\n<!-- \/ Yoast SEO plugin. -->","yoast_head_json":{"title":"S\u00e3o Rodolfo - O Arcanjo no ar","robots":{"index":"index","follow":"follow","max-snippet":"max-snippet:-1","max-image-preview":"max-image-preview:large","max-video-preview":"max-video-preview:-1"},"canonical":"https:\/\/www.oarcanjo.net\/site\/sao-rodolfo\/","og_locale":"pt_BR","og_type":"article","og_title":"S\u00e3o Rodolfo - O Arcanjo no ar","og_description":"17 de Outubro Rodolfo nasceu no ano 1034, em Perugia, It\u00e1lia. A sua fam\u00edlia pertencia \u00e0 nobreza local e era muito influente na Corte. Mas motivada pelas prega\u00e7\u00f5es do monge Pedro Dami\u00e3o, decidiu abandonar os h\u00e1bitos mundanos e retornar o caminho do seguimento de Cristo. Esse monge fundara um mosteiro de eremitas na vizinhan\u00e7a de [&hellip;]","og_url":"https:\/\/www.oarcanjo.net\/site\/sao-rodolfo\/","og_site_name":"O Arcanjo no ar","article_publisher":"https:\/\/www.facebook.com\/OArcanjoNoAr\/","article_published_time":"2017-10-17T03:12:22+00:00","article_modified_time":"2017-08-11T17:54:25+00:00","og_image":[{"url":"http:\/\/www.paulinas.org.br\/diafeliz\/images\/santo\/Rodolfo.gif"}],"author":"danilo","twitter_card":"summary_large_image","twitter_misc":{"Escrito por":"danilo","Est. tempo de leitura":"3 minutos"},"schema":{"@context":"https:\/\/schema.org","@graph":[{"@type":"Article","@id":"https:\/\/www.oarcanjo.net\/site\/sao-rodolfo\/#article","isPartOf":{"@id":"https:\/\/www.oarcanjo.net\/site\/sao-rodolfo\/"},"author":{"name":"danilo","@id":"https:\/\/www.oarcanjo.net\/site\/#\/schema\/person\/5eb9480bedd2f3c97e430ce128c29c6c"},"headline":"S\u00e3o Rodolfo","datePublished":"2017-10-17T03:12:22+00:00","dateModified":"2017-08-11T17:54:25+00:00","mainEntityOfPage":{"@id":"https:\/\/www.oarcanjo.net\/site\/sao-rodolfo\/"},"wordCount":660,"commentCount":0,"publisher":{"@id":"https:\/\/www.oarcanjo.net\/site\/#organization"},"image":{"@id":"https:\/\/www.oarcanjo.net\/site\/sao-rodolfo\/#primaryimage"},"thumbnailUrl":"http:\/\/www.paulinas.org.br\/diafeliz\/images\/santo\/Rodolfo.gif","articleSection":["Testemunhos"],"inLanguage":"pt-BR","potentialAction":[{"@type":"CommentAction","name":"Comment","target":["https:\/\/www.oarcanjo.net\/site\/sao-rodolfo\/#respond"]}]},{"@type":"WebPage","@id":"https:\/\/www.oarcanjo.net\/site\/sao-rodolfo\/","url":"https:\/\/www.oarcanjo.net\/site\/sao-rodolfo\/","name":"S\u00e3o Rodolfo - O Arcanjo no ar","isPartOf":{"@id":"https:\/\/www.oarcanjo.net\/site\/#website"},"primaryImageOfPage":{"@id":"https:\/\/www.oarcanjo.net\/site\/sao-rodolfo\/#primaryimage"},"image":{"@id":"https:\/\/www.oarcanjo.net\/site\/sao-rodolfo\/#primaryimage"},"thumbnailUrl":"http:\/\/www.paulinas.org.br\/diafeliz\/images\/santo\/Rodolfo.gif","datePublished":"2017-10-17T03:12:22+00:00","dateModified":"2017-08-11T17:54:25+00:00","breadcrumb":{"@id":"https:\/\/www.oarcanjo.net\/site\/sao-rodolfo\/#breadcrumb"},"inLanguage":"pt-BR","potentialAction":[{"@type":"ReadAction","target":["https:\/\/www.oarcanjo.net\/site\/sao-rodolfo\/"]}]},{"@type":"ImageObject","inLanguage":"pt-BR","@id":"https:\/\/www.oarcanjo.net\/site\/sao-rodolfo\/#primaryimage","url":"http:\/\/www.paulinas.org.br\/diafeliz\/images\/santo\/Rodolfo.gif","contentUrl":"http:\/\/www.paulinas.org.br\/diafeliz\/images\/santo\/Rodolfo.gif"},{"@type":"BreadcrumbList","@id":"https:\/\/www.oarcanjo.net\/site\/sao-rodolfo\/#breadcrumb","itemListElement":[{"@type":"ListItem","position":1,"name":"In\u00edcio","item":"https:\/\/www.oarcanjo.net\/site\/"},{"@type":"ListItem","position":2,"name":"S\u00e3o Rodolfo"}]},{"@type":"WebSite","@id":"https:\/\/www.oarcanjo.net\/site\/#website","url":"https:\/\/www.oarcanjo.net\/site\/","name":"O Arcanjo no ar","description":"Site da Par\u00f3quia S\u00e3o Miguel Arcanjo (Arquidiocese de SP)","publisher":{"@id":"https:\/\/www.oarcanjo.net\/site\/#organization"},"potentialAction":[{"@type":"SearchAction","target":{"@type":"EntryPoint","urlTemplate":"https:\/\/www.oarcanjo.net\/site\/?s={search_term_string}"},"query-input":{"@type":"PropertyValueSpecification","valueRequired":true,"valueName":"search_term_string"}}],"inLanguage":"pt-BR"},{"@type":"Organization","@id":"https:\/\/www.oarcanjo.net\/site\/#organization","name":"Par\u00f3quia S\u00e3o Miguel Arcanjo","url":"https:\/\/www.oarcanjo.net\/site\/","logo":{"@type":"ImageObject","inLanguage":"pt-BR","@id":"https:\/\/www.oarcanjo.net\/site\/#\/schema\/logo\/image\/","url":"https:\/\/www.oarcanjo.net\/site\/wp-content\/uploads\/LogoOArcanjo.png","contentUrl":"https:\/\/www.oarcanjo.net\/site\/wp-content\/uploads\/LogoOArcanjo.png","width":319,"height":99,"caption":"Par\u00f3quia S\u00e3o Miguel Arcanjo"},"image":{"@id":"https:\/\/www.oarcanjo.net\/site\/#\/schema\/logo\/image\/"},"sameAs":["https:\/\/www.facebook.com\/OArcanjoNoAr\/"]},{"@type":"Person","@id":"https:\/\/www.oarcanjo.net\/site\/#\/schema\/person\/5eb9480bedd2f3c97e430ce128c29c6c","name":"danilo"}]}},"publishpress_future_action":{"enabled":false,"date":"2026-05-08 21:00:18","action":"category","newStatus":"draft","terms":[],"taxonomy":"category"},"publishpress_future_workflow_manual_trigger":{"enabledWorkflows":[]},"_links":{"self":[{"href":"https:\/\/www.oarcanjo.net\/site\/wp-json\/wp\/v2\/posts\/11358"}],"collection":[{"href":"https:\/\/www.oarcanjo.net\/site\/wp-json\/wp\/v2\/posts"}],"about":[{"href":"https:\/\/www.oarcanjo.net\/site\/wp-json\/wp\/v2\/types\/post"}],"author":[{"embeddable":true,"href":"https:\/\/www.oarcanjo.net\/site\/wp-json\/wp\/v2\/users\/14"}],"replies":[{"embeddable":true,"href":"https:\/\/www.oarcanjo.net\/site\/wp-json\/wp\/v2\/comments?post=11358"}],"version-history":[{"count":0,"href":"https:\/\/www.oarcanjo.net\/site\/wp-json\/wp\/v2\/posts\/11358\/revisions"}],"wp:attachment":[{"href":"https:\/\/www.oarcanjo.net\/site\/wp-json\/wp\/v2\/media?parent=11358"}],"wp:term":[{"taxonomy":"category","embeddable":true,"href":"https:\/\/www.oarcanjo.net\/site\/wp-json\/wp\/v2\/categories?post=11358"},{"taxonomy":"post_tag","embeddable":true,"href":"https:\/\/www.oarcanjo.net\/site\/wp-json\/wp\/v2\/tags?post=11358"}],"curies":[{"name":"wp","href":"https:\/\/api.w.org\/{rel}","templated":true}]}}