
{"id":11360,"date":"2017-10-17T01:14:17","date_gmt":"2017-10-17T03:14:17","guid":{"rendered":"http:\/\/www.oarcanjo.net\/site\/?p=11360"},"modified":"2017-08-11T14:57:04","modified_gmt":"2017-08-11T17:57:04","slug":"santo-inacio-de-antioquia","status":"publish","type":"post","link":"https:\/\/www.oarcanjo.net\/site\/santo-inacio-de-antioquia\/","title":{"rendered":"Santo In\u00e1cio de Antioquia"},"content":{"rendered":"<p><img decoding=\"async\" src=\"http:\/\/www.paulinas.org.br\/diafeliz\/images\/santo\/In%C3%A1ciodeAntioquia.gif\" alt=\"\" \/><\/p>\n<p>17 de Outubro<\/p>\n<p>No centro do Coliseu romano, o bispo crist\u00e3o aguarda ser trucidado pelas feras, enquanto a multid\u00e3o exulta em gritos de prazer com o espet\u00e1culo sangrento que vai come\u00e7ar. Por sua vez, no est\u00e1dio, crist\u00e3os inc\u00f3gnitos, misturados entre os pag\u00e3os, esperam, horrorizados, que um milagre salve o religioso. Os le\u00f5es est\u00e3o famintos e excitados com o sangue j\u00e1 derramado na arena. O bispo In\u00e1cio de Antioquia, sereno, esperava sua hora pronunciando com fervor o nome do Cristo.<\/p>\n<p>Foi gra\u00e7as a In\u00e1cio que as palavras cristianismo e Igreja Cat\u00f3lica surgiram. Era o in\u00edcio dos tempos que mudaram o mundo, pr\u00f3ximo do ano 35 da era crist\u00e3, quando ele nasceu. Segundo os estudiosos, n\u00e3o era judeu e teria sido convertido pela primeira gera\u00e7\u00e3o de crist\u00e3os, os ap\u00f3stolos escolhidos pelo pr\u00f3prio Jesus. Cresceu e foi educado entre eles, depois sucedeu Pedro no posto de bispo de Antioquia, na S\u00edria, considerada a terceira cidade mais importante do Imp\u00e9rio Romano, depois de Roma e Alexandria, no Egito. Gostava de ser chamado In\u00e1cio Nurono. In\u00e1cio deriva do grego &#8220;ignis&#8221;, fogo, e Nurono era nome que ele mesmo dera a si, significando &#8220;o portador Deus&#8221;. Desse modo viveu toda a sua vida: portador de Deus que incendiava a f\u00e9.<\/p>\n<p>Mas sua atua\u00e7\u00e3o logo chamou a aten\u00e7\u00e3o do imperador Trajano, que decretou sua pris\u00e3o e ordenou sua morte. Como crist\u00e3o, deveria ser devorado pelas feras para divers\u00e3o do povo \u00e1vido de sangue. O palco seria o rec\u00e9m-constru\u00eddo Coliseu.<\/p>\n<p>A viagem de In\u00e1cio, acorrentado, de Antioquia at\u00e9 Roma, por terra e mar, foi o apogeu de sua vida e de sua f\u00e9. Feliz por poder ser imolado em nome do Salvador da humanidade, pregou por todos os lugares por onde passou, at\u00e9 no local do mart\u00edrio. Sua pris\u00e3o e condena\u00e7\u00e3o \u00e0 morte atraiu todos os bispos, cl\u00e9rigos e crist\u00e3os em geral, de todas as terras que atravessou. Multid\u00f5es juntavam-se para ouvir suas palavras. Durante a viagem final, escreveu sete cartas que figuram entre os escritos mais not\u00e1veis da Igreja, concorrendo em import\u00e2ncia com as do ap\u00f3stolo Paulo. Em todas faz profiss\u00e3o de sua f\u00e9, e cont\u00eam ensinamentos e orienta\u00e7\u00f5es at\u00e9 hoje adotados e seguidos pelos cat\u00f3licos, como ele t\u00e3o bem nomeou os seguidores de Jesus.<\/p>\n<p>Numa dessas cartas, estava o seu especial pedido: &#8220;Deixai-me ser alimento das feras. Sou trigo de Deus. \u00c9 necess\u00e1rio que eu seja triturado pelos dentes dos le\u00f5es para tornar-me um p\u00e3o digno de Cristo&#8221;. Fazia-o sabendo que muitos de seus companheiros poderiam influenciar e conseguir seu perd\u00e3o junto ao imperador. Queria que o deixassem ser martirizado. Sabia que seu sangue frutificaria em novas convers\u00f5es e que seu exemplo tocaria o cora\u00e7\u00e3o dos que, mesmo j\u00e1 convertidos, ainda temiam assumir e propagar sua religi\u00e3o.<\/p>\n<p>Em Roma, uma festa que duraria cento e vinte dias tinha prosseguimento. Mais de dez mil gladiadores dariam sua vida como divers\u00e3o popular naquela comemora\u00e7\u00e3o pela vit\u00f3ria em uma batalha. Chegada a vez de In\u00e1cio, seus seguidores e disc\u00edpulos esperavam, ainda, o milagre.<\/p>\n<p>Que n\u00e3o viria, porque assim desejava o bispo m\u00e1rtir. Era o dia 17 de outubro de 107, sua trajet\u00f3ria terrena entrava para a hist\u00f3ria da humanidade e da Igreja.<\/p>\n<div id=\"themify_builder_content-11360\" data-postid=\"11360\" class=\"themify_builder_content themify_builder_content-11360 themify_builder themify_builder_front\">\n\t<\/div>\n<!-- \/themify_builder_content -->","protected":false},"excerpt":{"rendered":"<p>17 de Outubro No centro do Coliseu romano, o bispo crist\u00e3o aguarda ser trucidado pelas feras, enquanto a multid\u00e3o exulta em gritos de prazer com o espet\u00e1culo sangrento que vai come\u00e7ar. Por sua vez, no est\u00e1dio, crist\u00e3os inc\u00f3gnitos, misturados entre os pag\u00e3os, esperam, horrorizados, que um milagre salve o religioso. Os le\u00f5es est\u00e3o famintos e [&hellip;]<\/p>\n","protected":false},"author":14,"featured_media":0,"comment_status":"open","ping_status":"open","sticky":false,"template":"","format":"standard","meta":{"ngg_post_thumbnail":0,"footnotes":""},"categories":[186],"tags":[],"yoast_head":"<!-- This site is optimized with the Yoast SEO plugin v23.5 - https:\/\/yoast.com\/wordpress\/plugins\/seo\/ -->\n<title>Santo In\u00e1cio de Antioquia - O Arcanjo no ar<\/title>\n<meta name=\"robots\" content=\"index, follow, max-snippet:-1, max-image-preview:large, max-video-preview:-1\" \/>\n<link rel=\"canonical\" href=\"https:\/\/www.oarcanjo.net\/site\/santo-inacio-de-antioquia\/\" \/>\n<meta property=\"og:locale\" content=\"pt_BR\" \/>\n<meta property=\"og:type\" content=\"article\" \/>\n<meta property=\"og:title\" content=\"Santo In\u00e1cio de Antioquia - O Arcanjo no ar\" \/>\n<meta property=\"og:description\" content=\"17 de Outubro No centro do Coliseu romano, o bispo crist\u00e3o aguarda ser trucidado pelas feras, enquanto a multid\u00e3o exulta em gritos de prazer com o espet\u00e1culo sangrento que vai come\u00e7ar. Por sua vez, no est\u00e1dio, crist\u00e3os inc\u00f3gnitos, misturados entre os pag\u00e3os, esperam, horrorizados, que um milagre salve o religioso. Os le\u00f5es est\u00e3o famintos e [&hellip;]\" \/>\n<meta property=\"og:url\" content=\"https:\/\/www.oarcanjo.net\/site\/santo-inacio-de-antioquia\/\" \/>\n<meta property=\"og:site_name\" content=\"O Arcanjo no ar\" \/>\n<meta property=\"article:publisher\" content=\"https:\/\/www.facebook.com\/OArcanjoNoAr\/\" \/>\n<meta property=\"article:published_time\" content=\"2017-10-17T03:14:17+00:00\" \/>\n<meta property=\"article:modified_time\" content=\"2017-08-11T17:57:04+00:00\" \/>\n<meta property=\"og:image\" content=\"http:\/\/www.paulinas.org.br\/diafeliz\/images\/santo\/In%C3%A1ciodeAntioquia.gif\" \/>\n<meta name=\"author\" content=\"danilo\" \/>\n<meta name=\"twitter:card\" content=\"summary_large_image\" \/>\n<meta name=\"twitter:label1\" content=\"Escrito por\" \/>\n\t<meta name=\"twitter:data1\" content=\"danilo\" \/>\n\t<meta name=\"twitter:label2\" content=\"Est. tempo de leitura\" \/>\n\t<meta name=\"twitter:data2\" content=\"3 minutos\" \/>\n<script type=\"application\/ld+json\" class=\"yoast-schema-graph\">{\"@context\":\"https:\/\/schema.org\",\"@graph\":[{\"@type\":\"Article\",\"@id\":\"https:\/\/www.oarcanjo.net\/site\/santo-inacio-de-antioquia\/#article\",\"isPartOf\":{\"@id\":\"https:\/\/www.oarcanjo.net\/site\/santo-inacio-de-antioquia\/\"},\"author\":{\"name\":\"danilo\",\"@id\":\"https:\/\/www.oarcanjo.net\/site\/#\/schema\/person\/5eb9480bedd2f3c97e430ce128c29c6c\"},\"headline\":\"Santo In\u00e1cio de Antioquia\",\"datePublished\":\"2017-10-17T03:14:17+00:00\",\"dateModified\":\"2017-08-11T17:57:04+00:00\",\"mainEntityOfPage\":{\"@id\":\"https:\/\/www.oarcanjo.net\/site\/santo-inacio-de-antioquia\/\"},\"wordCount\":585,\"commentCount\":0,\"publisher\":{\"@id\":\"https:\/\/www.oarcanjo.net\/site\/#organization\"},\"image\":{\"@id\":\"https:\/\/www.oarcanjo.net\/site\/santo-inacio-de-antioquia\/#primaryimage\"},\"thumbnailUrl\":\"http:\/\/www.paulinas.org.br\/diafeliz\/images\/santo\/In%C3%A1ciodeAntioquia.gif\",\"articleSection\":[\"Testemunhos\"],\"inLanguage\":\"pt-BR\",\"potentialAction\":[{\"@type\":\"CommentAction\",\"name\":\"Comment\",\"target\":[\"https:\/\/www.oarcanjo.net\/site\/santo-inacio-de-antioquia\/#respond\"]}]},{\"@type\":\"WebPage\",\"@id\":\"https:\/\/www.oarcanjo.net\/site\/santo-inacio-de-antioquia\/\",\"url\":\"https:\/\/www.oarcanjo.net\/site\/santo-inacio-de-antioquia\/\",\"name\":\"Santo In\u00e1cio de Antioquia - O Arcanjo no ar\",\"isPartOf\":{\"@id\":\"https:\/\/www.oarcanjo.net\/site\/#website\"},\"primaryImageOfPage\":{\"@id\":\"https:\/\/www.oarcanjo.net\/site\/santo-inacio-de-antioquia\/#primaryimage\"},\"image\":{\"@id\":\"https:\/\/www.oarcanjo.net\/site\/santo-inacio-de-antioquia\/#primaryimage\"},\"thumbnailUrl\":\"http:\/\/www.paulinas.org.br\/diafeliz\/images\/santo\/In%C3%A1ciodeAntioquia.gif\",\"datePublished\":\"2017-10-17T03:14:17+00:00\",\"dateModified\":\"2017-08-11T17:57:04+00:00\",\"breadcrumb\":{\"@id\":\"https:\/\/www.oarcanjo.net\/site\/santo-inacio-de-antioquia\/#breadcrumb\"},\"inLanguage\":\"pt-BR\",\"potentialAction\":[{\"@type\":\"ReadAction\",\"target\":[\"https:\/\/www.oarcanjo.net\/site\/santo-inacio-de-antioquia\/\"]}]},{\"@type\":\"ImageObject\",\"inLanguage\":\"pt-BR\",\"@id\":\"https:\/\/www.oarcanjo.net\/site\/santo-inacio-de-antioquia\/#primaryimage\",\"url\":\"http:\/\/www.paulinas.org.br\/diafeliz\/images\/santo\/In%C3%A1ciodeAntioquia.gif\",\"contentUrl\":\"http:\/\/www.paulinas.org.br\/diafeliz\/images\/santo\/In%C3%A1ciodeAntioquia.gif\"},{\"@type\":\"BreadcrumbList\",\"@id\":\"https:\/\/www.oarcanjo.net\/site\/santo-inacio-de-antioquia\/#breadcrumb\",\"itemListElement\":[{\"@type\":\"ListItem\",\"position\":1,\"name\":\"In\u00edcio\",\"item\":\"https:\/\/www.oarcanjo.net\/site\/\"},{\"@type\":\"ListItem\",\"position\":2,\"name\":\"Santo In\u00e1cio de Antioquia\"}]},{\"@type\":\"WebSite\",\"@id\":\"https:\/\/www.oarcanjo.net\/site\/#website\",\"url\":\"https:\/\/www.oarcanjo.net\/site\/\",\"name\":\"O Arcanjo no ar\",\"description\":\"Site da Par\u00f3quia S\u00e3o Miguel Arcanjo (Arquidiocese de SP)\",\"publisher\":{\"@id\":\"https:\/\/www.oarcanjo.net\/site\/#organization\"},\"potentialAction\":[{\"@type\":\"SearchAction\",\"target\":{\"@type\":\"EntryPoint\",\"urlTemplate\":\"https:\/\/www.oarcanjo.net\/site\/?s={search_term_string}\"},\"query-input\":{\"@type\":\"PropertyValueSpecification\",\"valueRequired\":true,\"valueName\":\"search_term_string\"}}],\"inLanguage\":\"pt-BR\"},{\"@type\":\"Organization\",\"@id\":\"https:\/\/www.oarcanjo.net\/site\/#organization\",\"name\":\"Par\u00f3quia S\u00e3o Miguel Arcanjo\",\"url\":\"https:\/\/www.oarcanjo.net\/site\/\",\"logo\":{\"@type\":\"ImageObject\",\"inLanguage\":\"pt-BR\",\"@id\":\"https:\/\/www.oarcanjo.net\/site\/#\/schema\/logo\/image\/\",\"url\":\"https:\/\/www.oarcanjo.net\/site\/wp-content\/uploads\/LogoOArcanjo.png\",\"contentUrl\":\"https:\/\/www.oarcanjo.net\/site\/wp-content\/uploads\/LogoOArcanjo.png\",\"width\":319,\"height\":99,\"caption\":\"Par\u00f3quia S\u00e3o Miguel Arcanjo\"},\"image\":{\"@id\":\"https:\/\/www.oarcanjo.net\/site\/#\/schema\/logo\/image\/\"},\"sameAs\":[\"https:\/\/www.facebook.com\/OArcanjoNoAr\/\"]},{\"@type\":\"Person\",\"@id\":\"https:\/\/www.oarcanjo.net\/site\/#\/schema\/person\/5eb9480bedd2f3c97e430ce128c29c6c\",\"name\":\"danilo\"}]}<\/script>\n<!-- \/ Yoast SEO plugin. -->","yoast_head_json":{"title":"Santo In\u00e1cio de Antioquia - O Arcanjo no ar","robots":{"index":"index","follow":"follow","max-snippet":"max-snippet:-1","max-image-preview":"max-image-preview:large","max-video-preview":"max-video-preview:-1"},"canonical":"https:\/\/www.oarcanjo.net\/site\/santo-inacio-de-antioquia\/","og_locale":"pt_BR","og_type":"article","og_title":"Santo In\u00e1cio de Antioquia - O Arcanjo no ar","og_description":"17 de Outubro No centro do Coliseu romano, o bispo crist\u00e3o aguarda ser trucidado pelas feras, enquanto a multid\u00e3o exulta em gritos de prazer com o espet\u00e1culo sangrento que vai come\u00e7ar. Por sua vez, no est\u00e1dio, crist\u00e3os inc\u00f3gnitos, misturados entre os pag\u00e3os, esperam, horrorizados, que um milagre salve o religioso. Os le\u00f5es est\u00e3o famintos e [&hellip;]","og_url":"https:\/\/www.oarcanjo.net\/site\/santo-inacio-de-antioquia\/","og_site_name":"O Arcanjo no ar","article_publisher":"https:\/\/www.facebook.com\/OArcanjoNoAr\/","article_published_time":"2017-10-17T03:14:17+00:00","article_modified_time":"2017-08-11T17:57:04+00:00","og_image":[{"url":"http:\/\/www.paulinas.org.br\/diafeliz\/images\/santo\/In%C3%A1ciodeAntioquia.gif"}],"author":"danilo","twitter_card":"summary_large_image","twitter_misc":{"Escrito por":"danilo","Est. tempo de leitura":"3 minutos"},"schema":{"@context":"https:\/\/schema.org","@graph":[{"@type":"Article","@id":"https:\/\/www.oarcanjo.net\/site\/santo-inacio-de-antioquia\/#article","isPartOf":{"@id":"https:\/\/www.oarcanjo.net\/site\/santo-inacio-de-antioquia\/"},"author":{"name":"danilo","@id":"https:\/\/www.oarcanjo.net\/site\/#\/schema\/person\/5eb9480bedd2f3c97e430ce128c29c6c"},"headline":"Santo In\u00e1cio de Antioquia","datePublished":"2017-10-17T03:14:17+00:00","dateModified":"2017-08-11T17:57:04+00:00","mainEntityOfPage":{"@id":"https:\/\/www.oarcanjo.net\/site\/santo-inacio-de-antioquia\/"},"wordCount":585,"commentCount":0,"publisher":{"@id":"https:\/\/www.oarcanjo.net\/site\/#organization"},"image":{"@id":"https:\/\/www.oarcanjo.net\/site\/santo-inacio-de-antioquia\/#primaryimage"},"thumbnailUrl":"http:\/\/www.paulinas.org.br\/diafeliz\/images\/santo\/In%C3%A1ciodeAntioquia.gif","articleSection":["Testemunhos"],"inLanguage":"pt-BR","potentialAction":[{"@type":"CommentAction","name":"Comment","target":["https:\/\/www.oarcanjo.net\/site\/santo-inacio-de-antioquia\/#respond"]}]},{"@type":"WebPage","@id":"https:\/\/www.oarcanjo.net\/site\/santo-inacio-de-antioquia\/","url":"https:\/\/www.oarcanjo.net\/site\/santo-inacio-de-antioquia\/","name":"Santo In\u00e1cio de Antioquia - O Arcanjo no ar","isPartOf":{"@id":"https:\/\/www.oarcanjo.net\/site\/#website"},"primaryImageOfPage":{"@id":"https:\/\/www.oarcanjo.net\/site\/santo-inacio-de-antioquia\/#primaryimage"},"image":{"@id":"https:\/\/www.oarcanjo.net\/site\/santo-inacio-de-antioquia\/#primaryimage"},"thumbnailUrl":"http:\/\/www.paulinas.org.br\/diafeliz\/images\/santo\/In%C3%A1ciodeAntioquia.gif","datePublished":"2017-10-17T03:14:17+00:00","dateModified":"2017-08-11T17:57:04+00:00","breadcrumb":{"@id":"https:\/\/www.oarcanjo.net\/site\/santo-inacio-de-antioquia\/#breadcrumb"},"inLanguage":"pt-BR","potentialAction":[{"@type":"ReadAction","target":["https:\/\/www.oarcanjo.net\/site\/santo-inacio-de-antioquia\/"]}]},{"@type":"ImageObject","inLanguage":"pt-BR","@id":"https:\/\/www.oarcanjo.net\/site\/santo-inacio-de-antioquia\/#primaryimage","url":"http:\/\/www.paulinas.org.br\/diafeliz\/images\/santo\/In%C3%A1ciodeAntioquia.gif","contentUrl":"http:\/\/www.paulinas.org.br\/diafeliz\/images\/santo\/In%C3%A1ciodeAntioquia.gif"},{"@type":"BreadcrumbList","@id":"https:\/\/www.oarcanjo.net\/site\/santo-inacio-de-antioquia\/#breadcrumb","itemListElement":[{"@type":"ListItem","position":1,"name":"In\u00edcio","item":"https:\/\/www.oarcanjo.net\/site\/"},{"@type":"ListItem","position":2,"name":"Santo In\u00e1cio de Antioquia"}]},{"@type":"WebSite","@id":"https:\/\/www.oarcanjo.net\/site\/#website","url":"https:\/\/www.oarcanjo.net\/site\/","name":"O Arcanjo no ar","description":"Site da Par\u00f3quia S\u00e3o Miguel Arcanjo (Arquidiocese de SP)","publisher":{"@id":"https:\/\/www.oarcanjo.net\/site\/#organization"},"potentialAction":[{"@type":"SearchAction","target":{"@type":"EntryPoint","urlTemplate":"https:\/\/www.oarcanjo.net\/site\/?s={search_term_string}"},"query-input":{"@type":"PropertyValueSpecification","valueRequired":true,"valueName":"search_term_string"}}],"inLanguage":"pt-BR"},{"@type":"Organization","@id":"https:\/\/www.oarcanjo.net\/site\/#organization","name":"Par\u00f3quia S\u00e3o Miguel Arcanjo","url":"https:\/\/www.oarcanjo.net\/site\/","logo":{"@type":"ImageObject","inLanguage":"pt-BR","@id":"https:\/\/www.oarcanjo.net\/site\/#\/schema\/logo\/image\/","url":"https:\/\/www.oarcanjo.net\/site\/wp-content\/uploads\/LogoOArcanjo.png","contentUrl":"https:\/\/www.oarcanjo.net\/site\/wp-content\/uploads\/LogoOArcanjo.png","width":319,"height":99,"caption":"Par\u00f3quia S\u00e3o Miguel Arcanjo"},"image":{"@id":"https:\/\/www.oarcanjo.net\/site\/#\/schema\/logo\/image\/"},"sameAs":["https:\/\/www.facebook.com\/OArcanjoNoAr\/"]},{"@type":"Person","@id":"https:\/\/www.oarcanjo.net\/site\/#\/schema\/person\/5eb9480bedd2f3c97e430ce128c29c6c","name":"danilo"}]}},"publishpress_future_action":{"enabled":false,"date":"2026-05-08 21:00:17","action":"category","newStatus":"draft","terms":[],"taxonomy":"category"},"publishpress_future_workflow_manual_trigger":{"enabledWorkflows":[]},"_links":{"self":[{"href":"https:\/\/www.oarcanjo.net\/site\/wp-json\/wp\/v2\/posts\/11360"}],"collection":[{"href":"https:\/\/www.oarcanjo.net\/site\/wp-json\/wp\/v2\/posts"}],"about":[{"href":"https:\/\/www.oarcanjo.net\/site\/wp-json\/wp\/v2\/types\/post"}],"author":[{"embeddable":true,"href":"https:\/\/www.oarcanjo.net\/site\/wp-json\/wp\/v2\/users\/14"}],"replies":[{"embeddable":true,"href":"https:\/\/www.oarcanjo.net\/site\/wp-json\/wp\/v2\/comments?post=11360"}],"version-history":[{"count":0,"href":"https:\/\/www.oarcanjo.net\/site\/wp-json\/wp\/v2\/posts\/11360\/revisions"}],"wp:attachment":[{"href":"https:\/\/www.oarcanjo.net\/site\/wp-json\/wp\/v2\/media?parent=11360"}],"wp:term":[{"taxonomy":"category","embeddable":true,"href":"https:\/\/www.oarcanjo.net\/site\/wp-json\/wp\/v2\/categories?post=11360"},{"taxonomy":"post_tag","embeddable":true,"href":"https:\/\/www.oarcanjo.net\/site\/wp-json\/wp\/v2\/tags?post=11360"}],"curies":[{"name":"wp","href":"https:\/\/api.w.org\/{rel}","templated":true}]}}