
{"id":11362,"date":"2017-10-18T00:15:51","date_gmt":"2017-10-18T02:15:51","guid":{"rendered":"http:\/\/www.oarcanjo.net\/site\/?p=11362"},"modified":"2017-08-11T14:55:39","modified_gmt":"2017-08-11T17:55:39","slug":"sao-lucas","status":"publish","type":"post","link":"https:\/\/www.oarcanjo.net\/site\/sao-lucas\/","title":{"rendered":"S\u00e3o Lucas"},"content":{"rendered":"<p><img loading=\"lazy\" decoding=\"async\" src=\"http:\/\/www.paroquiasaosebastiaomatao.com.br\/images\/santos\/S%C3%A3o%20Lucas.jpg\" alt=\"\" width=\"312\" height=\"534\" \/><\/p>\n<p>18 de Outubro<\/p>\n<p>Lucas \u00e9 um dos quatro evangelistas. O seu Evangelho \u00e9 reconhecido como o do amor e da miseric\u00f3rdia. Foi escrito sob o signo da f\u00e9, nos tempos em que isso podia custar a pr\u00f3pria vida. Mas falou em nascimento e ressurrei\u00e7\u00e3o, perd\u00e3o e convers\u00e3o, na salva\u00e7\u00e3o de toda a humanidade. Al\u00e9m do terceiro evangelho, escreveu os Atos dos Ap\u00f3stolos, onde registrou o desenvolvimento da Igreja na comunidade primitiva, relatando os acontecimentos de Jerusal\u00e9m, Antioquia e Damasco, deixando-nos o testemunho do Cristo da bondade, da do\u00e7ura e da paz.<\/p>\n<p>Lucas nasceu na Antioquia, S\u00edria. Era m\u00e9dico e pintor, muito culto, e foi convertido e batizado por s\u00e3o Paulo. No ano 43, j\u00e1 viajava ao lado do ap\u00f3stolo, sendo considerado seu filho espiritual. Escreveu o seu Evangelho em grego puro, quando s\u00e3o Paulo quis pregar a Boa-Nova aos povos que falavam aquele idioma. Os dois sabiam que mostrar-lhes o caminho na pr\u00f3pria l\u00edngua facilitaria a miss\u00e3o apost\u00f3lica. Assim, atrav\u00e9s de seus escritos, Lucas tornou-se o relator do nascimento de Jesus, o principal bi\u00f3grafo da Virgem Maria e o primeiro a express\u00e1-la atrav\u00e9s da pintura.<\/p>\n<p>Quando das pris\u00f5es de s\u00e3o Paulo, Lucas acompanhou o mestre, tanto no c\u00e1rcere como nas audi\u00eancias. Presen\u00e7a que o confortou nas masmorras e deu-lhe \u00e2nimo no enfrentamento do tribunal do imperador. Na segunda e derradeira vez, Paulo escreveu a Tim\u00f3teo que agora todos o haviam abandonado. Menos um. &#8220;S\u00f3 Lucas est\u00e1 comigo&#8221; E essa foi a \u00faltima not\u00edcia certa do evangelista.<\/p>\n<p>A tradi\u00e7\u00e3o crist\u00e3 diz-nos que depois do mart\u00edrio de s\u00e3o Paulo o disc\u00edpulo, m\u00e9dico e amigo Lucas continuou a prega\u00e7\u00e3o. Ele teria seguido pela It\u00e1lia, G\u00e1lias, Dalm\u00e1cia e Maced\u00f4nia. E um documento traduzido por s\u00e3o Jer\u00f4nimo trouxe a informa\u00e7\u00e3o que o evangelista teria vivido at\u00e9 os oitenta e quatro anos de idade. A sua morte pelo mart\u00edrio em Patras, na Gr\u00e9cia, foi apenas um legado dessa antiga tradi\u00e7\u00e3o.<\/p>\n<p>Todavia, por sua participa\u00e7\u00e3o nos primeiros tempos, ao lado dos ap\u00f3stolos escolhidos por Jesus, somada \u00e0 vida de mission\u00e1rio, escritor, m\u00e9dico e pintor, transformou-se num dos pilares da Igreja. Na suas obras, Lucas dirigia-se a um certo Te\u00f3filo, amigo de Deus, que tanto poderia ser um disc\u00edpulo como uma comunidade, ou todo aquele que entrava em contato com a mensagem da Boa-Nova atrav\u00e9s dessa leitura. Com tal recurso liter\u00e1rio, tornou seu Evangelho uma porta de entrada \u00e0 salva\u00e7\u00e3o para todos os povos, concedendo o compartilhamento do Reino de Deus por todas as pessoas que antes eram exclu\u00eddas pela antiga lei.<\/p>\n<div id=\"themify_builder_content-11362\" data-postid=\"11362\" class=\"themify_builder_content themify_builder_content-11362 themify_builder themify_builder_front\">\n\t<\/div>\n<!-- \/themify_builder_content -->","protected":false},"excerpt":{"rendered":"<p>18 de Outubro Lucas \u00e9 um dos quatro evangelistas. O seu Evangelho \u00e9 reconhecido como o do amor e da miseric\u00f3rdia. Foi escrito sob o signo da f\u00e9, nos tempos em que isso podia custar a pr\u00f3pria vida. Mas falou em nascimento e ressurrei\u00e7\u00e3o, perd\u00e3o e convers\u00e3o, na salva\u00e7\u00e3o de toda a humanidade. Al\u00e9m do [&hellip;]<\/p>\n","protected":false},"author":14,"featured_media":0,"comment_status":"open","ping_status":"open","sticky":false,"template":"","format":"standard","meta":{"ngg_post_thumbnail":0,"footnotes":""},"categories":[186],"tags":[],"yoast_head":"<!-- This site is optimized with the Yoast SEO plugin v23.5 - https:\/\/yoast.com\/wordpress\/plugins\/seo\/ -->\n<title>S\u00e3o Lucas - O Arcanjo no ar<\/title>\n<meta name=\"robots\" content=\"index, follow, max-snippet:-1, max-image-preview:large, max-video-preview:-1\" \/>\n<link rel=\"canonical\" href=\"https:\/\/www.oarcanjo.net\/site\/sao-lucas\/\" \/>\n<meta property=\"og:locale\" content=\"pt_BR\" \/>\n<meta property=\"og:type\" content=\"article\" \/>\n<meta property=\"og:title\" content=\"S\u00e3o Lucas - O Arcanjo no ar\" \/>\n<meta property=\"og:description\" content=\"18 de Outubro Lucas \u00e9 um dos quatro evangelistas. O seu Evangelho \u00e9 reconhecido como o do amor e da miseric\u00f3rdia. Foi escrito sob o signo da f\u00e9, nos tempos em que isso podia custar a pr\u00f3pria vida. Mas falou em nascimento e ressurrei\u00e7\u00e3o, perd\u00e3o e convers\u00e3o, na salva\u00e7\u00e3o de toda a humanidade. Al\u00e9m do [&hellip;]\" \/>\n<meta property=\"og:url\" content=\"https:\/\/www.oarcanjo.net\/site\/sao-lucas\/\" \/>\n<meta property=\"og:site_name\" content=\"O Arcanjo no ar\" \/>\n<meta property=\"article:publisher\" content=\"https:\/\/www.facebook.com\/OArcanjoNoAr\/\" \/>\n<meta property=\"article:published_time\" content=\"2017-10-18T02:15:51+00:00\" \/>\n<meta property=\"article:modified_time\" content=\"2017-08-11T17:55:39+00:00\" \/>\n<meta property=\"og:image\" content=\"http:\/\/www.paroquiasaosebastiaomatao.com.br\/images\/santos\/S%C3%A3o%20Lucas.jpg\" \/>\n<meta name=\"author\" content=\"danilo\" \/>\n<meta name=\"twitter:card\" content=\"summary_large_image\" \/>\n<meta name=\"twitter:label1\" content=\"Escrito por\" \/>\n\t<meta name=\"twitter:data1\" content=\"danilo\" \/>\n\t<meta name=\"twitter:label2\" content=\"Est. tempo de leitura\" \/>\n\t<meta name=\"twitter:data2\" content=\"2 minutos\" \/>\n<script type=\"application\/ld+json\" class=\"yoast-schema-graph\">{\"@context\":\"https:\/\/schema.org\",\"@graph\":[{\"@type\":\"Article\",\"@id\":\"https:\/\/www.oarcanjo.net\/site\/sao-lucas\/#article\",\"isPartOf\":{\"@id\":\"https:\/\/www.oarcanjo.net\/site\/sao-lucas\/\"},\"author\":{\"name\":\"danilo\",\"@id\":\"https:\/\/www.oarcanjo.net\/site\/#\/schema\/person\/5eb9480bedd2f3c97e430ce128c29c6c\"},\"headline\":\"S\u00e3o Lucas\",\"datePublished\":\"2017-10-18T02:15:51+00:00\",\"dateModified\":\"2017-08-11T17:55:39+00:00\",\"mainEntityOfPage\":{\"@id\":\"https:\/\/www.oarcanjo.net\/site\/sao-lucas\/\"},\"wordCount\":467,\"commentCount\":0,\"publisher\":{\"@id\":\"https:\/\/www.oarcanjo.net\/site\/#organization\"},\"image\":{\"@id\":\"https:\/\/www.oarcanjo.net\/site\/sao-lucas\/#primaryimage\"},\"thumbnailUrl\":\"http:\/\/www.paroquiasaosebastiaomatao.com.br\/images\/santos\/S%C3%A3o%20Lucas.jpg\",\"articleSection\":[\"Testemunhos\"],\"inLanguage\":\"pt-BR\",\"potentialAction\":[{\"@type\":\"CommentAction\",\"name\":\"Comment\",\"target\":[\"https:\/\/www.oarcanjo.net\/site\/sao-lucas\/#respond\"]}]},{\"@type\":\"WebPage\",\"@id\":\"https:\/\/www.oarcanjo.net\/site\/sao-lucas\/\",\"url\":\"https:\/\/www.oarcanjo.net\/site\/sao-lucas\/\",\"name\":\"S\u00e3o Lucas - O Arcanjo no ar\",\"isPartOf\":{\"@id\":\"https:\/\/www.oarcanjo.net\/site\/#website\"},\"primaryImageOfPage\":{\"@id\":\"https:\/\/www.oarcanjo.net\/site\/sao-lucas\/#primaryimage\"},\"image\":{\"@id\":\"https:\/\/www.oarcanjo.net\/site\/sao-lucas\/#primaryimage\"},\"thumbnailUrl\":\"http:\/\/www.paroquiasaosebastiaomatao.com.br\/images\/santos\/S%C3%A3o%20Lucas.jpg\",\"datePublished\":\"2017-10-18T02:15:51+00:00\",\"dateModified\":\"2017-08-11T17:55:39+00:00\",\"breadcrumb\":{\"@id\":\"https:\/\/www.oarcanjo.net\/site\/sao-lucas\/#breadcrumb\"},\"inLanguage\":\"pt-BR\",\"potentialAction\":[{\"@type\":\"ReadAction\",\"target\":[\"https:\/\/www.oarcanjo.net\/site\/sao-lucas\/\"]}]},{\"@type\":\"ImageObject\",\"inLanguage\":\"pt-BR\",\"@id\":\"https:\/\/www.oarcanjo.net\/site\/sao-lucas\/#primaryimage\",\"url\":\"http:\/\/www.paroquiasaosebastiaomatao.com.br\/images\/santos\/S%C3%A3o%20Lucas.jpg\",\"contentUrl\":\"http:\/\/www.paroquiasaosebastiaomatao.com.br\/images\/santos\/S%C3%A3o%20Lucas.jpg\"},{\"@type\":\"BreadcrumbList\",\"@id\":\"https:\/\/www.oarcanjo.net\/site\/sao-lucas\/#breadcrumb\",\"itemListElement\":[{\"@type\":\"ListItem\",\"position\":1,\"name\":\"In\u00edcio\",\"item\":\"https:\/\/www.oarcanjo.net\/site\/\"},{\"@type\":\"ListItem\",\"position\":2,\"name\":\"S\u00e3o Lucas\"}]},{\"@type\":\"WebSite\",\"@id\":\"https:\/\/www.oarcanjo.net\/site\/#website\",\"url\":\"https:\/\/www.oarcanjo.net\/site\/\",\"name\":\"O Arcanjo no ar\",\"description\":\"Site da Par\u00f3quia S\u00e3o Miguel Arcanjo (Arquidiocese de SP)\",\"publisher\":{\"@id\":\"https:\/\/www.oarcanjo.net\/site\/#organization\"},\"potentialAction\":[{\"@type\":\"SearchAction\",\"target\":{\"@type\":\"EntryPoint\",\"urlTemplate\":\"https:\/\/www.oarcanjo.net\/site\/?s={search_term_string}\"},\"query-input\":{\"@type\":\"PropertyValueSpecification\",\"valueRequired\":true,\"valueName\":\"search_term_string\"}}],\"inLanguage\":\"pt-BR\"},{\"@type\":\"Organization\",\"@id\":\"https:\/\/www.oarcanjo.net\/site\/#organization\",\"name\":\"Par\u00f3quia S\u00e3o Miguel Arcanjo\",\"url\":\"https:\/\/www.oarcanjo.net\/site\/\",\"logo\":{\"@type\":\"ImageObject\",\"inLanguage\":\"pt-BR\",\"@id\":\"https:\/\/www.oarcanjo.net\/site\/#\/schema\/logo\/image\/\",\"url\":\"https:\/\/www.oarcanjo.net\/site\/wp-content\/uploads\/LogoOArcanjo.png\",\"contentUrl\":\"https:\/\/www.oarcanjo.net\/site\/wp-content\/uploads\/LogoOArcanjo.png\",\"width\":319,\"height\":99,\"caption\":\"Par\u00f3quia S\u00e3o Miguel Arcanjo\"},\"image\":{\"@id\":\"https:\/\/www.oarcanjo.net\/site\/#\/schema\/logo\/image\/\"},\"sameAs\":[\"https:\/\/www.facebook.com\/OArcanjoNoAr\/\"]},{\"@type\":\"Person\",\"@id\":\"https:\/\/www.oarcanjo.net\/site\/#\/schema\/person\/5eb9480bedd2f3c97e430ce128c29c6c\",\"name\":\"danilo\"}]}<\/script>\n<!-- \/ Yoast SEO plugin. -->","yoast_head_json":{"title":"S\u00e3o Lucas - O Arcanjo no ar","robots":{"index":"index","follow":"follow","max-snippet":"max-snippet:-1","max-image-preview":"max-image-preview:large","max-video-preview":"max-video-preview:-1"},"canonical":"https:\/\/www.oarcanjo.net\/site\/sao-lucas\/","og_locale":"pt_BR","og_type":"article","og_title":"S\u00e3o Lucas - O Arcanjo no ar","og_description":"18 de Outubro Lucas \u00e9 um dos quatro evangelistas. O seu Evangelho \u00e9 reconhecido como o do amor e da miseric\u00f3rdia. Foi escrito sob o signo da f\u00e9, nos tempos em que isso podia custar a pr\u00f3pria vida. Mas falou em nascimento e ressurrei\u00e7\u00e3o, perd\u00e3o e convers\u00e3o, na salva\u00e7\u00e3o de toda a humanidade. Al\u00e9m do [&hellip;]","og_url":"https:\/\/www.oarcanjo.net\/site\/sao-lucas\/","og_site_name":"O Arcanjo no ar","article_publisher":"https:\/\/www.facebook.com\/OArcanjoNoAr\/","article_published_time":"2017-10-18T02:15:51+00:00","article_modified_time":"2017-08-11T17:55:39+00:00","og_image":[{"url":"http:\/\/www.paroquiasaosebastiaomatao.com.br\/images\/santos\/S%C3%A3o%20Lucas.jpg"}],"author":"danilo","twitter_card":"summary_large_image","twitter_misc":{"Escrito por":"danilo","Est. tempo de leitura":"2 minutos"},"schema":{"@context":"https:\/\/schema.org","@graph":[{"@type":"Article","@id":"https:\/\/www.oarcanjo.net\/site\/sao-lucas\/#article","isPartOf":{"@id":"https:\/\/www.oarcanjo.net\/site\/sao-lucas\/"},"author":{"name":"danilo","@id":"https:\/\/www.oarcanjo.net\/site\/#\/schema\/person\/5eb9480bedd2f3c97e430ce128c29c6c"},"headline":"S\u00e3o Lucas","datePublished":"2017-10-18T02:15:51+00:00","dateModified":"2017-08-11T17:55:39+00:00","mainEntityOfPage":{"@id":"https:\/\/www.oarcanjo.net\/site\/sao-lucas\/"},"wordCount":467,"commentCount":0,"publisher":{"@id":"https:\/\/www.oarcanjo.net\/site\/#organization"},"image":{"@id":"https:\/\/www.oarcanjo.net\/site\/sao-lucas\/#primaryimage"},"thumbnailUrl":"http:\/\/www.paroquiasaosebastiaomatao.com.br\/images\/santos\/S%C3%A3o%20Lucas.jpg","articleSection":["Testemunhos"],"inLanguage":"pt-BR","potentialAction":[{"@type":"CommentAction","name":"Comment","target":["https:\/\/www.oarcanjo.net\/site\/sao-lucas\/#respond"]}]},{"@type":"WebPage","@id":"https:\/\/www.oarcanjo.net\/site\/sao-lucas\/","url":"https:\/\/www.oarcanjo.net\/site\/sao-lucas\/","name":"S\u00e3o Lucas - O Arcanjo no ar","isPartOf":{"@id":"https:\/\/www.oarcanjo.net\/site\/#website"},"primaryImageOfPage":{"@id":"https:\/\/www.oarcanjo.net\/site\/sao-lucas\/#primaryimage"},"image":{"@id":"https:\/\/www.oarcanjo.net\/site\/sao-lucas\/#primaryimage"},"thumbnailUrl":"http:\/\/www.paroquiasaosebastiaomatao.com.br\/images\/santos\/S%C3%A3o%20Lucas.jpg","datePublished":"2017-10-18T02:15:51+00:00","dateModified":"2017-08-11T17:55:39+00:00","breadcrumb":{"@id":"https:\/\/www.oarcanjo.net\/site\/sao-lucas\/#breadcrumb"},"inLanguage":"pt-BR","potentialAction":[{"@type":"ReadAction","target":["https:\/\/www.oarcanjo.net\/site\/sao-lucas\/"]}]},{"@type":"ImageObject","inLanguage":"pt-BR","@id":"https:\/\/www.oarcanjo.net\/site\/sao-lucas\/#primaryimage","url":"http:\/\/www.paroquiasaosebastiaomatao.com.br\/images\/santos\/S%C3%A3o%20Lucas.jpg","contentUrl":"http:\/\/www.paroquiasaosebastiaomatao.com.br\/images\/santos\/S%C3%A3o%20Lucas.jpg"},{"@type":"BreadcrumbList","@id":"https:\/\/www.oarcanjo.net\/site\/sao-lucas\/#breadcrumb","itemListElement":[{"@type":"ListItem","position":1,"name":"In\u00edcio","item":"https:\/\/www.oarcanjo.net\/site\/"},{"@type":"ListItem","position":2,"name":"S\u00e3o Lucas"}]},{"@type":"WebSite","@id":"https:\/\/www.oarcanjo.net\/site\/#website","url":"https:\/\/www.oarcanjo.net\/site\/","name":"O Arcanjo no ar","description":"Site da Par\u00f3quia S\u00e3o Miguel Arcanjo (Arquidiocese de SP)","publisher":{"@id":"https:\/\/www.oarcanjo.net\/site\/#organization"},"potentialAction":[{"@type":"SearchAction","target":{"@type":"EntryPoint","urlTemplate":"https:\/\/www.oarcanjo.net\/site\/?s={search_term_string}"},"query-input":{"@type":"PropertyValueSpecification","valueRequired":true,"valueName":"search_term_string"}}],"inLanguage":"pt-BR"},{"@type":"Organization","@id":"https:\/\/www.oarcanjo.net\/site\/#organization","name":"Par\u00f3quia S\u00e3o Miguel Arcanjo","url":"https:\/\/www.oarcanjo.net\/site\/","logo":{"@type":"ImageObject","inLanguage":"pt-BR","@id":"https:\/\/www.oarcanjo.net\/site\/#\/schema\/logo\/image\/","url":"https:\/\/www.oarcanjo.net\/site\/wp-content\/uploads\/LogoOArcanjo.png","contentUrl":"https:\/\/www.oarcanjo.net\/site\/wp-content\/uploads\/LogoOArcanjo.png","width":319,"height":99,"caption":"Par\u00f3quia S\u00e3o Miguel Arcanjo"},"image":{"@id":"https:\/\/www.oarcanjo.net\/site\/#\/schema\/logo\/image\/"},"sameAs":["https:\/\/www.facebook.com\/OArcanjoNoAr\/"]},{"@type":"Person","@id":"https:\/\/www.oarcanjo.net\/site\/#\/schema\/person\/5eb9480bedd2f3c97e430ce128c29c6c","name":"danilo"}]}},"publishpress_future_action":{"enabled":false,"date":"2026-05-08 21:00:11","action":"category","newStatus":"draft","terms":[],"taxonomy":"category"},"publishpress_future_workflow_manual_trigger":{"enabledWorkflows":[]},"_links":{"self":[{"href":"https:\/\/www.oarcanjo.net\/site\/wp-json\/wp\/v2\/posts\/11362"}],"collection":[{"href":"https:\/\/www.oarcanjo.net\/site\/wp-json\/wp\/v2\/posts"}],"about":[{"href":"https:\/\/www.oarcanjo.net\/site\/wp-json\/wp\/v2\/types\/post"}],"author":[{"embeddable":true,"href":"https:\/\/www.oarcanjo.net\/site\/wp-json\/wp\/v2\/users\/14"}],"replies":[{"embeddable":true,"href":"https:\/\/www.oarcanjo.net\/site\/wp-json\/wp\/v2\/comments?post=11362"}],"version-history":[{"count":0,"href":"https:\/\/www.oarcanjo.net\/site\/wp-json\/wp\/v2\/posts\/11362\/revisions"}],"wp:attachment":[{"href":"https:\/\/www.oarcanjo.net\/site\/wp-json\/wp\/v2\/media?parent=11362"}],"wp:term":[{"taxonomy":"category","embeddable":true,"href":"https:\/\/www.oarcanjo.net\/site\/wp-json\/wp\/v2\/categories?post=11362"},{"taxonomy":"post_tag","embeddable":true,"href":"https:\/\/www.oarcanjo.net\/site\/wp-json\/wp\/v2\/tags?post=11362"}],"curies":[{"name":"wp","href":"https:\/\/api.w.org\/{rel}","templated":true}]}}