
{"id":11377,"date":"2010-10-17T15:08:35","date_gmt":"2010-10-17T17:08:35","guid":{"rendered":"http:\/\/www.oarcanjo.net\/site\/?p=11377"},"modified":"2010-10-17T15:20:49","modified_gmt":"2010-10-17T17:20:49","slug":"declaracao-do-regional-sul-1-da-cnbb-sobre-as-eleicoes","status":"publish","type":"post","link":"https:\/\/www.oarcanjo.net\/site\/declaracao-do-regional-sul-1-da-cnbb-sobre-as-eleicoes\/","title":{"rendered":"Declara\u00e7\u00e3o do Regional Sul 1 da CNBB sobre as Elei\u00e7\u00f5es"},"content":{"rendered":"<p>Os bispos cat\u00f3licos do Regional Sul 1 da CNBB (Confer\u00eancia Nacional dos Bispos do Brasil), do Estado de S\u00e3o Paulo, em sintonia com a DECLARA\u00c7\u00c3O SOBRE O MOMENTO POLITICO NACIONAL, da 48\u00aa Assembleia Geral da Confer\u00eancia (Bras\u00edlia, maio de 2010), esclarecem que n\u00e3o indicam nem vetam candidatos ou partidos e respeitam a decis\u00e3o livre e aut\u00f4noma de cada eleitor.<\/p>\n<p>O Regional Sul 1 da CNBB desaprova a instrumentaliza\u00e7\u00e3o de suas Declara\u00e7\u00f5es e Notas e enfatiza que n\u00e3o patrocina a impress\u00e3o e a difus\u00e3o de folhetos a favor ou contra candidatos.<\/p>\n<p>Reafirma, outrossim, as orienta\u00e7\u00f5es quanto a crit\u00e9rios e princ\u00edpios gerais a serem levados em conta no discernimento sobre o momento pol\u00edtico, j\u00e1 oferecidos pela 73\u00aa Assembleia Geral do Regional Sul 1 (Aparecida, junho de 2010), expressos na Nota VOTAR BEM.<\/p>\n<p>Recomenda, enfim, a an\u00e1lise serena e objetiva das propostas de partidos e candidatos, para que as elei\u00e7\u00f5es consolidem o processo democr\u00e1tico, o pleno respeito aos direitos humanos, a justi\u00e7a social, a solidariedade e a paz entre todos os brasileiros.<\/p>\n<p>Indaiatuba (Itaici), SP, 16 de outubro de 2010.<\/p>\n<p>Dom Nelson Westrupp<br \/>\nPresidente do Conselho Episcopal Regional Sul 1<br \/>\ne Bispos do Regional Sul 1<\/p>\n<div id=\"themify_builder_content-11377\" data-postid=\"11377\" class=\"themify_builder_content themify_builder_content-11377 themify_builder themify_builder_front\">\n\t<\/div>\n<!-- \/themify_builder_content -->","protected":false},"excerpt":{"rendered":"<p>Os bispos cat\u00f3licos do Regional Sul 1 da CNBB esclarecem que n\u00e3o indicam nem vetam candidatos ou partidos e respeitam a decis\u00e3o livre e aut\u00f4noma de cada eleitor. O Regional desaprova a instrumentaliza\u00e7\u00e3o de suas Declara\u00e7\u00f5es e Notas e enfatiza que n\u00e3o patrocina a impress\u00e3o e a difus\u00e3o de folhetos a favor ou contra candidatos.<\/p>\n","protected":false},"author":5,"featured_media":0,"comment_status":"open","ping_status":"open","sticky":false,"template":"","format":"standard","meta":{"ngg_post_thumbnail":0,"footnotes":""},"categories":[3,8],"tags":[63,41,103],"yoast_head":"<!-- This site is optimized with the Yoast SEO plugin v23.5 - https:\/\/yoast.com\/wordpress\/plugins\/seo\/ -->\n<title>Declara\u00e7\u00e3o do Regional Sul 1 da CNBB sobre as Elei\u00e7\u00f5es - O Arcanjo no ar<\/title>\n<meta name=\"robots\" content=\"index, follow, max-snippet:-1, max-image-preview:large, max-video-preview:-1\" \/>\n<link rel=\"canonical\" href=\"https:\/\/www.oarcanjo.net\/site\/declaracao-do-regional-sul-1-da-cnbb-sobre-as-eleicoes\/\" \/>\n<meta property=\"og:locale\" content=\"pt_BR\" \/>\n<meta property=\"og:type\" content=\"article\" \/>\n<meta property=\"og:title\" content=\"Declara\u00e7\u00e3o do Regional Sul 1 da CNBB sobre as Elei\u00e7\u00f5es - O Arcanjo no ar\" \/>\n<meta property=\"og:description\" content=\"Os bispos cat\u00f3licos do Regional Sul 1 da CNBB esclarecem que n\u00e3o indicam nem vetam candidatos ou partidos e respeitam a decis\u00e3o livre e aut\u00f4noma de cada eleitor. O Regional desaprova a instrumentaliza\u00e7\u00e3o de suas Declara\u00e7\u00f5es e Notas e enfatiza que n\u00e3o patrocina a impress\u00e3o e a difus\u00e3o de folhetos a favor ou contra candidatos.\" \/>\n<meta property=\"og:url\" content=\"https:\/\/www.oarcanjo.net\/site\/declaracao-do-regional-sul-1-da-cnbb-sobre-as-eleicoes\/\" \/>\n<meta property=\"og:site_name\" content=\"O Arcanjo no ar\" \/>\n<meta property=\"article:publisher\" content=\"https:\/\/www.facebook.com\/OArcanjoNoAr\/\" \/>\n<meta property=\"article:published_time\" content=\"2010-10-17T17:08:35+00:00\" \/>\n<meta property=\"article:modified_time\" content=\"2010-10-17T17:20:49+00:00\" \/>\n<meta property=\"og:image\" content=\"https:\/\/www.oarcanjo.net\/site\/wp-content\/uploads\/logo-o-arcanjo-no-ar-facebook.png\" \/>\n\t<meta property=\"og:image:width\" content=\"300\" \/>\n\t<meta property=\"og:image:height\" content=\"300\" \/>\n\t<meta property=\"og:image:type\" content=\"image\/png\" \/>\n<meta name=\"author\" content=\"editor\" \/>\n<meta name=\"twitter:card\" content=\"summary_large_image\" \/>\n<meta name=\"twitter:label1\" content=\"Escrito por\" \/>\n\t<meta name=\"twitter:data1\" content=\"editor\" \/>\n\t<meta name=\"twitter:label2\" content=\"Est. tempo de leitura\" \/>\n\t<meta name=\"twitter:data2\" content=\"1 minuto\" \/>\n<script type=\"application\/ld+json\" class=\"yoast-schema-graph\">{\"@context\":\"https:\/\/schema.org\",\"@graph\":[{\"@type\":\"Article\",\"@id\":\"https:\/\/www.oarcanjo.net\/site\/declaracao-do-regional-sul-1-da-cnbb-sobre-as-eleicoes\/#article\",\"isPartOf\":{\"@id\":\"https:\/\/www.oarcanjo.net\/site\/declaracao-do-regional-sul-1-da-cnbb-sobre-as-eleicoes\/\"},\"author\":{\"name\":\"editor\",\"@id\":\"https:\/\/www.oarcanjo.net\/site\/#\/schema\/person\/f7024d007863202483a31326673a0838\"},\"headline\":\"Declara\u00e7\u00e3o do Regional Sul 1 da CNBB sobre as Elei\u00e7\u00f5es\",\"datePublished\":\"2010-10-17T17:08:35+00:00\",\"dateModified\":\"2010-10-17T17:20:49+00:00\",\"mainEntityOfPage\":{\"@id\":\"https:\/\/www.oarcanjo.net\/site\/declaracao-do-regional-sul-1-da-cnbb-sobre-as-eleicoes\/\"},\"wordCount\":215,\"commentCount\":2,\"publisher\":{\"@id\":\"https:\/\/www.oarcanjo.net\/site\/#organization\"},\"keywords\":[\"CNBB\",\"elei\u00e7\u00f5es\",\"f\u00e9 e pol\u00edtica\"],\"articleSection\":[\"Destaques\",\"Not\u00edcias\"],\"inLanguage\":\"pt-BR\",\"potentialAction\":[{\"@type\":\"CommentAction\",\"name\":\"Comment\",\"target\":[\"https:\/\/www.oarcanjo.net\/site\/declaracao-do-regional-sul-1-da-cnbb-sobre-as-eleicoes\/#respond\"]}]},{\"@type\":\"WebPage\",\"@id\":\"https:\/\/www.oarcanjo.net\/site\/declaracao-do-regional-sul-1-da-cnbb-sobre-as-eleicoes\/\",\"url\":\"https:\/\/www.oarcanjo.net\/site\/declaracao-do-regional-sul-1-da-cnbb-sobre-as-eleicoes\/\",\"name\":\"Declara\u00e7\u00e3o do Regional Sul 1 da CNBB sobre as Elei\u00e7\u00f5es - O Arcanjo no ar\",\"isPartOf\":{\"@id\":\"https:\/\/www.oarcanjo.net\/site\/#website\"},\"datePublished\":\"2010-10-17T17:08:35+00:00\",\"dateModified\":\"2010-10-17T17:20:49+00:00\",\"breadcrumb\":{\"@id\":\"https:\/\/www.oarcanjo.net\/site\/declaracao-do-regional-sul-1-da-cnbb-sobre-as-eleicoes\/#breadcrumb\"},\"inLanguage\":\"pt-BR\",\"potentialAction\":[{\"@type\":\"ReadAction\",\"target\":[\"https:\/\/www.oarcanjo.net\/site\/declaracao-do-regional-sul-1-da-cnbb-sobre-as-eleicoes\/\"]}]},{\"@type\":\"BreadcrumbList\",\"@id\":\"https:\/\/www.oarcanjo.net\/site\/declaracao-do-regional-sul-1-da-cnbb-sobre-as-eleicoes\/#breadcrumb\",\"itemListElement\":[{\"@type\":\"ListItem\",\"position\":1,\"name\":\"In\u00edcio\",\"item\":\"https:\/\/www.oarcanjo.net\/site\/\"},{\"@type\":\"ListItem\",\"position\":2,\"name\":\"Declara\u00e7\u00e3o do Regional Sul 1 da CNBB sobre as Elei\u00e7\u00f5es\"}]},{\"@type\":\"WebSite\",\"@id\":\"https:\/\/www.oarcanjo.net\/site\/#website\",\"url\":\"https:\/\/www.oarcanjo.net\/site\/\",\"name\":\"O Arcanjo no ar\",\"description\":\"Site da Par\u00f3quia S\u00e3o Miguel Arcanjo (Arquidiocese de SP)\",\"publisher\":{\"@id\":\"https:\/\/www.oarcanjo.net\/site\/#organization\"},\"potentialAction\":[{\"@type\":\"SearchAction\",\"target\":{\"@type\":\"EntryPoint\",\"urlTemplate\":\"https:\/\/www.oarcanjo.net\/site\/?s={search_term_string}\"},\"query-input\":{\"@type\":\"PropertyValueSpecification\",\"valueRequired\":true,\"valueName\":\"search_term_string\"}}],\"inLanguage\":\"pt-BR\"},{\"@type\":\"Organization\",\"@id\":\"https:\/\/www.oarcanjo.net\/site\/#organization\",\"name\":\"Par\u00f3quia S\u00e3o Miguel Arcanjo\",\"url\":\"https:\/\/www.oarcanjo.net\/site\/\",\"logo\":{\"@type\":\"ImageObject\",\"inLanguage\":\"pt-BR\",\"@id\":\"https:\/\/www.oarcanjo.net\/site\/#\/schema\/logo\/image\/\",\"url\":\"https:\/\/www.oarcanjo.net\/site\/wp-content\/uploads\/LogoOArcanjo.png\",\"contentUrl\":\"https:\/\/www.oarcanjo.net\/site\/wp-content\/uploads\/LogoOArcanjo.png\",\"width\":319,\"height\":99,\"caption\":\"Par\u00f3quia S\u00e3o Miguel Arcanjo\"},\"image\":{\"@id\":\"https:\/\/www.oarcanjo.net\/site\/#\/schema\/logo\/image\/\"},\"sameAs\":[\"https:\/\/www.facebook.com\/OArcanjoNoAr\/\"]},{\"@type\":\"Person\",\"@id\":\"https:\/\/www.oarcanjo.net\/site\/#\/schema\/person\/f7024d007863202483a31326673a0838\",\"name\":\"editor\",\"sameAs\":[\"http:\/\/www.oarcanjo.net\"]}]}<\/script>\n<!-- \/ Yoast SEO plugin. -->","yoast_head_json":{"title":"Declara\u00e7\u00e3o do Regional Sul 1 da CNBB sobre as Elei\u00e7\u00f5es - O Arcanjo no ar","robots":{"index":"index","follow":"follow","max-snippet":"max-snippet:-1","max-image-preview":"max-image-preview:large","max-video-preview":"max-video-preview:-1"},"canonical":"https:\/\/www.oarcanjo.net\/site\/declaracao-do-regional-sul-1-da-cnbb-sobre-as-eleicoes\/","og_locale":"pt_BR","og_type":"article","og_title":"Declara\u00e7\u00e3o do Regional Sul 1 da CNBB sobre as Elei\u00e7\u00f5es - O Arcanjo no ar","og_description":"Os bispos cat\u00f3licos do Regional Sul 1 da CNBB esclarecem que n\u00e3o indicam nem vetam candidatos ou partidos e respeitam a decis\u00e3o livre e aut\u00f4noma de cada eleitor. O Regional desaprova a instrumentaliza\u00e7\u00e3o de suas Declara\u00e7\u00f5es e Notas e enfatiza que n\u00e3o patrocina a impress\u00e3o e a difus\u00e3o de folhetos a favor ou contra candidatos.","og_url":"https:\/\/www.oarcanjo.net\/site\/declaracao-do-regional-sul-1-da-cnbb-sobre-as-eleicoes\/","og_site_name":"O Arcanjo no ar","article_publisher":"https:\/\/www.facebook.com\/OArcanjoNoAr\/","article_published_time":"2010-10-17T17:08:35+00:00","article_modified_time":"2010-10-17T17:20:49+00:00","og_image":[{"width":300,"height":300,"url":"https:\/\/www.oarcanjo.net\/site\/wp-content\/uploads\/logo-o-arcanjo-no-ar-facebook.png","type":"image\/png"}],"author":"editor","twitter_card":"summary_large_image","twitter_misc":{"Escrito por":"editor","Est. tempo de leitura":"1 minuto"},"schema":{"@context":"https:\/\/schema.org","@graph":[{"@type":"Article","@id":"https:\/\/www.oarcanjo.net\/site\/declaracao-do-regional-sul-1-da-cnbb-sobre-as-eleicoes\/#article","isPartOf":{"@id":"https:\/\/www.oarcanjo.net\/site\/declaracao-do-regional-sul-1-da-cnbb-sobre-as-eleicoes\/"},"author":{"name":"editor","@id":"https:\/\/www.oarcanjo.net\/site\/#\/schema\/person\/f7024d007863202483a31326673a0838"},"headline":"Declara\u00e7\u00e3o do Regional Sul 1 da CNBB sobre as Elei\u00e7\u00f5es","datePublished":"2010-10-17T17:08:35+00:00","dateModified":"2010-10-17T17:20:49+00:00","mainEntityOfPage":{"@id":"https:\/\/www.oarcanjo.net\/site\/declaracao-do-regional-sul-1-da-cnbb-sobre-as-eleicoes\/"},"wordCount":215,"commentCount":2,"publisher":{"@id":"https:\/\/www.oarcanjo.net\/site\/#organization"},"keywords":["CNBB","elei\u00e7\u00f5es","f\u00e9 e pol\u00edtica"],"articleSection":["Destaques","Not\u00edcias"],"inLanguage":"pt-BR","potentialAction":[{"@type":"CommentAction","name":"Comment","target":["https:\/\/www.oarcanjo.net\/site\/declaracao-do-regional-sul-1-da-cnbb-sobre-as-eleicoes\/#respond"]}]},{"@type":"WebPage","@id":"https:\/\/www.oarcanjo.net\/site\/declaracao-do-regional-sul-1-da-cnbb-sobre-as-eleicoes\/","url":"https:\/\/www.oarcanjo.net\/site\/declaracao-do-regional-sul-1-da-cnbb-sobre-as-eleicoes\/","name":"Declara\u00e7\u00e3o do Regional Sul 1 da CNBB sobre as Elei\u00e7\u00f5es - O Arcanjo no ar","isPartOf":{"@id":"https:\/\/www.oarcanjo.net\/site\/#website"},"datePublished":"2010-10-17T17:08:35+00:00","dateModified":"2010-10-17T17:20:49+00:00","breadcrumb":{"@id":"https:\/\/www.oarcanjo.net\/site\/declaracao-do-regional-sul-1-da-cnbb-sobre-as-eleicoes\/#breadcrumb"},"inLanguage":"pt-BR","potentialAction":[{"@type":"ReadAction","target":["https:\/\/www.oarcanjo.net\/site\/declaracao-do-regional-sul-1-da-cnbb-sobre-as-eleicoes\/"]}]},{"@type":"BreadcrumbList","@id":"https:\/\/www.oarcanjo.net\/site\/declaracao-do-regional-sul-1-da-cnbb-sobre-as-eleicoes\/#breadcrumb","itemListElement":[{"@type":"ListItem","position":1,"name":"In\u00edcio","item":"https:\/\/www.oarcanjo.net\/site\/"},{"@type":"ListItem","position":2,"name":"Declara\u00e7\u00e3o do Regional Sul 1 da CNBB sobre as Elei\u00e7\u00f5es"}]},{"@type":"WebSite","@id":"https:\/\/www.oarcanjo.net\/site\/#website","url":"https:\/\/www.oarcanjo.net\/site\/","name":"O Arcanjo no ar","description":"Site da Par\u00f3quia S\u00e3o Miguel Arcanjo (Arquidiocese de SP)","publisher":{"@id":"https:\/\/www.oarcanjo.net\/site\/#organization"},"potentialAction":[{"@type":"SearchAction","target":{"@type":"EntryPoint","urlTemplate":"https:\/\/www.oarcanjo.net\/site\/?s={search_term_string}"},"query-input":{"@type":"PropertyValueSpecification","valueRequired":true,"valueName":"search_term_string"}}],"inLanguage":"pt-BR"},{"@type":"Organization","@id":"https:\/\/www.oarcanjo.net\/site\/#organization","name":"Par\u00f3quia S\u00e3o Miguel Arcanjo","url":"https:\/\/www.oarcanjo.net\/site\/","logo":{"@type":"ImageObject","inLanguage":"pt-BR","@id":"https:\/\/www.oarcanjo.net\/site\/#\/schema\/logo\/image\/","url":"https:\/\/www.oarcanjo.net\/site\/wp-content\/uploads\/LogoOArcanjo.png","contentUrl":"https:\/\/www.oarcanjo.net\/site\/wp-content\/uploads\/LogoOArcanjo.png","width":319,"height":99,"caption":"Par\u00f3quia S\u00e3o Miguel Arcanjo"},"image":{"@id":"https:\/\/www.oarcanjo.net\/site\/#\/schema\/logo\/image\/"},"sameAs":["https:\/\/www.facebook.com\/OArcanjoNoAr\/"]},{"@type":"Person","@id":"https:\/\/www.oarcanjo.net\/site\/#\/schema\/person\/f7024d007863202483a31326673a0838","name":"editor","sameAs":["http:\/\/www.oarcanjo.net"]}]}},"publishpress_future_action":{"enabled":false,"date":"2026-05-07 09:21:45","action":"category","newStatus":"draft","terms":[],"taxonomy":"category"},"publishpress_future_workflow_manual_trigger":{"enabledWorkflows":[]},"_links":{"self":[{"href":"https:\/\/www.oarcanjo.net\/site\/wp-json\/wp\/v2\/posts\/11377"}],"collection":[{"href":"https:\/\/www.oarcanjo.net\/site\/wp-json\/wp\/v2\/posts"}],"about":[{"href":"https:\/\/www.oarcanjo.net\/site\/wp-json\/wp\/v2\/types\/post"}],"author":[{"embeddable":true,"href":"https:\/\/www.oarcanjo.net\/site\/wp-json\/wp\/v2\/users\/5"}],"replies":[{"embeddable":true,"href":"https:\/\/www.oarcanjo.net\/site\/wp-json\/wp\/v2\/comments?post=11377"}],"version-history":[{"count":0,"href":"https:\/\/www.oarcanjo.net\/site\/wp-json\/wp\/v2\/posts\/11377\/revisions"}],"wp:attachment":[{"href":"https:\/\/www.oarcanjo.net\/site\/wp-json\/wp\/v2\/media?parent=11377"}],"wp:term":[{"taxonomy":"category","embeddable":true,"href":"https:\/\/www.oarcanjo.net\/site\/wp-json\/wp\/v2\/categories?post=11377"},{"taxonomy":"post_tag","embeddable":true,"href":"https:\/\/www.oarcanjo.net\/site\/wp-json\/wp\/v2\/tags?post=11377"}],"curies":[{"name":"wp","href":"https:\/\/api.w.org\/{rel}","templated":true}]}}