
{"id":11386,"date":"2017-10-19T00:20:02","date_gmt":"2017-10-19T02:20:02","guid":{"rendered":"http:\/\/www.oarcanjo.net\/site\/?p=11386"},"modified":"2017-08-11T14:55:15","modified_gmt":"2017-08-11T17:55:15","slug":"sao-pedro-de-alcantara","status":"publish","type":"post","link":"https:\/\/www.oarcanjo.net\/site\/sao-pedro-de-alcantara\/","title":{"rendered":"S\u00e3o Pedro de Alc\u00e2ntara"},"content":{"rendered":"<p><img decoding=\"async\" src=\"http:\/\/www.aascj.org.br\/home\/wp-content\/uploads\/2010\/04\/S%C3%A3o-pedro-de-alcantara.jpg\" alt=\"\" \/><\/p>\n<p>19 de Outubro<\/p>\n<p>Em 1499, na Espanha, quase divisa com Portugal, na vila de Extremadura de Alc\u00e2ntara, nasceu o filho do governador Pedro Garabido e de sua esposa, Maria Villela de Sanabria. O menino herdou o nome do pai, mas na inf\u00e2ncia ganhou dos amiguinhos o apelido de &#8220;santo&#8221;, por sua mod\u00e9stia e simplicidade. Depois, na Universidade de Salamanca, al\u00e9m de destacar-se por sua intelig\u00eancia e pela aplica\u00e7\u00e3o nos estudos, evidenciou-se pelo estilo de vida, mon\u00e1stica, comparada \u00e0 dos alegres colegas de turma. Pedro freq\u00fcentava, diariamente, a igreja e n\u00e3o ficava um dia sequer sem ajudar os pobres.<\/p>\n<p>Enquanto sonhava com a consagra\u00e7\u00e3o religiosa, o pai desejava que o filho fosse o seu sucessor. Em v\u00e3o. Aos dezesseis anos de idade, Pedro solicitou admiss\u00e3o na Ordem Primeira dos Frades Menores de S\u00e3o Francisco de Assis. E aos vinte j\u00e1 era o superior no Convento de Badajoz, tornando-se conhecido pelo dom do conselho. A sua fama de pregador e confessor ganhou, r\u00e1pido, destaque em toda a Igreja.<\/p>\n<p>Nesse per\u00edodo, as suas penit\u00eancias eram t\u00e3o severas que chamou a aten\u00e7\u00e3o dos demais monges e at\u00e9 dos superiores. Nada tinha a n\u00e3o ser um h\u00e1bito muito velho, um brevi\u00e1rio, um simples crucifixo de madeira e um bast\u00e3o. Andava descal\u00e7o e sem chap\u00e9u. Jejuava a cada tr\u00eas dias e quando se alimentava ingeria apenas p\u00e3o, \u00e1gua e legumes, tudo quantidade m\u00ednima. Dormia apenas duas horas por noite, sentado. N\u00e3o bastasse tudo isso, no inverno deixava a janela aberta durante toda a noite.<\/p>\n<p>Eleito provincial da Ordem, visitou todos os conventos: mesmo nessa situa\u00e7\u00e3o percorria as dist\u00e2ncias com os p\u00e9s descal\u00e7os e a cabe\u00e7a descoberta. Em todos eles, as Regras primitivas da Ordem de s\u00e3o Francisco &#8211; de pobreza e caridade absolutas &#8211; foram restabelecidas. Sua reforma ultrapassou as fronteiras da Espanha e atingiu at\u00e9 mesmo o convento de Arariba, em Portugal, para onde viajou. L\u00e1, atraiu tantos novos novi\u00e7os que foi necess\u00e1rio construir um outro Convento para abrigar a todos. De tal modo que o papa Paulo IV autorizou a reforma para outros da prov\u00edncia franciscana, alcan\u00e7ando mais de trinta conventos de diversos pa\u00edses.<\/p>\n<p>Na sua \u00e9poca, Pedro de Alc\u00e2ntara conviveu com v\u00e1rios santos e foi o orientador de alguns deles, como: Luiz de Granada, Jo\u00e3o de \u00c1vila, Francisco B\u00f3rgia e Teresa d&#8217;\u00c1vila, carmelita e grande reformadora da sua Ordem, de quem foi tamb\u00e9m confessor e diretor espiritual.<\/p>\n<p>Com fama de santidade, realizou v\u00e1rios prod\u00edgios em vida. Aos sessenta e tr\u00eas anos de idade e gravemente enfermo, predisse o dia de sua morte: 18 de outubro de 1562, e de fato foi assim.<\/p>\n<p>Como legado, deixou-nos algumas obras escritas, onde narrou, com riqueza de detalhes, a sua experi\u00eancia asc\u00e9tica, baseada, sobretudo, na devo\u00e7\u00e3o para com a Paix\u00e3o de Cristo. Canonizado pelo papa Clemente IX em 1669, s\u00e3o Pedro de Alc\u00e2ntara \u00e9 comemorado em 19 de outubro, um dia ap\u00f3s a data de sua morte.<\/p>\n<div id=\"themify_builder_content-11386\" data-postid=\"11386\" class=\"themify_builder_content themify_builder_content-11386 themify_builder themify_builder_front\">\n\t<\/div>\n<!-- \/themify_builder_content -->","protected":false},"excerpt":{"rendered":"<p>19 de Outubro Em 1499, na Espanha, quase divisa com Portugal, na vila de Extremadura de Alc\u00e2ntara, nasceu o filho do governador Pedro Garabido e de sua esposa, Maria Villela de Sanabria. O menino herdou o nome do pai, mas na inf\u00e2ncia ganhou dos amiguinhos o apelido de &#8220;santo&#8221;, por sua mod\u00e9stia e simplicidade. Depois, [&hellip;]<\/p>\n","protected":false},"author":14,"featured_media":0,"comment_status":"open","ping_status":"open","sticky":false,"template":"","format":"standard","meta":{"ngg_post_thumbnail":0,"footnotes":""},"categories":[186],"tags":[],"yoast_head":"<!-- This site is optimized with the Yoast SEO plugin v23.5 - https:\/\/yoast.com\/wordpress\/plugins\/seo\/ -->\n<title>S\u00e3o Pedro de Alc\u00e2ntara - O Arcanjo no ar<\/title>\n<meta name=\"robots\" content=\"index, follow, max-snippet:-1, max-image-preview:large, max-video-preview:-1\" \/>\n<link rel=\"canonical\" href=\"https:\/\/www.oarcanjo.net\/site\/sao-pedro-de-alcantara\/\" \/>\n<meta property=\"og:locale\" content=\"pt_BR\" \/>\n<meta property=\"og:type\" content=\"article\" \/>\n<meta property=\"og:title\" content=\"S\u00e3o Pedro de Alc\u00e2ntara - O Arcanjo no ar\" \/>\n<meta property=\"og:description\" content=\"19 de Outubro Em 1499, na Espanha, quase divisa com Portugal, na vila de Extremadura de Alc\u00e2ntara, nasceu o filho do governador Pedro Garabido e de sua esposa, Maria Villela de Sanabria. O menino herdou o nome do pai, mas na inf\u00e2ncia ganhou dos amiguinhos o apelido de &#8220;santo&#8221;, por sua mod\u00e9stia e simplicidade. Depois, [&hellip;]\" \/>\n<meta property=\"og:url\" content=\"https:\/\/www.oarcanjo.net\/site\/sao-pedro-de-alcantara\/\" \/>\n<meta property=\"og:site_name\" content=\"O Arcanjo no ar\" \/>\n<meta property=\"article:publisher\" content=\"https:\/\/www.facebook.com\/OArcanjoNoAr\/\" \/>\n<meta property=\"article:published_time\" content=\"2017-10-19T02:20:02+00:00\" \/>\n<meta property=\"article:modified_time\" content=\"2017-08-11T17:55:15+00:00\" \/>\n<meta property=\"og:image\" content=\"http:\/\/www.aascj.org.br\/home\/wp-content\/uploads\/2010\/04\/S%C3%A3o-pedro-de-alcantara.jpg\" \/>\n<meta name=\"author\" content=\"danilo\" \/>\n<meta name=\"twitter:card\" content=\"summary_large_image\" \/>\n<meta name=\"twitter:label1\" content=\"Escrito por\" \/>\n\t<meta name=\"twitter:data1\" content=\"danilo\" \/>\n\t<meta name=\"twitter:label2\" content=\"Est. tempo de leitura\" \/>\n\t<meta name=\"twitter:data2\" content=\"3 minutos\" \/>\n<script type=\"application\/ld+json\" class=\"yoast-schema-graph\">{\"@context\":\"https:\/\/schema.org\",\"@graph\":[{\"@type\":\"Article\",\"@id\":\"https:\/\/www.oarcanjo.net\/site\/sao-pedro-de-alcantara\/#article\",\"isPartOf\":{\"@id\":\"https:\/\/www.oarcanjo.net\/site\/sao-pedro-de-alcantara\/\"},\"author\":{\"name\":\"danilo\",\"@id\":\"https:\/\/www.oarcanjo.net\/site\/#\/schema\/person\/5eb9480bedd2f3c97e430ce128c29c6c\"},\"headline\":\"S\u00e3o Pedro de Alc\u00e2ntara\",\"datePublished\":\"2017-10-19T02:20:02+00:00\",\"dateModified\":\"2017-08-11T17:55:15+00:00\",\"mainEntityOfPage\":{\"@id\":\"https:\/\/www.oarcanjo.net\/site\/sao-pedro-de-alcantara\/\"},\"wordCount\":533,\"commentCount\":0,\"publisher\":{\"@id\":\"https:\/\/www.oarcanjo.net\/site\/#organization\"},\"image\":{\"@id\":\"https:\/\/www.oarcanjo.net\/site\/sao-pedro-de-alcantara\/#primaryimage\"},\"thumbnailUrl\":\"http:\/\/www.aascj.org.br\/home\/wp-content\/uploads\/2010\/04\/S%C3%A3o-pedro-de-alcantara.jpg\",\"articleSection\":[\"Testemunhos\"],\"inLanguage\":\"pt-BR\",\"potentialAction\":[{\"@type\":\"CommentAction\",\"name\":\"Comment\",\"target\":[\"https:\/\/www.oarcanjo.net\/site\/sao-pedro-de-alcantara\/#respond\"]}]},{\"@type\":\"WebPage\",\"@id\":\"https:\/\/www.oarcanjo.net\/site\/sao-pedro-de-alcantara\/\",\"url\":\"https:\/\/www.oarcanjo.net\/site\/sao-pedro-de-alcantara\/\",\"name\":\"S\u00e3o Pedro de Alc\u00e2ntara - O Arcanjo no ar\",\"isPartOf\":{\"@id\":\"https:\/\/www.oarcanjo.net\/site\/#website\"},\"primaryImageOfPage\":{\"@id\":\"https:\/\/www.oarcanjo.net\/site\/sao-pedro-de-alcantara\/#primaryimage\"},\"image\":{\"@id\":\"https:\/\/www.oarcanjo.net\/site\/sao-pedro-de-alcantara\/#primaryimage\"},\"thumbnailUrl\":\"http:\/\/www.aascj.org.br\/home\/wp-content\/uploads\/2010\/04\/S%C3%A3o-pedro-de-alcantara.jpg\",\"datePublished\":\"2017-10-19T02:20:02+00:00\",\"dateModified\":\"2017-08-11T17:55:15+00:00\",\"breadcrumb\":{\"@id\":\"https:\/\/www.oarcanjo.net\/site\/sao-pedro-de-alcantara\/#breadcrumb\"},\"inLanguage\":\"pt-BR\",\"potentialAction\":[{\"@type\":\"ReadAction\",\"target\":[\"https:\/\/www.oarcanjo.net\/site\/sao-pedro-de-alcantara\/\"]}]},{\"@type\":\"ImageObject\",\"inLanguage\":\"pt-BR\",\"@id\":\"https:\/\/www.oarcanjo.net\/site\/sao-pedro-de-alcantara\/#primaryimage\",\"url\":\"http:\/\/www.aascj.org.br\/home\/wp-content\/uploads\/2010\/04\/S%C3%A3o-pedro-de-alcantara.jpg\",\"contentUrl\":\"http:\/\/www.aascj.org.br\/home\/wp-content\/uploads\/2010\/04\/S%C3%A3o-pedro-de-alcantara.jpg\"},{\"@type\":\"BreadcrumbList\",\"@id\":\"https:\/\/www.oarcanjo.net\/site\/sao-pedro-de-alcantara\/#breadcrumb\",\"itemListElement\":[{\"@type\":\"ListItem\",\"position\":1,\"name\":\"In\u00edcio\",\"item\":\"https:\/\/www.oarcanjo.net\/site\/\"},{\"@type\":\"ListItem\",\"position\":2,\"name\":\"S\u00e3o Pedro de Alc\u00e2ntara\"}]},{\"@type\":\"WebSite\",\"@id\":\"https:\/\/www.oarcanjo.net\/site\/#website\",\"url\":\"https:\/\/www.oarcanjo.net\/site\/\",\"name\":\"O Arcanjo no ar\",\"description\":\"Site da Par\u00f3quia S\u00e3o Miguel Arcanjo (Arquidiocese de SP)\",\"publisher\":{\"@id\":\"https:\/\/www.oarcanjo.net\/site\/#organization\"},\"potentialAction\":[{\"@type\":\"SearchAction\",\"target\":{\"@type\":\"EntryPoint\",\"urlTemplate\":\"https:\/\/www.oarcanjo.net\/site\/?s={search_term_string}\"},\"query-input\":{\"@type\":\"PropertyValueSpecification\",\"valueRequired\":true,\"valueName\":\"search_term_string\"}}],\"inLanguage\":\"pt-BR\"},{\"@type\":\"Organization\",\"@id\":\"https:\/\/www.oarcanjo.net\/site\/#organization\",\"name\":\"Par\u00f3quia S\u00e3o Miguel Arcanjo\",\"url\":\"https:\/\/www.oarcanjo.net\/site\/\",\"logo\":{\"@type\":\"ImageObject\",\"inLanguage\":\"pt-BR\",\"@id\":\"https:\/\/www.oarcanjo.net\/site\/#\/schema\/logo\/image\/\",\"url\":\"https:\/\/www.oarcanjo.net\/site\/wp-content\/uploads\/LogoOArcanjo.png\",\"contentUrl\":\"https:\/\/www.oarcanjo.net\/site\/wp-content\/uploads\/LogoOArcanjo.png\",\"width\":319,\"height\":99,\"caption\":\"Par\u00f3quia S\u00e3o Miguel Arcanjo\"},\"image\":{\"@id\":\"https:\/\/www.oarcanjo.net\/site\/#\/schema\/logo\/image\/\"},\"sameAs\":[\"https:\/\/www.facebook.com\/OArcanjoNoAr\/\"]},{\"@type\":\"Person\",\"@id\":\"https:\/\/www.oarcanjo.net\/site\/#\/schema\/person\/5eb9480bedd2f3c97e430ce128c29c6c\",\"name\":\"danilo\"}]}<\/script>\n<!-- \/ Yoast SEO plugin. -->","yoast_head_json":{"title":"S\u00e3o Pedro de Alc\u00e2ntara - O Arcanjo no ar","robots":{"index":"index","follow":"follow","max-snippet":"max-snippet:-1","max-image-preview":"max-image-preview:large","max-video-preview":"max-video-preview:-1"},"canonical":"https:\/\/www.oarcanjo.net\/site\/sao-pedro-de-alcantara\/","og_locale":"pt_BR","og_type":"article","og_title":"S\u00e3o Pedro de Alc\u00e2ntara - O Arcanjo no ar","og_description":"19 de Outubro Em 1499, na Espanha, quase divisa com Portugal, na vila de Extremadura de Alc\u00e2ntara, nasceu o filho do governador Pedro Garabido e de sua esposa, Maria Villela de Sanabria. O menino herdou o nome do pai, mas na inf\u00e2ncia ganhou dos amiguinhos o apelido de &#8220;santo&#8221;, por sua mod\u00e9stia e simplicidade. Depois, [&hellip;]","og_url":"https:\/\/www.oarcanjo.net\/site\/sao-pedro-de-alcantara\/","og_site_name":"O Arcanjo no ar","article_publisher":"https:\/\/www.facebook.com\/OArcanjoNoAr\/","article_published_time":"2017-10-19T02:20:02+00:00","article_modified_time":"2017-08-11T17:55:15+00:00","og_image":[{"url":"http:\/\/www.aascj.org.br\/home\/wp-content\/uploads\/2010\/04\/S%C3%A3o-pedro-de-alcantara.jpg"}],"author":"danilo","twitter_card":"summary_large_image","twitter_misc":{"Escrito por":"danilo","Est. tempo de leitura":"3 minutos"},"schema":{"@context":"https:\/\/schema.org","@graph":[{"@type":"Article","@id":"https:\/\/www.oarcanjo.net\/site\/sao-pedro-de-alcantara\/#article","isPartOf":{"@id":"https:\/\/www.oarcanjo.net\/site\/sao-pedro-de-alcantara\/"},"author":{"name":"danilo","@id":"https:\/\/www.oarcanjo.net\/site\/#\/schema\/person\/5eb9480bedd2f3c97e430ce128c29c6c"},"headline":"S\u00e3o Pedro de Alc\u00e2ntara","datePublished":"2017-10-19T02:20:02+00:00","dateModified":"2017-08-11T17:55:15+00:00","mainEntityOfPage":{"@id":"https:\/\/www.oarcanjo.net\/site\/sao-pedro-de-alcantara\/"},"wordCount":533,"commentCount":0,"publisher":{"@id":"https:\/\/www.oarcanjo.net\/site\/#organization"},"image":{"@id":"https:\/\/www.oarcanjo.net\/site\/sao-pedro-de-alcantara\/#primaryimage"},"thumbnailUrl":"http:\/\/www.aascj.org.br\/home\/wp-content\/uploads\/2010\/04\/S%C3%A3o-pedro-de-alcantara.jpg","articleSection":["Testemunhos"],"inLanguage":"pt-BR","potentialAction":[{"@type":"CommentAction","name":"Comment","target":["https:\/\/www.oarcanjo.net\/site\/sao-pedro-de-alcantara\/#respond"]}]},{"@type":"WebPage","@id":"https:\/\/www.oarcanjo.net\/site\/sao-pedro-de-alcantara\/","url":"https:\/\/www.oarcanjo.net\/site\/sao-pedro-de-alcantara\/","name":"S\u00e3o Pedro de Alc\u00e2ntara - O Arcanjo no ar","isPartOf":{"@id":"https:\/\/www.oarcanjo.net\/site\/#website"},"primaryImageOfPage":{"@id":"https:\/\/www.oarcanjo.net\/site\/sao-pedro-de-alcantara\/#primaryimage"},"image":{"@id":"https:\/\/www.oarcanjo.net\/site\/sao-pedro-de-alcantara\/#primaryimage"},"thumbnailUrl":"http:\/\/www.aascj.org.br\/home\/wp-content\/uploads\/2010\/04\/S%C3%A3o-pedro-de-alcantara.jpg","datePublished":"2017-10-19T02:20:02+00:00","dateModified":"2017-08-11T17:55:15+00:00","breadcrumb":{"@id":"https:\/\/www.oarcanjo.net\/site\/sao-pedro-de-alcantara\/#breadcrumb"},"inLanguage":"pt-BR","potentialAction":[{"@type":"ReadAction","target":["https:\/\/www.oarcanjo.net\/site\/sao-pedro-de-alcantara\/"]}]},{"@type":"ImageObject","inLanguage":"pt-BR","@id":"https:\/\/www.oarcanjo.net\/site\/sao-pedro-de-alcantara\/#primaryimage","url":"http:\/\/www.aascj.org.br\/home\/wp-content\/uploads\/2010\/04\/S%C3%A3o-pedro-de-alcantara.jpg","contentUrl":"http:\/\/www.aascj.org.br\/home\/wp-content\/uploads\/2010\/04\/S%C3%A3o-pedro-de-alcantara.jpg"},{"@type":"BreadcrumbList","@id":"https:\/\/www.oarcanjo.net\/site\/sao-pedro-de-alcantara\/#breadcrumb","itemListElement":[{"@type":"ListItem","position":1,"name":"In\u00edcio","item":"https:\/\/www.oarcanjo.net\/site\/"},{"@type":"ListItem","position":2,"name":"S\u00e3o Pedro de Alc\u00e2ntara"}]},{"@type":"WebSite","@id":"https:\/\/www.oarcanjo.net\/site\/#website","url":"https:\/\/www.oarcanjo.net\/site\/","name":"O Arcanjo no ar","description":"Site da Par\u00f3quia S\u00e3o Miguel Arcanjo (Arquidiocese de SP)","publisher":{"@id":"https:\/\/www.oarcanjo.net\/site\/#organization"},"potentialAction":[{"@type":"SearchAction","target":{"@type":"EntryPoint","urlTemplate":"https:\/\/www.oarcanjo.net\/site\/?s={search_term_string}"},"query-input":{"@type":"PropertyValueSpecification","valueRequired":true,"valueName":"search_term_string"}}],"inLanguage":"pt-BR"},{"@type":"Organization","@id":"https:\/\/www.oarcanjo.net\/site\/#organization","name":"Par\u00f3quia S\u00e3o Miguel Arcanjo","url":"https:\/\/www.oarcanjo.net\/site\/","logo":{"@type":"ImageObject","inLanguage":"pt-BR","@id":"https:\/\/www.oarcanjo.net\/site\/#\/schema\/logo\/image\/","url":"https:\/\/www.oarcanjo.net\/site\/wp-content\/uploads\/LogoOArcanjo.png","contentUrl":"https:\/\/www.oarcanjo.net\/site\/wp-content\/uploads\/LogoOArcanjo.png","width":319,"height":99,"caption":"Par\u00f3quia S\u00e3o Miguel Arcanjo"},"image":{"@id":"https:\/\/www.oarcanjo.net\/site\/#\/schema\/logo\/image\/"},"sameAs":["https:\/\/www.facebook.com\/OArcanjoNoAr\/"]},{"@type":"Person","@id":"https:\/\/www.oarcanjo.net\/site\/#\/schema\/person\/5eb9480bedd2f3c97e430ce128c29c6c","name":"danilo"}]}},"publishpress_future_action":{"enabled":false,"date":"2026-05-08 21:00:29","action":"category","newStatus":"draft","terms":[],"taxonomy":"category"},"publishpress_future_workflow_manual_trigger":{"enabledWorkflows":[]},"_links":{"self":[{"href":"https:\/\/www.oarcanjo.net\/site\/wp-json\/wp\/v2\/posts\/11386"}],"collection":[{"href":"https:\/\/www.oarcanjo.net\/site\/wp-json\/wp\/v2\/posts"}],"about":[{"href":"https:\/\/www.oarcanjo.net\/site\/wp-json\/wp\/v2\/types\/post"}],"author":[{"embeddable":true,"href":"https:\/\/www.oarcanjo.net\/site\/wp-json\/wp\/v2\/users\/14"}],"replies":[{"embeddable":true,"href":"https:\/\/www.oarcanjo.net\/site\/wp-json\/wp\/v2\/comments?post=11386"}],"version-history":[{"count":0,"href":"https:\/\/www.oarcanjo.net\/site\/wp-json\/wp\/v2\/posts\/11386\/revisions"}],"wp:attachment":[{"href":"https:\/\/www.oarcanjo.net\/site\/wp-json\/wp\/v2\/media?parent=11386"}],"wp:term":[{"taxonomy":"category","embeddable":true,"href":"https:\/\/www.oarcanjo.net\/site\/wp-json\/wp\/v2\/categories?post=11386"},{"taxonomy":"post_tag","embeddable":true,"href":"https:\/\/www.oarcanjo.net\/site\/wp-json\/wp\/v2\/tags?post=11386"}],"curies":[{"name":"wp","href":"https:\/\/api.w.org\/{rel}","templated":true}]}}