
{"id":11388,"date":"2017-10-19T00:23:29","date_gmt":"2017-10-19T02:23:29","guid":{"rendered":"http:\/\/www.oarcanjo.net\/site\/?p=11388"},"modified":"2017-08-11T14:55:34","modified_gmt":"2017-08-11T17:55:34","slug":"sao-joao-de-brebeuf-e-companheiros","status":"publish","type":"post","link":"https:\/\/www.oarcanjo.net\/site\/sao-joao-de-brebeuf-e-companheiros\/","title":{"rendered":"S\u00e3o Jo\u00e3o de Br\u00e9beuf e companheiros"},"content":{"rendered":"<p><img decoding=\"async\" src=\"http:\/\/4.bp.blogspot.com\/_z-c0Sh5Zlrs\/SK9UTYFpJRI\/AAAAAAAACLk\/GRzGcBeyYLY\/s400\/S%C3%A3o+Jo%C3%A3o+de+Br%C3%A9beuf+e+Companheiros.jpg\" alt=\"\" \/><\/p>\n<p>19 de Outubro<\/p>\n<p>No s\u00e9culo XVII, a Companhia de Jesus participou da aventura pelos mares desconhecidos que levou \u00e0 descoberta e coloniza\u00e7\u00e3o de um novo mundo: o continente americano. Nas expedi\u00e7\u00f5es, os jesu\u00edtas garantiam a chegada da Palavra de Deus e os conhecimentos do cristianismo aos povos colonizados, e ao mesmo tempo davam apoio espiritual aos corajosos expedicion\u00e1rios durante as viagens. Comandantes, navegadores e marinheiros eram os portadores da civiliza\u00e7\u00e3o, enquanto os jesu\u00edtas tinham como bandeira a catequese.<\/p>\n<p>Hoje, a Igreja busca um conv\u00edvio harmonioso com as civiliza\u00e7\u00f5es ind\u00edgenas de todo o mundo, respeitando seus princ\u00edpios culturais e religiosos. Mas at\u00e9 chegar a esse ponto, os conflitos entre formas de f\u00e9 diferentes fizeram muitas v\u00edtimas, cujo sangue deve servir de ensinamento e profunda reflex\u00e3o.<\/p>\n<p>E se os conquistadores dizimaram popula\u00e7\u00f5es locais, os primitivos moradores das tr\u00eas Am\u00e9ricas tamb\u00e9m produziram muitos m\u00e1rtires entre os que viajavam com a palavra da paz e da salva\u00e7\u00e3o. A data de hoje foi inclu\u00edda no calend\u00e1rio da Igreja para homenagear a mem\u00f3ria do mart\u00edrio de oito mission\u00e1rios jesu\u00edtas, todos de origem francesa: Jo\u00e3o de Br\u00e9beuf, chefe da miss\u00e3o, Isaac Jegues, Renato Goupel, Jo\u00e3o de Landi, Gabriel Lalmant, Ant\u00f4nio Daniel, Carlos Gurmier e Natal Chabanel.<\/p>\n<p>Esse grupo de m\u00e1rtires representa a prim\u00edcia da santidade do continente norte-americano, envolta com o sangue do mart\u00edrio. Mas com certeza fazem parte da segunda gera\u00e7\u00e3o de jesu\u00edtas e franciscanos enviados para a catequiza\u00e7\u00e3o, por isso adentraram bastante o continente. Eles estavam espalhados na selvagem regi\u00e3o coberta por imensas florestas e grandes lagos, nos confins dos Estados Unidos com o Canad\u00e1. Os povos locais, conhecidos como &#8220;peles-vermelhas&#8221;, eram formados pelas tribos guerreiras dos ur\u00f5es e dos iroqueses, que disputavam o territ\u00f3rio, mas que se uniam para resistir bravamente aos &#8220;homens brancos&#8221; invasores, vingando-se sangrentamente em todos os que lembrassem os inimigos, principalmente nos jesu\u00edtas, cuja \u00fanica arma era a Palavra de Deus.<\/p>\n<p>Foram torturados e mortos em diferentes datas, entre 1642 e 1649, num per\u00edodo de inquieta\u00e7\u00e3o na vida da recente col\u00f4nia americana, n\u00e3o s\u00f3 religiosa como tamb\u00e9m pol\u00edtica. Deles, apenas as rel\u00edquias de Jo\u00e3o de Br\u00e9beuf e Gabriel Lalmant foram encontradas e levadas para Quebec, Canad\u00e1, por ser col\u00f4nia francesa, onde at\u00e9 hoje est\u00e3o expostas \u00e0s ora\u00e7\u00f5es dos devotos e peregrinos.<\/p>\n<p>As duas tribos respons\u00e1veis pelos crimes contra os mission\u00e1rios continuaram a guerrear entre si por muitos anos. At\u00e9 que os ur\u00f5es, quase exterminados pelos iroqueses, foram abrigar-se nas antigas miss\u00f5es de Santa Maria, que ainda se conservavam de p\u00e9 e eram mantidas por jesu\u00edtas. L\u00e1, os mais de dois mil e setecentos ind\u00edgenas tomaram conhecimento da palavra de Jesus, converteram-se e foram batizados.<\/p>\n<p>A colina onde foram assassinados padre Jegues e seus companheiros \u00e9 chamada de &#8220;Montanha da Ora\u00e7\u00e3o&#8221;, e ainda hoje existe uma par\u00f3quia formada e mantida pelos ur\u00f5es cat\u00f3licos. Nos locais onde os outros morreram, outras igrejas foram constru\u00eddas e destinadas \u00e0 comunidade cat\u00f3lica ind\u00edgena.<\/p>\n<div id=\"themify_builder_content-11388\" data-postid=\"11388\" class=\"themify_builder_content themify_builder_content-11388 themify_builder themify_builder_front\">\n\t<\/div>\n<!-- \/themify_builder_content -->","protected":false},"excerpt":{"rendered":"<p>19 de Outubro No s\u00e9culo XVII, a Companhia de Jesus participou da aventura pelos mares desconhecidos que levou \u00e0 descoberta e coloniza\u00e7\u00e3o de um novo mundo: o continente americano. Nas expedi\u00e7\u00f5es, os jesu\u00edtas garantiam a chegada da Palavra de Deus e os conhecimentos do cristianismo aos povos colonizados, e ao mesmo tempo davam apoio espiritual [&hellip;]<\/p>\n","protected":false},"author":14,"featured_media":0,"comment_status":"open","ping_status":"open","sticky":false,"template":"","format":"standard","meta":{"ngg_post_thumbnail":0,"footnotes":""},"categories":[186],"tags":[],"yoast_head":"<!-- This site is optimized with the Yoast SEO plugin v23.5 - https:\/\/yoast.com\/wordpress\/plugins\/seo\/ -->\n<title>S\u00e3o Jo\u00e3o de Br\u00e9beuf e companheiros - O Arcanjo no ar<\/title>\n<meta name=\"robots\" content=\"index, follow, max-snippet:-1, max-image-preview:large, max-video-preview:-1\" \/>\n<link rel=\"canonical\" href=\"https:\/\/www.oarcanjo.net\/site\/sao-joao-de-brebeuf-e-companheiros\/\" \/>\n<meta property=\"og:locale\" content=\"pt_BR\" \/>\n<meta property=\"og:type\" content=\"article\" \/>\n<meta property=\"og:title\" content=\"S\u00e3o Jo\u00e3o de Br\u00e9beuf e companheiros - O Arcanjo no ar\" \/>\n<meta property=\"og:description\" content=\"19 de Outubro No s\u00e9culo XVII, a Companhia de Jesus participou da aventura pelos mares desconhecidos que levou \u00e0 descoberta e coloniza\u00e7\u00e3o de um novo mundo: o continente americano. Nas expedi\u00e7\u00f5es, os jesu\u00edtas garantiam a chegada da Palavra de Deus e os conhecimentos do cristianismo aos povos colonizados, e ao mesmo tempo davam apoio espiritual [&hellip;]\" \/>\n<meta property=\"og:url\" content=\"https:\/\/www.oarcanjo.net\/site\/sao-joao-de-brebeuf-e-companheiros\/\" \/>\n<meta property=\"og:site_name\" content=\"O Arcanjo no ar\" \/>\n<meta property=\"article:publisher\" content=\"https:\/\/www.facebook.com\/OArcanjoNoAr\/\" \/>\n<meta property=\"article:published_time\" content=\"2017-10-19T02:23:29+00:00\" \/>\n<meta property=\"article:modified_time\" content=\"2017-08-11T17:55:34+00:00\" \/>\n<meta property=\"og:image\" content=\"http:\/\/4.bp.blogspot.com\/_z-c0Sh5Zlrs\/SK9UTYFpJRI\/AAAAAAAACLk\/GRzGcBeyYLY\/s400\/S%C3%A3o+Jo%C3%A3o+de+Br%C3%A9beuf+e+Companheiros.jpg\" \/>\n<meta name=\"author\" content=\"danilo\" \/>\n<meta name=\"twitter:card\" content=\"summary_large_image\" \/>\n<meta name=\"twitter:label1\" content=\"Escrito por\" \/>\n\t<meta name=\"twitter:data1\" content=\"danilo\" \/>\n\t<meta name=\"twitter:label2\" content=\"Est. tempo de leitura\" \/>\n\t<meta name=\"twitter:data2\" content=\"3 minutos\" \/>\n<script type=\"application\/ld+json\" class=\"yoast-schema-graph\">{\"@context\":\"https:\/\/schema.org\",\"@graph\":[{\"@type\":\"Article\",\"@id\":\"https:\/\/www.oarcanjo.net\/site\/sao-joao-de-brebeuf-e-companheiros\/#article\",\"isPartOf\":{\"@id\":\"https:\/\/www.oarcanjo.net\/site\/sao-joao-de-brebeuf-e-companheiros\/\"},\"author\":{\"name\":\"danilo\",\"@id\":\"https:\/\/www.oarcanjo.net\/site\/#\/schema\/person\/5eb9480bedd2f3c97e430ce128c29c6c\"},\"headline\":\"S\u00e3o Jo\u00e3o de Br\u00e9beuf e companheiros\",\"datePublished\":\"2017-10-19T02:23:29+00:00\",\"dateModified\":\"2017-08-11T17:55:34+00:00\",\"mainEntityOfPage\":{\"@id\":\"https:\/\/www.oarcanjo.net\/site\/sao-joao-de-brebeuf-e-companheiros\/\"},\"wordCount\":546,\"commentCount\":0,\"publisher\":{\"@id\":\"https:\/\/www.oarcanjo.net\/site\/#organization\"},\"image\":{\"@id\":\"https:\/\/www.oarcanjo.net\/site\/sao-joao-de-brebeuf-e-companheiros\/#primaryimage\"},\"thumbnailUrl\":\"http:\/\/4.bp.blogspot.com\/_z-c0Sh5Zlrs\/SK9UTYFpJRI\/AAAAAAAACLk\/GRzGcBeyYLY\/s400\/S%C3%A3o+Jo%C3%A3o+de+Br%C3%A9beuf+e+Companheiros.jpg\",\"articleSection\":[\"Testemunhos\"],\"inLanguage\":\"pt-BR\",\"potentialAction\":[{\"@type\":\"CommentAction\",\"name\":\"Comment\",\"target\":[\"https:\/\/www.oarcanjo.net\/site\/sao-joao-de-brebeuf-e-companheiros\/#respond\"]}]},{\"@type\":\"WebPage\",\"@id\":\"https:\/\/www.oarcanjo.net\/site\/sao-joao-de-brebeuf-e-companheiros\/\",\"url\":\"https:\/\/www.oarcanjo.net\/site\/sao-joao-de-brebeuf-e-companheiros\/\",\"name\":\"S\u00e3o Jo\u00e3o de Br\u00e9beuf e companheiros - O Arcanjo no ar\",\"isPartOf\":{\"@id\":\"https:\/\/www.oarcanjo.net\/site\/#website\"},\"primaryImageOfPage\":{\"@id\":\"https:\/\/www.oarcanjo.net\/site\/sao-joao-de-brebeuf-e-companheiros\/#primaryimage\"},\"image\":{\"@id\":\"https:\/\/www.oarcanjo.net\/site\/sao-joao-de-brebeuf-e-companheiros\/#primaryimage\"},\"thumbnailUrl\":\"http:\/\/4.bp.blogspot.com\/_z-c0Sh5Zlrs\/SK9UTYFpJRI\/AAAAAAAACLk\/GRzGcBeyYLY\/s400\/S%C3%A3o+Jo%C3%A3o+de+Br%C3%A9beuf+e+Companheiros.jpg\",\"datePublished\":\"2017-10-19T02:23:29+00:00\",\"dateModified\":\"2017-08-11T17:55:34+00:00\",\"breadcrumb\":{\"@id\":\"https:\/\/www.oarcanjo.net\/site\/sao-joao-de-brebeuf-e-companheiros\/#breadcrumb\"},\"inLanguage\":\"pt-BR\",\"potentialAction\":[{\"@type\":\"ReadAction\",\"target\":[\"https:\/\/www.oarcanjo.net\/site\/sao-joao-de-brebeuf-e-companheiros\/\"]}]},{\"@type\":\"ImageObject\",\"inLanguage\":\"pt-BR\",\"@id\":\"https:\/\/www.oarcanjo.net\/site\/sao-joao-de-brebeuf-e-companheiros\/#primaryimage\",\"url\":\"http:\/\/4.bp.blogspot.com\/_z-c0Sh5Zlrs\/SK9UTYFpJRI\/AAAAAAAACLk\/GRzGcBeyYLY\/s400\/S%C3%A3o+Jo%C3%A3o+de+Br%C3%A9beuf+e+Companheiros.jpg\",\"contentUrl\":\"http:\/\/4.bp.blogspot.com\/_z-c0Sh5Zlrs\/SK9UTYFpJRI\/AAAAAAAACLk\/GRzGcBeyYLY\/s400\/S%C3%A3o+Jo%C3%A3o+de+Br%C3%A9beuf+e+Companheiros.jpg\"},{\"@type\":\"BreadcrumbList\",\"@id\":\"https:\/\/www.oarcanjo.net\/site\/sao-joao-de-brebeuf-e-companheiros\/#breadcrumb\",\"itemListElement\":[{\"@type\":\"ListItem\",\"position\":1,\"name\":\"In\u00edcio\",\"item\":\"https:\/\/www.oarcanjo.net\/site\/\"},{\"@type\":\"ListItem\",\"position\":2,\"name\":\"S\u00e3o Jo\u00e3o de Br\u00e9beuf e companheiros\"}]},{\"@type\":\"WebSite\",\"@id\":\"https:\/\/www.oarcanjo.net\/site\/#website\",\"url\":\"https:\/\/www.oarcanjo.net\/site\/\",\"name\":\"O Arcanjo no ar\",\"description\":\"Site da Par\u00f3quia S\u00e3o Miguel Arcanjo (Arquidiocese de SP)\",\"publisher\":{\"@id\":\"https:\/\/www.oarcanjo.net\/site\/#organization\"},\"potentialAction\":[{\"@type\":\"SearchAction\",\"target\":{\"@type\":\"EntryPoint\",\"urlTemplate\":\"https:\/\/www.oarcanjo.net\/site\/?s={search_term_string}\"},\"query-input\":{\"@type\":\"PropertyValueSpecification\",\"valueRequired\":true,\"valueName\":\"search_term_string\"}}],\"inLanguage\":\"pt-BR\"},{\"@type\":\"Organization\",\"@id\":\"https:\/\/www.oarcanjo.net\/site\/#organization\",\"name\":\"Par\u00f3quia S\u00e3o Miguel Arcanjo\",\"url\":\"https:\/\/www.oarcanjo.net\/site\/\",\"logo\":{\"@type\":\"ImageObject\",\"inLanguage\":\"pt-BR\",\"@id\":\"https:\/\/www.oarcanjo.net\/site\/#\/schema\/logo\/image\/\",\"url\":\"https:\/\/www.oarcanjo.net\/site\/wp-content\/uploads\/LogoOArcanjo.png\",\"contentUrl\":\"https:\/\/www.oarcanjo.net\/site\/wp-content\/uploads\/LogoOArcanjo.png\",\"width\":319,\"height\":99,\"caption\":\"Par\u00f3quia S\u00e3o Miguel Arcanjo\"},\"image\":{\"@id\":\"https:\/\/www.oarcanjo.net\/site\/#\/schema\/logo\/image\/\"},\"sameAs\":[\"https:\/\/www.facebook.com\/OArcanjoNoAr\/\"]},{\"@type\":\"Person\",\"@id\":\"https:\/\/www.oarcanjo.net\/site\/#\/schema\/person\/5eb9480bedd2f3c97e430ce128c29c6c\",\"name\":\"danilo\"}]}<\/script>\n<!-- \/ Yoast SEO plugin. -->","yoast_head_json":{"title":"S\u00e3o Jo\u00e3o de Br\u00e9beuf e companheiros - O Arcanjo no ar","robots":{"index":"index","follow":"follow","max-snippet":"max-snippet:-1","max-image-preview":"max-image-preview:large","max-video-preview":"max-video-preview:-1"},"canonical":"https:\/\/www.oarcanjo.net\/site\/sao-joao-de-brebeuf-e-companheiros\/","og_locale":"pt_BR","og_type":"article","og_title":"S\u00e3o Jo\u00e3o de Br\u00e9beuf e companheiros - O Arcanjo no ar","og_description":"19 de Outubro No s\u00e9culo XVII, a Companhia de Jesus participou da aventura pelos mares desconhecidos que levou \u00e0 descoberta e coloniza\u00e7\u00e3o de um novo mundo: o continente americano. Nas expedi\u00e7\u00f5es, os jesu\u00edtas garantiam a chegada da Palavra de Deus e os conhecimentos do cristianismo aos povos colonizados, e ao mesmo tempo davam apoio espiritual [&hellip;]","og_url":"https:\/\/www.oarcanjo.net\/site\/sao-joao-de-brebeuf-e-companheiros\/","og_site_name":"O Arcanjo no ar","article_publisher":"https:\/\/www.facebook.com\/OArcanjoNoAr\/","article_published_time":"2017-10-19T02:23:29+00:00","article_modified_time":"2017-08-11T17:55:34+00:00","og_image":[{"url":"http:\/\/4.bp.blogspot.com\/_z-c0Sh5Zlrs\/SK9UTYFpJRI\/AAAAAAAACLk\/GRzGcBeyYLY\/s400\/S%C3%A3o+Jo%C3%A3o+de+Br%C3%A9beuf+e+Companheiros.jpg"}],"author":"danilo","twitter_card":"summary_large_image","twitter_misc":{"Escrito por":"danilo","Est. tempo de leitura":"3 minutos"},"schema":{"@context":"https:\/\/schema.org","@graph":[{"@type":"Article","@id":"https:\/\/www.oarcanjo.net\/site\/sao-joao-de-brebeuf-e-companheiros\/#article","isPartOf":{"@id":"https:\/\/www.oarcanjo.net\/site\/sao-joao-de-brebeuf-e-companheiros\/"},"author":{"name":"danilo","@id":"https:\/\/www.oarcanjo.net\/site\/#\/schema\/person\/5eb9480bedd2f3c97e430ce128c29c6c"},"headline":"S\u00e3o Jo\u00e3o de Br\u00e9beuf e companheiros","datePublished":"2017-10-19T02:23:29+00:00","dateModified":"2017-08-11T17:55:34+00:00","mainEntityOfPage":{"@id":"https:\/\/www.oarcanjo.net\/site\/sao-joao-de-brebeuf-e-companheiros\/"},"wordCount":546,"commentCount":0,"publisher":{"@id":"https:\/\/www.oarcanjo.net\/site\/#organization"},"image":{"@id":"https:\/\/www.oarcanjo.net\/site\/sao-joao-de-brebeuf-e-companheiros\/#primaryimage"},"thumbnailUrl":"http:\/\/4.bp.blogspot.com\/_z-c0Sh5Zlrs\/SK9UTYFpJRI\/AAAAAAAACLk\/GRzGcBeyYLY\/s400\/S%C3%A3o+Jo%C3%A3o+de+Br%C3%A9beuf+e+Companheiros.jpg","articleSection":["Testemunhos"],"inLanguage":"pt-BR","potentialAction":[{"@type":"CommentAction","name":"Comment","target":["https:\/\/www.oarcanjo.net\/site\/sao-joao-de-brebeuf-e-companheiros\/#respond"]}]},{"@type":"WebPage","@id":"https:\/\/www.oarcanjo.net\/site\/sao-joao-de-brebeuf-e-companheiros\/","url":"https:\/\/www.oarcanjo.net\/site\/sao-joao-de-brebeuf-e-companheiros\/","name":"S\u00e3o Jo\u00e3o de Br\u00e9beuf e companheiros - O Arcanjo no ar","isPartOf":{"@id":"https:\/\/www.oarcanjo.net\/site\/#website"},"primaryImageOfPage":{"@id":"https:\/\/www.oarcanjo.net\/site\/sao-joao-de-brebeuf-e-companheiros\/#primaryimage"},"image":{"@id":"https:\/\/www.oarcanjo.net\/site\/sao-joao-de-brebeuf-e-companheiros\/#primaryimage"},"thumbnailUrl":"http:\/\/4.bp.blogspot.com\/_z-c0Sh5Zlrs\/SK9UTYFpJRI\/AAAAAAAACLk\/GRzGcBeyYLY\/s400\/S%C3%A3o+Jo%C3%A3o+de+Br%C3%A9beuf+e+Companheiros.jpg","datePublished":"2017-10-19T02:23:29+00:00","dateModified":"2017-08-11T17:55:34+00:00","breadcrumb":{"@id":"https:\/\/www.oarcanjo.net\/site\/sao-joao-de-brebeuf-e-companheiros\/#breadcrumb"},"inLanguage":"pt-BR","potentialAction":[{"@type":"ReadAction","target":["https:\/\/www.oarcanjo.net\/site\/sao-joao-de-brebeuf-e-companheiros\/"]}]},{"@type":"ImageObject","inLanguage":"pt-BR","@id":"https:\/\/www.oarcanjo.net\/site\/sao-joao-de-brebeuf-e-companheiros\/#primaryimage","url":"http:\/\/4.bp.blogspot.com\/_z-c0Sh5Zlrs\/SK9UTYFpJRI\/AAAAAAAACLk\/GRzGcBeyYLY\/s400\/S%C3%A3o+Jo%C3%A3o+de+Br%C3%A9beuf+e+Companheiros.jpg","contentUrl":"http:\/\/4.bp.blogspot.com\/_z-c0Sh5Zlrs\/SK9UTYFpJRI\/AAAAAAAACLk\/GRzGcBeyYLY\/s400\/S%C3%A3o+Jo%C3%A3o+de+Br%C3%A9beuf+e+Companheiros.jpg"},{"@type":"BreadcrumbList","@id":"https:\/\/www.oarcanjo.net\/site\/sao-joao-de-brebeuf-e-companheiros\/#breadcrumb","itemListElement":[{"@type":"ListItem","position":1,"name":"In\u00edcio","item":"https:\/\/www.oarcanjo.net\/site\/"},{"@type":"ListItem","position":2,"name":"S\u00e3o Jo\u00e3o de Br\u00e9beuf e companheiros"}]},{"@type":"WebSite","@id":"https:\/\/www.oarcanjo.net\/site\/#website","url":"https:\/\/www.oarcanjo.net\/site\/","name":"O Arcanjo no ar","description":"Site da Par\u00f3quia S\u00e3o Miguel Arcanjo (Arquidiocese de SP)","publisher":{"@id":"https:\/\/www.oarcanjo.net\/site\/#organization"},"potentialAction":[{"@type":"SearchAction","target":{"@type":"EntryPoint","urlTemplate":"https:\/\/www.oarcanjo.net\/site\/?s={search_term_string}"},"query-input":{"@type":"PropertyValueSpecification","valueRequired":true,"valueName":"search_term_string"}}],"inLanguage":"pt-BR"},{"@type":"Organization","@id":"https:\/\/www.oarcanjo.net\/site\/#organization","name":"Par\u00f3quia S\u00e3o Miguel Arcanjo","url":"https:\/\/www.oarcanjo.net\/site\/","logo":{"@type":"ImageObject","inLanguage":"pt-BR","@id":"https:\/\/www.oarcanjo.net\/site\/#\/schema\/logo\/image\/","url":"https:\/\/www.oarcanjo.net\/site\/wp-content\/uploads\/LogoOArcanjo.png","contentUrl":"https:\/\/www.oarcanjo.net\/site\/wp-content\/uploads\/LogoOArcanjo.png","width":319,"height":99,"caption":"Par\u00f3quia S\u00e3o Miguel Arcanjo"},"image":{"@id":"https:\/\/www.oarcanjo.net\/site\/#\/schema\/logo\/image\/"},"sameAs":["https:\/\/www.facebook.com\/OArcanjoNoAr\/"]},{"@type":"Person","@id":"https:\/\/www.oarcanjo.net\/site\/#\/schema\/person\/5eb9480bedd2f3c97e430ce128c29c6c","name":"danilo"}]}},"publishpress_future_action":{"enabled":false,"date":"2026-05-08 21:00:29","action":"category","newStatus":"draft","terms":[],"taxonomy":"category"},"publishpress_future_workflow_manual_trigger":{"enabledWorkflows":[]},"_links":{"self":[{"href":"https:\/\/www.oarcanjo.net\/site\/wp-json\/wp\/v2\/posts\/11388"}],"collection":[{"href":"https:\/\/www.oarcanjo.net\/site\/wp-json\/wp\/v2\/posts"}],"about":[{"href":"https:\/\/www.oarcanjo.net\/site\/wp-json\/wp\/v2\/types\/post"}],"author":[{"embeddable":true,"href":"https:\/\/www.oarcanjo.net\/site\/wp-json\/wp\/v2\/users\/14"}],"replies":[{"embeddable":true,"href":"https:\/\/www.oarcanjo.net\/site\/wp-json\/wp\/v2\/comments?post=11388"}],"version-history":[{"count":0,"href":"https:\/\/www.oarcanjo.net\/site\/wp-json\/wp\/v2\/posts\/11388\/revisions"}],"wp:attachment":[{"href":"https:\/\/www.oarcanjo.net\/site\/wp-json\/wp\/v2\/media?parent=11388"}],"wp:term":[{"taxonomy":"category","embeddable":true,"href":"https:\/\/www.oarcanjo.net\/site\/wp-json\/wp\/v2\/categories?post=11388"},{"taxonomy":"post_tag","embeddable":true,"href":"https:\/\/www.oarcanjo.net\/site\/wp-json\/wp\/v2\/tags?post=11388"}],"curies":[{"name":"wp","href":"https:\/\/api.w.org\/{rel}","templated":true}]}}