
{"id":11392,"date":"2017-10-19T14:30:39","date_gmt":"2017-10-19T16:30:39","guid":{"rendered":"http:\/\/www.oarcanjo.net\/site\/?p=11392"},"modified":"2017-08-11T14:55:10","modified_gmt":"2017-08-11T17:55:10","slug":"sao-paulo-da-cruz","status":"publish","type":"post","link":"https:\/\/www.oarcanjo.net\/site\/sao-paulo-da-cruz\/","title":{"rendered":"S\u00e3o Paulo da Cruz"},"content":{"rendered":"<p><img loading=\"lazy\" decoding=\"async\" src=\"http:\/\/alex.cristiano.zip.net\/images\/saopaulodacruz.JPG\" alt=\"\" width=\"347\" height=\"534\" \/><\/p>\n<p>19 de Outubro<\/p>\n<p>Foi aos dezenove anos de idade, ap\u00f3s ouvir um serm\u00e3o sobre a Paix\u00e3o de Cristo, que Paulo Francisco Danei decidiu-se pela vida religiosa. Nascido em Ovada, na Alexandria, regi\u00e3o norte da It\u00e1lia, no dia 3 de janeiro de 1694, era o primeiro dos dezesseis filhos de um casal de nobres e fervorosos crist\u00e3os. Apesar do nome e da posi\u00e7\u00e3o social, a fam\u00edlia n\u00e3o possu\u00eda fortuna. Seu pai era um dedicado comerciante que viajava muito. Desde a inf\u00e2ncia Paulo acostumou-se a acompanhar o pai, primeiro como seu companheiro, depois, tamb\u00e9m, para ajud\u00e1-lo nos neg\u00f3cios.<\/p>\n<p>Tamb\u00e9m desde pequeno se entregava a exerc\u00edcios de ora\u00e7\u00e3o e penit\u00eancia e \u00e0 leitura da vida dos santos, encantando-se, especialmente, com a dos eremitas. Gostava de ir \u00e0 igreja para rezar o ter\u00e7o. Essa rotina floresceu e fez crescer sua voca\u00e7\u00e3o.<\/p>\n<p>Quando ouviu o serm\u00e3o que o tocou, j\u00e1 pertencia \u00e0 Irmandade de Santo Ant\u00f4nio. Primeiro pensou em alistar-se como volunt\u00e1rio na cruzada contra os turcos, organizada pelo ex\u00e9rcito veneziano. Depois, rezando perante a santa eucaristia, ouviu o chamado de Deus para a vida religiosa. Iniciou, ent\u00e3o, suas intensas ora\u00e7\u00f5es contemplativas e penit\u00eancias.<\/p>\n<p>Junto com seu irm\u00e3o Jo\u00e3o Batista, foram viver como eremitas no monte Agent\u00e1rio. Durante a semana, privavam-se de tudo, oravam e penitenciavam-se. Aos domingos, dirigiam-se \u00e0s cidades, onde pregavam e enalteciam a Paix\u00e3o do Senhor. Assim, amadurecia em seu cora\u00e7\u00e3o o projeto de uma comunidade religiosa. At\u00e9 que, segundo ele, uma apari\u00e7\u00e3o da Virgem Maria permitiu-lhe conhecer o h\u00e1bito, o emblema e o estilo de vida do futuro Instituto, que teria sempre Jesus Cristo Crucificado como centro.<\/p>\n<p>Motivado pelos serm\u00f5es que atra\u00edram tantos seguidores e apoiado pelo bispo de Alexandria, fundou, em 1720, a Congrega\u00e7\u00e3o dos Cl\u00e9rigos Descal\u00e7os da Santa Cruz e da Paix\u00e3o de Nosso Senhor Jesus Cristo, ou dos Padres Passionistas, ordenando-se com o nome de Paulo da Cruz. As Regras da Congrega\u00e7\u00e3o eram t\u00e3o severas que seu fundador teve de abrand\u00e1-las para serem aprovadas definitivamente pelo papa Bento XIV, em 1741. Os integrantes receberam as ordens sacerdotais do bispo e, com as doa\u00e7\u00f5es do povo, foi constru\u00eddo o primeiro convento da Congrega\u00e7\u00e3o, em Agent\u00e1rio.<\/p>\n<p>Idoso e doente, quando foi desenganado pelos m\u00e9dicos Paulo da Cruz mandou pedir a b\u00ean\u00e7\u00e3o do papa Pio VI. Este, por\u00e9m, al\u00e9m de responder-lhe que era muito cedo para partir, ordenou que fosse ao Vaticano em tr\u00eas dias. Motivado pelo pont\u00edfice, cumpriu a ordem, chegando na data solicitada. Permaneceu em Roma por tr\u00eas anos at\u00e9 morrer, no dia 18 de outubro de 1775, aos oitenta e um anos de idade.<\/p>\n<p>Foi canonizado pelo papa Pio IX em 1867. As rel\u00edquias de s\u00e3o Paulo da Cruz s\u00e3o veneradas na Bas\u00edlica de S\u00e3o Jo\u00e3o e S\u00e3o Paulo e a festa lit\u00fargica ocorre no dia de sua morte. Hoje, a Ordem dos Padres Passionistas est\u00e1 em miss\u00e3o nos cinco continentes. No Brasil, eles chegaram em 1911 e t\u00eam a sede instalada em S\u00e3o Paulo.<\/p>\n<div id=\"themify_builder_content-11392\" data-postid=\"11392\" class=\"themify_builder_content themify_builder_content-11392 themify_builder themify_builder_front\">\n\t<\/div>\n<!-- \/themify_builder_content -->","protected":false},"excerpt":{"rendered":"<p>19 de Outubro Foi aos dezenove anos de idade, ap\u00f3s ouvir um serm\u00e3o sobre a Paix\u00e3o de Cristo, que Paulo Francisco Danei decidiu-se pela vida religiosa. Nascido em Ovada, na Alexandria, regi\u00e3o norte da It\u00e1lia, no dia 3 de janeiro de 1694, era o primeiro dos dezesseis filhos de um casal de nobres e fervorosos [&hellip;]<\/p>\n","protected":false},"author":14,"featured_media":0,"comment_status":"open","ping_status":"open","sticky":false,"template":"","format":"standard","meta":{"ngg_post_thumbnail":0,"footnotes":""},"categories":[186],"tags":[],"yoast_head":"<!-- This site is optimized with the Yoast SEO plugin v23.5 - https:\/\/yoast.com\/wordpress\/plugins\/seo\/ -->\n<title>S\u00e3o Paulo da Cruz - O Arcanjo no ar<\/title>\n<meta name=\"robots\" content=\"index, follow, max-snippet:-1, max-image-preview:large, max-video-preview:-1\" \/>\n<link rel=\"canonical\" href=\"https:\/\/www.oarcanjo.net\/site\/sao-paulo-da-cruz\/\" \/>\n<meta property=\"og:locale\" content=\"pt_BR\" \/>\n<meta property=\"og:type\" content=\"article\" \/>\n<meta property=\"og:title\" content=\"S\u00e3o Paulo da Cruz - O Arcanjo no ar\" \/>\n<meta property=\"og:description\" content=\"19 de Outubro Foi aos dezenove anos de idade, ap\u00f3s ouvir um serm\u00e3o sobre a Paix\u00e3o de Cristo, que Paulo Francisco Danei decidiu-se pela vida religiosa. Nascido em Ovada, na Alexandria, regi\u00e3o norte da It\u00e1lia, no dia 3 de janeiro de 1694, era o primeiro dos dezesseis filhos de um casal de nobres e fervorosos [&hellip;]\" \/>\n<meta property=\"og:url\" content=\"https:\/\/www.oarcanjo.net\/site\/sao-paulo-da-cruz\/\" \/>\n<meta property=\"og:site_name\" content=\"O Arcanjo no ar\" \/>\n<meta property=\"article:publisher\" content=\"https:\/\/www.facebook.com\/OArcanjoNoAr\/\" \/>\n<meta property=\"article:published_time\" content=\"2017-10-19T16:30:39+00:00\" \/>\n<meta property=\"article:modified_time\" content=\"2017-08-11T17:55:10+00:00\" \/>\n<meta property=\"og:image\" content=\"http:\/\/alex.cristiano.zip.net\/images\/saopaulodacruz.JPG\" \/>\n<meta name=\"author\" content=\"danilo\" \/>\n<meta name=\"twitter:card\" content=\"summary_large_image\" \/>\n<meta name=\"twitter:label1\" content=\"Escrito por\" \/>\n\t<meta name=\"twitter:data1\" content=\"danilo\" \/>\n\t<meta name=\"twitter:label2\" content=\"Est. tempo de leitura\" \/>\n\t<meta name=\"twitter:data2\" content=\"3 minutos\" \/>\n<script type=\"application\/ld+json\" class=\"yoast-schema-graph\">{\"@context\":\"https:\/\/schema.org\",\"@graph\":[{\"@type\":\"Article\",\"@id\":\"https:\/\/www.oarcanjo.net\/site\/sao-paulo-da-cruz\/#article\",\"isPartOf\":{\"@id\":\"https:\/\/www.oarcanjo.net\/site\/sao-paulo-da-cruz\/\"},\"author\":{\"name\":\"danilo\",\"@id\":\"https:\/\/www.oarcanjo.net\/site\/#\/schema\/person\/5eb9480bedd2f3c97e430ce128c29c6c\"},\"headline\":\"S\u00e3o Paulo da Cruz\",\"datePublished\":\"2017-10-19T16:30:39+00:00\",\"dateModified\":\"2017-08-11T17:55:10+00:00\",\"mainEntityOfPage\":{\"@id\":\"https:\/\/www.oarcanjo.net\/site\/sao-paulo-da-cruz\/\"},\"wordCount\":546,\"commentCount\":0,\"publisher\":{\"@id\":\"https:\/\/www.oarcanjo.net\/site\/#organization\"},\"image\":{\"@id\":\"https:\/\/www.oarcanjo.net\/site\/sao-paulo-da-cruz\/#primaryimage\"},\"thumbnailUrl\":\"http:\/\/alex.cristiano.zip.net\/images\/saopaulodacruz.JPG\",\"articleSection\":[\"Testemunhos\"],\"inLanguage\":\"pt-BR\",\"potentialAction\":[{\"@type\":\"CommentAction\",\"name\":\"Comment\",\"target\":[\"https:\/\/www.oarcanjo.net\/site\/sao-paulo-da-cruz\/#respond\"]}]},{\"@type\":\"WebPage\",\"@id\":\"https:\/\/www.oarcanjo.net\/site\/sao-paulo-da-cruz\/\",\"url\":\"https:\/\/www.oarcanjo.net\/site\/sao-paulo-da-cruz\/\",\"name\":\"S\u00e3o Paulo da Cruz - O Arcanjo no ar\",\"isPartOf\":{\"@id\":\"https:\/\/www.oarcanjo.net\/site\/#website\"},\"primaryImageOfPage\":{\"@id\":\"https:\/\/www.oarcanjo.net\/site\/sao-paulo-da-cruz\/#primaryimage\"},\"image\":{\"@id\":\"https:\/\/www.oarcanjo.net\/site\/sao-paulo-da-cruz\/#primaryimage\"},\"thumbnailUrl\":\"http:\/\/alex.cristiano.zip.net\/images\/saopaulodacruz.JPG\",\"datePublished\":\"2017-10-19T16:30:39+00:00\",\"dateModified\":\"2017-08-11T17:55:10+00:00\",\"breadcrumb\":{\"@id\":\"https:\/\/www.oarcanjo.net\/site\/sao-paulo-da-cruz\/#breadcrumb\"},\"inLanguage\":\"pt-BR\",\"potentialAction\":[{\"@type\":\"ReadAction\",\"target\":[\"https:\/\/www.oarcanjo.net\/site\/sao-paulo-da-cruz\/\"]}]},{\"@type\":\"ImageObject\",\"inLanguage\":\"pt-BR\",\"@id\":\"https:\/\/www.oarcanjo.net\/site\/sao-paulo-da-cruz\/#primaryimage\",\"url\":\"http:\/\/alex.cristiano.zip.net\/images\/saopaulodacruz.JPG\",\"contentUrl\":\"http:\/\/alex.cristiano.zip.net\/images\/saopaulodacruz.JPG\"},{\"@type\":\"BreadcrumbList\",\"@id\":\"https:\/\/www.oarcanjo.net\/site\/sao-paulo-da-cruz\/#breadcrumb\",\"itemListElement\":[{\"@type\":\"ListItem\",\"position\":1,\"name\":\"In\u00edcio\",\"item\":\"https:\/\/www.oarcanjo.net\/site\/\"},{\"@type\":\"ListItem\",\"position\":2,\"name\":\"S\u00e3o Paulo da Cruz\"}]},{\"@type\":\"WebSite\",\"@id\":\"https:\/\/www.oarcanjo.net\/site\/#website\",\"url\":\"https:\/\/www.oarcanjo.net\/site\/\",\"name\":\"O Arcanjo no ar\",\"description\":\"Site da Par\u00f3quia S\u00e3o Miguel Arcanjo (Arquidiocese de SP)\",\"publisher\":{\"@id\":\"https:\/\/www.oarcanjo.net\/site\/#organization\"},\"potentialAction\":[{\"@type\":\"SearchAction\",\"target\":{\"@type\":\"EntryPoint\",\"urlTemplate\":\"https:\/\/www.oarcanjo.net\/site\/?s={search_term_string}\"},\"query-input\":{\"@type\":\"PropertyValueSpecification\",\"valueRequired\":true,\"valueName\":\"search_term_string\"}}],\"inLanguage\":\"pt-BR\"},{\"@type\":\"Organization\",\"@id\":\"https:\/\/www.oarcanjo.net\/site\/#organization\",\"name\":\"Par\u00f3quia S\u00e3o Miguel Arcanjo\",\"url\":\"https:\/\/www.oarcanjo.net\/site\/\",\"logo\":{\"@type\":\"ImageObject\",\"inLanguage\":\"pt-BR\",\"@id\":\"https:\/\/www.oarcanjo.net\/site\/#\/schema\/logo\/image\/\",\"url\":\"https:\/\/www.oarcanjo.net\/site\/wp-content\/uploads\/LogoOArcanjo.png\",\"contentUrl\":\"https:\/\/www.oarcanjo.net\/site\/wp-content\/uploads\/LogoOArcanjo.png\",\"width\":319,\"height\":99,\"caption\":\"Par\u00f3quia S\u00e3o Miguel Arcanjo\"},\"image\":{\"@id\":\"https:\/\/www.oarcanjo.net\/site\/#\/schema\/logo\/image\/\"},\"sameAs\":[\"https:\/\/www.facebook.com\/OArcanjoNoAr\/\"]},{\"@type\":\"Person\",\"@id\":\"https:\/\/www.oarcanjo.net\/site\/#\/schema\/person\/5eb9480bedd2f3c97e430ce128c29c6c\",\"name\":\"danilo\"}]}<\/script>\n<!-- \/ Yoast SEO plugin. -->","yoast_head_json":{"title":"S\u00e3o Paulo da Cruz - O Arcanjo no ar","robots":{"index":"index","follow":"follow","max-snippet":"max-snippet:-1","max-image-preview":"max-image-preview:large","max-video-preview":"max-video-preview:-1"},"canonical":"https:\/\/www.oarcanjo.net\/site\/sao-paulo-da-cruz\/","og_locale":"pt_BR","og_type":"article","og_title":"S\u00e3o Paulo da Cruz - O Arcanjo no ar","og_description":"19 de Outubro Foi aos dezenove anos de idade, ap\u00f3s ouvir um serm\u00e3o sobre a Paix\u00e3o de Cristo, que Paulo Francisco Danei decidiu-se pela vida religiosa. Nascido em Ovada, na Alexandria, regi\u00e3o norte da It\u00e1lia, no dia 3 de janeiro de 1694, era o primeiro dos dezesseis filhos de um casal de nobres e fervorosos [&hellip;]","og_url":"https:\/\/www.oarcanjo.net\/site\/sao-paulo-da-cruz\/","og_site_name":"O Arcanjo no ar","article_publisher":"https:\/\/www.facebook.com\/OArcanjoNoAr\/","article_published_time":"2017-10-19T16:30:39+00:00","article_modified_time":"2017-08-11T17:55:10+00:00","og_image":[{"url":"http:\/\/alex.cristiano.zip.net\/images\/saopaulodacruz.JPG"}],"author":"danilo","twitter_card":"summary_large_image","twitter_misc":{"Escrito por":"danilo","Est. tempo de leitura":"3 minutos"},"schema":{"@context":"https:\/\/schema.org","@graph":[{"@type":"Article","@id":"https:\/\/www.oarcanjo.net\/site\/sao-paulo-da-cruz\/#article","isPartOf":{"@id":"https:\/\/www.oarcanjo.net\/site\/sao-paulo-da-cruz\/"},"author":{"name":"danilo","@id":"https:\/\/www.oarcanjo.net\/site\/#\/schema\/person\/5eb9480bedd2f3c97e430ce128c29c6c"},"headline":"S\u00e3o Paulo da Cruz","datePublished":"2017-10-19T16:30:39+00:00","dateModified":"2017-08-11T17:55:10+00:00","mainEntityOfPage":{"@id":"https:\/\/www.oarcanjo.net\/site\/sao-paulo-da-cruz\/"},"wordCount":546,"commentCount":0,"publisher":{"@id":"https:\/\/www.oarcanjo.net\/site\/#organization"},"image":{"@id":"https:\/\/www.oarcanjo.net\/site\/sao-paulo-da-cruz\/#primaryimage"},"thumbnailUrl":"http:\/\/alex.cristiano.zip.net\/images\/saopaulodacruz.JPG","articleSection":["Testemunhos"],"inLanguage":"pt-BR","potentialAction":[{"@type":"CommentAction","name":"Comment","target":["https:\/\/www.oarcanjo.net\/site\/sao-paulo-da-cruz\/#respond"]}]},{"@type":"WebPage","@id":"https:\/\/www.oarcanjo.net\/site\/sao-paulo-da-cruz\/","url":"https:\/\/www.oarcanjo.net\/site\/sao-paulo-da-cruz\/","name":"S\u00e3o Paulo da Cruz - O Arcanjo no ar","isPartOf":{"@id":"https:\/\/www.oarcanjo.net\/site\/#website"},"primaryImageOfPage":{"@id":"https:\/\/www.oarcanjo.net\/site\/sao-paulo-da-cruz\/#primaryimage"},"image":{"@id":"https:\/\/www.oarcanjo.net\/site\/sao-paulo-da-cruz\/#primaryimage"},"thumbnailUrl":"http:\/\/alex.cristiano.zip.net\/images\/saopaulodacruz.JPG","datePublished":"2017-10-19T16:30:39+00:00","dateModified":"2017-08-11T17:55:10+00:00","breadcrumb":{"@id":"https:\/\/www.oarcanjo.net\/site\/sao-paulo-da-cruz\/#breadcrumb"},"inLanguage":"pt-BR","potentialAction":[{"@type":"ReadAction","target":["https:\/\/www.oarcanjo.net\/site\/sao-paulo-da-cruz\/"]}]},{"@type":"ImageObject","inLanguage":"pt-BR","@id":"https:\/\/www.oarcanjo.net\/site\/sao-paulo-da-cruz\/#primaryimage","url":"http:\/\/alex.cristiano.zip.net\/images\/saopaulodacruz.JPG","contentUrl":"http:\/\/alex.cristiano.zip.net\/images\/saopaulodacruz.JPG"},{"@type":"BreadcrumbList","@id":"https:\/\/www.oarcanjo.net\/site\/sao-paulo-da-cruz\/#breadcrumb","itemListElement":[{"@type":"ListItem","position":1,"name":"In\u00edcio","item":"https:\/\/www.oarcanjo.net\/site\/"},{"@type":"ListItem","position":2,"name":"S\u00e3o Paulo da Cruz"}]},{"@type":"WebSite","@id":"https:\/\/www.oarcanjo.net\/site\/#website","url":"https:\/\/www.oarcanjo.net\/site\/","name":"O Arcanjo no ar","description":"Site da Par\u00f3quia S\u00e3o Miguel Arcanjo (Arquidiocese de SP)","publisher":{"@id":"https:\/\/www.oarcanjo.net\/site\/#organization"},"potentialAction":[{"@type":"SearchAction","target":{"@type":"EntryPoint","urlTemplate":"https:\/\/www.oarcanjo.net\/site\/?s={search_term_string}"},"query-input":{"@type":"PropertyValueSpecification","valueRequired":true,"valueName":"search_term_string"}}],"inLanguage":"pt-BR"},{"@type":"Organization","@id":"https:\/\/www.oarcanjo.net\/site\/#organization","name":"Par\u00f3quia S\u00e3o Miguel Arcanjo","url":"https:\/\/www.oarcanjo.net\/site\/","logo":{"@type":"ImageObject","inLanguage":"pt-BR","@id":"https:\/\/www.oarcanjo.net\/site\/#\/schema\/logo\/image\/","url":"https:\/\/www.oarcanjo.net\/site\/wp-content\/uploads\/LogoOArcanjo.png","contentUrl":"https:\/\/www.oarcanjo.net\/site\/wp-content\/uploads\/LogoOArcanjo.png","width":319,"height":99,"caption":"Par\u00f3quia S\u00e3o Miguel Arcanjo"},"image":{"@id":"https:\/\/www.oarcanjo.net\/site\/#\/schema\/logo\/image\/"},"sameAs":["https:\/\/www.facebook.com\/OArcanjoNoAr\/"]},{"@type":"Person","@id":"https:\/\/www.oarcanjo.net\/site\/#\/schema\/person\/5eb9480bedd2f3c97e430ce128c29c6c","name":"danilo"}]}},"publishpress_future_action":{"enabled":false,"date":"2026-05-08 21:00:17","action":"category","newStatus":"draft","terms":[],"taxonomy":"category"},"publishpress_future_workflow_manual_trigger":{"enabledWorkflows":[]},"_links":{"self":[{"href":"https:\/\/www.oarcanjo.net\/site\/wp-json\/wp\/v2\/posts\/11392"}],"collection":[{"href":"https:\/\/www.oarcanjo.net\/site\/wp-json\/wp\/v2\/posts"}],"about":[{"href":"https:\/\/www.oarcanjo.net\/site\/wp-json\/wp\/v2\/types\/post"}],"author":[{"embeddable":true,"href":"https:\/\/www.oarcanjo.net\/site\/wp-json\/wp\/v2\/users\/14"}],"replies":[{"embeddable":true,"href":"https:\/\/www.oarcanjo.net\/site\/wp-json\/wp\/v2\/comments?post=11392"}],"version-history":[{"count":0,"href":"https:\/\/www.oarcanjo.net\/site\/wp-json\/wp\/v2\/posts\/11392\/revisions"}],"wp:attachment":[{"href":"https:\/\/www.oarcanjo.net\/site\/wp-json\/wp\/v2\/media?parent=11392"}],"wp:term":[{"taxonomy":"category","embeddable":true,"href":"https:\/\/www.oarcanjo.net\/site\/wp-json\/wp\/v2\/categories?post=11392"},{"taxonomy":"post_tag","embeddable":true,"href":"https:\/\/www.oarcanjo.net\/site\/wp-json\/wp\/v2\/tags?post=11392"}],"curies":[{"name":"wp","href":"https:\/\/api.w.org\/{rel}","templated":true}]}}