
{"id":11394,"date":"2017-10-20T00:40:43","date_gmt":"2017-10-20T02:40:43","guid":{"rendered":"http:\/\/www.oarcanjo.net\/site\/?p=11394"},"modified":"2017-08-11T14:55:20","modified_gmt":"2017-08-11T17:55:20","slug":"santa-madalena-de-nagasaki","status":"publish","type":"post","link":"https:\/\/www.oarcanjo.net\/site\/santa-madalena-de-nagasaki\/","title":{"rendered":"Santa Madalena de Nagasaki"},"content":{"rendered":"<p><img decoding=\"async\" src=\"http:\/\/www.santarita-oar.org.br\/imagens\/046_50\/046fotomadalena.gif\" alt=\"\" \/><\/p>\n<p>20 de Outubro<\/p>\n<table border=\"0\" cellspacing=\"0\" cellpadding=\"0\" width=\"610\" align=\"center\">\n<tbody>\n<tr>\n<td valign=\"middle\"><span style=\"font-family: Verdana, Arial, Helvetica, sans-serif;font-size: small\">Agostiniana Recoleta Terci\u00e1ria, Madalena foi uma dentre os muitos m\u00e1rtires do Jap\u00e3o no s\u00e9culo XVII. <\/span><span style=\"font-family: Verdana, Arial, Helvetica, sans-serif;font-size: small\">Crist\u00e3 entusiasta, ela conheceu os frades agostinianos recoletos em 1623, atuou como int\u00e9rprete para eles e, mas tarde, foi tamb\u00e9m catequista. <\/span><\/p>\n<p><span style=\"font-family: Verdana, Arial, Helvetica, sans-serif;font-size: small\">Durante o per\u00edodo de persegui\u00e7\u00e3o aos crist\u00e3os ela sustentou a f\u00e9 de muitos novos convertidos.<\/span><\/td>\n<\/tr>\n<\/tbody>\n<\/table>\n<div id=\"themify_builder_content-11394\" data-postid=\"11394\" class=\"themify_builder_content themify_builder_content-11394 themify_builder themify_builder_front\">\n\t<\/div>\n<!-- \/themify_builder_content -->","protected":false},"excerpt":{"rendered":"<p>20 de Outubro Agostiniana Recoleta Terci\u00e1ria, Madalena foi uma dentre os muitos m\u00e1rtires do Jap\u00e3o no s\u00e9culo XVII. Crist\u00e3 entusiasta, ela conheceu os frades agostinianos recoletos em 1623, atuou como int\u00e9rprete para eles e, mas tarde, foi tamb\u00e9m catequista. Durante o per\u00edodo de persegui\u00e7\u00e3o aos crist\u00e3os ela sustentou a f\u00e9 de muitos novos convertidos.<\/p>\n","protected":false},"author":14,"featured_media":0,"comment_status":"open","ping_status":"open","sticky":false,"template":"","format":"standard","meta":{"ngg_post_thumbnail":0,"footnotes":""},"categories":[186],"tags":[],"yoast_head":"<!-- This site is optimized with the Yoast SEO plugin v23.5 - https:\/\/yoast.com\/wordpress\/plugins\/seo\/ -->\n<title>Santa Madalena de Nagasaki - O Arcanjo no ar<\/title>\n<meta name=\"robots\" content=\"index, follow, max-snippet:-1, max-image-preview:large, max-video-preview:-1\" \/>\n<link rel=\"canonical\" href=\"https:\/\/www.oarcanjo.net\/site\/santa-madalena-de-nagasaki\/\" \/>\n<meta property=\"og:locale\" content=\"pt_BR\" \/>\n<meta property=\"og:type\" content=\"article\" \/>\n<meta property=\"og:title\" content=\"Santa Madalena de Nagasaki - O Arcanjo no ar\" \/>\n<meta property=\"og:description\" content=\"20 de Outubro Agostiniana Recoleta Terci\u00e1ria, Madalena foi uma dentre os muitos m\u00e1rtires do Jap\u00e3o no s\u00e9culo XVII. Crist\u00e3 entusiasta, ela conheceu os frades agostinianos recoletos em 1623, atuou como int\u00e9rprete para eles e, mas tarde, foi tamb\u00e9m catequista. Durante o per\u00edodo de persegui\u00e7\u00e3o aos crist\u00e3os ela sustentou a f\u00e9 de muitos novos convertidos.\" \/>\n<meta property=\"og:url\" content=\"https:\/\/www.oarcanjo.net\/site\/santa-madalena-de-nagasaki\/\" \/>\n<meta property=\"og:site_name\" content=\"O Arcanjo no ar\" \/>\n<meta property=\"article:publisher\" content=\"https:\/\/www.facebook.com\/OArcanjoNoAr\/\" \/>\n<meta property=\"article:published_time\" content=\"2017-10-20T02:40:43+00:00\" \/>\n<meta property=\"article:modified_time\" content=\"2017-08-11T17:55:20+00:00\" \/>\n<meta property=\"og:image\" content=\"http:\/\/www.santarita-oar.org.br\/imagens\/046_50\/046fotomadalena.gif\" \/>\n<meta name=\"author\" content=\"danilo\" \/>\n<meta name=\"twitter:card\" content=\"summary_large_image\" \/>\n<meta name=\"twitter:label1\" content=\"Escrito por\" \/>\n\t<meta name=\"twitter:data1\" content=\"danilo\" \/>\n<script type=\"application\/ld+json\" class=\"yoast-schema-graph\">{\"@context\":\"https:\/\/schema.org\",\"@graph\":[{\"@type\":\"Article\",\"@id\":\"https:\/\/www.oarcanjo.net\/site\/santa-madalena-de-nagasaki\/#article\",\"isPartOf\":{\"@id\":\"https:\/\/www.oarcanjo.net\/site\/santa-madalena-de-nagasaki\/\"},\"author\":{\"name\":\"danilo\",\"@id\":\"https:\/\/www.oarcanjo.net\/site\/#\/schema\/person\/5eb9480bedd2f3c97e430ce128c29c6c\"},\"headline\":\"Santa Madalena de Nagasaki\",\"datePublished\":\"2017-10-20T02:40:43+00:00\",\"dateModified\":\"2017-08-11T17:55:20+00:00\",\"mainEntityOfPage\":{\"@id\":\"https:\/\/www.oarcanjo.net\/site\/santa-madalena-de-nagasaki\/\"},\"wordCount\":65,\"commentCount\":1,\"publisher\":{\"@id\":\"https:\/\/www.oarcanjo.net\/site\/#organization\"},\"image\":{\"@id\":\"https:\/\/www.oarcanjo.net\/site\/santa-madalena-de-nagasaki\/#primaryimage\"},\"thumbnailUrl\":\"http:\/\/www.santarita-oar.org.br\/imagens\/046_50\/046fotomadalena.gif\",\"articleSection\":[\"Testemunhos\"],\"inLanguage\":\"pt-BR\",\"potentialAction\":[{\"@type\":\"CommentAction\",\"name\":\"Comment\",\"target\":[\"https:\/\/www.oarcanjo.net\/site\/santa-madalena-de-nagasaki\/#respond\"]}]},{\"@type\":\"WebPage\",\"@id\":\"https:\/\/www.oarcanjo.net\/site\/santa-madalena-de-nagasaki\/\",\"url\":\"https:\/\/www.oarcanjo.net\/site\/santa-madalena-de-nagasaki\/\",\"name\":\"Santa Madalena de Nagasaki - O Arcanjo no ar\",\"isPartOf\":{\"@id\":\"https:\/\/www.oarcanjo.net\/site\/#website\"},\"primaryImageOfPage\":{\"@id\":\"https:\/\/www.oarcanjo.net\/site\/santa-madalena-de-nagasaki\/#primaryimage\"},\"image\":{\"@id\":\"https:\/\/www.oarcanjo.net\/site\/santa-madalena-de-nagasaki\/#primaryimage\"},\"thumbnailUrl\":\"http:\/\/www.santarita-oar.org.br\/imagens\/046_50\/046fotomadalena.gif\",\"datePublished\":\"2017-10-20T02:40:43+00:00\",\"dateModified\":\"2017-08-11T17:55:20+00:00\",\"breadcrumb\":{\"@id\":\"https:\/\/www.oarcanjo.net\/site\/santa-madalena-de-nagasaki\/#breadcrumb\"},\"inLanguage\":\"pt-BR\",\"potentialAction\":[{\"@type\":\"ReadAction\",\"target\":[\"https:\/\/www.oarcanjo.net\/site\/santa-madalena-de-nagasaki\/\"]}]},{\"@type\":\"ImageObject\",\"inLanguage\":\"pt-BR\",\"@id\":\"https:\/\/www.oarcanjo.net\/site\/santa-madalena-de-nagasaki\/#primaryimage\",\"url\":\"http:\/\/www.santarita-oar.org.br\/imagens\/046_50\/046fotomadalena.gif\",\"contentUrl\":\"http:\/\/www.santarita-oar.org.br\/imagens\/046_50\/046fotomadalena.gif\"},{\"@type\":\"BreadcrumbList\",\"@id\":\"https:\/\/www.oarcanjo.net\/site\/santa-madalena-de-nagasaki\/#breadcrumb\",\"itemListElement\":[{\"@type\":\"ListItem\",\"position\":1,\"name\":\"In\u00edcio\",\"item\":\"https:\/\/www.oarcanjo.net\/site\/\"},{\"@type\":\"ListItem\",\"position\":2,\"name\":\"Santa Madalena de Nagasaki\"}]},{\"@type\":\"WebSite\",\"@id\":\"https:\/\/www.oarcanjo.net\/site\/#website\",\"url\":\"https:\/\/www.oarcanjo.net\/site\/\",\"name\":\"O Arcanjo no ar\",\"description\":\"Site da Par\u00f3quia S\u00e3o Miguel Arcanjo (Arquidiocese de SP)\",\"publisher\":{\"@id\":\"https:\/\/www.oarcanjo.net\/site\/#organization\"},\"potentialAction\":[{\"@type\":\"SearchAction\",\"target\":{\"@type\":\"EntryPoint\",\"urlTemplate\":\"https:\/\/www.oarcanjo.net\/site\/?s={search_term_string}\"},\"query-input\":{\"@type\":\"PropertyValueSpecification\",\"valueRequired\":true,\"valueName\":\"search_term_string\"}}],\"inLanguage\":\"pt-BR\"},{\"@type\":\"Organization\",\"@id\":\"https:\/\/www.oarcanjo.net\/site\/#organization\",\"name\":\"Par\u00f3quia S\u00e3o Miguel Arcanjo\",\"url\":\"https:\/\/www.oarcanjo.net\/site\/\",\"logo\":{\"@type\":\"ImageObject\",\"inLanguage\":\"pt-BR\",\"@id\":\"https:\/\/www.oarcanjo.net\/site\/#\/schema\/logo\/image\/\",\"url\":\"https:\/\/www.oarcanjo.net\/site\/wp-content\/uploads\/LogoOArcanjo.png\",\"contentUrl\":\"https:\/\/www.oarcanjo.net\/site\/wp-content\/uploads\/LogoOArcanjo.png\",\"width\":319,\"height\":99,\"caption\":\"Par\u00f3quia S\u00e3o Miguel Arcanjo\"},\"image\":{\"@id\":\"https:\/\/www.oarcanjo.net\/site\/#\/schema\/logo\/image\/\"},\"sameAs\":[\"https:\/\/www.facebook.com\/OArcanjoNoAr\/\"]},{\"@type\":\"Person\",\"@id\":\"https:\/\/www.oarcanjo.net\/site\/#\/schema\/person\/5eb9480bedd2f3c97e430ce128c29c6c\",\"name\":\"danilo\"}]}<\/script>\n<!-- \/ Yoast SEO plugin. -->","yoast_head_json":{"title":"Santa Madalena de Nagasaki - O Arcanjo no ar","robots":{"index":"index","follow":"follow","max-snippet":"max-snippet:-1","max-image-preview":"max-image-preview:large","max-video-preview":"max-video-preview:-1"},"canonical":"https:\/\/www.oarcanjo.net\/site\/santa-madalena-de-nagasaki\/","og_locale":"pt_BR","og_type":"article","og_title":"Santa Madalena de Nagasaki - O Arcanjo no ar","og_description":"20 de Outubro Agostiniana Recoleta Terci\u00e1ria, Madalena foi uma dentre os muitos m\u00e1rtires do Jap\u00e3o no s\u00e9culo XVII. Crist\u00e3 entusiasta, ela conheceu os frades agostinianos recoletos em 1623, atuou como int\u00e9rprete para eles e, mas tarde, foi tamb\u00e9m catequista. Durante o per\u00edodo de persegui\u00e7\u00e3o aos crist\u00e3os ela sustentou a f\u00e9 de muitos novos convertidos.","og_url":"https:\/\/www.oarcanjo.net\/site\/santa-madalena-de-nagasaki\/","og_site_name":"O Arcanjo no ar","article_publisher":"https:\/\/www.facebook.com\/OArcanjoNoAr\/","article_published_time":"2017-10-20T02:40:43+00:00","article_modified_time":"2017-08-11T17:55:20+00:00","og_image":[{"url":"http:\/\/www.santarita-oar.org.br\/imagens\/046_50\/046fotomadalena.gif"}],"author":"danilo","twitter_card":"summary_large_image","twitter_misc":{"Escrito por":"danilo"},"schema":{"@context":"https:\/\/schema.org","@graph":[{"@type":"Article","@id":"https:\/\/www.oarcanjo.net\/site\/santa-madalena-de-nagasaki\/#article","isPartOf":{"@id":"https:\/\/www.oarcanjo.net\/site\/santa-madalena-de-nagasaki\/"},"author":{"name":"danilo","@id":"https:\/\/www.oarcanjo.net\/site\/#\/schema\/person\/5eb9480bedd2f3c97e430ce128c29c6c"},"headline":"Santa Madalena de Nagasaki","datePublished":"2017-10-20T02:40:43+00:00","dateModified":"2017-08-11T17:55:20+00:00","mainEntityOfPage":{"@id":"https:\/\/www.oarcanjo.net\/site\/santa-madalena-de-nagasaki\/"},"wordCount":65,"commentCount":1,"publisher":{"@id":"https:\/\/www.oarcanjo.net\/site\/#organization"},"image":{"@id":"https:\/\/www.oarcanjo.net\/site\/santa-madalena-de-nagasaki\/#primaryimage"},"thumbnailUrl":"http:\/\/www.santarita-oar.org.br\/imagens\/046_50\/046fotomadalena.gif","articleSection":["Testemunhos"],"inLanguage":"pt-BR","potentialAction":[{"@type":"CommentAction","name":"Comment","target":["https:\/\/www.oarcanjo.net\/site\/santa-madalena-de-nagasaki\/#respond"]}]},{"@type":"WebPage","@id":"https:\/\/www.oarcanjo.net\/site\/santa-madalena-de-nagasaki\/","url":"https:\/\/www.oarcanjo.net\/site\/santa-madalena-de-nagasaki\/","name":"Santa Madalena de Nagasaki - O Arcanjo no ar","isPartOf":{"@id":"https:\/\/www.oarcanjo.net\/site\/#website"},"primaryImageOfPage":{"@id":"https:\/\/www.oarcanjo.net\/site\/santa-madalena-de-nagasaki\/#primaryimage"},"image":{"@id":"https:\/\/www.oarcanjo.net\/site\/santa-madalena-de-nagasaki\/#primaryimage"},"thumbnailUrl":"http:\/\/www.santarita-oar.org.br\/imagens\/046_50\/046fotomadalena.gif","datePublished":"2017-10-20T02:40:43+00:00","dateModified":"2017-08-11T17:55:20+00:00","breadcrumb":{"@id":"https:\/\/www.oarcanjo.net\/site\/santa-madalena-de-nagasaki\/#breadcrumb"},"inLanguage":"pt-BR","potentialAction":[{"@type":"ReadAction","target":["https:\/\/www.oarcanjo.net\/site\/santa-madalena-de-nagasaki\/"]}]},{"@type":"ImageObject","inLanguage":"pt-BR","@id":"https:\/\/www.oarcanjo.net\/site\/santa-madalena-de-nagasaki\/#primaryimage","url":"http:\/\/www.santarita-oar.org.br\/imagens\/046_50\/046fotomadalena.gif","contentUrl":"http:\/\/www.santarita-oar.org.br\/imagens\/046_50\/046fotomadalena.gif"},{"@type":"BreadcrumbList","@id":"https:\/\/www.oarcanjo.net\/site\/santa-madalena-de-nagasaki\/#breadcrumb","itemListElement":[{"@type":"ListItem","position":1,"name":"In\u00edcio","item":"https:\/\/www.oarcanjo.net\/site\/"},{"@type":"ListItem","position":2,"name":"Santa Madalena de Nagasaki"}]},{"@type":"WebSite","@id":"https:\/\/www.oarcanjo.net\/site\/#website","url":"https:\/\/www.oarcanjo.net\/site\/","name":"O Arcanjo no ar","description":"Site da Par\u00f3quia S\u00e3o Miguel Arcanjo (Arquidiocese de SP)","publisher":{"@id":"https:\/\/www.oarcanjo.net\/site\/#organization"},"potentialAction":[{"@type":"SearchAction","target":{"@type":"EntryPoint","urlTemplate":"https:\/\/www.oarcanjo.net\/site\/?s={search_term_string}"},"query-input":{"@type":"PropertyValueSpecification","valueRequired":true,"valueName":"search_term_string"}}],"inLanguage":"pt-BR"},{"@type":"Organization","@id":"https:\/\/www.oarcanjo.net\/site\/#organization","name":"Par\u00f3quia S\u00e3o Miguel Arcanjo","url":"https:\/\/www.oarcanjo.net\/site\/","logo":{"@type":"ImageObject","inLanguage":"pt-BR","@id":"https:\/\/www.oarcanjo.net\/site\/#\/schema\/logo\/image\/","url":"https:\/\/www.oarcanjo.net\/site\/wp-content\/uploads\/LogoOArcanjo.png","contentUrl":"https:\/\/www.oarcanjo.net\/site\/wp-content\/uploads\/LogoOArcanjo.png","width":319,"height":99,"caption":"Par\u00f3quia S\u00e3o Miguel Arcanjo"},"image":{"@id":"https:\/\/www.oarcanjo.net\/site\/#\/schema\/logo\/image\/"},"sameAs":["https:\/\/www.facebook.com\/OArcanjoNoAr\/"]},{"@type":"Person","@id":"https:\/\/www.oarcanjo.net\/site\/#\/schema\/person\/5eb9480bedd2f3c97e430ce128c29c6c","name":"danilo"}]}},"publishpress_future_action":{"enabled":false,"date":"2026-05-08 20:52:11","action":"category","newStatus":"draft","terms":[],"taxonomy":"category"},"publishpress_future_workflow_manual_trigger":{"enabledWorkflows":[]},"_links":{"self":[{"href":"https:\/\/www.oarcanjo.net\/site\/wp-json\/wp\/v2\/posts\/11394"}],"collection":[{"href":"https:\/\/www.oarcanjo.net\/site\/wp-json\/wp\/v2\/posts"}],"about":[{"href":"https:\/\/www.oarcanjo.net\/site\/wp-json\/wp\/v2\/types\/post"}],"author":[{"embeddable":true,"href":"https:\/\/www.oarcanjo.net\/site\/wp-json\/wp\/v2\/users\/14"}],"replies":[{"embeddable":true,"href":"https:\/\/www.oarcanjo.net\/site\/wp-json\/wp\/v2\/comments?post=11394"}],"version-history":[{"count":0,"href":"https:\/\/www.oarcanjo.net\/site\/wp-json\/wp\/v2\/posts\/11394\/revisions"}],"wp:attachment":[{"href":"https:\/\/www.oarcanjo.net\/site\/wp-json\/wp\/v2\/media?parent=11394"}],"wp:term":[{"taxonomy":"category","embeddable":true,"href":"https:\/\/www.oarcanjo.net\/site\/wp-json\/wp\/v2\/categories?post=11394"},{"taxonomy":"post_tag","embeddable":true,"href":"https:\/\/www.oarcanjo.net\/site\/wp-json\/wp\/v2\/tags?post=11394"}],"curies":[{"name":"wp","href":"https:\/\/api.w.org\/{rel}","templated":true}]}}