
{"id":11405,"date":"2017-10-22T00:58:14","date_gmt":"2017-10-22T02:58:14","guid":{"rendered":"http:\/\/www.oarcanjo.net\/site\/?p=11405"},"modified":"2017-08-11T14:58:32","modified_gmt":"2017-08-11T17:58:32","slug":"bem-aveturado-contardo-ferrini","status":"publish","type":"post","link":"https:\/\/www.oarcanjo.net\/site\/bem-aveturado-contardo-ferrini\/","title":{"rendered":"Bem Aveturado Contardo Ferrini"},"content":{"rendered":"<p><img loading=\"lazy\" decoding=\"async\" class=\"alignnone size-full wp-image-53544\" src=\"http:\/\/www.oarcanjo.net\/site\/wp-content\/uploads\/Bem-Aveturado-Contardo-Ferrini.jpg\" alt=\"Bem-Aveturado-Contardo-Ferrini\" width=\"193\" height=\"300\" \/><\/p>\n<p>22 de Outubro<\/p>\n<p>Contardo Ferrini tinha extrema intelig\u00eancia. Filho de Rinaldo e Luiza, ambos, desde cedo, cuidaram para o integral desenvolvimento de sua potencialidade. Seu pai, um professor e engenheiro, incutiu-lhe o desejo de buscar o conhecimento nas fontes verdadeiras e uni-lo \u00e0 f\u00e9. Esta \u00faltima parte sempre foi muito desprezada pela maioria dos intelectuais.<\/p>\n<p>Por\u00e9m Contardo foi um dos juristas mais apreciados e um dos grandes romancistas do seu tempo. Um grande professor e intelectual, mas muito diferente e especial tamb\u00e9m. O que o tornava realmente destacado era sua dedica\u00e7\u00e3o religiosa, num tempo em que a Igreja atravessava profunda crise de f\u00e9 e enfrentava grande oposi\u00e7\u00e3o. J\u00e1 era assim quando nasceu, no dia 5 de abril de 1859, em Mil\u00e3o, It\u00e1lia. E continuaria sendo nas d\u00e9cadas seguintes.<\/p>\n<p>No plano intelectual, foi brilhante. Com dezessete anos, j\u00e1 havia estudado hebraico, sir\u00edaco, s\u00e2nscrito, copta e iniciava o curso de Direito na Universidade de P\u00e1via. Especializou-se em direito romano e para isso, al\u00e9m de estudar latim, grego e alem\u00e3o, paralelamente aprendeu espanhol, ingl\u00eas e franc\u00eas. Laureado em 1880, como pr\u00eamio a universidade deu-lhe uma bolsa de estudos, o que proporcionou-lhe a oportunidade de estudar na Universidade de Berlim. Com vinte e quatro anos, j\u00e1 lecionava direito criminal e direito romano, viajando pelo exterior e realizando confer\u00eancias e palestras.<\/p>\n<p>No plano espiritual, foi exemplar. Mesmo depois de ag\u00fcentar e sofrer com as goza\u00e7\u00f5es dos companheiros de universidade por causa da religiosidade, foi crescendo na f\u00e9. Fez voto de castidade em 1881, e assistia \u00e0 missa diariamente. Humilde, seu amor aos mais pobres o fez participar das obras da Sociedade de S\u00e3o Vicente de Paulo. Simples, seu amor \u00e0 natureza &#8211; praticava alpinismo &#8211; o fez tornar-se terci\u00e1rio franciscano em 1886.<\/p>\n<p>Juntando os dois planos, foi um homem completo, amigo, solid\u00e1rio, lutador das causas contra o div\u00f3rcio, dos excessos de materialismo e em defesa da inf\u00e2ncia abandonada. Especialmente, quando foi eleito conselheiro municipal de Mil\u00e3o. Vivia para os estudos, as aulas, a igreja e as ora\u00e7\u00f5es solit\u00e1rias em casa, mas estava sempre \u00e0 disposi\u00e7\u00e3o de todos os que o procuravam para pedir ajuda, conselhos e orienta\u00e7\u00f5es pessoais.<\/p>\n<p>Nas f\u00e9rias, sempre viajava para Suna, uma regi\u00e3o montanhosa destinada \u00e0 pratica do alpinismo. L\u00e1, conheceu um religioso apreciador e praticante desse esporte, Achille Ratti, mais tarde Pio XI, promotor de sua beatifica\u00e7\u00e3o. Foi l\u00e1 que contraiu a doen\u00e7a que o levou \u00e0 morte em 17 de outubro de 1902, o tifo.<\/p>\n<p>Deixou um legado liter\u00e1rio importante: os escritos jur\u00eddicos de Ferrini resultam nos cinco volumes conhecidos como &#8220;Obras de Contardo Ferrini&#8221;, os estudos espirituais chamados de &#8220;Escritos religiosos de Contardo Ferrini&#8221; e &#8220;A vida&#8221;.<\/p>\n<p>O papa Pio XII beatificou-o em 1947. No mesmo ano, o bem-aventurado Contardo Ferrini foi proclamado patrono da Faculdade Paulista de Direito, da Pontif\u00edcia Universidade Cat\u00f3lica, e a Sala de Reuni\u00f5es da mesma homenageia o seu nome. A celebra\u00e7\u00e3o lit\u00fargica em sua mem\u00f3ria ocorre no dia de sua morte.<\/p>\n<div id=\"themify_builder_content-11405\" data-postid=\"11405\" class=\"themify_builder_content themify_builder_content-11405 themify_builder themify_builder_front\">\n\t<\/div>\n<!-- \/themify_builder_content -->","protected":false},"excerpt":{"rendered":"<p>22 de Outubro Contardo Ferrini tinha extrema intelig\u00eancia. Filho de Rinaldo e Luiza, ambos, desde cedo, cuidaram para o integral desenvolvimento de sua potencialidade. Seu pai, um professor e engenheiro, incutiu-lhe o desejo de buscar o conhecimento nas fontes verdadeiras e uni-lo \u00e0 f\u00e9. Esta \u00faltima parte sempre foi muito desprezada pela maioria dos intelectuais. [&hellip;]<\/p>\n","protected":false},"author":14,"featured_media":0,"comment_status":"open","ping_status":"open","sticky":false,"template":"","format":"standard","meta":{"ngg_post_thumbnail":0,"footnotes":""},"categories":[186],"tags":[],"yoast_head":"<!-- This site is optimized with the Yoast SEO plugin v23.5 - https:\/\/yoast.com\/wordpress\/plugins\/seo\/ -->\n<title>Bem Aveturado Contardo Ferrini - O Arcanjo no ar<\/title>\n<meta name=\"robots\" content=\"index, follow, max-snippet:-1, max-image-preview:large, max-video-preview:-1\" \/>\n<link rel=\"canonical\" href=\"https:\/\/www.oarcanjo.net\/site\/bem-aveturado-contardo-ferrini\/\" \/>\n<meta property=\"og:locale\" content=\"pt_BR\" \/>\n<meta property=\"og:type\" content=\"article\" \/>\n<meta property=\"og:title\" content=\"Bem Aveturado Contardo Ferrini - O Arcanjo no ar\" \/>\n<meta property=\"og:description\" content=\"22 de Outubro Contardo Ferrini tinha extrema intelig\u00eancia. Filho de Rinaldo e Luiza, ambos, desde cedo, cuidaram para o integral desenvolvimento de sua potencialidade. Seu pai, um professor e engenheiro, incutiu-lhe o desejo de buscar o conhecimento nas fontes verdadeiras e uni-lo \u00e0 f\u00e9. Esta \u00faltima parte sempre foi muito desprezada pela maioria dos intelectuais. [&hellip;]\" \/>\n<meta property=\"og:url\" content=\"https:\/\/www.oarcanjo.net\/site\/bem-aveturado-contardo-ferrini\/\" \/>\n<meta property=\"og:site_name\" content=\"O Arcanjo no ar\" \/>\n<meta property=\"article:publisher\" content=\"https:\/\/www.facebook.com\/OArcanjoNoAr\/\" \/>\n<meta property=\"article:published_time\" content=\"2017-10-22T02:58:14+00:00\" \/>\n<meta property=\"article:modified_time\" content=\"2017-08-11T17:58:32+00:00\" \/>\n<meta property=\"og:image\" content=\"http:\/\/www.oarcanjo.net\/site\/wp-content\/uploads\/Bem-Aveturado-Contardo-Ferrini.jpg\" \/>\n<meta name=\"author\" content=\"danilo\" \/>\n<meta name=\"twitter:card\" content=\"summary_large_image\" \/>\n<meta name=\"twitter:label1\" content=\"Escrito por\" \/>\n\t<meta name=\"twitter:data1\" content=\"danilo\" \/>\n\t<meta name=\"twitter:label2\" content=\"Est. tempo de leitura\" \/>\n\t<meta name=\"twitter:data2\" content=\"3 minutos\" \/>\n<script type=\"application\/ld+json\" class=\"yoast-schema-graph\">{\"@context\":\"https:\/\/schema.org\",\"@graph\":[{\"@type\":\"Article\",\"@id\":\"https:\/\/www.oarcanjo.net\/site\/bem-aveturado-contardo-ferrini\/#article\",\"isPartOf\":{\"@id\":\"https:\/\/www.oarcanjo.net\/site\/bem-aveturado-contardo-ferrini\/\"},\"author\":{\"name\":\"danilo\",\"@id\":\"https:\/\/www.oarcanjo.net\/site\/#\/schema\/person\/5eb9480bedd2f3c97e430ce128c29c6c\"},\"headline\":\"Bem Aveturado Contardo Ferrini\",\"datePublished\":\"2017-10-22T02:58:14+00:00\",\"dateModified\":\"2017-08-11T17:58:32+00:00\",\"mainEntityOfPage\":{\"@id\":\"https:\/\/www.oarcanjo.net\/site\/bem-aveturado-contardo-ferrini\/\"},\"wordCount\":517,\"commentCount\":0,\"publisher\":{\"@id\":\"https:\/\/www.oarcanjo.net\/site\/#organization\"},\"image\":{\"@id\":\"https:\/\/www.oarcanjo.net\/site\/bem-aveturado-contardo-ferrini\/#primaryimage\"},\"thumbnailUrl\":\"http:\/\/www.oarcanjo.net\/site\/wp-content\/uploads\/Bem-Aveturado-Contardo-Ferrini.jpg\",\"articleSection\":[\"Testemunhos\"],\"inLanguage\":\"pt-BR\",\"potentialAction\":[{\"@type\":\"CommentAction\",\"name\":\"Comment\",\"target\":[\"https:\/\/www.oarcanjo.net\/site\/bem-aveturado-contardo-ferrini\/#respond\"]}]},{\"@type\":\"WebPage\",\"@id\":\"https:\/\/www.oarcanjo.net\/site\/bem-aveturado-contardo-ferrini\/\",\"url\":\"https:\/\/www.oarcanjo.net\/site\/bem-aveturado-contardo-ferrini\/\",\"name\":\"Bem Aveturado Contardo Ferrini - O Arcanjo no ar\",\"isPartOf\":{\"@id\":\"https:\/\/www.oarcanjo.net\/site\/#website\"},\"primaryImageOfPage\":{\"@id\":\"https:\/\/www.oarcanjo.net\/site\/bem-aveturado-contardo-ferrini\/#primaryimage\"},\"image\":{\"@id\":\"https:\/\/www.oarcanjo.net\/site\/bem-aveturado-contardo-ferrini\/#primaryimage\"},\"thumbnailUrl\":\"http:\/\/www.oarcanjo.net\/site\/wp-content\/uploads\/Bem-Aveturado-Contardo-Ferrini.jpg\",\"datePublished\":\"2017-10-22T02:58:14+00:00\",\"dateModified\":\"2017-08-11T17:58:32+00:00\",\"breadcrumb\":{\"@id\":\"https:\/\/www.oarcanjo.net\/site\/bem-aveturado-contardo-ferrini\/#breadcrumb\"},\"inLanguage\":\"pt-BR\",\"potentialAction\":[{\"@type\":\"ReadAction\",\"target\":[\"https:\/\/www.oarcanjo.net\/site\/bem-aveturado-contardo-ferrini\/\"]}]},{\"@type\":\"ImageObject\",\"inLanguage\":\"pt-BR\",\"@id\":\"https:\/\/www.oarcanjo.net\/site\/bem-aveturado-contardo-ferrini\/#primaryimage\",\"url\":\"https:\/\/www.oarcanjo.net\/site\/wp-content\/uploads\/Bem-Aveturado-Contardo-Ferrini.jpg\",\"contentUrl\":\"https:\/\/www.oarcanjo.net\/site\/wp-content\/uploads\/Bem-Aveturado-Contardo-Ferrini.jpg\",\"width\":193,\"height\":300,\"caption\":\"Bem-Aveturado Contardo Ferrini\"},{\"@type\":\"BreadcrumbList\",\"@id\":\"https:\/\/www.oarcanjo.net\/site\/bem-aveturado-contardo-ferrini\/#breadcrumb\",\"itemListElement\":[{\"@type\":\"ListItem\",\"position\":1,\"name\":\"In\u00edcio\",\"item\":\"https:\/\/www.oarcanjo.net\/site\/\"},{\"@type\":\"ListItem\",\"position\":2,\"name\":\"Bem Aveturado Contardo Ferrini\"}]},{\"@type\":\"WebSite\",\"@id\":\"https:\/\/www.oarcanjo.net\/site\/#website\",\"url\":\"https:\/\/www.oarcanjo.net\/site\/\",\"name\":\"O Arcanjo no ar\",\"description\":\"Site da Par\u00f3quia S\u00e3o Miguel Arcanjo (Arquidiocese de SP)\",\"publisher\":{\"@id\":\"https:\/\/www.oarcanjo.net\/site\/#organization\"},\"potentialAction\":[{\"@type\":\"SearchAction\",\"target\":{\"@type\":\"EntryPoint\",\"urlTemplate\":\"https:\/\/www.oarcanjo.net\/site\/?s={search_term_string}\"},\"query-input\":{\"@type\":\"PropertyValueSpecification\",\"valueRequired\":true,\"valueName\":\"search_term_string\"}}],\"inLanguage\":\"pt-BR\"},{\"@type\":\"Organization\",\"@id\":\"https:\/\/www.oarcanjo.net\/site\/#organization\",\"name\":\"Par\u00f3quia S\u00e3o Miguel Arcanjo\",\"url\":\"https:\/\/www.oarcanjo.net\/site\/\",\"logo\":{\"@type\":\"ImageObject\",\"inLanguage\":\"pt-BR\",\"@id\":\"https:\/\/www.oarcanjo.net\/site\/#\/schema\/logo\/image\/\",\"url\":\"https:\/\/www.oarcanjo.net\/site\/wp-content\/uploads\/LogoOArcanjo.png\",\"contentUrl\":\"https:\/\/www.oarcanjo.net\/site\/wp-content\/uploads\/LogoOArcanjo.png\",\"width\":319,\"height\":99,\"caption\":\"Par\u00f3quia S\u00e3o Miguel Arcanjo\"},\"image\":{\"@id\":\"https:\/\/www.oarcanjo.net\/site\/#\/schema\/logo\/image\/\"},\"sameAs\":[\"https:\/\/www.facebook.com\/OArcanjoNoAr\/\"]},{\"@type\":\"Person\",\"@id\":\"https:\/\/www.oarcanjo.net\/site\/#\/schema\/person\/5eb9480bedd2f3c97e430ce128c29c6c\",\"name\":\"danilo\"}]}<\/script>\n<!-- \/ Yoast SEO plugin. -->","yoast_head_json":{"title":"Bem Aveturado Contardo Ferrini - O Arcanjo no ar","robots":{"index":"index","follow":"follow","max-snippet":"max-snippet:-1","max-image-preview":"max-image-preview:large","max-video-preview":"max-video-preview:-1"},"canonical":"https:\/\/www.oarcanjo.net\/site\/bem-aveturado-contardo-ferrini\/","og_locale":"pt_BR","og_type":"article","og_title":"Bem Aveturado Contardo Ferrini - O Arcanjo no ar","og_description":"22 de Outubro Contardo Ferrini tinha extrema intelig\u00eancia. Filho de Rinaldo e Luiza, ambos, desde cedo, cuidaram para o integral desenvolvimento de sua potencialidade. Seu pai, um professor e engenheiro, incutiu-lhe o desejo de buscar o conhecimento nas fontes verdadeiras e uni-lo \u00e0 f\u00e9. Esta \u00faltima parte sempre foi muito desprezada pela maioria dos intelectuais. [&hellip;]","og_url":"https:\/\/www.oarcanjo.net\/site\/bem-aveturado-contardo-ferrini\/","og_site_name":"O Arcanjo no ar","article_publisher":"https:\/\/www.facebook.com\/OArcanjoNoAr\/","article_published_time":"2017-10-22T02:58:14+00:00","article_modified_time":"2017-08-11T17:58:32+00:00","og_image":[{"url":"http:\/\/www.oarcanjo.net\/site\/wp-content\/uploads\/Bem-Aveturado-Contardo-Ferrini.jpg"}],"author":"danilo","twitter_card":"summary_large_image","twitter_misc":{"Escrito por":"danilo","Est. tempo de leitura":"3 minutos"},"schema":{"@context":"https:\/\/schema.org","@graph":[{"@type":"Article","@id":"https:\/\/www.oarcanjo.net\/site\/bem-aveturado-contardo-ferrini\/#article","isPartOf":{"@id":"https:\/\/www.oarcanjo.net\/site\/bem-aveturado-contardo-ferrini\/"},"author":{"name":"danilo","@id":"https:\/\/www.oarcanjo.net\/site\/#\/schema\/person\/5eb9480bedd2f3c97e430ce128c29c6c"},"headline":"Bem Aveturado Contardo Ferrini","datePublished":"2017-10-22T02:58:14+00:00","dateModified":"2017-08-11T17:58:32+00:00","mainEntityOfPage":{"@id":"https:\/\/www.oarcanjo.net\/site\/bem-aveturado-contardo-ferrini\/"},"wordCount":517,"commentCount":0,"publisher":{"@id":"https:\/\/www.oarcanjo.net\/site\/#organization"},"image":{"@id":"https:\/\/www.oarcanjo.net\/site\/bem-aveturado-contardo-ferrini\/#primaryimage"},"thumbnailUrl":"http:\/\/www.oarcanjo.net\/site\/wp-content\/uploads\/Bem-Aveturado-Contardo-Ferrini.jpg","articleSection":["Testemunhos"],"inLanguage":"pt-BR","potentialAction":[{"@type":"CommentAction","name":"Comment","target":["https:\/\/www.oarcanjo.net\/site\/bem-aveturado-contardo-ferrini\/#respond"]}]},{"@type":"WebPage","@id":"https:\/\/www.oarcanjo.net\/site\/bem-aveturado-contardo-ferrini\/","url":"https:\/\/www.oarcanjo.net\/site\/bem-aveturado-contardo-ferrini\/","name":"Bem Aveturado Contardo Ferrini - O Arcanjo no ar","isPartOf":{"@id":"https:\/\/www.oarcanjo.net\/site\/#website"},"primaryImageOfPage":{"@id":"https:\/\/www.oarcanjo.net\/site\/bem-aveturado-contardo-ferrini\/#primaryimage"},"image":{"@id":"https:\/\/www.oarcanjo.net\/site\/bem-aveturado-contardo-ferrini\/#primaryimage"},"thumbnailUrl":"http:\/\/www.oarcanjo.net\/site\/wp-content\/uploads\/Bem-Aveturado-Contardo-Ferrini.jpg","datePublished":"2017-10-22T02:58:14+00:00","dateModified":"2017-08-11T17:58:32+00:00","breadcrumb":{"@id":"https:\/\/www.oarcanjo.net\/site\/bem-aveturado-contardo-ferrini\/#breadcrumb"},"inLanguage":"pt-BR","potentialAction":[{"@type":"ReadAction","target":["https:\/\/www.oarcanjo.net\/site\/bem-aveturado-contardo-ferrini\/"]}]},{"@type":"ImageObject","inLanguage":"pt-BR","@id":"https:\/\/www.oarcanjo.net\/site\/bem-aveturado-contardo-ferrini\/#primaryimage","url":"https:\/\/www.oarcanjo.net\/site\/wp-content\/uploads\/Bem-Aveturado-Contardo-Ferrini.jpg","contentUrl":"https:\/\/www.oarcanjo.net\/site\/wp-content\/uploads\/Bem-Aveturado-Contardo-Ferrini.jpg","width":193,"height":300,"caption":"Bem-Aveturado Contardo Ferrini"},{"@type":"BreadcrumbList","@id":"https:\/\/www.oarcanjo.net\/site\/bem-aveturado-contardo-ferrini\/#breadcrumb","itemListElement":[{"@type":"ListItem","position":1,"name":"In\u00edcio","item":"https:\/\/www.oarcanjo.net\/site\/"},{"@type":"ListItem","position":2,"name":"Bem Aveturado Contardo Ferrini"}]},{"@type":"WebSite","@id":"https:\/\/www.oarcanjo.net\/site\/#website","url":"https:\/\/www.oarcanjo.net\/site\/","name":"O Arcanjo no ar","description":"Site da Par\u00f3quia S\u00e3o Miguel Arcanjo (Arquidiocese de SP)","publisher":{"@id":"https:\/\/www.oarcanjo.net\/site\/#organization"},"potentialAction":[{"@type":"SearchAction","target":{"@type":"EntryPoint","urlTemplate":"https:\/\/www.oarcanjo.net\/site\/?s={search_term_string}"},"query-input":{"@type":"PropertyValueSpecification","valueRequired":true,"valueName":"search_term_string"}}],"inLanguage":"pt-BR"},{"@type":"Organization","@id":"https:\/\/www.oarcanjo.net\/site\/#organization","name":"Par\u00f3quia S\u00e3o Miguel Arcanjo","url":"https:\/\/www.oarcanjo.net\/site\/","logo":{"@type":"ImageObject","inLanguage":"pt-BR","@id":"https:\/\/www.oarcanjo.net\/site\/#\/schema\/logo\/image\/","url":"https:\/\/www.oarcanjo.net\/site\/wp-content\/uploads\/LogoOArcanjo.png","contentUrl":"https:\/\/www.oarcanjo.net\/site\/wp-content\/uploads\/LogoOArcanjo.png","width":319,"height":99,"caption":"Par\u00f3quia S\u00e3o Miguel Arcanjo"},"image":{"@id":"https:\/\/www.oarcanjo.net\/site\/#\/schema\/logo\/image\/"},"sameAs":["https:\/\/www.facebook.com\/OArcanjoNoAr\/"]},{"@type":"Person","@id":"https:\/\/www.oarcanjo.net\/site\/#\/schema\/person\/5eb9480bedd2f3c97e430ce128c29c6c","name":"danilo"}]}},"publishpress_future_action":{"enabled":false,"date":"2026-05-08 13:52:59","action":"category","newStatus":"draft","terms":[],"taxonomy":"category"},"publishpress_future_workflow_manual_trigger":{"enabledWorkflows":[]},"_links":{"self":[{"href":"https:\/\/www.oarcanjo.net\/site\/wp-json\/wp\/v2\/posts\/11405"}],"collection":[{"href":"https:\/\/www.oarcanjo.net\/site\/wp-json\/wp\/v2\/posts"}],"about":[{"href":"https:\/\/www.oarcanjo.net\/site\/wp-json\/wp\/v2\/types\/post"}],"author":[{"embeddable":true,"href":"https:\/\/www.oarcanjo.net\/site\/wp-json\/wp\/v2\/users\/14"}],"replies":[{"embeddable":true,"href":"https:\/\/www.oarcanjo.net\/site\/wp-json\/wp\/v2\/comments?post=11405"}],"version-history":[{"count":0,"href":"https:\/\/www.oarcanjo.net\/site\/wp-json\/wp\/v2\/posts\/11405\/revisions"}],"wp:attachment":[{"href":"https:\/\/www.oarcanjo.net\/site\/wp-json\/wp\/v2\/media?parent=11405"}],"wp:term":[{"taxonomy":"category","embeddable":true,"href":"https:\/\/www.oarcanjo.net\/site\/wp-json\/wp\/v2\/categories?post=11405"},{"taxonomy":"post_tag","embeddable":true,"href":"https:\/\/www.oarcanjo.net\/site\/wp-json\/wp\/v2\/tags?post=11405"}],"curies":[{"name":"wp","href":"https:\/\/api.w.org\/{rel}","templated":true}]}}