
{"id":11408,"date":"2017-10-22T00:03:45","date_gmt":"2017-10-22T02:03:45","guid":{"rendered":"http:\/\/www.oarcanjo.net\/site\/?p=11408"},"modified":"2017-08-11T14:54:45","modified_gmt":"2017-08-11T17:54:45","slug":"sao-donato","status":"publish","type":"post","link":"https:\/\/www.oarcanjo.net\/site\/sao-donato\/","title":{"rendered":"S\u00e3o Donato"},"content":{"rendered":"<p><img decoding=\"async\" src=\"http:\/\/3.bp.blogspot.com\/_NP_qSFD7T9Y\/SuBv1GlAIgI\/AAAAAAAAAC0\/KrBeOG7POy4\/s320\/S%C3%A3o+Donato.jpg\" alt=\"\" \/><\/p>\n<p>22 de Outubro<\/p>\n<p>Donato, filho de nobres crist\u00e3o, nasceu na Irlanda nos \u00faltimos anos do s\u00e9culo VIII. Desde crian\u00e7a foi educado na f\u00e9 cat\u00f3lica. Iniciou os estudos religiosos e, devido ao r\u00e1pido e bom progresso, desejou aperfei\u00e7oar-se. Mais tarde, abandonou a fam\u00edlia e a p\u00e1tria, seguindo em peregrina\u00e7\u00e3o por v\u00e1rias regi\u00f5es at\u00e9 chegar em Roma, onde se tornou sacerdote em 816.<\/p>\n<p>Na volta para a Irlanda, parou na cidade de Fiesole, quando o clero e a popula\u00e7\u00e3o procuravam eleger um novo bispo. Movidos pela divina inspira\u00e7\u00e3o, decidiram escolher aquele desconhecido peregrino. A tradi\u00e7\u00e3o conta que, quando Donato entrou na igreja, os sinos tocaram e os c\u00edrios acenderam-se, sem que algu\u00e9m tivesse contribu\u00eddo para isso. No in\u00edcio, relutou em aceitar, mas depois se dobrou ao desejo de todos. Era o ano 829. Existem muitos registros sobre o seu governo pastoral em Fiesole, que durou cerca de quarenta anos.<\/p>\n<p>Combateu com sucesso os usurpadores dos bens da Igreja. Em 866, viajou para encontrar-se com o imperador Lot\u00e1rio II, e conseguiu confirmar as doa\u00e7\u00f5es dos bens concedidos pelo seu predecessor, Alexandre, e outros v\u00e1rios direitos. Teve uma boa rela\u00e7\u00e3o com os soberanos daquela \u00e9poca, os quais acompanhava nas empreitadas e nas viagens. Escritos relatam que Donato foi professor, trabalhou para os reis franceses, participou de expedi\u00e7\u00f5es com os imperadores italianos e chefiou uma campanha contra os invasores \u00e1rabes mu\u00e7ulmanos na It\u00e1lia meridional.<\/p>\n<p>Em 850, o bispo Donato esteve em Roma, participando da coroa\u00e7\u00e3o do imperador Ludovico, feita pelo papa Le\u00e3o IV. Naquela ocasi\u00e3o, foi convidado a participar, junto com o pont\u00edfice e o imperador, do julgamento de uma velha quest\u00e3o pendente entre os bispos de Arezzo e de Siena, resolvida a favor do \u00faltimo.<\/p>\n<p>Era um sacerdote muito instru\u00eddo, s\u00e1bio e prudente, por isso se preocupou com a instru\u00e7\u00e3o do clero e da juventude. Escreveu diversas obras, das quais restou apenas um epit\u00e1fio, ditado para o seu jazigo, valoroso pelas informa\u00e7\u00f5es autobiogr\u00e1ficas; um credo po\u00e9tico, que recitou antes de morrer, e a &#8220;Lauda de Santa Br\u00edgida&#8221;, padroeira da Irlanda.<\/p>\n<p>Pensando nos peregrinos, principalmente nos irlandeses, com recursos pr\u00f3prios Donato construiu naquela diocese a igreja de Santa Br\u00edgida, o hospital e um albergue, todos ricamente decorados e bem aparelhados. Depois, em 850, doou tudo para a abadia fundada por s\u00e3o Columbano de Bobbio.<\/p>\n<p>Morreu em 877, na cidade de Fiesole, It\u00e1lia. As suas rel\u00edquias foram sepultadas na antiga catedral, dedicada a s\u00e3o R\u00f4mulo, onde ficaram at\u00e9 o final de 1017, quando foram transferidas para a nova catedral, em uma capela a ele dedicada. A Igreja declarou-o santo e celebra-o no dia 22 de outubro. A festa de s\u00e3o Donato espalhou-se por todo o mundo crist\u00e3o, mas principalmente na Irlanda ele \u00e9 muito homenageado.<\/p>\n<div id=\"themify_builder_content-11408\" data-postid=\"11408\" class=\"themify_builder_content themify_builder_content-11408 themify_builder themify_builder_front\">\n\t<\/div>\n<!-- \/themify_builder_content -->","protected":false},"excerpt":{"rendered":"<p>22 de Outubro Donato, filho de nobres crist\u00e3o, nasceu na Irlanda nos \u00faltimos anos do s\u00e9culo VIII. Desde crian\u00e7a foi educado na f\u00e9 cat\u00f3lica. Iniciou os estudos religiosos e, devido ao r\u00e1pido e bom progresso, desejou aperfei\u00e7oar-se. Mais tarde, abandonou a fam\u00edlia e a p\u00e1tria, seguindo em peregrina\u00e7\u00e3o por v\u00e1rias regi\u00f5es at\u00e9 chegar em Roma, [&hellip;]<\/p>\n","protected":false},"author":14,"featured_media":0,"comment_status":"open","ping_status":"open","sticky":false,"template":"","format":"standard","meta":{"ngg_post_thumbnail":0,"footnotes":""},"categories":[186],"tags":[],"yoast_head":"<!-- This site is optimized with the Yoast SEO plugin v23.5 - https:\/\/yoast.com\/wordpress\/plugins\/seo\/ -->\n<title>S\u00e3o Donato - O Arcanjo no ar<\/title>\n<meta name=\"robots\" content=\"index, follow, max-snippet:-1, max-image-preview:large, max-video-preview:-1\" \/>\n<link rel=\"canonical\" href=\"https:\/\/www.oarcanjo.net\/site\/sao-donato\/\" \/>\n<meta property=\"og:locale\" content=\"pt_BR\" \/>\n<meta property=\"og:type\" content=\"article\" \/>\n<meta property=\"og:title\" content=\"S\u00e3o Donato - O Arcanjo no ar\" \/>\n<meta property=\"og:description\" content=\"22 de Outubro Donato, filho de nobres crist\u00e3o, nasceu na Irlanda nos \u00faltimos anos do s\u00e9culo VIII. Desde crian\u00e7a foi educado na f\u00e9 cat\u00f3lica. Iniciou os estudos religiosos e, devido ao r\u00e1pido e bom progresso, desejou aperfei\u00e7oar-se. Mais tarde, abandonou a fam\u00edlia e a p\u00e1tria, seguindo em peregrina\u00e7\u00e3o por v\u00e1rias regi\u00f5es at\u00e9 chegar em Roma, [&hellip;]\" \/>\n<meta property=\"og:url\" content=\"https:\/\/www.oarcanjo.net\/site\/sao-donato\/\" \/>\n<meta property=\"og:site_name\" content=\"O Arcanjo no ar\" \/>\n<meta property=\"article:publisher\" content=\"https:\/\/www.facebook.com\/OArcanjoNoAr\/\" \/>\n<meta property=\"article:published_time\" content=\"2017-10-22T02:03:45+00:00\" \/>\n<meta property=\"article:modified_time\" content=\"2017-08-11T17:54:45+00:00\" \/>\n<meta property=\"og:image\" content=\"http:\/\/3.bp.blogspot.com\/_NP_qSFD7T9Y\/SuBv1GlAIgI\/AAAAAAAAAC0\/KrBeOG7POy4\/s320\/S%C3%A3o+Donato.jpg\" \/>\n<meta name=\"author\" content=\"danilo\" \/>\n<meta name=\"twitter:card\" content=\"summary_large_image\" \/>\n<meta name=\"twitter:label1\" content=\"Escrito por\" \/>\n\t<meta name=\"twitter:data1\" content=\"danilo\" \/>\n\t<meta name=\"twitter:label2\" content=\"Est. tempo de leitura\" \/>\n\t<meta name=\"twitter:data2\" content=\"2 minutos\" \/>\n<script type=\"application\/ld+json\" class=\"yoast-schema-graph\">{\"@context\":\"https:\/\/schema.org\",\"@graph\":[{\"@type\":\"Article\",\"@id\":\"https:\/\/www.oarcanjo.net\/site\/sao-donato\/#article\",\"isPartOf\":{\"@id\":\"https:\/\/www.oarcanjo.net\/site\/sao-donato\/\"},\"author\":{\"name\":\"danilo\",\"@id\":\"https:\/\/www.oarcanjo.net\/site\/#\/schema\/person\/5eb9480bedd2f3c97e430ce128c29c6c\"},\"headline\":\"S\u00e3o Donato\",\"datePublished\":\"2017-10-22T02:03:45+00:00\",\"dateModified\":\"2017-08-11T17:54:45+00:00\",\"mainEntityOfPage\":{\"@id\":\"https:\/\/www.oarcanjo.net\/site\/sao-donato\/\"},\"wordCount\":489,\"commentCount\":0,\"publisher\":{\"@id\":\"https:\/\/www.oarcanjo.net\/site\/#organization\"},\"image\":{\"@id\":\"https:\/\/www.oarcanjo.net\/site\/sao-donato\/#primaryimage\"},\"thumbnailUrl\":\"http:\/\/3.bp.blogspot.com\/_NP_qSFD7T9Y\/SuBv1GlAIgI\/AAAAAAAAAC0\/KrBeOG7POy4\/s320\/S%C3%A3o+Donato.jpg\",\"articleSection\":[\"Testemunhos\"],\"inLanguage\":\"pt-BR\",\"potentialAction\":[{\"@type\":\"CommentAction\",\"name\":\"Comment\",\"target\":[\"https:\/\/www.oarcanjo.net\/site\/sao-donato\/#respond\"]}]},{\"@type\":\"WebPage\",\"@id\":\"https:\/\/www.oarcanjo.net\/site\/sao-donato\/\",\"url\":\"https:\/\/www.oarcanjo.net\/site\/sao-donato\/\",\"name\":\"S\u00e3o Donato - O Arcanjo no ar\",\"isPartOf\":{\"@id\":\"https:\/\/www.oarcanjo.net\/site\/#website\"},\"primaryImageOfPage\":{\"@id\":\"https:\/\/www.oarcanjo.net\/site\/sao-donato\/#primaryimage\"},\"image\":{\"@id\":\"https:\/\/www.oarcanjo.net\/site\/sao-donato\/#primaryimage\"},\"thumbnailUrl\":\"http:\/\/3.bp.blogspot.com\/_NP_qSFD7T9Y\/SuBv1GlAIgI\/AAAAAAAAAC0\/KrBeOG7POy4\/s320\/S%C3%A3o+Donato.jpg\",\"datePublished\":\"2017-10-22T02:03:45+00:00\",\"dateModified\":\"2017-08-11T17:54:45+00:00\",\"breadcrumb\":{\"@id\":\"https:\/\/www.oarcanjo.net\/site\/sao-donato\/#breadcrumb\"},\"inLanguage\":\"pt-BR\",\"potentialAction\":[{\"@type\":\"ReadAction\",\"target\":[\"https:\/\/www.oarcanjo.net\/site\/sao-donato\/\"]}]},{\"@type\":\"ImageObject\",\"inLanguage\":\"pt-BR\",\"@id\":\"https:\/\/www.oarcanjo.net\/site\/sao-donato\/#primaryimage\",\"url\":\"http:\/\/3.bp.blogspot.com\/_NP_qSFD7T9Y\/SuBv1GlAIgI\/AAAAAAAAAC0\/KrBeOG7POy4\/s320\/S%C3%A3o+Donato.jpg\",\"contentUrl\":\"http:\/\/3.bp.blogspot.com\/_NP_qSFD7T9Y\/SuBv1GlAIgI\/AAAAAAAAAC0\/KrBeOG7POy4\/s320\/S%C3%A3o+Donato.jpg\"},{\"@type\":\"BreadcrumbList\",\"@id\":\"https:\/\/www.oarcanjo.net\/site\/sao-donato\/#breadcrumb\",\"itemListElement\":[{\"@type\":\"ListItem\",\"position\":1,\"name\":\"In\u00edcio\",\"item\":\"https:\/\/www.oarcanjo.net\/site\/\"},{\"@type\":\"ListItem\",\"position\":2,\"name\":\"S\u00e3o Donato\"}]},{\"@type\":\"WebSite\",\"@id\":\"https:\/\/www.oarcanjo.net\/site\/#website\",\"url\":\"https:\/\/www.oarcanjo.net\/site\/\",\"name\":\"O Arcanjo no ar\",\"description\":\"Site da Par\u00f3quia S\u00e3o Miguel Arcanjo (Arquidiocese de SP)\",\"publisher\":{\"@id\":\"https:\/\/www.oarcanjo.net\/site\/#organization\"},\"potentialAction\":[{\"@type\":\"SearchAction\",\"target\":{\"@type\":\"EntryPoint\",\"urlTemplate\":\"https:\/\/www.oarcanjo.net\/site\/?s={search_term_string}\"},\"query-input\":{\"@type\":\"PropertyValueSpecification\",\"valueRequired\":true,\"valueName\":\"search_term_string\"}}],\"inLanguage\":\"pt-BR\"},{\"@type\":\"Organization\",\"@id\":\"https:\/\/www.oarcanjo.net\/site\/#organization\",\"name\":\"Par\u00f3quia S\u00e3o Miguel Arcanjo\",\"url\":\"https:\/\/www.oarcanjo.net\/site\/\",\"logo\":{\"@type\":\"ImageObject\",\"inLanguage\":\"pt-BR\",\"@id\":\"https:\/\/www.oarcanjo.net\/site\/#\/schema\/logo\/image\/\",\"url\":\"https:\/\/www.oarcanjo.net\/site\/wp-content\/uploads\/LogoOArcanjo.png\",\"contentUrl\":\"https:\/\/www.oarcanjo.net\/site\/wp-content\/uploads\/LogoOArcanjo.png\",\"width\":319,\"height\":99,\"caption\":\"Par\u00f3quia S\u00e3o Miguel Arcanjo\"},\"image\":{\"@id\":\"https:\/\/www.oarcanjo.net\/site\/#\/schema\/logo\/image\/\"},\"sameAs\":[\"https:\/\/www.facebook.com\/OArcanjoNoAr\/\"]},{\"@type\":\"Person\",\"@id\":\"https:\/\/www.oarcanjo.net\/site\/#\/schema\/person\/5eb9480bedd2f3c97e430ce128c29c6c\",\"name\":\"danilo\"}]}<\/script>\n<!-- \/ Yoast SEO plugin. -->","yoast_head_json":{"title":"S\u00e3o Donato - O Arcanjo no ar","robots":{"index":"index","follow":"follow","max-snippet":"max-snippet:-1","max-image-preview":"max-image-preview:large","max-video-preview":"max-video-preview:-1"},"canonical":"https:\/\/www.oarcanjo.net\/site\/sao-donato\/","og_locale":"pt_BR","og_type":"article","og_title":"S\u00e3o Donato - O Arcanjo no ar","og_description":"22 de Outubro Donato, filho de nobres crist\u00e3o, nasceu na Irlanda nos \u00faltimos anos do s\u00e9culo VIII. Desde crian\u00e7a foi educado na f\u00e9 cat\u00f3lica. Iniciou os estudos religiosos e, devido ao r\u00e1pido e bom progresso, desejou aperfei\u00e7oar-se. Mais tarde, abandonou a fam\u00edlia e a p\u00e1tria, seguindo em peregrina\u00e7\u00e3o por v\u00e1rias regi\u00f5es at\u00e9 chegar em Roma, [&hellip;]","og_url":"https:\/\/www.oarcanjo.net\/site\/sao-donato\/","og_site_name":"O Arcanjo no ar","article_publisher":"https:\/\/www.facebook.com\/OArcanjoNoAr\/","article_published_time":"2017-10-22T02:03:45+00:00","article_modified_time":"2017-08-11T17:54:45+00:00","og_image":[{"url":"http:\/\/3.bp.blogspot.com\/_NP_qSFD7T9Y\/SuBv1GlAIgI\/AAAAAAAAAC0\/KrBeOG7POy4\/s320\/S%C3%A3o+Donato.jpg"}],"author":"danilo","twitter_card":"summary_large_image","twitter_misc":{"Escrito por":"danilo","Est. tempo de leitura":"2 minutos"},"schema":{"@context":"https:\/\/schema.org","@graph":[{"@type":"Article","@id":"https:\/\/www.oarcanjo.net\/site\/sao-donato\/#article","isPartOf":{"@id":"https:\/\/www.oarcanjo.net\/site\/sao-donato\/"},"author":{"name":"danilo","@id":"https:\/\/www.oarcanjo.net\/site\/#\/schema\/person\/5eb9480bedd2f3c97e430ce128c29c6c"},"headline":"S\u00e3o Donato","datePublished":"2017-10-22T02:03:45+00:00","dateModified":"2017-08-11T17:54:45+00:00","mainEntityOfPage":{"@id":"https:\/\/www.oarcanjo.net\/site\/sao-donato\/"},"wordCount":489,"commentCount":0,"publisher":{"@id":"https:\/\/www.oarcanjo.net\/site\/#organization"},"image":{"@id":"https:\/\/www.oarcanjo.net\/site\/sao-donato\/#primaryimage"},"thumbnailUrl":"http:\/\/3.bp.blogspot.com\/_NP_qSFD7T9Y\/SuBv1GlAIgI\/AAAAAAAAAC0\/KrBeOG7POy4\/s320\/S%C3%A3o+Donato.jpg","articleSection":["Testemunhos"],"inLanguage":"pt-BR","potentialAction":[{"@type":"CommentAction","name":"Comment","target":["https:\/\/www.oarcanjo.net\/site\/sao-donato\/#respond"]}]},{"@type":"WebPage","@id":"https:\/\/www.oarcanjo.net\/site\/sao-donato\/","url":"https:\/\/www.oarcanjo.net\/site\/sao-donato\/","name":"S\u00e3o Donato - O Arcanjo no ar","isPartOf":{"@id":"https:\/\/www.oarcanjo.net\/site\/#website"},"primaryImageOfPage":{"@id":"https:\/\/www.oarcanjo.net\/site\/sao-donato\/#primaryimage"},"image":{"@id":"https:\/\/www.oarcanjo.net\/site\/sao-donato\/#primaryimage"},"thumbnailUrl":"http:\/\/3.bp.blogspot.com\/_NP_qSFD7T9Y\/SuBv1GlAIgI\/AAAAAAAAAC0\/KrBeOG7POy4\/s320\/S%C3%A3o+Donato.jpg","datePublished":"2017-10-22T02:03:45+00:00","dateModified":"2017-08-11T17:54:45+00:00","breadcrumb":{"@id":"https:\/\/www.oarcanjo.net\/site\/sao-donato\/#breadcrumb"},"inLanguage":"pt-BR","potentialAction":[{"@type":"ReadAction","target":["https:\/\/www.oarcanjo.net\/site\/sao-donato\/"]}]},{"@type":"ImageObject","inLanguage":"pt-BR","@id":"https:\/\/www.oarcanjo.net\/site\/sao-donato\/#primaryimage","url":"http:\/\/3.bp.blogspot.com\/_NP_qSFD7T9Y\/SuBv1GlAIgI\/AAAAAAAAAC0\/KrBeOG7POy4\/s320\/S%C3%A3o+Donato.jpg","contentUrl":"http:\/\/3.bp.blogspot.com\/_NP_qSFD7T9Y\/SuBv1GlAIgI\/AAAAAAAAAC0\/KrBeOG7POy4\/s320\/S%C3%A3o+Donato.jpg"},{"@type":"BreadcrumbList","@id":"https:\/\/www.oarcanjo.net\/site\/sao-donato\/#breadcrumb","itemListElement":[{"@type":"ListItem","position":1,"name":"In\u00edcio","item":"https:\/\/www.oarcanjo.net\/site\/"},{"@type":"ListItem","position":2,"name":"S\u00e3o Donato"}]},{"@type":"WebSite","@id":"https:\/\/www.oarcanjo.net\/site\/#website","url":"https:\/\/www.oarcanjo.net\/site\/","name":"O Arcanjo no ar","description":"Site da Par\u00f3quia S\u00e3o Miguel Arcanjo (Arquidiocese de SP)","publisher":{"@id":"https:\/\/www.oarcanjo.net\/site\/#organization"},"potentialAction":[{"@type":"SearchAction","target":{"@type":"EntryPoint","urlTemplate":"https:\/\/www.oarcanjo.net\/site\/?s={search_term_string}"},"query-input":{"@type":"PropertyValueSpecification","valueRequired":true,"valueName":"search_term_string"}}],"inLanguage":"pt-BR"},{"@type":"Organization","@id":"https:\/\/www.oarcanjo.net\/site\/#organization","name":"Par\u00f3quia S\u00e3o Miguel Arcanjo","url":"https:\/\/www.oarcanjo.net\/site\/","logo":{"@type":"ImageObject","inLanguage":"pt-BR","@id":"https:\/\/www.oarcanjo.net\/site\/#\/schema\/logo\/image\/","url":"https:\/\/www.oarcanjo.net\/site\/wp-content\/uploads\/LogoOArcanjo.png","contentUrl":"https:\/\/www.oarcanjo.net\/site\/wp-content\/uploads\/LogoOArcanjo.png","width":319,"height":99,"caption":"Par\u00f3quia S\u00e3o Miguel Arcanjo"},"image":{"@id":"https:\/\/www.oarcanjo.net\/site\/#\/schema\/logo\/image\/"},"sameAs":["https:\/\/www.facebook.com\/OArcanjoNoAr\/"]},{"@type":"Person","@id":"https:\/\/www.oarcanjo.net\/site\/#\/schema\/person\/5eb9480bedd2f3c97e430ce128c29c6c","name":"danilo"}]}},"publishpress_future_action":{"enabled":false,"date":"2026-05-08 17:45:14","action":"category","newStatus":"draft","terms":[],"taxonomy":"category"},"publishpress_future_workflow_manual_trigger":{"enabledWorkflows":[]},"_links":{"self":[{"href":"https:\/\/www.oarcanjo.net\/site\/wp-json\/wp\/v2\/posts\/11408"}],"collection":[{"href":"https:\/\/www.oarcanjo.net\/site\/wp-json\/wp\/v2\/posts"}],"about":[{"href":"https:\/\/www.oarcanjo.net\/site\/wp-json\/wp\/v2\/types\/post"}],"author":[{"embeddable":true,"href":"https:\/\/www.oarcanjo.net\/site\/wp-json\/wp\/v2\/users\/14"}],"replies":[{"embeddable":true,"href":"https:\/\/www.oarcanjo.net\/site\/wp-json\/wp\/v2\/comments?post=11408"}],"version-history":[{"count":0,"href":"https:\/\/www.oarcanjo.net\/site\/wp-json\/wp\/v2\/posts\/11408\/revisions"}],"wp:attachment":[{"href":"https:\/\/www.oarcanjo.net\/site\/wp-json\/wp\/v2\/media?parent=11408"}],"wp:term":[{"taxonomy":"category","embeddable":true,"href":"https:\/\/www.oarcanjo.net\/site\/wp-json\/wp\/v2\/categories?post=11408"},{"taxonomy":"post_tag","embeddable":true,"href":"https:\/\/www.oarcanjo.net\/site\/wp-json\/wp\/v2\/tags?post=11408"}],"curies":[{"name":"wp","href":"https:\/\/api.w.org\/{rel}","templated":true}]}}