
{"id":1141,"date":"2008-12-21T15:35:15","date_gmt":"2008-12-21T17:35:15","guid":{"rendered":"http:\/\/www.oarcanjo.net\/site\/?p=1141"},"modified":"2008-12-21T19:26:23","modified_gmt":"2008-12-21T21:26:23","slug":"o-vitor-ressuscitou","status":"publish","type":"post","link":"https:\/\/www.oarcanjo.net\/site\/o-vitor-ressuscitou\/","title":{"rendered":"O Vitor Ressuscitou!"},"content":{"rendered":"<p>O nosso menino Jesus crucificado est\u00e1 passando a perna na liturgia, sendo menino Jesus e crucificado n\u00e3o esperou mais nada e ressuscitou, est\u00e1 vivo no cora\u00e7\u00e3o de Deus e nos nossos tamb\u00e9m, porque quem ama \u00e9 imortal, quem ama n\u00e3o morre jamais!<\/p>\n<p>A dor que agora sentimos \u00e9 a dor de quem ama e sabe que o Amor \u00e9 a for\u00e7a que nos faz viver e perseverar, mesmo sofrendo n\u00e3o deixando de caminhar.<\/p>\n<p>Agrade\u00e7o a todos da nossa comunidade que mais uma vez demonstraram enorme solidariedade e presen\u00e7a  amiga.<\/p>\n<p>O Vitor no c\u00e9u interceda por todos n\u00f3s!<\/p>\n<div id=\"themify_builder_content-1141\" data-postid=\"1141\" class=\"themify_builder_content themify_builder_content-1141 themify_builder themify_builder_front\">\n\t<\/div>\n<!-- \/themify_builder_content -->","protected":false},"excerpt":{"rendered":"<p>O nosso menino Jesus crucificado est\u00e1 passando a perna na liturgia, sendo menino Jesus e crucificado n\u00e3o esperou mais nada e ressuscitou, est\u00e1 vivo no cora\u00e7\u00e3o de Deus e nos nossos tamb\u00e9m, porque quem ama \u00e9 imortal, quem ama n\u00e3o morre jamais! A dor que agora sentimos \u00e9 a dor de quem ama e sabe [&hellip;]<\/p>\n","protected":false},"author":4,"featured_media":0,"comment_status":"open","ping_status":"open","sticky":false,"template":"","format":"standard","meta":{"ngg_post_thumbnail":0,"footnotes":""},"categories":[4],"tags":[137],"yoast_head":"<!-- This site is optimized with the Yoast SEO plugin v23.5 - https:\/\/yoast.com\/wordpress\/plugins\/seo\/ -->\n<title>O Vitor Ressuscitou! - O Arcanjo no ar<\/title>\n<meta name=\"robots\" content=\"index, follow, max-snippet:-1, max-image-preview:large, max-video-preview:-1\" \/>\n<link rel=\"canonical\" href=\"https:\/\/www.oarcanjo.net\/site\/o-vitor-ressuscitou\/\" \/>\n<meta property=\"og:locale\" content=\"pt_BR\" \/>\n<meta property=\"og:type\" content=\"article\" \/>\n<meta property=\"og:title\" content=\"O Vitor Ressuscitou! - O Arcanjo no ar\" \/>\n<meta property=\"og:description\" content=\"O nosso menino Jesus crucificado est\u00e1 passando a perna na liturgia, sendo menino Jesus e crucificado n\u00e3o esperou mais nada e ressuscitou, est\u00e1 vivo no cora\u00e7\u00e3o de Deus e nos nossos tamb\u00e9m, porque quem ama \u00e9 imortal, quem ama n\u00e3o morre jamais! A dor que agora sentimos \u00e9 a dor de quem ama e sabe [&hellip;]\" \/>\n<meta property=\"og:url\" content=\"https:\/\/www.oarcanjo.net\/site\/o-vitor-ressuscitou\/\" \/>\n<meta property=\"og:site_name\" content=\"O Arcanjo no ar\" \/>\n<meta property=\"article:publisher\" content=\"https:\/\/www.facebook.com\/OArcanjoNoAr\/\" \/>\n<meta property=\"article:published_time\" content=\"2008-12-21T17:35:15+00:00\" \/>\n<meta property=\"article:modified_time\" content=\"2008-12-21T21:26:23+00:00\" \/>\n<meta property=\"og:image\" content=\"https:\/\/www.oarcanjo.net\/site\/wp-content\/uploads\/logo-o-arcanjo-no-ar-facebook.png\" \/>\n\t<meta property=\"og:image:width\" content=\"300\" \/>\n\t<meta property=\"og:image:height\" content=\"300\" \/>\n\t<meta property=\"og:image:type\" content=\"image\/png\" \/>\n<meta name=\"author\" content=\"julio\" \/>\n<meta name=\"twitter:card\" content=\"summary_large_image\" \/>\n<meta name=\"twitter:label1\" content=\"Escrito por\" \/>\n\t<meta name=\"twitter:data1\" content=\"julio\" \/>\n\t<meta name=\"twitter:label2\" content=\"Est. tempo de leitura\" \/>\n\t<meta name=\"twitter:data2\" content=\"1 minuto\" \/>\n<script type=\"application\/ld+json\" class=\"yoast-schema-graph\">{\"@context\":\"https:\/\/schema.org\",\"@graph\":[{\"@type\":\"Article\",\"@id\":\"https:\/\/www.oarcanjo.net\/site\/o-vitor-ressuscitou\/#article\",\"isPartOf\":{\"@id\":\"https:\/\/www.oarcanjo.net\/site\/o-vitor-ressuscitou\/\"},\"author\":{\"name\":\"julio\",\"@id\":\"https:\/\/www.oarcanjo.net\/site\/#\/schema\/person\/d78ea01c648c91e29c364b516767079e\"},\"headline\":\"O Vitor Ressuscitou!\",\"datePublished\":\"2008-12-21T17:35:15+00:00\",\"dateModified\":\"2008-12-21T21:26:23+00:00\",\"mainEntityOfPage\":{\"@id\":\"https:\/\/www.oarcanjo.net\/site\/o-vitor-ressuscitou\/\"},\"wordCount\":107,\"commentCount\":8,\"publisher\":{\"@id\":\"https:\/\/www.oarcanjo.net\/site\/#organization\"},\"keywords\":[\"Casa Vida\"],\"articleSection\":[\"Blog\"],\"inLanguage\":\"pt-BR\",\"potentialAction\":[{\"@type\":\"CommentAction\",\"name\":\"Comment\",\"target\":[\"https:\/\/www.oarcanjo.net\/site\/o-vitor-ressuscitou\/#respond\"]}]},{\"@type\":\"WebPage\",\"@id\":\"https:\/\/www.oarcanjo.net\/site\/o-vitor-ressuscitou\/\",\"url\":\"https:\/\/www.oarcanjo.net\/site\/o-vitor-ressuscitou\/\",\"name\":\"O Vitor Ressuscitou! - O Arcanjo no ar\",\"isPartOf\":{\"@id\":\"https:\/\/www.oarcanjo.net\/site\/#website\"},\"datePublished\":\"2008-12-21T17:35:15+00:00\",\"dateModified\":\"2008-12-21T21:26:23+00:00\",\"breadcrumb\":{\"@id\":\"https:\/\/www.oarcanjo.net\/site\/o-vitor-ressuscitou\/#breadcrumb\"},\"inLanguage\":\"pt-BR\",\"potentialAction\":[{\"@type\":\"ReadAction\",\"target\":[\"https:\/\/www.oarcanjo.net\/site\/o-vitor-ressuscitou\/\"]}]},{\"@type\":\"BreadcrumbList\",\"@id\":\"https:\/\/www.oarcanjo.net\/site\/o-vitor-ressuscitou\/#breadcrumb\",\"itemListElement\":[{\"@type\":\"ListItem\",\"position\":1,\"name\":\"In\u00edcio\",\"item\":\"https:\/\/www.oarcanjo.net\/site\/\"},{\"@type\":\"ListItem\",\"position\":2,\"name\":\"O Vitor Ressuscitou!\"}]},{\"@type\":\"WebSite\",\"@id\":\"https:\/\/www.oarcanjo.net\/site\/#website\",\"url\":\"https:\/\/www.oarcanjo.net\/site\/\",\"name\":\"O Arcanjo no ar\",\"description\":\"Site da Par\u00f3quia S\u00e3o Miguel Arcanjo (Arquidiocese de SP)\",\"publisher\":{\"@id\":\"https:\/\/www.oarcanjo.net\/site\/#organization\"},\"potentialAction\":[{\"@type\":\"SearchAction\",\"target\":{\"@type\":\"EntryPoint\",\"urlTemplate\":\"https:\/\/www.oarcanjo.net\/site\/?s={search_term_string}\"},\"query-input\":{\"@type\":\"PropertyValueSpecification\",\"valueRequired\":true,\"valueName\":\"search_term_string\"}}],\"inLanguage\":\"pt-BR\"},{\"@type\":\"Organization\",\"@id\":\"https:\/\/www.oarcanjo.net\/site\/#organization\",\"name\":\"Par\u00f3quia S\u00e3o Miguel Arcanjo\",\"url\":\"https:\/\/www.oarcanjo.net\/site\/\",\"logo\":{\"@type\":\"ImageObject\",\"inLanguage\":\"pt-BR\",\"@id\":\"https:\/\/www.oarcanjo.net\/site\/#\/schema\/logo\/image\/\",\"url\":\"https:\/\/www.oarcanjo.net\/site\/wp-content\/uploads\/LogoOArcanjo.png\",\"contentUrl\":\"https:\/\/www.oarcanjo.net\/site\/wp-content\/uploads\/LogoOArcanjo.png\",\"width\":319,\"height\":99,\"caption\":\"Par\u00f3quia S\u00e3o Miguel Arcanjo\"},\"image\":{\"@id\":\"https:\/\/www.oarcanjo.net\/site\/#\/schema\/logo\/image\/\"},\"sameAs\":[\"https:\/\/www.facebook.com\/OArcanjoNoAr\/\"]},{\"@type\":\"Person\",\"@id\":\"https:\/\/www.oarcanjo.net\/site\/#\/schema\/person\/d78ea01c648c91e29c364b516767079e\",\"name\":\"julio\",\"sameAs\":[\"http:\/\/www.oarcanjo.net\"]}]}<\/script>\n<!-- \/ Yoast SEO plugin. -->","yoast_head_json":{"title":"O Vitor Ressuscitou! - O Arcanjo no ar","robots":{"index":"index","follow":"follow","max-snippet":"max-snippet:-1","max-image-preview":"max-image-preview:large","max-video-preview":"max-video-preview:-1"},"canonical":"https:\/\/www.oarcanjo.net\/site\/o-vitor-ressuscitou\/","og_locale":"pt_BR","og_type":"article","og_title":"O Vitor Ressuscitou! - O Arcanjo no ar","og_description":"O nosso menino Jesus crucificado est\u00e1 passando a perna na liturgia, sendo menino Jesus e crucificado n\u00e3o esperou mais nada e ressuscitou, est\u00e1 vivo no cora\u00e7\u00e3o de Deus e nos nossos tamb\u00e9m, porque quem ama \u00e9 imortal, quem ama n\u00e3o morre jamais! A dor que agora sentimos \u00e9 a dor de quem ama e sabe [&hellip;]","og_url":"https:\/\/www.oarcanjo.net\/site\/o-vitor-ressuscitou\/","og_site_name":"O Arcanjo no ar","article_publisher":"https:\/\/www.facebook.com\/OArcanjoNoAr\/","article_published_time":"2008-12-21T17:35:15+00:00","article_modified_time":"2008-12-21T21:26:23+00:00","og_image":[{"width":300,"height":300,"url":"https:\/\/www.oarcanjo.net\/site\/wp-content\/uploads\/logo-o-arcanjo-no-ar-facebook.png","type":"image\/png"}],"author":"julio","twitter_card":"summary_large_image","twitter_misc":{"Escrito por":"julio","Est. tempo de leitura":"1 minuto"},"schema":{"@context":"https:\/\/schema.org","@graph":[{"@type":"Article","@id":"https:\/\/www.oarcanjo.net\/site\/o-vitor-ressuscitou\/#article","isPartOf":{"@id":"https:\/\/www.oarcanjo.net\/site\/o-vitor-ressuscitou\/"},"author":{"name":"julio","@id":"https:\/\/www.oarcanjo.net\/site\/#\/schema\/person\/d78ea01c648c91e29c364b516767079e"},"headline":"O Vitor Ressuscitou!","datePublished":"2008-12-21T17:35:15+00:00","dateModified":"2008-12-21T21:26:23+00:00","mainEntityOfPage":{"@id":"https:\/\/www.oarcanjo.net\/site\/o-vitor-ressuscitou\/"},"wordCount":107,"commentCount":8,"publisher":{"@id":"https:\/\/www.oarcanjo.net\/site\/#organization"},"keywords":["Casa Vida"],"articleSection":["Blog"],"inLanguage":"pt-BR","potentialAction":[{"@type":"CommentAction","name":"Comment","target":["https:\/\/www.oarcanjo.net\/site\/o-vitor-ressuscitou\/#respond"]}]},{"@type":"WebPage","@id":"https:\/\/www.oarcanjo.net\/site\/o-vitor-ressuscitou\/","url":"https:\/\/www.oarcanjo.net\/site\/o-vitor-ressuscitou\/","name":"O Vitor Ressuscitou! - O Arcanjo no ar","isPartOf":{"@id":"https:\/\/www.oarcanjo.net\/site\/#website"},"datePublished":"2008-12-21T17:35:15+00:00","dateModified":"2008-12-21T21:26:23+00:00","breadcrumb":{"@id":"https:\/\/www.oarcanjo.net\/site\/o-vitor-ressuscitou\/#breadcrumb"},"inLanguage":"pt-BR","potentialAction":[{"@type":"ReadAction","target":["https:\/\/www.oarcanjo.net\/site\/o-vitor-ressuscitou\/"]}]},{"@type":"BreadcrumbList","@id":"https:\/\/www.oarcanjo.net\/site\/o-vitor-ressuscitou\/#breadcrumb","itemListElement":[{"@type":"ListItem","position":1,"name":"In\u00edcio","item":"https:\/\/www.oarcanjo.net\/site\/"},{"@type":"ListItem","position":2,"name":"O Vitor Ressuscitou!"}]},{"@type":"WebSite","@id":"https:\/\/www.oarcanjo.net\/site\/#website","url":"https:\/\/www.oarcanjo.net\/site\/","name":"O Arcanjo no ar","description":"Site da Par\u00f3quia S\u00e3o Miguel Arcanjo (Arquidiocese de SP)","publisher":{"@id":"https:\/\/www.oarcanjo.net\/site\/#organization"},"potentialAction":[{"@type":"SearchAction","target":{"@type":"EntryPoint","urlTemplate":"https:\/\/www.oarcanjo.net\/site\/?s={search_term_string}"},"query-input":{"@type":"PropertyValueSpecification","valueRequired":true,"valueName":"search_term_string"}}],"inLanguage":"pt-BR"},{"@type":"Organization","@id":"https:\/\/www.oarcanjo.net\/site\/#organization","name":"Par\u00f3quia S\u00e3o Miguel Arcanjo","url":"https:\/\/www.oarcanjo.net\/site\/","logo":{"@type":"ImageObject","inLanguage":"pt-BR","@id":"https:\/\/www.oarcanjo.net\/site\/#\/schema\/logo\/image\/","url":"https:\/\/www.oarcanjo.net\/site\/wp-content\/uploads\/LogoOArcanjo.png","contentUrl":"https:\/\/www.oarcanjo.net\/site\/wp-content\/uploads\/LogoOArcanjo.png","width":319,"height":99,"caption":"Par\u00f3quia S\u00e3o Miguel Arcanjo"},"image":{"@id":"https:\/\/www.oarcanjo.net\/site\/#\/schema\/logo\/image\/"},"sameAs":["https:\/\/www.facebook.com\/OArcanjoNoAr\/"]},{"@type":"Person","@id":"https:\/\/www.oarcanjo.net\/site\/#\/schema\/person\/d78ea01c648c91e29c364b516767079e","name":"julio","sameAs":["http:\/\/www.oarcanjo.net"]}]}},"publishpress_future_action":{"enabled":false,"date":"2026-05-08 00:46:24","action":"category","newStatus":"draft","terms":[],"taxonomy":"category"},"publishpress_future_workflow_manual_trigger":{"enabledWorkflows":[]},"_links":{"self":[{"href":"https:\/\/www.oarcanjo.net\/site\/wp-json\/wp\/v2\/posts\/1141"}],"collection":[{"href":"https:\/\/www.oarcanjo.net\/site\/wp-json\/wp\/v2\/posts"}],"about":[{"href":"https:\/\/www.oarcanjo.net\/site\/wp-json\/wp\/v2\/types\/post"}],"author":[{"embeddable":true,"href":"https:\/\/www.oarcanjo.net\/site\/wp-json\/wp\/v2\/users\/4"}],"replies":[{"embeddable":true,"href":"https:\/\/www.oarcanjo.net\/site\/wp-json\/wp\/v2\/comments?post=1141"}],"version-history":[{"count":0,"href":"https:\/\/www.oarcanjo.net\/site\/wp-json\/wp\/v2\/posts\/1141\/revisions"}],"wp:attachment":[{"href":"https:\/\/www.oarcanjo.net\/site\/wp-json\/wp\/v2\/media?parent=1141"}],"wp:term":[{"taxonomy":"category","embeddable":true,"href":"https:\/\/www.oarcanjo.net\/site\/wp-json\/wp\/v2\/categories?post=1141"},{"taxonomy":"post_tag","embeddable":true,"href":"https:\/\/www.oarcanjo.net\/site\/wp-json\/wp\/v2\/tags?post=1141"}],"curies":[{"name":"wp","href":"https:\/\/api.w.org\/{rel}","templated":true}]}}