
{"id":11426,"date":"2010-10-21T23:00:17","date_gmt":"2010-10-22T01:00:17","guid":{"rendered":"http:\/\/www.oarcanjo.net\/site\/?p=11426"},"modified":"2010-10-27T23:03:18","modified_gmt":"2010-10-28T01:03:18","slug":"capela-sao-judas-tadeu-faz-25-anos","status":"publish","type":"post","link":"https:\/\/www.oarcanjo.net\/site\/capela-sao-judas-tadeu-faz-25-anos\/","title":{"rendered":"Capela S\u00e3o Judas Tadeu faz 25 anos"},"content":{"rendered":"<p>Na pr\u00f3xima quinta-feira, dia 28 de outubro, a Capela da Universidade S\u00e3o Judas Tadeu faz 25 anos. Mesmo ano do jubileu da Par\u00f3quia S\u00e3o Miguel Arcanjo e de ordena\u00e7\u00e3o do Pe. Julio Lancelloti. Foi constru\u00edda pelo Prof. Alberto Mesquita e aben\u00e7oada por D. Luciano Mendes de Almenida no dia 28 de outubro de 1985.<\/p>\n<p><a href=\"http:\/\/www.oarcanjo.net\/site\/wp-content\/uploads\/capela-sao-judas-tadeu-2010-placa.jpg\"><img loading=\"lazy\" decoding=\"async\" class=\"alignnone size-full wp-image-11432\" title=\"Placa de inaugura\u00e7\u00e3o da capela\" src=\"http:\/\/www.oarcanjo.net\/site\/wp-content\/uploads\/capela-sao-judas-tadeu-2010-placa.jpg\" alt=\"Placa de inaugura\u00e7\u00e3o da capela\" width=\"450\" height=\"300\" srcset=\"https:\/\/www.oarcanjo.net\/site\/wp-content\/uploads\/capela-sao-judas-tadeu-2010-placa.jpg 450w, https:\/\/www.oarcanjo.net\/site\/wp-content\/uploads\/capela-sao-judas-tadeu-2010-placa-300x200.jpg 300w\" sizes=\"(max-width: 450px) 100vw, 450px\" \/><\/a><\/p>\n<p>De formato diferenciado, que permite a entrada de luz por toda extens\u00e3o, \u00a0e repleta de coloridos vitrais, \u00e9 espa\u00e7o de acolhida e\u00a0celebra\u00e7\u00e3o da Vida!<\/p>\n<p><a href=\"http:\/\/www.oarcanjo.net\/site\/wp-content\/uploads\/capela-sao-judas-tadeu-2010-painel.jpg\"><img loading=\"lazy\" decoding=\"async\" class=\"alignnone size-full wp-image-11433\" title=\"Vitrais da capela S\u00e3o Judas Tadeu\" src=\"http:\/\/www.oarcanjo.net\/site\/wp-content\/uploads\/capela-sao-judas-tadeu-2010-painel.jpg\" alt=\"Vitrais da capela S\u00e3o Judas Tadeu\" width=\"450\" height=\"300\" srcset=\"https:\/\/www.oarcanjo.net\/site\/wp-content\/uploads\/capela-sao-judas-tadeu-2010-painel.jpg 450w, https:\/\/www.oarcanjo.net\/site\/wp-content\/uploads\/capela-sao-judas-tadeu-2010-painel-300x200.jpg 300w\" sizes=\"(max-width: 450px) 100vw, 450px\" \/><\/a><\/p>\n<p>Para comemorar o jubileu e \u00a0festejar o dia de S\u00e3o Judas Tadeu, haver\u00e1 missa \u00e0s <strong>19h30<\/strong>.<\/p>\n<p>Venha participar!<\/p>\nngg_shortcode_0_placeholder\n<p><em>Fotos de Wanderley Oliveira e Carlos Alberto Beatriz<\/em><\/p>\n<div id=\"themify_builder_content-11426\" data-postid=\"11426\" class=\"themify_builder_content themify_builder_content-11426 themify_builder themify_builder_front\">\n\t<\/div>\n<!-- \/themify_builder_content -->","protected":false},"excerpt":{"rendered":"<p>Na pr\u00f3xima quinta-feira, dia 28 de outubro, a Capela da Universidade S\u00e3o Judas Tadeu faz 25 anos. Mesmo ano do jubileu da Par\u00f3quia S\u00e3o Miguel Arcanjo e de ordena\u00e7\u00e3o do Pe. Julio Lancelloti. Foi constru\u00edda pelo Prof. Alberto Mesquita e aben\u00e7oada por D. Luciano Mendes de Almenida no dia 28 de outubro de 1985. De [&hellip;]<\/p>\n","protected":false},"author":5,"featured_media":0,"comment_status":"open","ping_status":"open","sticky":false,"template":"","format":"standard","meta":{"ngg_post_thumbnail":0,"footnotes":""},"categories":[3,8],"tags":[1571,1740,1401,677],"yoast_head":"<!-- This site is optimized with the Yoast SEO plugin v23.5 - https:\/\/yoast.com\/wordpress\/plugins\/seo\/ -->\n<title>Capela S\u00e3o Judas Tadeu faz 25 anos - O Arcanjo no ar<\/title>\n<meta name=\"robots\" content=\"index, follow, max-snippet:-1, max-image-preview:large, max-video-preview:-1\" \/>\n<link rel=\"canonical\" href=\"https:\/\/www.oarcanjo.net\/site\/capela-sao-judas-tadeu-faz-25-anos\/\" \/>\n<meta property=\"og:locale\" content=\"pt_BR\" \/>\n<meta property=\"og:type\" content=\"article\" \/>\n<meta property=\"og:title\" content=\"Capela S\u00e3o Judas Tadeu faz 25 anos - O Arcanjo no ar\" \/>\n<meta property=\"og:description\" content=\"Na pr\u00f3xima quinta-feira, dia 28 de outubro, a Capela da Universidade S\u00e3o Judas Tadeu faz 25 anos. Mesmo ano do jubileu da Par\u00f3quia S\u00e3o Miguel Arcanjo e de ordena\u00e7\u00e3o do Pe. Julio Lancelloti. Foi constru\u00edda pelo Prof. Alberto Mesquita e aben\u00e7oada por D. Luciano Mendes de Almenida no dia 28 de outubro de 1985. De [&hellip;]\" \/>\n<meta property=\"og:url\" content=\"https:\/\/www.oarcanjo.net\/site\/capela-sao-judas-tadeu-faz-25-anos\/\" \/>\n<meta property=\"og:site_name\" content=\"O Arcanjo no ar\" \/>\n<meta property=\"article:publisher\" content=\"https:\/\/www.facebook.com\/OArcanjoNoAr\/\" \/>\n<meta property=\"article:published_time\" content=\"2010-10-22T01:00:17+00:00\" \/>\n<meta property=\"article:modified_time\" content=\"2010-10-28T01:03:18+00:00\" \/>\n<meta property=\"og:image\" content=\"http:\/\/www.oarcanjo.net\/site\/wp-content\/uploads\/capela-sao-judas-tadeu-2010-placa.jpg\" \/>\n<meta name=\"author\" content=\"editor\" \/>\n<meta name=\"twitter:card\" content=\"summary_large_image\" \/>\n<meta name=\"twitter:label1\" content=\"Escrito por\" \/>\n\t<meta name=\"twitter:data1\" content=\"editor\" \/>\n\t<meta name=\"twitter:label2\" content=\"Est. tempo de leitura\" \/>\n\t<meta name=\"twitter:data2\" content=\"1 minuto\" \/>\n<script type=\"application\/ld+json\" class=\"yoast-schema-graph\">{\"@context\":\"https:\/\/schema.org\",\"@graph\":[{\"@type\":\"Article\",\"@id\":\"https:\/\/www.oarcanjo.net\/site\/capela-sao-judas-tadeu-faz-25-anos\/#article\",\"isPartOf\":{\"@id\":\"https:\/\/www.oarcanjo.net\/site\/capela-sao-judas-tadeu-faz-25-anos\/\"},\"author\":{\"name\":\"editor\",\"@id\":\"https:\/\/www.oarcanjo.net\/site\/#\/schema\/person\/f7024d007863202483a31326673a0838\"},\"headline\":\"Capela S\u00e3o Judas Tadeu faz 25 anos\",\"datePublished\":\"2010-10-22T01:00:17+00:00\",\"dateModified\":\"2010-10-28T01:03:18+00:00\",\"mainEntityOfPage\":{\"@id\":\"https:\/\/www.oarcanjo.net\/site\/capela-sao-judas-tadeu-faz-25-anos\/\"},\"wordCount\":120,\"commentCount\":7,\"publisher\":{\"@id\":\"https:\/\/www.oarcanjo.net\/site\/#organization\"},\"image\":{\"@id\":\"https:\/\/www.oarcanjo.net\/site\/capela-sao-judas-tadeu-faz-25-anos\/#primaryimage\"},\"thumbnailUrl\":\"http:\/\/www.oarcanjo.net\/site\/wp-content\/uploads\/capela-sao-judas-tadeu-2010-placa.jpg\",\"keywords\":[\"25 anos\",\"Capela\",\"Jubileu\",\"Universidade S\u00e3o Judas Tadeu\"],\"articleSection\":[\"Destaques\",\"Not\u00edcias\"],\"inLanguage\":\"pt-BR\",\"potentialAction\":[{\"@type\":\"CommentAction\",\"name\":\"Comment\",\"target\":[\"https:\/\/www.oarcanjo.net\/site\/capela-sao-judas-tadeu-faz-25-anos\/#respond\"]}]},{\"@type\":\"WebPage\",\"@id\":\"https:\/\/www.oarcanjo.net\/site\/capela-sao-judas-tadeu-faz-25-anos\/\",\"url\":\"https:\/\/www.oarcanjo.net\/site\/capela-sao-judas-tadeu-faz-25-anos\/\",\"name\":\"Capela S\u00e3o Judas Tadeu faz 25 anos - O Arcanjo no ar\",\"isPartOf\":{\"@id\":\"https:\/\/www.oarcanjo.net\/site\/#website\"},\"primaryImageOfPage\":{\"@id\":\"https:\/\/www.oarcanjo.net\/site\/capela-sao-judas-tadeu-faz-25-anos\/#primaryimage\"},\"image\":{\"@id\":\"https:\/\/www.oarcanjo.net\/site\/capela-sao-judas-tadeu-faz-25-anos\/#primaryimage\"},\"thumbnailUrl\":\"http:\/\/www.oarcanjo.net\/site\/wp-content\/uploads\/capela-sao-judas-tadeu-2010-placa.jpg\",\"datePublished\":\"2010-10-22T01:00:17+00:00\",\"dateModified\":\"2010-10-28T01:03:18+00:00\",\"breadcrumb\":{\"@id\":\"https:\/\/www.oarcanjo.net\/site\/capela-sao-judas-tadeu-faz-25-anos\/#breadcrumb\"},\"inLanguage\":\"pt-BR\",\"potentialAction\":[{\"@type\":\"ReadAction\",\"target\":[\"https:\/\/www.oarcanjo.net\/site\/capela-sao-judas-tadeu-faz-25-anos\/\"]}]},{\"@type\":\"ImageObject\",\"inLanguage\":\"pt-BR\",\"@id\":\"https:\/\/www.oarcanjo.net\/site\/capela-sao-judas-tadeu-faz-25-anos\/#primaryimage\",\"url\":\"http:\/\/www.oarcanjo.net\/site\/wp-content\/uploads\/capela-sao-judas-tadeu-2010-placa.jpg\",\"contentUrl\":\"http:\/\/www.oarcanjo.net\/site\/wp-content\/uploads\/capela-sao-judas-tadeu-2010-placa.jpg\"},{\"@type\":\"BreadcrumbList\",\"@id\":\"https:\/\/www.oarcanjo.net\/site\/capela-sao-judas-tadeu-faz-25-anos\/#breadcrumb\",\"itemListElement\":[{\"@type\":\"ListItem\",\"position\":1,\"name\":\"In\u00edcio\",\"item\":\"https:\/\/www.oarcanjo.net\/site\/\"},{\"@type\":\"ListItem\",\"position\":2,\"name\":\"Capela S\u00e3o Judas Tadeu faz 25 anos\"}]},{\"@type\":\"WebSite\",\"@id\":\"https:\/\/www.oarcanjo.net\/site\/#website\",\"url\":\"https:\/\/www.oarcanjo.net\/site\/\",\"name\":\"O Arcanjo no ar\",\"description\":\"Site da Par\u00f3quia S\u00e3o Miguel Arcanjo (Arquidiocese de SP)\",\"publisher\":{\"@id\":\"https:\/\/www.oarcanjo.net\/site\/#organization\"},\"potentialAction\":[{\"@type\":\"SearchAction\",\"target\":{\"@type\":\"EntryPoint\",\"urlTemplate\":\"https:\/\/www.oarcanjo.net\/site\/?s={search_term_string}\"},\"query-input\":{\"@type\":\"PropertyValueSpecification\",\"valueRequired\":true,\"valueName\":\"search_term_string\"}}],\"inLanguage\":\"pt-BR\"},{\"@type\":\"Organization\",\"@id\":\"https:\/\/www.oarcanjo.net\/site\/#organization\",\"name\":\"Par\u00f3quia S\u00e3o Miguel Arcanjo\",\"url\":\"https:\/\/www.oarcanjo.net\/site\/\",\"logo\":{\"@type\":\"ImageObject\",\"inLanguage\":\"pt-BR\",\"@id\":\"https:\/\/www.oarcanjo.net\/site\/#\/schema\/logo\/image\/\",\"url\":\"https:\/\/www.oarcanjo.net\/site\/wp-content\/uploads\/LogoOArcanjo.png\",\"contentUrl\":\"https:\/\/www.oarcanjo.net\/site\/wp-content\/uploads\/LogoOArcanjo.png\",\"width\":319,\"height\":99,\"caption\":\"Par\u00f3quia S\u00e3o Miguel Arcanjo\"},\"image\":{\"@id\":\"https:\/\/www.oarcanjo.net\/site\/#\/schema\/logo\/image\/\"},\"sameAs\":[\"https:\/\/www.facebook.com\/OArcanjoNoAr\/\"]},{\"@type\":\"Person\",\"@id\":\"https:\/\/www.oarcanjo.net\/site\/#\/schema\/person\/f7024d007863202483a31326673a0838\",\"name\":\"editor\",\"sameAs\":[\"http:\/\/www.oarcanjo.net\"]}]}<\/script>\n<!-- \/ Yoast SEO plugin. -->","yoast_head_json":{"title":"Capela S\u00e3o Judas Tadeu faz 25 anos - O Arcanjo no ar","robots":{"index":"index","follow":"follow","max-snippet":"max-snippet:-1","max-image-preview":"max-image-preview:large","max-video-preview":"max-video-preview:-1"},"canonical":"https:\/\/www.oarcanjo.net\/site\/capela-sao-judas-tadeu-faz-25-anos\/","og_locale":"pt_BR","og_type":"article","og_title":"Capela S\u00e3o Judas Tadeu faz 25 anos - O Arcanjo no ar","og_description":"Na pr\u00f3xima quinta-feira, dia 28 de outubro, a Capela da Universidade S\u00e3o Judas Tadeu faz 25 anos. Mesmo ano do jubileu da Par\u00f3quia S\u00e3o Miguel Arcanjo e de ordena\u00e7\u00e3o do Pe. Julio Lancelloti. Foi constru\u00edda pelo Prof. Alberto Mesquita e aben\u00e7oada por D. Luciano Mendes de Almenida no dia 28 de outubro de 1985. De [&hellip;]","og_url":"https:\/\/www.oarcanjo.net\/site\/capela-sao-judas-tadeu-faz-25-anos\/","og_site_name":"O Arcanjo no ar","article_publisher":"https:\/\/www.facebook.com\/OArcanjoNoAr\/","article_published_time":"2010-10-22T01:00:17+00:00","article_modified_time":"2010-10-28T01:03:18+00:00","og_image":[{"url":"http:\/\/www.oarcanjo.net\/site\/wp-content\/uploads\/capela-sao-judas-tadeu-2010-placa.jpg"}],"author":"editor","twitter_card":"summary_large_image","twitter_misc":{"Escrito por":"editor","Est. tempo de leitura":"1 minuto"},"schema":{"@context":"https:\/\/schema.org","@graph":[{"@type":"Article","@id":"https:\/\/www.oarcanjo.net\/site\/capela-sao-judas-tadeu-faz-25-anos\/#article","isPartOf":{"@id":"https:\/\/www.oarcanjo.net\/site\/capela-sao-judas-tadeu-faz-25-anos\/"},"author":{"name":"editor","@id":"https:\/\/www.oarcanjo.net\/site\/#\/schema\/person\/f7024d007863202483a31326673a0838"},"headline":"Capela S\u00e3o Judas Tadeu faz 25 anos","datePublished":"2010-10-22T01:00:17+00:00","dateModified":"2010-10-28T01:03:18+00:00","mainEntityOfPage":{"@id":"https:\/\/www.oarcanjo.net\/site\/capela-sao-judas-tadeu-faz-25-anos\/"},"wordCount":120,"commentCount":7,"publisher":{"@id":"https:\/\/www.oarcanjo.net\/site\/#organization"},"image":{"@id":"https:\/\/www.oarcanjo.net\/site\/capela-sao-judas-tadeu-faz-25-anos\/#primaryimage"},"thumbnailUrl":"http:\/\/www.oarcanjo.net\/site\/wp-content\/uploads\/capela-sao-judas-tadeu-2010-placa.jpg","keywords":["25 anos","Capela","Jubileu","Universidade S\u00e3o Judas Tadeu"],"articleSection":["Destaques","Not\u00edcias"],"inLanguage":"pt-BR","potentialAction":[{"@type":"CommentAction","name":"Comment","target":["https:\/\/www.oarcanjo.net\/site\/capela-sao-judas-tadeu-faz-25-anos\/#respond"]}]},{"@type":"WebPage","@id":"https:\/\/www.oarcanjo.net\/site\/capela-sao-judas-tadeu-faz-25-anos\/","url":"https:\/\/www.oarcanjo.net\/site\/capela-sao-judas-tadeu-faz-25-anos\/","name":"Capela S\u00e3o Judas Tadeu faz 25 anos - O Arcanjo no ar","isPartOf":{"@id":"https:\/\/www.oarcanjo.net\/site\/#website"},"primaryImageOfPage":{"@id":"https:\/\/www.oarcanjo.net\/site\/capela-sao-judas-tadeu-faz-25-anos\/#primaryimage"},"image":{"@id":"https:\/\/www.oarcanjo.net\/site\/capela-sao-judas-tadeu-faz-25-anos\/#primaryimage"},"thumbnailUrl":"http:\/\/www.oarcanjo.net\/site\/wp-content\/uploads\/capela-sao-judas-tadeu-2010-placa.jpg","datePublished":"2010-10-22T01:00:17+00:00","dateModified":"2010-10-28T01:03:18+00:00","breadcrumb":{"@id":"https:\/\/www.oarcanjo.net\/site\/capela-sao-judas-tadeu-faz-25-anos\/#breadcrumb"},"inLanguage":"pt-BR","potentialAction":[{"@type":"ReadAction","target":["https:\/\/www.oarcanjo.net\/site\/capela-sao-judas-tadeu-faz-25-anos\/"]}]},{"@type":"ImageObject","inLanguage":"pt-BR","@id":"https:\/\/www.oarcanjo.net\/site\/capela-sao-judas-tadeu-faz-25-anos\/#primaryimage","url":"http:\/\/www.oarcanjo.net\/site\/wp-content\/uploads\/capela-sao-judas-tadeu-2010-placa.jpg","contentUrl":"http:\/\/www.oarcanjo.net\/site\/wp-content\/uploads\/capela-sao-judas-tadeu-2010-placa.jpg"},{"@type":"BreadcrumbList","@id":"https:\/\/www.oarcanjo.net\/site\/capela-sao-judas-tadeu-faz-25-anos\/#breadcrumb","itemListElement":[{"@type":"ListItem","position":1,"name":"In\u00edcio","item":"https:\/\/www.oarcanjo.net\/site\/"},{"@type":"ListItem","position":2,"name":"Capela S\u00e3o Judas Tadeu faz 25 anos"}]},{"@type":"WebSite","@id":"https:\/\/www.oarcanjo.net\/site\/#website","url":"https:\/\/www.oarcanjo.net\/site\/","name":"O Arcanjo no ar","description":"Site da Par\u00f3quia S\u00e3o Miguel Arcanjo (Arquidiocese de SP)","publisher":{"@id":"https:\/\/www.oarcanjo.net\/site\/#organization"},"potentialAction":[{"@type":"SearchAction","target":{"@type":"EntryPoint","urlTemplate":"https:\/\/www.oarcanjo.net\/site\/?s={search_term_string}"},"query-input":{"@type":"PropertyValueSpecification","valueRequired":true,"valueName":"search_term_string"}}],"inLanguage":"pt-BR"},{"@type":"Organization","@id":"https:\/\/www.oarcanjo.net\/site\/#organization","name":"Par\u00f3quia S\u00e3o Miguel Arcanjo","url":"https:\/\/www.oarcanjo.net\/site\/","logo":{"@type":"ImageObject","inLanguage":"pt-BR","@id":"https:\/\/www.oarcanjo.net\/site\/#\/schema\/logo\/image\/","url":"https:\/\/www.oarcanjo.net\/site\/wp-content\/uploads\/LogoOArcanjo.png","contentUrl":"https:\/\/www.oarcanjo.net\/site\/wp-content\/uploads\/LogoOArcanjo.png","width":319,"height":99,"caption":"Par\u00f3quia S\u00e3o Miguel Arcanjo"},"image":{"@id":"https:\/\/www.oarcanjo.net\/site\/#\/schema\/logo\/image\/"},"sameAs":["https:\/\/www.facebook.com\/OArcanjoNoAr\/"]},{"@type":"Person","@id":"https:\/\/www.oarcanjo.net\/site\/#\/schema\/person\/f7024d007863202483a31326673a0838","name":"editor","sameAs":["http:\/\/www.oarcanjo.net"]}]}},"publishpress_future_action":{"enabled":false,"date":"2026-05-07 06:10:03","action":"category","newStatus":"draft","terms":[],"taxonomy":"category"},"publishpress_future_workflow_manual_trigger":{"enabledWorkflows":[]},"_links":{"self":[{"href":"https:\/\/www.oarcanjo.net\/site\/wp-json\/wp\/v2\/posts\/11426"}],"collection":[{"href":"https:\/\/www.oarcanjo.net\/site\/wp-json\/wp\/v2\/posts"}],"about":[{"href":"https:\/\/www.oarcanjo.net\/site\/wp-json\/wp\/v2\/types\/post"}],"author":[{"embeddable":true,"href":"https:\/\/www.oarcanjo.net\/site\/wp-json\/wp\/v2\/users\/5"}],"replies":[{"embeddable":true,"href":"https:\/\/www.oarcanjo.net\/site\/wp-json\/wp\/v2\/comments?post=11426"}],"version-history":[{"count":0,"href":"https:\/\/www.oarcanjo.net\/site\/wp-json\/wp\/v2\/posts\/11426\/revisions"}],"wp:attachment":[{"href":"https:\/\/www.oarcanjo.net\/site\/wp-json\/wp\/v2\/media?parent=11426"}],"wp:term":[{"taxonomy":"category","embeddable":true,"href":"https:\/\/www.oarcanjo.net\/site\/wp-json\/wp\/v2\/categories?post=11426"},{"taxonomy":"post_tag","embeddable":true,"href":"https:\/\/www.oarcanjo.net\/site\/wp-json\/wp\/v2\/tags?post=11426"}],"curies":[{"name":"wp","href":"https:\/\/api.w.org\/{rel}","templated":true}]}}