
{"id":11437,"date":"2017-10-23T00:31:10","date_gmt":"2017-10-23T02:31:10","guid":{"rendered":"http:\/\/www.oarcanjo.net\/site\/?p=11437"},"modified":"2017-08-11T14:58:36","modified_gmt":"2017-08-11T17:58:36","slug":"sao-joao-de-capistrano","status":"publish","type":"post","link":"https:\/\/www.oarcanjo.net\/site\/sao-joao-de-capistrano\/","title":{"rendered":"S\u00e3o Jo\u00e3o de Capistrano"},"content":{"rendered":"<p><img loading=\"lazy\" decoding=\"async\" class=\"alignnone size-full wp-image-66165\" src=\"http:\/\/www.oarcanjo.net\/site\/wp-content\/uploads\/Sao-Joao-de-Capistrano.jpg\" alt=\"S\u00e3o Jo\u00e3o de Capistrano\" width=\"197\" height=\"300\" \/><\/p>\n<p>23 de Outubro<\/p>\n<p>Jo\u00e3o nasceu no dia 24 de junho de 1386, na cidade de Capistrano, pr\u00f3ximo a \u00c1quila, no ent\u00e3o reino de N\u00e1poles, atual It\u00e1lia. Era filho de um conde alem\u00e3o e uma jovem italiana. Tornou-se um cidad\u00e3o de grande influ\u00eancia em Perugia, cidade onde estudou direito civil e can\u00f4nico, formando-se com honra ao m\u00e9rito. L\u00e1 se casou com a filha de outro importante membro da comunidade e foi governador da cidade, quando iniciava a revolta contra a domina\u00e7\u00e3o do rei de N\u00e1poles. Como Jo\u00e3o de Capistrano era muito respeitado e julgava ter amigos entre advers\u00e1rios, aceitou a tarefa de tentar um di\u00e1logo com o rei. Mas estava enganado, pois, al\u00e9m de n\u00e3o acreditarem nas suas propostas, de paz eles o prenderam. Ao mesmo tempo, recebeu a not\u00edcia da morte de sua esposa. Jo\u00e3o tinha trinta e nove anos de idade.<\/p>\n<p>Nessa ocasi\u00e3o tomou a decis\u00e3o mais importante de sua vida. Abriu m\u00e3o de todos os cargos, vendeu todos os bens e propriedades, pagou o resgate de sua liberdade e pediu ingresso num convento franciscano. Mas tamb\u00e9m ali encontrou a desconfian\u00e7a do seu prop\u00f3sito. O superior, antes de permitir que ele vestisse o h\u00e1bito, o submeteu a muitas humilha\u00e7\u00f5es, para provar sua determina\u00e7\u00e3o. Aprovado, apenas um ano depois era considerado um dos mais respeitados religiosos do convento. Ali\u00e1s, Ordem que ele pr\u00f3prio colaborou para reformar.<\/p>\n<p>Desde ent\u00e3o sua vida foi somente dedicada ao esp\u00edrito. Durante trinta anos fez rigoroso jejum, duras penit\u00eancias e se dedicou \u00e0s ora\u00e7\u00f5es. Trabalhou com energia, evangelizando na It\u00e1lia, Fran\u00e7a, Alemanha, \u00c1ustria, Hungria, Pol\u00f4nia e R\u00fassia. Tornou-se grande pregador e os registros mostram, que, ap\u00f3s sua prega\u00e7\u00e3o, muitos jovens decidiam entrar na Ordem de S\u00e3o Francisco de Assis. Foi conselheiro de quatro papas. Idoso, defendeu a It\u00e1lia numa guerra que ajudou a vencer. A famosa batalha de Belgrado, contra os invasores turcos mu\u00e7ulmanos.<\/p>\n<p>Jo\u00e3o de Capistrano contava setenta anos de idade, quando um enorme ex\u00e9rcito amea\u00e7ava tomar toda a Europa, pois j\u00e1 dominava mais de duzentas cidades. O papa Calisto III o designou como pregador de uma cruzada, que defenderia o continente. Com ele \u00e0 frente, os crist\u00e3os tiveram de combater um ex\u00e9rcito dez vezes maior. A guerra j\u00e1 estava quase perdida e os soldados estavam a ponto de desfalecer, quando surgiu Jo\u00e3o animando a todos, percorrendo as fileiras e mantendo-os estimulados na f\u00e9 em Cristo. Agiu assim durante onze dias e onze noites sem cessar. Espantados com a atitude de Jo\u00e3o, os guerreiros mu\u00e7ulmanos apavoraram-se, o ex\u00e9rcito se desorganizou e os soldados crist\u00e3os dominaram o campo de batalha at\u00e9 a vit\u00f3ria final.<\/p>\n<p>Vit\u00f3ria que, embora preferisse manter o anonimato, foi atribu\u00edda a Jo\u00e3o de Capistrano. Depois disso, retirou-se para o Convento de Villach, na \u00c1ustria, onde morreu tr\u00eas meses depois, no dia 23 de outubro de 1456. O seu culto se mant\u00e9m vivo at\u00e9 os nossos dias, sendo celebrado no dia de sua morte tanto no Oriente e como no Ocidente.<\/p>\n<p>Foi canonizado em 1724 pelo papa Bento XIII. Jo\u00e3o de Capistrano \u00e9 o padroeiro dos ju\u00edzes.<\/p>\n<div id=\"themify_builder_content-11437\" data-postid=\"11437\" class=\"themify_builder_content themify_builder_content-11437 themify_builder themify_builder_front\">\n\t<\/div>\n<!-- \/themify_builder_content -->","protected":false},"excerpt":{"rendered":"<p>23 de Outubro Jo\u00e3o nasceu no dia 24 de junho de 1386, na cidade de Capistrano, pr\u00f3ximo a \u00c1quila, no ent\u00e3o reino de N\u00e1poles, atual It\u00e1lia. Era filho de um conde alem\u00e3o e uma jovem italiana. Tornou-se um cidad\u00e3o de grande influ\u00eancia em Perugia, cidade onde estudou direito civil e can\u00f4nico, formando-se com honra ao [&hellip;]<\/p>\n","protected":false},"author":14,"featured_media":0,"comment_status":"open","ping_status":"open","sticky":false,"template":"","format":"standard","meta":{"ngg_post_thumbnail":0,"footnotes":""},"categories":[186],"tags":[],"yoast_head":"<!-- This site is optimized with the Yoast SEO plugin v23.5 - https:\/\/yoast.com\/wordpress\/plugins\/seo\/ -->\n<title>S\u00e3o Jo\u00e3o de Capistrano - O Arcanjo no ar<\/title>\n<meta name=\"robots\" content=\"index, follow, max-snippet:-1, max-image-preview:large, max-video-preview:-1\" \/>\n<link rel=\"canonical\" href=\"https:\/\/www.oarcanjo.net\/site\/sao-joao-de-capistrano\/\" \/>\n<meta property=\"og:locale\" content=\"pt_BR\" \/>\n<meta property=\"og:type\" content=\"article\" \/>\n<meta property=\"og:title\" content=\"S\u00e3o Jo\u00e3o de Capistrano - O Arcanjo no ar\" \/>\n<meta property=\"og:description\" content=\"23 de Outubro Jo\u00e3o nasceu no dia 24 de junho de 1386, na cidade de Capistrano, pr\u00f3ximo a \u00c1quila, no ent\u00e3o reino de N\u00e1poles, atual It\u00e1lia. Era filho de um conde alem\u00e3o e uma jovem italiana. Tornou-se um cidad\u00e3o de grande influ\u00eancia em Perugia, cidade onde estudou direito civil e can\u00f4nico, formando-se com honra ao [&hellip;]\" \/>\n<meta property=\"og:url\" content=\"https:\/\/www.oarcanjo.net\/site\/sao-joao-de-capistrano\/\" \/>\n<meta property=\"og:site_name\" content=\"O Arcanjo no ar\" \/>\n<meta property=\"article:publisher\" content=\"https:\/\/www.facebook.com\/OArcanjoNoAr\/\" \/>\n<meta property=\"article:published_time\" content=\"2017-10-23T02:31:10+00:00\" \/>\n<meta property=\"article:modified_time\" content=\"2017-08-11T17:58:36+00:00\" \/>\n<meta property=\"og:image\" content=\"http:\/\/www.oarcanjo.net\/site\/wp-content\/uploads\/Sao-Joao-de-Capistrano.jpg\" \/>\n<meta name=\"author\" content=\"danilo\" \/>\n<meta name=\"twitter:card\" content=\"summary_large_image\" \/>\n<meta name=\"twitter:label1\" content=\"Escrito por\" \/>\n\t<meta name=\"twitter:data1\" content=\"danilo\" \/>\n\t<meta name=\"twitter:label2\" content=\"Est. tempo de leitura\" \/>\n\t<meta name=\"twitter:data2\" content=\"3 minutos\" \/>\n<script type=\"application\/ld+json\" class=\"yoast-schema-graph\">{\"@context\":\"https:\/\/schema.org\",\"@graph\":[{\"@type\":\"Article\",\"@id\":\"https:\/\/www.oarcanjo.net\/site\/sao-joao-de-capistrano\/#article\",\"isPartOf\":{\"@id\":\"https:\/\/www.oarcanjo.net\/site\/sao-joao-de-capistrano\/\"},\"author\":{\"name\":\"danilo\",\"@id\":\"https:\/\/www.oarcanjo.net\/site\/#\/schema\/person\/5eb9480bedd2f3c97e430ce128c29c6c\"},\"headline\":\"S\u00e3o Jo\u00e3o de Capistrano\",\"datePublished\":\"2017-10-23T02:31:10+00:00\",\"dateModified\":\"2017-08-11T17:58:36+00:00\",\"mainEntityOfPage\":{\"@id\":\"https:\/\/www.oarcanjo.net\/site\/sao-joao-de-capistrano\/\"},\"wordCount\":562,\"commentCount\":0,\"publisher\":{\"@id\":\"https:\/\/www.oarcanjo.net\/site\/#organization\"},\"image\":{\"@id\":\"https:\/\/www.oarcanjo.net\/site\/sao-joao-de-capistrano\/#primaryimage\"},\"thumbnailUrl\":\"http:\/\/www.oarcanjo.net\/site\/wp-content\/uploads\/Sao-Joao-de-Capistrano.jpg\",\"articleSection\":[\"Testemunhos\"],\"inLanguage\":\"pt-BR\",\"potentialAction\":[{\"@type\":\"CommentAction\",\"name\":\"Comment\",\"target\":[\"https:\/\/www.oarcanjo.net\/site\/sao-joao-de-capistrano\/#respond\"]}]},{\"@type\":\"WebPage\",\"@id\":\"https:\/\/www.oarcanjo.net\/site\/sao-joao-de-capistrano\/\",\"url\":\"https:\/\/www.oarcanjo.net\/site\/sao-joao-de-capistrano\/\",\"name\":\"S\u00e3o Jo\u00e3o de Capistrano - O Arcanjo no ar\",\"isPartOf\":{\"@id\":\"https:\/\/www.oarcanjo.net\/site\/#website\"},\"primaryImageOfPage\":{\"@id\":\"https:\/\/www.oarcanjo.net\/site\/sao-joao-de-capistrano\/#primaryimage\"},\"image\":{\"@id\":\"https:\/\/www.oarcanjo.net\/site\/sao-joao-de-capistrano\/#primaryimage\"},\"thumbnailUrl\":\"http:\/\/www.oarcanjo.net\/site\/wp-content\/uploads\/Sao-Joao-de-Capistrano.jpg\",\"datePublished\":\"2017-10-23T02:31:10+00:00\",\"dateModified\":\"2017-08-11T17:58:36+00:00\",\"breadcrumb\":{\"@id\":\"https:\/\/www.oarcanjo.net\/site\/sao-joao-de-capistrano\/#breadcrumb\"},\"inLanguage\":\"pt-BR\",\"potentialAction\":[{\"@type\":\"ReadAction\",\"target\":[\"https:\/\/www.oarcanjo.net\/site\/sao-joao-de-capistrano\/\"]}]},{\"@type\":\"ImageObject\",\"inLanguage\":\"pt-BR\",\"@id\":\"https:\/\/www.oarcanjo.net\/site\/sao-joao-de-capistrano\/#primaryimage\",\"url\":\"https:\/\/www.oarcanjo.net\/site\/wp-content\/uploads\/Sao-Joao-de-Capistrano.jpg\",\"contentUrl\":\"https:\/\/www.oarcanjo.net\/site\/wp-content\/uploads\/Sao-Joao-de-Capistrano.jpg\",\"width\":197,\"height\":300,\"caption\":\"S\u00e3o Jo\u00e3o de Capistrano\"},{\"@type\":\"BreadcrumbList\",\"@id\":\"https:\/\/www.oarcanjo.net\/site\/sao-joao-de-capistrano\/#breadcrumb\",\"itemListElement\":[{\"@type\":\"ListItem\",\"position\":1,\"name\":\"In\u00edcio\",\"item\":\"https:\/\/www.oarcanjo.net\/site\/\"},{\"@type\":\"ListItem\",\"position\":2,\"name\":\"S\u00e3o Jo\u00e3o de Capistrano\"}]},{\"@type\":\"WebSite\",\"@id\":\"https:\/\/www.oarcanjo.net\/site\/#website\",\"url\":\"https:\/\/www.oarcanjo.net\/site\/\",\"name\":\"O Arcanjo no ar\",\"description\":\"Site da Par\u00f3quia S\u00e3o Miguel Arcanjo (Arquidiocese de SP)\",\"publisher\":{\"@id\":\"https:\/\/www.oarcanjo.net\/site\/#organization\"},\"potentialAction\":[{\"@type\":\"SearchAction\",\"target\":{\"@type\":\"EntryPoint\",\"urlTemplate\":\"https:\/\/www.oarcanjo.net\/site\/?s={search_term_string}\"},\"query-input\":{\"@type\":\"PropertyValueSpecification\",\"valueRequired\":true,\"valueName\":\"search_term_string\"}}],\"inLanguage\":\"pt-BR\"},{\"@type\":\"Organization\",\"@id\":\"https:\/\/www.oarcanjo.net\/site\/#organization\",\"name\":\"Par\u00f3quia S\u00e3o Miguel Arcanjo\",\"url\":\"https:\/\/www.oarcanjo.net\/site\/\",\"logo\":{\"@type\":\"ImageObject\",\"inLanguage\":\"pt-BR\",\"@id\":\"https:\/\/www.oarcanjo.net\/site\/#\/schema\/logo\/image\/\",\"url\":\"https:\/\/www.oarcanjo.net\/site\/wp-content\/uploads\/LogoOArcanjo.png\",\"contentUrl\":\"https:\/\/www.oarcanjo.net\/site\/wp-content\/uploads\/LogoOArcanjo.png\",\"width\":319,\"height\":99,\"caption\":\"Par\u00f3quia S\u00e3o Miguel Arcanjo\"},\"image\":{\"@id\":\"https:\/\/www.oarcanjo.net\/site\/#\/schema\/logo\/image\/\"},\"sameAs\":[\"https:\/\/www.facebook.com\/OArcanjoNoAr\/\"]},{\"@type\":\"Person\",\"@id\":\"https:\/\/www.oarcanjo.net\/site\/#\/schema\/person\/5eb9480bedd2f3c97e430ce128c29c6c\",\"name\":\"danilo\"}]}<\/script>\n<!-- \/ Yoast SEO plugin. -->","yoast_head_json":{"title":"S\u00e3o Jo\u00e3o de Capistrano - O Arcanjo no ar","robots":{"index":"index","follow":"follow","max-snippet":"max-snippet:-1","max-image-preview":"max-image-preview:large","max-video-preview":"max-video-preview:-1"},"canonical":"https:\/\/www.oarcanjo.net\/site\/sao-joao-de-capistrano\/","og_locale":"pt_BR","og_type":"article","og_title":"S\u00e3o Jo\u00e3o de Capistrano - O Arcanjo no ar","og_description":"23 de Outubro Jo\u00e3o nasceu no dia 24 de junho de 1386, na cidade de Capistrano, pr\u00f3ximo a \u00c1quila, no ent\u00e3o reino de N\u00e1poles, atual It\u00e1lia. Era filho de um conde alem\u00e3o e uma jovem italiana. Tornou-se um cidad\u00e3o de grande influ\u00eancia em Perugia, cidade onde estudou direito civil e can\u00f4nico, formando-se com honra ao [&hellip;]","og_url":"https:\/\/www.oarcanjo.net\/site\/sao-joao-de-capistrano\/","og_site_name":"O Arcanjo no ar","article_publisher":"https:\/\/www.facebook.com\/OArcanjoNoAr\/","article_published_time":"2017-10-23T02:31:10+00:00","article_modified_time":"2017-08-11T17:58:36+00:00","og_image":[{"url":"http:\/\/www.oarcanjo.net\/site\/wp-content\/uploads\/Sao-Joao-de-Capistrano.jpg"}],"author":"danilo","twitter_card":"summary_large_image","twitter_misc":{"Escrito por":"danilo","Est. tempo de leitura":"3 minutos"},"schema":{"@context":"https:\/\/schema.org","@graph":[{"@type":"Article","@id":"https:\/\/www.oarcanjo.net\/site\/sao-joao-de-capistrano\/#article","isPartOf":{"@id":"https:\/\/www.oarcanjo.net\/site\/sao-joao-de-capistrano\/"},"author":{"name":"danilo","@id":"https:\/\/www.oarcanjo.net\/site\/#\/schema\/person\/5eb9480bedd2f3c97e430ce128c29c6c"},"headline":"S\u00e3o Jo\u00e3o de Capistrano","datePublished":"2017-10-23T02:31:10+00:00","dateModified":"2017-08-11T17:58:36+00:00","mainEntityOfPage":{"@id":"https:\/\/www.oarcanjo.net\/site\/sao-joao-de-capistrano\/"},"wordCount":562,"commentCount":0,"publisher":{"@id":"https:\/\/www.oarcanjo.net\/site\/#organization"},"image":{"@id":"https:\/\/www.oarcanjo.net\/site\/sao-joao-de-capistrano\/#primaryimage"},"thumbnailUrl":"http:\/\/www.oarcanjo.net\/site\/wp-content\/uploads\/Sao-Joao-de-Capistrano.jpg","articleSection":["Testemunhos"],"inLanguage":"pt-BR","potentialAction":[{"@type":"CommentAction","name":"Comment","target":["https:\/\/www.oarcanjo.net\/site\/sao-joao-de-capistrano\/#respond"]}]},{"@type":"WebPage","@id":"https:\/\/www.oarcanjo.net\/site\/sao-joao-de-capistrano\/","url":"https:\/\/www.oarcanjo.net\/site\/sao-joao-de-capistrano\/","name":"S\u00e3o Jo\u00e3o de Capistrano - O Arcanjo no ar","isPartOf":{"@id":"https:\/\/www.oarcanjo.net\/site\/#website"},"primaryImageOfPage":{"@id":"https:\/\/www.oarcanjo.net\/site\/sao-joao-de-capistrano\/#primaryimage"},"image":{"@id":"https:\/\/www.oarcanjo.net\/site\/sao-joao-de-capistrano\/#primaryimage"},"thumbnailUrl":"http:\/\/www.oarcanjo.net\/site\/wp-content\/uploads\/Sao-Joao-de-Capistrano.jpg","datePublished":"2017-10-23T02:31:10+00:00","dateModified":"2017-08-11T17:58:36+00:00","breadcrumb":{"@id":"https:\/\/www.oarcanjo.net\/site\/sao-joao-de-capistrano\/#breadcrumb"},"inLanguage":"pt-BR","potentialAction":[{"@type":"ReadAction","target":["https:\/\/www.oarcanjo.net\/site\/sao-joao-de-capistrano\/"]}]},{"@type":"ImageObject","inLanguage":"pt-BR","@id":"https:\/\/www.oarcanjo.net\/site\/sao-joao-de-capistrano\/#primaryimage","url":"https:\/\/www.oarcanjo.net\/site\/wp-content\/uploads\/Sao-Joao-de-Capistrano.jpg","contentUrl":"https:\/\/www.oarcanjo.net\/site\/wp-content\/uploads\/Sao-Joao-de-Capistrano.jpg","width":197,"height":300,"caption":"S\u00e3o Jo\u00e3o de Capistrano"},{"@type":"BreadcrumbList","@id":"https:\/\/www.oarcanjo.net\/site\/sao-joao-de-capistrano\/#breadcrumb","itemListElement":[{"@type":"ListItem","position":1,"name":"In\u00edcio","item":"https:\/\/www.oarcanjo.net\/site\/"},{"@type":"ListItem","position":2,"name":"S\u00e3o Jo\u00e3o de Capistrano"}]},{"@type":"WebSite","@id":"https:\/\/www.oarcanjo.net\/site\/#website","url":"https:\/\/www.oarcanjo.net\/site\/","name":"O Arcanjo no ar","description":"Site da Par\u00f3quia S\u00e3o Miguel Arcanjo (Arquidiocese de SP)","publisher":{"@id":"https:\/\/www.oarcanjo.net\/site\/#organization"},"potentialAction":[{"@type":"SearchAction","target":{"@type":"EntryPoint","urlTemplate":"https:\/\/www.oarcanjo.net\/site\/?s={search_term_string}"},"query-input":{"@type":"PropertyValueSpecification","valueRequired":true,"valueName":"search_term_string"}}],"inLanguage":"pt-BR"},{"@type":"Organization","@id":"https:\/\/www.oarcanjo.net\/site\/#organization","name":"Par\u00f3quia S\u00e3o Miguel Arcanjo","url":"https:\/\/www.oarcanjo.net\/site\/","logo":{"@type":"ImageObject","inLanguage":"pt-BR","@id":"https:\/\/www.oarcanjo.net\/site\/#\/schema\/logo\/image\/","url":"https:\/\/www.oarcanjo.net\/site\/wp-content\/uploads\/LogoOArcanjo.png","contentUrl":"https:\/\/www.oarcanjo.net\/site\/wp-content\/uploads\/LogoOArcanjo.png","width":319,"height":99,"caption":"Par\u00f3quia S\u00e3o Miguel Arcanjo"},"image":{"@id":"https:\/\/www.oarcanjo.net\/site\/#\/schema\/logo\/image\/"},"sameAs":["https:\/\/www.facebook.com\/OArcanjoNoAr\/"]},{"@type":"Person","@id":"https:\/\/www.oarcanjo.net\/site\/#\/schema\/person\/5eb9480bedd2f3c97e430ce128c29c6c","name":"danilo"}]}},"publishpress_future_action":{"enabled":false,"date":"2026-05-08 12:39:22","action":"category","newStatus":"draft","terms":[],"taxonomy":"category"},"publishpress_future_workflow_manual_trigger":{"enabledWorkflows":[]},"_links":{"self":[{"href":"https:\/\/www.oarcanjo.net\/site\/wp-json\/wp\/v2\/posts\/11437"}],"collection":[{"href":"https:\/\/www.oarcanjo.net\/site\/wp-json\/wp\/v2\/posts"}],"about":[{"href":"https:\/\/www.oarcanjo.net\/site\/wp-json\/wp\/v2\/types\/post"}],"author":[{"embeddable":true,"href":"https:\/\/www.oarcanjo.net\/site\/wp-json\/wp\/v2\/users\/14"}],"replies":[{"embeddable":true,"href":"https:\/\/www.oarcanjo.net\/site\/wp-json\/wp\/v2\/comments?post=11437"}],"version-history":[{"count":0,"href":"https:\/\/www.oarcanjo.net\/site\/wp-json\/wp\/v2\/posts\/11437\/revisions"}],"wp:attachment":[{"href":"https:\/\/www.oarcanjo.net\/site\/wp-json\/wp\/v2\/media?parent=11437"}],"wp:term":[{"taxonomy":"category","embeddable":true,"href":"https:\/\/www.oarcanjo.net\/site\/wp-json\/wp\/v2\/categories?post=11437"},{"taxonomy":"post_tag","embeddable":true,"href":"https:\/\/www.oarcanjo.net\/site\/wp-json\/wp\/v2\/tags?post=11437"}],"curies":[{"name":"wp","href":"https:\/\/api.w.org\/{rel}","templated":true}]}}