
{"id":11439,"date":"2017-10-24T00:33:44","date_gmt":"2017-10-24T02:33:44","guid":{"rendered":"http:\/\/www.oarcanjo.net\/site\/?p=11439"},"modified":"2017-08-11T14:58:40","modified_gmt":"2017-08-11T17:58:40","slug":"bem-aventurado-luis-guanella","status":"publish","type":"post","link":"https:\/\/www.oarcanjo.net\/site\/bem-aventurado-luis-guanella\/","title":{"rendered":"Bem Aventurado Lu\u00eds Guanella"},"content":{"rendered":"<p><img loading=\"lazy\" decoding=\"async\" class=\"alignnone size-full wp-image-53541\" src=\"http:\/\/www.oarcanjo.net\/site\/wp-content\/uploads\/Bem-Aventurado-Luis-Guanella.jpg\" alt=\"Bem Aventurado Lu\u00eds Guanella\" width=\"307\" height=\"448\" srcset=\"https:\/\/www.oarcanjo.net\/site\/wp-content\/uploads\/Bem-Aventurado-Luis-Guanella.jpg 307w, https:\/\/www.oarcanjo.net\/site\/wp-content\/uploads\/Bem-Aventurado-Luis-Guanella-205x300.jpg 205w\" sizes=\"(max-width: 307px) 100vw, 307px\" \/><\/p>\n<p>24 de Outubro<\/p>\n<p>Fundou a congrega\u00e7\u00e3o Filhas de Santa Maria da Provid\u00eancia<br \/>\ne dos Servos da Caridade<\/p>\n<p>Lu\u00eds Guanella nasceu no dia 19 de dezembro de 1842, em Franciscio Campodolcino, uma regi\u00e3o montanhosa no norte da It\u00e1lia. A sua fam\u00edlia era numerosa e de poucos recursos. Do pai, Louren\u00e7o, herdou o car\u00e1ter forte e tenaz do montanh\u00eas; da m\u00e3e, Maria, a gentileza e a compaix\u00e3o para com os pobres; de ambos, herdou a f\u00e9 robusta, o amor \u00e0 ora\u00e7\u00e3o e a confian\u00e7a na Provid\u00eancia Divina.<\/p>\n<p>Logo percebeu sua voca\u00e7\u00e3o para o sacerd\u00f3cio, pois o seu cora\u00e7\u00e3o e a sua mente estavam sempre repletos do desejo de ajudar os pobres e doentes. Por isso, no col\u00e9gio e no semin\u00e1rio diocesano, fez os estudos preparat\u00f3rios para o sacerd\u00f3cio e, em 1866, foi ordenado sacerdote.<\/p>\n<p>Dom Guanella exerceu seu minist\u00e9rio em pequenas par\u00f3quias. Entretanto, movido por um impulso interior, procurou seu caminho ao lado do agora santo Jo\u00e3o Bosco, o Ap\u00f3stolo da Juventude, que o acolheu. Jo\u00e3o Bosco foi seu orientador e conselheiro durante tr\u00eas anos. Com ele, dom Guanella refor\u00e7ou ainda mais o seu zelo de pastor de almas, j\u00e1 que, al\u00e9m do bem espiritual dos seus paroquianos, preocupava-se com a sua promo\u00e7\u00e3o humana e social.<\/p>\n<p>Foi chamado e voltou a trabalhar na diocese com confian\u00e7a e esperan\u00e7a, aguardando a hora da miseric\u00f3rdia de Deus para iniciar aquelas obras de caridade. Mas teve de esperar muito. E seu caminho foi de dif\u00edceis prova\u00e7\u00f5es; sofrendo persegui\u00e7\u00f5es pol\u00edticas e sociais, provando, muitas vezes, o sentimento de solid\u00e3o e des\u00e2nimo.<\/p>\n<p>Dom Guanella sempre via desfazerem-se todas as tentativas de iniciar sua obra. Mas forte na f\u00e9, perseverou. S\u00f3 depois de vinte anos de minist\u00e9rio conseguiu autoriza\u00e7\u00e3o do bispo para abrir, na cidade de Como, uma Casa onde abrigaria os marginalizados pela sociedade, os velhos abandonados, os deficientes f\u00edsicos e mentais, as crian\u00e7as \u00f3rf\u00e3s etc.<\/p>\n<p>No in\u00edcio, a Obra foi humilde, mas cresceu robusta. Logo foram abertas v\u00e1rias casas. Em seguida, fundou uma Congrega\u00e7\u00e3o religiosa feminina, as &#8220;Filhas de Santa Maria da Provid\u00eancia&#8221;, e uma masculina, a &#8220;Congrega\u00e7\u00e3o dos Servos da Caridade&#8221;, para o atendimento integral da Obra.<\/p>\n<p>Ainda em vida o fundador viu a fam\u00edlia guaneliana cruzar as fronteiras da It\u00e1lia e depois cruzar os oceanos. Atualmente, a obra de dom Guanella continua, gra\u00e7as \u00e0 presen\u00e7a de seus filhos e filhas espalhados nos quatro continentes, em mais de vinte na\u00e7\u00f5es, entre as quais est\u00e3o Brasil, Paraguai, Argentina, Chile, Col\u00f4mbia, Guatemala, M\u00e9xico e Estados Unidos.<\/p>\n<p>Ele faleceu com setenta e tr\u00eas anos de idade, na cidade de Como, It\u00e1lia, no dia 24 de outubro de 1915. O papa Paulo VI beatificou dom Lu\u00eds Guanella em 1964, em Roma. A sua fam\u00edlia religiosa e os fi\u00e9is celebram a sua mem\u00f3ria no dia de sua morte.<\/p>\n<div id=\"themify_builder_content-11439\" data-postid=\"11439\" class=\"themify_builder_content themify_builder_content-11439 themify_builder themify_builder_front\">\n\t<\/div>\n<!-- \/themify_builder_content -->","protected":false},"excerpt":{"rendered":"<p>24 de Outubro Fundou a congrega\u00e7\u00e3o Filhas de Santa Maria da Provid\u00eancia e dos Servos da Caridade Lu\u00eds Guanella nasceu no dia 19 de dezembro de 1842, em Franciscio Campodolcino, uma regi\u00e3o montanhosa no norte da It\u00e1lia. A sua fam\u00edlia era numerosa e de poucos recursos. Do pai, Louren\u00e7o, herdou o car\u00e1ter forte e tenaz [&hellip;]<\/p>\n","protected":false},"author":14,"featured_media":0,"comment_status":"open","ping_status":"open","sticky":false,"template":"","format":"standard","meta":{"ngg_post_thumbnail":0,"footnotes":""},"categories":[186],"tags":[],"yoast_head":"<!-- This site is optimized with the Yoast SEO plugin v23.5 - https:\/\/yoast.com\/wordpress\/plugins\/seo\/ -->\n<title>Bem Aventurado Lu\u00eds Guanella - O Arcanjo no ar<\/title>\n<meta name=\"robots\" content=\"index, follow, max-snippet:-1, max-image-preview:large, max-video-preview:-1\" \/>\n<link rel=\"canonical\" href=\"https:\/\/www.oarcanjo.net\/site\/bem-aventurado-luis-guanella\/\" \/>\n<meta property=\"og:locale\" content=\"pt_BR\" \/>\n<meta property=\"og:type\" content=\"article\" \/>\n<meta property=\"og:title\" content=\"Bem Aventurado Lu\u00eds Guanella - O Arcanjo no ar\" \/>\n<meta property=\"og:description\" content=\"24 de Outubro Fundou a congrega\u00e7\u00e3o Filhas de Santa Maria da Provid\u00eancia e dos Servos da Caridade Lu\u00eds Guanella nasceu no dia 19 de dezembro de 1842, em Franciscio Campodolcino, uma regi\u00e3o montanhosa no norte da It\u00e1lia. A sua fam\u00edlia era numerosa e de poucos recursos. Do pai, Louren\u00e7o, herdou o car\u00e1ter forte e tenaz [&hellip;]\" \/>\n<meta property=\"og:url\" content=\"https:\/\/www.oarcanjo.net\/site\/bem-aventurado-luis-guanella\/\" \/>\n<meta property=\"og:site_name\" content=\"O Arcanjo no ar\" \/>\n<meta property=\"article:publisher\" content=\"https:\/\/www.facebook.com\/OArcanjoNoAr\/\" \/>\n<meta property=\"article:published_time\" content=\"2017-10-24T02:33:44+00:00\" \/>\n<meta property=\"article:modified_time\" content=\"2017-08-11T17:58:40+00:00\" \/>\n<meta property=\"og:image\" content=\"http:\/\/www.oarcanjo.net\/site\/wp-content\/uploads\/Bem-Aventurado-Luis-Guanella.jpg\" \/>\n<meta name=\"author\" content=\"danilo\" \/>\n<meta name=\"twitter:card\" content=\"summary_large_image\" \/>\n<meta name=\"twitter:label1\" content=\"Escrito por\" \/>\n\t<meta name=\"twitter:data1\" content=\"danilo\" \/>\n\t<meta name=\"twitter:label2\" content=\"Est. tempo de leitura\" \/>\n\t<meta name=\"twitter:data2\" content=\"3 minutos\" \/>\n<script type=\"application\/ld+json\" class=\"yoast-schema-graph\">{\"@context\":\"https:\/\/schema.org\",\"@graph\":[{\"@type\":\"Article\",\"@id\":\"https:\/\/www.oarcanjo.net\/site\/bem-aventurado-luis-guanella\/#article\",\"isPartOf\":{\"@id\":\"https:\/\/www.oarcanjo.net\/site\/bem-aventurado-luis-guanella\/\"},\"author\":{\"name\":\"danilo\",\"@id\":\"https:\/\/www.oarcanjo.net\/site\/#\/schema\/person\/5eb9480bedd2f3c97e430ce128c29c6c\"},\"headline\":\"Bem Aventurado Lu\u00eds Guanella\",\"datePublished\":\"2017-10-24T02:33:44+00:00\",\"dateModified\":\"2017-08-11T17:58:40+00:00\",\"mainEntityOfPage\":{\"@id\":\"https:\/\/www.oarcanjo.net\/site\/bem-aventurado-luis-guanella\/\"},\"wordCount\":517,\"commentCount\":1,\"publisher\":{\"@id\":\"https:\/\/www.oarcanjo.net\/site\/#organization\"},\"image\":{\"@id\":\"https:\/\/www.oarcanjo.net\/site\/bem-aventurado-luis-guanella\/#primaryimage\"},\"thumbnailUrl\":\"http:\/\/www.oarcanjo.net\/site\/wp-content\/uploads\/Bem-Aventurado-Luis-Guanella.jpg\",\"articleSection\":[\"Testemunhos\"],\"inLanguage\":\"pt-BR\",\"potentialAction\":[{\"@type\":\"CommentAction\",\"name\":\"Comment\",\"target\":[\"https:\/\/www.oarcanjo.net\/site\/bem-aventurado-luis-guanella\/#respond\"]}]},{\"@type\":\"WebPage\",\"@id\":\"https:\/\/www.oarcanjo.net\/site\/bem-aventurado-luis-guanella\/\",\"url\":\"https:\/\/www.oarcanjo.net\/site\/bem-aventurado-luis-guanella\/\",\"name\":\"Bem Aventurado Lu\u00eds Guanella - O Arcanjo no ar\",\"isPartOf\":{\"@id\":\"https:\/\/www.oarcanjo.net\/site\/#website\"},\"primaryImageOfPage\":{\"@id\":\"https:\/\/www.oarcanjo.net\/site\/bem-aventurado-luis-guanella\/#primaryimage\"},\"image\":{\"@id\":\"https:\/\/www.oarcanjo.net\/site\/bem-aventurado-luis-guanella\/#primaryimage\"},\"thumbnailUrl\":\"http:\/\/www.oarcanjo.net\/site\/wp-content\/uploads\/Bem-Aventurado-Luis-Guanella.jpg\",\"datePublished\":\"2017-10-24T02:33:44+00:00\",\"dateModified\":\"2017-08-11T17:58:40+00:00\",\"breadcrumb\":{\"@id\":\"https:\/\/www.oarcanjo.net\/site\/bem-aventurado-luis-guanella\/#breadcrumb\"},\"inLanguage\":\"pt-BR\",\"potentialAction\":[{\"@type\":\"ReadAction\",\"target\":[\"https:\/\/www.oarcanjo.net\/site\/bem-aventurado-luis-guanella\/\"]}]},{\"@type\":\"ImageObject\",\"inLanguage\":\"pt-BR\",\"@id\":\"https:\/\/www.oarcanjo.net\/site\/bem-aventurado-luis-guanella\/#primaryimage\",\"url\":\"https:\/\/www.oarcanjo.net\/site\/wp-content\/uploads\/Bem-Aventurado-Luis-Guanella.jpg\",\"contentUrl\":\"https:\/\/www.oarcanjo.net\/site\/wp-content\/uploads\/Bem-Aventurado-Luis-Guanella.jpg\",\"width\":307,\"height\":448,\"caption\":\"Bem Aventurado Lu\u00eds Guanella\"},{\"@type\":\"BreadcrumbList\",\"@id\":\"https:\/\/www.oarcanjo.net\/site\/bem-aventurado-luis-guanella\/#breadcrumb\",\"itemListElement\":[{\"@type\":\"ListItem\",\"position\":1,\"name\":\"In\u00edcio\",\"item\":\"https:\/\/www.oarcanjo.net\/site\/\"},{\"@type\":\"ListItem\",\"position\":2,\"name\":\"Bem Aventurado Lu\u00eds Guanella\"}]},{\"@type\":\"WebSite\",\"@id\":\"https:\/\/www.oarcanjo.net\/site\/#website\",\"url\":\"https:\/\/www.oarcanjo.net\/site\/\",\"name\":\"O Arcanjo no ar\",\"description\":\"Site da Par\u00f3quia S\u00e3o Miguel Arcanjo (Arquidiocese de SP)\",\"publisher\":{\"@id\":\"https:\/\/www.oarcanjo.net\/site\/#organization\"},\"potentialAction\":[{\"@type\":\"SearchAction\",\"target\":{\"@type\":\"EntryPoint\",\"urlTemplate\":\"https:\/\/www.oarcanjo.net\/site\/?s={search_term_string}\"},\"query-input\":{\"@type\":\"PropertyValueSpecification\",\"valueRequired\":true,\"valueName\":\"search_term_string\"}}],\"inLanguage\":\"pt-BR\"},{\"@type\":\"Organization\",\"@id\":\"https:\/\/www.oarcanjo.net\/site\/#organization\",\"name\":\"Par\u00f3quia S\u00e3o Miguel Arcanjo\",\"url\":\"https:\/\/www.oarcanjo.net\/site\/\",\"logo\":{\"@type\":\"ImageObject\",\"inLanguage\":\"pt-BR\",\"@id\":\"https:\/\/www.oarcanjo.net\/site\/#\/schema\/logo\/image\/\",\"url\":\"https:\/\/www.oarcanjo.net\/site\/wp-content\/uploads\/LogoOArcanjo.png\",\"contentUrl\":\"https:\/\/www.oarcanjo.net\/site\/wp-content\/uploads\/LogoOArcanjo.png\",\"width\":319,\"height\":99,\"caption\":\"Par\u00f3quia S\u00e3o Miguel Arcanjo\"},\"image\":{\"@id\":\"https:\/\/www.oarcanjo.net\/site\/#\/schema\/logo\/image\/\"},\"sameAs\":[\"https:\/\/www.facebook.com\/OArcanjoNoAr\/\"]},{\"@type\":\"Person\",\"@id\":\"https:\/\/www.oarcanjo.net\/site\/#\/schema\/person\/5eb9480bedd2f3c97e430ce128c29c6c\",\"name\":\"danilo\"}]}<\/script>\n<!-- \/ Yoast SEO plugin. -->","yoast_head_json":{"title":"Bem Aventurado Lu\u00eds Guanella - O Arcanjo no ar","robots":{"index":"index","follow":"follow","max-snippet":"max-snippet:-1","max-image-preview":"max-image-preview:large","max-video-preview":"max-video-preview:-1"},"canonical":"https:\/\/www.oarcanjo.net\/site\/bem-aventurado-luis-guanella\/","og_locale":"pt_BR","og_type":"article","og_title":"Bem Aventurado Lu\u00eds Guanella - O Arcanjo no ar","og_description":"24 de Outubro Fundou a congrega\u00e7\u00e3o Filhas de Santa Maria da Provid\u00eancia e dos Servos da Caridade Lu\u00eds Guanella nasceu no dia 19 de dezembro de 1842, em Franciscio Campodolcino, uma regi\u00e3o montanhosa no norte da It\u00e1lia. A sua fam\u00edlia era numerosa e de poucos recursos. Do pai, Louren\u00e7o, herdou o car\u00e1ter forte e tenaz [&hellip;]","og_url":"https:\/\/www.oarcanjo.net\/site\/bem-aventurado-luis-guanella\/","og_site_name":"O Arcanjo no ar","article_publisher":"https:\/\/www.facebook.com\/OArcanjoNoAr\/","article_published_time":"2017-10-24T02:33:44+00:00","article_modified_time":"2017-08-11T17:58:40+00:00","og_image":[{"url":"http:\/\/www.oarcanjo.net\/site\/wp-content\/uploads\/Bem-Aventurado-Luis-Guanella.jpg"}],"author":"danilo","twitter_card":"summary_large_image","twitter_misc":{"Escrito por":"danilo","Est. tempo de leitura":"3 minutos"},"schema":{"@context":"https:\/\/schema.org","@graph":[{"@type":"Article","@id":"https:\/\/www.oarcanjo.net\/site\/bem-aventurado-luis-guanella\/#article","isPartOf":{"@id":"https:\/\/www.oarcanjo.net\/site\/bem-aventurado-luis-guanella\/"},"author":{"name":"danilo","@id":"https:\/\/www.oarcanjo.net\/site\/#\/schema\/person\/5eb9480bedd2f3c97e430ce128c29c6c"},"headline":"Bem Aventurado Lu\u00eds Guanella","datePublished":"2017-10-24T02:33:44+00:00","dateModified":"2017-08-11T17:58:40+00:00","mainEntityOfPage":{"@id":"https:\/\/www.oarcanjo.net\/site\/bem-aventurado-luis-guanella\/"},"wordCount":517,"commentCount":1,"publisher":{"@id":"https:\/\/www.oarcanjo.net\/site\/#organization"},"image":{"@id":"https:\/\/www.oarcanjo.net\/site\/bem-aventurado-luis-guanella\/#primaryimage"},"thumbnailUrl":"http:\/\/www.oarcanjo.net\/site\/wp-content\/uploads\/Bem-Aventurado-Luis-Guanella.jpg","articleSection":["Testemunhos"],"inLanguage":"pt-BR","potentialAction":[{"@type":"CommentAction","name":"Comment","target":["https:\/\/www.oarcanjo.net\/site\/bem-aventurado-luis-guanella\/#respond"]}]},{"@type":"WebPage","@id":"https:\/\/www.oarcanjo.net\/site\/bem-aventurado-luis-guanella\/","url":"https:\/\/www.oarcanjo.net\/site\/bem-aventurado-luis-guanella\/","name":"Bem Aventurado Lu\u00eds Guanella - O Arcanjo no ar","isPartOf":{"@id":"https:\/\/www.oarcanjo.net\/site\/#website"},"primaryImageOfPage":{"@id":"https:\/\/www.oarcanjo.net\/site\/bem-aventurado-luis-guanella\/#primaryimage"},"image":{"@id":"https:\/\/www.oarcanjo.net\/site\/bem-aventurado-luis-guanella\/#primaryimage"},"thumbnailUrl":"http:\/\/www.oarcanjo.net\/site\/wp-content\/uploads\/Bem-Aventurado-Luis-Guanella.jpg","datePublished":"2017-10-24T02:33:44+00:00","dateModified":"2017-08-11T17:58:40+00:00","breadcrumb":{"@id":"https:\/\/www.oarcanjo.net\/site\/bem-aventurado-luis-guanella\/#breadcrumb"},"inLanguage":"pt-BR","potentialAction":[{"@type":"ReadAction","target":["https:\/\/www.oarcanjo.net\/site\/bem-aventurado-luis-guanella\/"]}]},{"@type":"ImageObject","inLanguage":"pt-BR","@id":"https:\/\/www.oarcanjo.net\/site\/bem-aventurado-luis-guanella\/#primaryimage","url":"https:\/\/www.oarcanjo.net\/site\/wp-content\/uploads\/Bem-Aventurado-Luis-Guanella.jpg","contentUrl":"https:\/\/www.oarcanjo.net\/site\/wp-content\/uploads\/Bem-Aventurado-Luis-Guanella.jpg","width":307,"height":448,"caption":"Bem Aventurado Lu\u00eds Guanella"},{"@type":"BreadcrumbList","@id":"https:\/\/www.oarcanjo.net\/site\/bem-aventurado-luis-guanella\/#breadcrumb","itemListElement":[{"@type":"ListItem","position":1,"name":"In\u00edcio","item":"https:\/\/www.oarcanjo.net\/site\/"},{"@type":"ListItem","position":2,"name":"Bem Aventurado Lu\u00eds Guanella"}]},{"@type":"WebSite","@id":"https:\/\/www.oarcanjo.net\/site\/#website","url":"https:\/\/www.oarcanjo.net\/site\/","name":"O Arcanjo no ar","description":"Site da Par\u00f3quia S\u00e3o Miguel Arcanjo (Arquidiocese de SP)","publisher":{"@id":"https:\/\/www.oarcanjo.net\/site\/#organization"},"potentialAction":[{"@type":"SearchAction","target":{"@type":"EntryPoint","urlTemplate":"https:\/\/www.oarcanjo.net\/site\/?s={search_term_string}"},"query-input":{"@type":"PropertyValueSpecification","valueRequired":true,"valueName":"search_term_string"}}],"inLanguage":"pt-BR"},{"@type":"Organization","@id":"https:\/\/www.oarcanjo.net\/site\/#organization","name":"Par\u00f3quia S\u00e3o Miguel Arcanjo","url":"https:\/\/www.oarcanjo.net\/site\/","logo":{"@type":"ImageObject","inLanguage":"pt-BR","@id":"https:\/\/www.oarcanjo.net\/site\/#\/schema\/logo\/image\/","url":"https:\/\/www.oarcanjo.net\/site\/wp-content\/uploads\/LogoOArcanjo.png","contentUrl":"https:\/\/www.oarcanjo.net\/site\/wp-content\/uploads\/LogoOArcanjo.png","width":319,"height":99,"caption":"Par\u00f3quia S\u00e3o Miguel Arcanjo"},"image":{"@id":"https:\/\/www.oarcanjo.net\/site\/#\/schema\/logo\/image\/"},"sameAs":["https:\/\/www.facebook.com\/OArcanjoNoAr\/"]},{"@type":"Person","@id":"https:\/\/www.oarcanjo.net\/site\/#\/schema\/person\/5eb9480bedd2f3c97e430ce128c29c6c","name":"danilo"}]}},"publishpress_future_action":{"enabled":false,"date":"2026-05-08 11:08:59","action":"category","newStatus":"draft","terms":[],"taxonomy":"category"},"publishpress_future_workflow_manual_trigger":{"enabledWorkflows":[]},"_links":{"self":[{"href":"https:\/\/www.oarcanjo.net\/site\/wp-json\/wp\/v2\/posts\/11439"}],"collection":[{"href":"https:\/\/www.oarcanjo.net\/site\/wp-json\/wp\/v2\/posts"}],"about":[{"href":"https:\/\/www.oarcanjo.net\/site\/wp-json\/wp\/v2\/types\/post"}],"author":[{"embeddable":true,"href":"https:\/\/www.oarcanjo.net\/site\/wp-json\/wp\/v2\/users\/14"}],"replies":[{"embeddable":true,"href":"https:\/\/www.oarcanjo.net\/site\/wp-json\/wp\/v2\/comments?post=11439"}],"version-history":[{"count":0,"href":"https:\/\/www.oarcanjo.net\/site\/wp-json\/wp\/v2\/posts\/11439\/revisions"}],"wp:attachment":[{"href":"https:\/\/www.oarcanjo.net\/site\/wp-json\/wp\/v2\/media?parent=11439"}],"wp:term":[{"taxonomy":"category","embeddable":true,"href":"https:\/\/www.oarcanjo.net\/site\/wp-json\/wp\/v2\/categories?post=11439"},{"taxonomy":"post_tag","embeddable":true,"href":"https:\/\/www.oarcanjo.net\/site\/wp-json\/wp\/v2\/tags?post=11439"}],"curies":[{"name":"wp","href":"https:\/\/api.w.org\/{rel}","templated":true}]}}