
{"id":11441,"date":"2017-10-24T00:38:11","date_gmt":"2017-10-24T02:38:11","guid":{"rendered":"http:\/\/www.oarcanjo.net\/site\/?p=11441"},"modified":"2017-08-11T14:58:15","modified_gmt":"2017-08-11T17:58:15","slug":"santo-antonio-maria-claret","status":"publish","type":"post","link":"https:\/\/www.oarcanjo.net\/site\/santo-antonio-maria-claret\/","title":{"rendered":"Santo Ant\u00f4nio Maria Claret"},"content":{"rendered":"<p><img loading=\"lazy\" decoding=\"async\" class=\"alignnone size-full wp-image-53539\" src=\"http:\/\/www.oarcanjo.net\/site\/wp-content\/uploads\/Santo-Antonio-Maria-Claret.jpg\" alt=\"Santo Ant\u00f4nio Maria Claret\" width=\"203\" height=\"250\" \/><\/p>\n<p>24 de Outubro<\/p>\n<p>Fundou as Congrega\u00e7\u00f5es:<br \/>\nMission\u00e1rios Filhos do Imaculado Cora\u00e7\u00e3o de Maria<br \/>\n&#8220;Padres Claretianos&#8221;<br \/>\ne Irm\u00e3s de Ensino Maria Imaculada<br \/>\n&#8220;Irm\u00e3s Claretianas&#8221;<\/p>\n<p>O quinto dos onze filhos de Ant\u00f4nio Claret e Josefa Clara nasceu em 23 de dezembro de 1807, no povoado de Sallent, diocese de Vic, Barcelona, Espanha. Foi batizado no dia de Natal e recebeu o nome de Ant\u00f4nio Claret y Clara. Na fam\u00edlia, aprendeu o caminho do seguimento de Cristo, a devo\u00e7\u00e3o a Maria e o profundo amor \u00e0 eucaristia.<\/p>\n<p>Cedo aprendeu a profiss\u00e3o do pai e depois a de tip\u00f3grafo. Na adolesc\u00eancia, ouviu o chamado para servir a Deus. Assim, acrescentou o nome de &#8220;Maria&#8221; ao seu, para dar testemunho de que a ela dedicaria sua vida de religioso. E foi uma vida extraordin\u00e1ria dedicada ao pr\u00f3ximo. Ant\u00f4nio Maria Claret trabalhou com o pai numa f\u00e1brica de tecidos e, aos vinte e um anos, depois de ter recusado empregos bem vantajosos, ingressou no Semin\u00e1rio de Vic, pois queria ser monge cartuxo. Mas l\u00e1 percebeu sua voca\u00e7\u00e3o de padre mission\u00e1rio.<\/p>\n<p>Em 1835, recebeu a ordena\u00e7\u00e3o sacerdotal e foi nomeado p\u00e1roco de sua cidade natal. Quatro anos depois, foi para Roma e dirigiu-se \u00e0 Propaganda Fides, onde se apresentou para ser mission\u00e1rio apost\u00f3lico. Foram anos de trabalho \u00e1rduo e totalmente dedicado ao minist\u00e9rio pastoral na Espanha, que muitos frutos trouxeram para a Igreja. Em 1948, foi enviado para a dif\u00edcil regi\u00e3o das Ilhas Can\u00e1rias.<\/p>\n<p>No entanto ansiava por uma obra mais ampla e assim, em 1849, na companhia de outros cinco jovens sacerdotes, fundou a Congrega\u00e7\u00e3o dos Mission\u00e1rios Filhos do Imaculado Cora\u00e7\u00e3o de Maria, ou Padres Claretianos. Entretanto, nessa ocasi\u00e3o, a Igreja vivia um momento de grande dificuldade na distante diocese de Cuba, que estava vaga havia quatorze anos. No mesmo ano, o fundador foi nomeado arcebispo de l\u00e1. E mais uma vez p\u00f4de constatar que Maria jamais o abandonava.<\/p>\n<p>Era uma v\u00edtima constante de todo tipo de press\u00e3o das lojas ma\u00e7\u00f4nicas, que faziam oposi\u00e7\u00e3o violenta contra o clero, al\u00e9m dos muitos atentados que sofreu contra a sua vida. Incendiaram uma casa que se hospedava, colocaram veneno em sua comida e bebida, assaltaram-no \u00e0 m\u00e3o armada e o feriram v\u00e1rias vezes.<\/p>\n<p>Mas monsenhor Claret sempre escapou ileso e continuou seu trabalho, sem nunca recuar. Restaurou o antigo semin\u00e1rio cubano, deu apoio aos negros e \u00edndios, escravos Em 1855, junto com madre Ant\u00f4nia Paris, fundou outra congrega\u00e7\u00e3o religiosa, a das Irm\u00e3s de Ensino Maria Imaculada, ou Irm\u00e3s Claretianas. Fez visitas pastorais a todas as dioceses, levando nova for\u00e7a e \u00e2nimo, para o chamado ao trabalho cada vez mais dif\u00edcil e cada vez mais necess\u00e1rio. Quando voltou a Madri em 1857, deixou a Igreja de Cuba mais unida, mais forte e resistente.<\/p>\n<p>Voltou \u00e0 Espanha porque a rainha Isabel II o chamou para ser seu confessor. Mesmo contrariado, aceitou. Nesse per\u00edodo, sua obra escrita cresceu muito, enriquecida com seus in\u00fameros serm\u00f5es. Em 1868, solid\u00e1rio com a soberana, seguiu-a no ex\u00edlio na Fran\u00e7a, onde permaneceu ao lado da fam\u00edlia real. Contudo n\u00e3o parou seu trabalho de apostolado e de escritor por excel\u00eancia. Encontrou, ainda, tempo e for\u00e7as para fundar uma academia para os artistas, que colocou sob a prote\u00e7\u00e3o de s\u00e3o Miguel.<\/p>\n<p>Morreu com sessenta e tr\u00eas anos, no dia 24 de outubro de 1870, no Mosteiro de Fontfroide, Fran\u00e7a, deixando-nos uma importante e numerosa obra escrita. Beatificado pelo papa Pio XI, que o chamou de &#8220;precursor da A\u00e7\u00e3o Cat\u00f3lica do mundo moderno&#8221;, foi canonizado em 1950 por Pio XII. Santo Ant\u00f4nio Maria Claret \u00e9 festejando no dia de sua morte.<\/p>\n<div id=\"themify_builder_content-11441\" data-postid=\"11441\" class=\"themify_builder_content themify_builder_content-11441 themify_builder themify_builder_front\">\n\t<\/div>\n<!-- \/themify_builder_content -->","protected":false},"excerpt":{"rendered":"<p>24 de Outubro Fundou as Congrega\u00e7\u00f5es: Mission\u00e1rios Filhos do Imaculado Cora\u00e7\u00e3o de Maria &#8220;Padres Claretianos&#8221; e Irm\u00e3s de Ensino Maria Imaculada &#8220;Irm\u00e3s Claretianas&#8221; O quinto dos onze filhos de Ant\u00f4nio Claret e Josefa Clara nasceu em 23 de dezembro de 1807, no povoado de Sallent, diocese de Vic, Barcelona, Espanha. Foi batizado no dia de [&hellip;]<\/p>\n","protected":false},"author":14,"featured_media":0,"comment_status":"open","ping_status":"open","sticky":false,"template":"","format":"standard","meta":{"ngg_post_thumbnail":0,"footnotes":""},"categories":[186],"tags":[],"yoast_head":"<!-- This site is optimized with the Yoast SEO plugin v23.5 - https:\/\/yoast.com\/wordpress\/plugins\/seo\/ -->\n<title>Santo Ant\u00f4nio Maria Claret - O Arcanjo no ar<\/title>\n<meta name=\"robots\" content=\"index, follow, max-snippet:-1, max-image-preview:large, max-video-preview:-1\" \/>\n<link rel=\"canonical\" href=\"https:\/\/www.oarcanjo.net\/site\/santo-antonio-maria-claret\/\" \/>\n<meta property=\"og:locale\" content=\"pt_BR\" \/>\n<meta property=\"og:type\" content=\"article\" \/>\n<meta property=\"og:title\" content=\"Santo Ant\u00f4nio Maria Claret - O Arcanjo no ar\" \/>\n<meta property=\"og:description\" content=\"24 de Outubro Fundou as Congrega\u00e7\u00f5es: Mission\u00e1rios Filhos do Imaculado Cora\u00e7\u00e3o de Maria &#8220;Padres Claretianos&#8221; e Irm\u00e3s de Ensino Maria Imaculada &#8220;Irm\u00e3s Claretianas&#8221; O quinto dos onze filhos de Ant\u00f4nio Claret e Josefa Clara nasceu em 23 de dezembro de 1807, no povoado de Sallent, diocese de Vic, Barcelona, Espanha. Foi batizado no dia de [&hellip;]\" \/>\n<meta property=\"og:url\" content=\"https:\/\/www.oarcanjo.net\/site\/santo-antonio-maria-claret\/\" \/>\n<meta property=\"og:site_name\" content=\"O Arcanjo no ar\" \/>\n<meta property=\"article:publisher\" content=\"https:\/\/www.facebook.com\/OArcanjoNoAr\/\" \/>\n<meta property=\"article:published_time\" content=\"2017-10-24T02:38:11+00:00\" \/>\n<meta property=\"article:modified_time\" content=\"2017-08-11T17:58:15+00:00\" \/>\n<meta property=\"og:image\" content=\"http:\/\/www.oarcanjo.net\/site\/wp-content\/uploads\/Santo-Antonio-Maria-Claret.jpg\" \/>\n<meta name=\"author\" content=\"danilo\" \/>\n<meta name=\"twitter:card\" content=\"summary_large_image\" \/>\n<meta name=\"twitter:label1\" content=\"Escrito por\" \/>\n\t<meta name=\"twitter:data1\" content=\"danilo\" \/>\n\t<meta name=\"twitter:label2\" content=\"Est. tempo de leitura\" \/>\n\t<meta name=\"twitter:data2\" content=\"3 minutos\" \/>\n<script type=\"application\/ld+json\" class=\"yoast-schema-graph\">{\"@context\":\"https:\/\/schema.org\",\"@graph\":[{\"@type\":\"Article\",\"@id\":\"https:\/\/www.oarcanjo.net\/site\/santo-antonio-maria-claret\/#article\",\"isPartOf\":{\"@id\":\"https:\/\/www.oarcanjo.net\/site\/santo-antonio-maria-claret\/\"},\"author\":{\"name\":\"danilo\",\"@id\":\"https:\/\/www.oarcanjo.net\/site\/#\/schema\/person\/5eb9480bedd2f3c97e430ce128c29c6c\"},\"headline\":\"Santo Ant\u00f4nio Maria Claret\",\"datePublished\":\"2017-10-24T02:38:11+00:00\",\"dateModified\":\"2017-08-11T17:58:15+00:00\",\"mainEntityOfPage\":{\"@id\":\"https:\/\/www.oarcanjo.net\/site\/santo-antonio-maria-claret\/\"},\"wordCount\":643,\"commentCount\":0,\"publisher\":{\"@id\":\"https:\/\/www.oarcanjo.net\/site\/#organization\"},\"image\":{\"@id\":\"https:\/\/www.oarcanjo.net\/site\/santo-antonio-maria-claret\/#primaryimage\"},\"thumbnailUrl\":\"http:\/\/www.oarcanjo.net\/site\/wp-content\/uploads\/Santo-Antonio-Maria-Claret.jpg\",\"articleSection\":[\"Testemunhos\"],\"inLanguage\":\"pt-BR\",\"potentialAction\":[{\"@type\":\"CommentAction\",\"name\":\"Comment\",\"target\":[\"https:\/\/www.oarcanjo.net\/site\/santo-antonio-maria-claret\/#respond\"]}]},{\"@type\":\"WebPage\",\"@id\":\"https:\/\/www.oarcanjo.net\/site\/santo-antonio-maria-claret\/\",\"url\":\"https:\/\/www.oarcanjo.net\/site\/santo-antonio-maria-claret\/\",\"name\":\"Santo Ant\u00f4nio Maria Claret - O Arcanjo no ar\",\"isPartOf\":{\"@id\":\"https:\/\/www.oarcanjo.net\/site\/#website\"},\"primaryImageOfPage\":{\"@id\":\"https:\/\/www.oarcanjo.net\/site\/santo-antonio-maria-claret\/#primaryimage\"},\"image\":{\"@id\":\"https:\/\/www.oarcanjo.net\/site\/santo-antonio-maria-claret\/#primaryimage\"},\"thumbnailUrl\":\"http:\/\/www.oarcanjo.net\/site\/wp-content\/uploads\/Santo-Antonio-Maria-Claret.jpg\",\"datePublished\":\"2017-10-24T02:38:11+00:00\",\"dateModified\":\"2017-08-11T17:58:15+00:00\",\"breadcrumb\":{\"@id\":\"https:\/\/www.oarcanjo.net\/site\/santo-antonio-maria-claret\/#breadcrumb\"},\"inLanguage\":\"pt-BR\",\"potentialAction\":[{\"@type\":\"ReadAction\",\"target\":[\"https:\/\/www.oarcanjo.net\/site\/santo-antonio-maria-claret\/\"]}]},{\"@type\":\"ImageObject\",\"inLanguage\":\"pt-BR\",\"@id\":\"https:\/\/www.oarcanjo.net\/site\/santo-antonio-maria-claret\/#primaryimage\",\"url\":\"https:\/\/www.oarcanjo.net\/site\/wp-content\/uploads\/Santo-Antonio-Maria-Claret.jpg\",\"contentUrl\":\"https:\/\/www.oarcanjo.net\/site\/wp-content\/uploads\/Santo-Antonio-Maria-Claret.jpg\",\"width\":203,\"height\":250,\"caption\":\"Santo Ant\u00f4nio Maria Claret\"},{\"@type\":\"BreadcrumbList\",\"@id\":\"https:\/\/www.oarcanjo.net\/site\/santo-antonio-maria-claret\/#breadcrumb\",\"itemListElement\":[{\"@type\":\"ListItem\",\"position\":1,\"name\":\"In\u00edcio\",\"item\":\"https:\/\/www.oarcanjo.net\/site\/\"},{\"@type\":\"ListItem\",\"position\":2,\"name\":\"Santo Ant\u00f4nio Maria Claret\"}]},{\"@type\":\"WebSite\",\"@id\":\"https:\/\/www.oarcanjo.net\/site\/#website\",\"url\":\"https:\/\/www.oarcanjo.net\/site\/\",\"name\":\"O Arcanjo no ar\",\"description\":\"Site da Par\u00f3quia S\u00e3o Miguel Arcanjo (Arquidiocese de SP)\",\"publisher\":{\"@id\":\"https:\/\/www.oarcanjo.net\/site\/#organization\"},\"potentialAction\":[{\"@type\":\"SearchAction\",\"target\":{\"@type\":\"EntryPoint\",\"urlTemplate\":\"https:\/\/www.oarcanjo.net\/site\/?s={search_term_string}\"},\"query-input\":{\"@type\":\"PropertyValueSpecification\",\"valueRequired\":true,\"valueName\":\"search_term_string\"}}],\"inLanguage\":\"pt-BR\"},{\"@type\":\"Organization\",\"@id\":\"https:\/\/www.oarcanjo.net\/site\/#organization\",\"name\":\"Par\u00f3quia S\u00e3o Miguel Arcanjo\",\"url\":\"https:\/\/www.oarcanjo.net\/site\/\",\"logo\":{\"@type\":\"ImageObject\",\"inLanguage\":\"pt-BR\",\"@id\":\"https:\/\/www.oarcanjo.net\/site\/#\/schema\/logo\/image\/\",\"url\":\"https:\/\/www.oarcanjo.net\/site\/wp-content\/uploads\/LogoOArcanjo.png\",\"contentUrl\":\"https:\/\/www.oarcanjo.net\/site\/wp-content\/uploads\/LogoOArcanjo.png\",\"width\":319,\"height\":99,\"caption\":\"Par\u00f3quia S\u00e3o Miguel Arcanjo\"},\"image\":{\"@id\":\"https:\/\/www.oarcanjo.net\/site\/#\/schema\/logo\/image\/\"},\"sameAs\":[\"https:\/\/www.facebook.com\/OArcanjoNoAr\/\"]},{\"@type\":\"Person\",\"@id\":\"https:\/\/www.oarcanjo.net\/site\/#\/schema\/person\/5eb9480bedd2f3c97e430ce128c29c6c\",\"name\":\"danilo\"}]}<\/script>\n<!-- \/ Yoast SEO plugin. -->","yoast_head_json":{"title":"Santo Ant\u00f4nio Maria Claret - O Arcanjo no ar","robots":{"index":"index","follow":"follow","max-snippet":"max-snippet:-1","max-image-preview":"max-image-preview:large","max-video-preview":"max-video-preview:-1"},"canonical":"https:\/\/www.oarcanjo.net\/site\/santo-antonio-maria-claret\/","og_locale":"pt_BR","og_type":"article","og_title":"Santo Ant\u00f4nio Maria Claret - O Arcanjo no ar","og_description":"24 de Outubro Fundou as Congrega\u00e7\u00f5es: Mission\u00e1rios Filhos do Imaculado Cora\u00e7\u00e3o de Maria &#8220;Padres Claretianos&#8221; e Irm\u00e3s de Ensino Maria Imaculada &#8220;Irm\u00e3s Claretianas&#8221; O quinto dos onze filhos de Ant\u00f4nio Claret e Josefa Clara nasceu em 23 de dezembro de 1807, no povoado de Sallent, diocese de Vic, Barcelona, Espanha. Foi batizado no dia de [&hellip;]","og_url":"https:\/\/www.oarcanjo.net\/site\/santo-antonio-maria-claret\/","og_site_name":"O Arcanjo no ar","article_publisher":"https:\/\/www.facebook.com\/OArcanjoNoAr\/","article_published_time":"2017-10-24T02:38:11+00:00","article_modified_time":"2017-08-11T17:58:15+00:00","og_image":[{"url":"http:\/\/www.oarcanjo.net\/site\/wp-content\/uploads\/Santo-Antonio-Maria-Claret.jpg"}],"author":"danilo","twitter_card":"summary_large_image","twitter_misc":{"Escrito por":"danilo","Est. tempo de leitura":"3 minutos"},"schema":{"@context":"https:\/\/schema.org","@graph":[{"@type":"Article","@id":"https:\/\/www.oarcanjo.net\/site\/santo-antonio-maria-claret\/#article","isPartOf":{"@id":"https:\/\/www.oarcanjo.net\/site\/santo-antonio-maria-claret\/"},"author":{"name":"danilo","@id":"https:\/\/www.oarcanjo.net\/site\/#\/schema\/person\/5eb9480bedd2f3c97e430ce128c29c6c"},"headline":"Santo Ant\u00f4nio Maria Claret","datePublished":"2017-10-24T02:38:11+00:00","dateModified":"2017-08-11T17:58:15+00:00","mainEntityOfPage":{"@id":"https:\/\/www.oarcanjo.net\/site\/santo-antonio-maria-claret\/"},"wordCount":643,"commentCount":0,"publisher":{"@id":"https:\/\/www.oarcanjo.net\/site\/#organization"},"image":{"@id":"https:\/\/www.oarcanjo.net\/site\/santo-antonio-maria-claret\/#primaryimage"},"thumbnailUrl":"http:\/\/www.oarcanjo.net\/site\/wp-content\/uploads\/Santo-Antonio-Maria-Claret.jpg","articleSection":["Testemunhos"],"inLanguage":"pt-BR","potentialAction":[{"@type":"CommentAction","name":"Comment","target":["https:\/\/www.oarcanjo.net\/site\/santo-antonio-maria-claret\/#respond"]}]},{"@type":"WebPage","@id":"https:\/\/www.oarcanjo.net\/site\/santo-antonio-maria-claret\/","url":"https:\/\/www.oarcanjo.net\/site\/santo-antonio-maria-claret\/","name":"Santo Ant\u00f4nio Maria Claret - O Arcanjo no ar","isPartOf":{"@id":"https:\/\/www.oarcanjo.net\/site\/#website"},"primaryImageOfPage":{"@id":"https:\/\/www.oarcanjo.net\/site\/santo-antonio-maria-claret\/#primaryimage"},"image":{"@id":"https:\/\/www.oarcanjo.net\/site\/santo-antonio-maria-claret\/#primaryimage"},"thumbnailUrl":"http:\/\/www.oarcanjo.net\/site\/wp-content\/uploads\/Santo-Antonio-Maria-Claret.jpg","datePublished":"2017-10-24T02:38:11+00:00","dateModified":"2017-08-11T17:58:15+00:00","breadcrumb":{"@id":"https:\/\/www.oarcanjo.net\/site\/santo-antonio-maria-claret\/#breadcrumb"},"inLanguage":"pt-BR","potentialAction":[{"@type":"ReadAction","target":["https:\/\/www.oarcanjo.net\/site\/santo-antonio-maria-claret\/"]}]},{"@type":"ImageObject","inLanguage":"pt-BR","@id":"https:\/\/www.oarcanjo.net\/site\/santo-antonio-maria-claret\/#primaryimage","url":"https:\/\/www.oarcanjo.net\/site\/wp-content\/uploads\/Santo-Antonio-Maria-Claret.jpg","contentUrl":"https:\/\/www.oarcanjo.net\/site\/wp-content\/uploads\/Santo-Antonio-Maria-Claret.jpg","width":203,"height":250,"caption":"Santo Ant\u00f4nio Maria Claret"},{"@type":"BreadcrumbList","@id":"https:\/\/www.oarcanjo.net\/site\/santo-antonio-maria-claret\/#breadcrumb","itemListElement":[{"@type":"ListItem","position":1,"name":"In\u00edcio","item":"https:\/\/www.oarcanjo.net\/site\/"},{"@type":"ListItem","position":2,"name":"Santo Ant\u00f4nio Maria Claret"}]},{"@type":"WebSite","@id":"https:\/\/www.oarcanjo.net\/site\/#website","url":"https:\/\/www.oarcanjo.net\/site\/","name":"O Arcanjo no ar","description":"Site da Par\u00f3quia S\u00e3o Miguel Arcanjo (Arquidiocese de SP)","publisher":{"@id":"https:\/\/www.oarcanjo.net\/site\/#organization"},"potentialAction":[{"@type":"SearchAction","target":{"@type":"EntryPoint","urlTemplate":"https:\/\/www.oarcanjo.net\/site\/?s={search_term_string}"},"query-input":{"@type":"PropertyValueSpecification","valueRequired":true,"valueName":"search_term_string"}}],"inLanguage":"pt-BR"},{"@type":"Organization","@id":"https:\/\/www.oarcanjo.net\/site\/#organization","name":"Par\u00f3quia S\u00e3o Miguel Arcanjo","url":"https:\/\/www.oarcanjo.net\/site\/","logo":{"@type":"ImageObject","inLanguage":"pt-BR","@id":"https:\/\/www.oarcanjo.net\/site\/#\/schema\/logo\/image\/","url":"https:\/\/www.oarcanjo.net\/site\/wp-content\/uploads\/LogoOArcanjo.png","contentUrl":"https:\/\/www.oarcanjo.net\/site\/wp-content\/uploads\/LogoOArcanjo.png","width":319,"height":99,"caption":"Par\u00f3quia S\u00e3o Miguel Arcanjo"},"image":{"@id":"https:\/\/www.oarcanjo.net\/site\/#\/schema\/logo\/image\/"},"sameAs":["https:\/\/www.facebook.com\/OArcanjoNoAr\/"]},{"@type":"Person","@id":"https:\/\/www.oarcanjo.net\/site\/#\/schema\/person\/5eb9480bedd2f3c97e430ce128c29c6c","name":"danilo"}]}},"publishpress_future_action":{"enabled":false,"date":"2026-05-08 09:27:37","action":"category","newStatus":"draft","terms":[],"taxonomy":"category"},"publishpress_future_workflow_manual_trigger":{"enabledWorkflows":[]},"_links":{"self":[{"href":"https:\/\/www.oarcanjo.net\/site\/wp-json\/wp\/v2\/posts\/11441"}],"collection":[{"href":"https:\/\/www.oarcanjo.net\/site\/wp-json\/wp\/v2\/posts"}],"about":[{"href":"https:\/\/www.oarcanjo.net\/site\/wp-json\/wp\/v2\/types\/post"}],"author":[{"embeddable":true,"href":"https:\/\/www.oarcanjo.net\/site\/wp-json\/wp\/v2\/users\/14"}],"replies":[{"embeddable":true,"href":"https:\/\/www.oarcanjo.net\/site\/wp-json\/wp\/v2\/comments?post=11441"}],"version-history":[{"count":0,"href":"https:\/\/www.oarcanjo.net\/site\/wp-json\/wp\/v2\/posts\/11441\/revisions"}],"wp:attachment":[{"href":"https:\/\/www.oarcanjo.net\/site\/wp-json\/wp\/v2\/media?parent=11441"}],"wp:term":[{"taxonomy":"category","embeddable":true,"href":"https:\/\/www.oarcanjo.net\/site\/wp-json\/wp\/v2\/categories?post=11441"},{"taxonomy":"post_tag","embeddable":true,"href":"https:\/\/www.oarcanjo.net\/site\/wp-json\/wp\/v2\/tags?post=11441"}],"curies":[{"name":"wp","href":"https:\/\/api.w.org\/{rel}","templated":true}]}}