
{"id":11454,"date":"2017-10-25T06:37:06","date_gmt":"2017-10-25T08:37:06","guid":{"rendered":"http:\/\/www.oarcanjo.net\/site\/?p=11454"},"modified":"2017-08-11T14:59:02","modified_gmt":"2017-08-11T17:59:02","slug":"sao-crispim-e-sao-crispiniano","status":"publish","type":"post","link":"https:\/\/www.oarcanjo.net\/site\/sao-crispim-e-sao-crispiniano\/","title":{"rendered":"S\u00e3o Crispim e s\u00e3o Crispiniano"},"content":{"rendered":"<p><img decoding=\"async\" src=\"http:\/\/www.tudook.com\/portalcatolico\/images\/p-scrispimpadr.jpg\" alt=\"\" \/><\/p>\n<p>25 de Outubro<\/p>\n<p>Crispim e Crispiniano eram irm\u00e3os de origem romana Cresceram juntos e se converteram ao cristianismo na adolesc\u00eancia. Ganhando a vida no oficio de sapateiro eram muito populares, caridosos e pregavam com ardor a f\u00e9 que abra\u00e7aram. Quando a persegui\u00e7\u00e3o aos crist\u00e3os ficou mais insistente os dois foram para a G\u00e1lia, atual Fran\u00e7a.<\/p>\n<p>As tradi\u00e7\u00f5es seculares contam que durante a fuga, na noite de Natal, os irm\u00e3os Crispim e Crispiniano batiam as portas buscando ref\u00fagio, mas ningu\u00e9m os atendia. Finalmente foram abrigados por uma pobre vi\u00fava que vivia com um filho. Agradecidos \u00e0 Deus, quiseram recompens\u00e1-la fazendo um novo par de sapatos para o rapazinho.Trabalharam r\u00e1pido e deixaram o presente perto da lareira. Mas antes de partir, enquanto todos ainda dormiam, Crispim e Crispiniano rezaram pedindo amparo da Provid\u00eancia Divina para aquela vi\u00fava e o filho. Ao amanhecer viram que os dois tinham desaparecido e encontraram o par de sapatos cheio de moedas.<\/p>\n<p>Quando alcan\u00e7aram o territ\u00f3rio franc\u00eas os dois irm\u00e3os se estabeleceram na cidade de Soissons. Al\u00ed seguiram uma rotina de dupla jornada, isto \u00e9, de dia eram mission\u00e1rios e a noite, ao inv\u00e9s de dormir, trabalhavam numa oficina de cal\u00e7ados para se sustentar e continuar fazendo caridade aos pobres. Quando a cruel persegui\u00e7\u00e3o imposta por Roma chegou em Soissons, era \u00e9poca do imperador Diocleciano e a G\u00e1lia estava sob o governo de Rictiovaro. Os dois irm\u00e3os foram acusados e presos. Seus carrascos os torturaram at\u00e9 o limite, exigindo que abandonassem publicamente a f\u00e9 crist\u00e3. Como n\u00e3o o fizeram, foram friamente degolados, ganhando a coroa do mart\u00edrio.<\/p>\n<p>O Martirol\u00f3gio romano registra que as rel\u00edquias dos corpos desses dois nobres romanos m\u00e1rtires estavam sepultadas na bel\u00edssima igreja de Soissons, constru\u00edda no s\u00e9culo VI . Depois, parte delas foi transportada para Roma onde foram guardadas na igreja de S\u00e3o Louren\u00e7o da via Panisperna.<\/p>\n<p>A Igreja celebra os Santos Crispim e Crispiniano como padroeiros dos sapateiros no dia 25 de outubro. Essa profiss\u00e3o, uma das mais antiga da humanidade, era muito descriminada, por estar sempre associada ao trabalho dos curtidores e carniceiros. Mas o cristianismo mudou a vis\u00e3o e ela foi resgatada gra\u00e7as o surgimento dos dois santos sapateiros, chamados de m\u00e1rtires franceses.<\/p>\n<p>Ora\u00e7\u00e3o a S\u00e3o Crispim e Crispiniano<\/p>\n<p>Oh! Deus, que com t\u00e3o inef\u00e1vel bondade inspirastes a vossos fi\u00e9is servos Crispim e Crispiniano a ren\u00fancia dos bens terrenos e o amor das espirituais del\u00edcias, o horror das mundanas vaidades e os encantos da eterna bem-aventuran\u00e7a, o desprezo das galas transit\u00f3rias e gosto dos trabalhos humildes, concedei-nos, pela intercess\u00e3o destes ilustres M\u00e1rtires a gra\u00e7a da verdadeira sabedoria, desprezando tudo o que \u00e9 ef\u00eamero e caduco para amarmos somente o que \u00e9 salutar e eterna. E v\u00f3s inclitos Patronos, que t\u00e3o heroicamente empenhastes a vossa vida para atear na terra o amor de Jesus, intercedei por n\u00f3s, para que seguindo o vosso exemplo possamos honrar sempre o nome crist\u00e3o.<br \/>\nPor Jesus Cristo Senhor Nosso. Assim seja.<\/p>\n<div id=\"themify_builder_content-11454\" data-postid=\"11454\" class=\"themify_builder_content themify_builder_content-11454 themify_builder themify_builder_front\">\n\t<\/div>\n<!-- \/themify_builder_content -->","protected":false},"excerpt":{"rendered":"<p>25 de Outubro Crispim e Crispiniano eram irm\u00e3os de origem romana Cresceram juntos e se converteram ao cristianismo na adolesc\u00eancia. Ganhando a vida no oficio de sapateiro eram muito populares, caridosos e pregavam com ardor a f\u00e9 que abra\u00e7aram. Quando a persegui\u00e7\u00e3o aos crist\u00e3os ficou mais insistente os dois foram para a G\u00e1lia, atual Fran\u00e7a. [&hellip;]<\/p>\n","protected":false},"author":14,"featured_media":0,"comment_status":"open","ping_status":"open","sticky":false,"template":"","format":"standard","meta":{"ngg_post_thumbnail":0,"footnotes":""},"categories":[186],"tags":[],"yoast_head":"<!-- This site is optimized with the Yoast SEO plugin v23.5 - https:\/\/yoast.com\/wordpress\/plugins\/seo\/ -->\n<title>S\u00e3o Crispim e s\u00e3o Crispiniano - O Arcanjo no ar<\/title>\n<meta name=\"robots\" content=\"index, follow, max-snippet:-1, max-image-preview:large, max-video-preview:-1\" \/>\n<link rel=\"canonical\" href=\"https:\/\/www.oarcanjo.net\/site\/sao-crispim-e-sao-crispiniano\/\" \/>\n<meta property=\"og:locale\" content=\"pt_BR\" \/>\n<meta property=\"og:type\" content=\"article\" \/>\n<meta property=\"og:title\" content=\"S\u00e3o Crispim e s\u00e3o Crispiniano - O Arcanjo no ar\" \/>\n<meta property=\"og:description\" content=\"25 de Outubro Crispim e Crispiniano eram irm\u00e3os de origem romana Cresceram juntos e se converteram ao cristianismo na adolesc\u00eancia. Ganhando a vida no oficio de sapateiro eram muito populares, caridosos e pregavam com ardor a f\u00e9 que abra\u00e7aram. Quando a persegui\u00e7\u00e3o aos crist\u00e3os ficou mais insistente os dois foram para a G\u00e1lia, atual Fran\u00e7a. [&hellip;]\" \/>\n<meta property=\"og:url\" content=\"https:\/\/www.oarcanjo.net\/site\/sao-crispim-e-sao-crispiniano\/\" \/>\n<meta property=\"og:site_name\" content=\"O Arcanjo no ar\" \/>\n<meta property=\"article:publisher\" content=\"https:\/\/www.facebook.com\/OArcanjoNoAr\/\" \/>\n<meta property=\"article:published_time\" content=\"2017-10-25T08:37:06+00:00\" \/>\n<meta property=\"article:modified_time\" content=\"2017-08-11T17:59:02+00:00\" \/>\n<meta property=\"og:image\" content=\"http:\/\/www.tudook.com\/portalcatolico\/images\/p-scrispimpadr.jpg\" \/>\n<meta name=\"author\" content=\"danilo\" \/>\n<meta name=\"twitter:card\" content=\"summary_large_image\" \/>\n<meta name=\"twitter:label1\" content=\"Escrito por\" \/>\n\t<meta name=\"twitter:data1\" content=\"danilo\" \/>\n\t<meta name=\"twitter:label2\" content=\"Est. tempo de leitura\" \/>\n\t<meta name=\"twitter:data2\" content=\"3 minutos\" \/>\n<script type=\"application\/ld+json\" class=\"yoast-schema-graph\">{\"@context\":\"https:\/\/schema.org\",\"@graph\":[{\"@type\":\"Article\",\"@id\":\"https:\/\/www.oarcanjo.net\/site\/sao-crispim-e-sao-crispiniano\/#article\",\"isPartOf\":{\"@id\":\"https:\/\/www.oarcanjo.net\/site\/sao-crispim-e-sao-crispiniano\/\"},\"author\":{\"name\":\"danilo\",\"@id\":\"https:\/\/www.oarcanjo.net\/site\/#\/schema\/person\/5eb9480bedd2f3c97e430ce128c29c6c\"},\"headline\":\"S\u00e3o Crispim e s\u00e3o Crispiniano\",\"datePublished\":\"2017-10-25T08:37:06+00:00\",\"dateModified\":\"2017-08-11T17:59:02+00:00\",\"mainEntityOfPage\":{\"@id\":\"https:\/\/www.oarcanjo.net\/site\/sao-crispim-e-sao-crispiniano\/\"},\"wordCount\":543,\"commentCount\":0,\"publisher\":{\"@id\":\"https:\/\/www.oarcanjo.net\/site\/#organization\"},\"image\":{\"@id\":\"https:\/\/www.oarcanjo.net\/site\/sao-crispim-e-sao-crispiniano\/#primaryimage\"},\"thumbnailUrl\":\"http:\/\/www.tudook.com\/portalcatolico\/images\/p-scrispimpadr.jpg\",\"articleSection\":[\"Testemunhos\"],\"inLanguage\":\"pt-BR\",\"potentialAction\":[{\"@type\":\"CommentAction\",\"name\":\"Comment\",\"target\":[\"https:\/\/www.oarcanjo.net\/site\/sao-crispim-e-sao-crispiniano\/#respond\"]}]},{\"@type\":\"WebPage\",\"@id\":\"https:\/\/www.oarcanjo.net\/site\/sao-crispim-e-sao-crispiniano\/\",\"url\":\"https:\/\/www.oarcanjo.net\/site\/sao-crispim-e-sao-crispiniano\/\",\"name\":\"S\u00e3o Crispim e s\u00e3o Crispiniano - O Arcanjo no ar\",\"isPartOf\":{\"@id\":\"https:\/\/www.oarcanjo.net\/site\/#website\"},\"primaryImageOfPage\":{\"@id\":\"https:\/\/www.oarcanjo.net\/site\/sao-crispim-e-sao-crispiniano\/#primaryimage\"},\"image\":{\"@id\":\"https:\/\/www.oarcanjo.net\/site\/sao-crispim-e-sao-crispiniano\/#primaryimage\"},\"thumbnailUrl\":\"http:\/\/www.tudook.com\/portalcatolico\/images\/p-scrispimpadr.jpg\",\"datePublished\":\"2017-10-25T08:37:06+00:00\",\"dateModified\":\"2017-08-11T17:59:02+00:00\",\"breadcrumb\":{\"@id\":\"https:\/\/www.oarcanjo.net\/site\/sao-crispim-e-sao-crispiniano\/#breadcrumb\"},\"inLanguage\":\"pt-BR\",\"potentialAction\":[{\"@type\":\"ReadAction\",\"target\":[\"https:\/\/www.oarcanjo.net\/site\/sao-crispim-e-sao-crispiniano\/\"]}]},{\"@type\":\"ImageObject\",\"inLanguage\":\"pt-BR\",\"@id\":\"https:\/\/www.oarcanjo.net\/site\/sao-crispim-e-sao-crispiniano\/#primaryimage\",\"url\":\"http:\/\/www.tudook.com\/portalcatolico\/images\/p-scrispimpadr.jpg\",\"contentUrl\":\"http:\/\/www.tudook.com\/portalcatolico\/images\/p-scrispimpadr.jpg\"},{\"@type\":\"BreadcrumbList\",\"@id\":\"https:\/\/www.oarcanjo.net\/site\/sao-crispim-e-sao-crispiniano\/#breadcrumb\",\"itemListElement\":[{\"@type\":\"ListItem\",\"position\":1,\"name\":\"In\u00edcio\",\"item\":\"https:\/\/www.oarcanjo.net\/site\/\"},{\"@type\":\"ListItem\",\"position\":2,\"name\":\"S\u00e3o Crispim e s\u00e3o Crispiniano\"}]},{\"@type\":\"WebSite\",\"@id\":\"https:\/\/www.oarcanjo.net\/site\/#website\",\"url\":\"https:\/\/www.oarcanjo.net\/site\/\",\"name\":\"O Arcanjo no ar\",\"description\":\"Site da Par\u00f3quia S\u00e3o Miguel Arcanjo (Arquidiocese de SP)\",\"publisher\":{\"@id\":\"https:\/\/www.oarcanjo.net\/site\/#organization\"},\"potentialAction\":[{\"@type\":\"SearchAction\",\"target\":{\"@type\":\"EntryPoint\",\"urlTemplate\":\"https:\/\/www.oarcanjo.net\/site\/?s={search_term_string}\"},\"query-input\":{\"@type\":\"PropertyValueSpecification\",\"valueRequired\":true,\"valueName\":\"search_term_string\"}}],\"inLanguage\":\"pt-BR\"},{\"@type\":\"Organization\",\"@id\":\"https:\/\/www.oarcanjo.net\/site\/#organization\",\"name\":\"Par\u00f3quia S\u00e3o Miguel Arcanjo\",\"url\":\"https:\/\/www.oarcanjo.net\/site\/\",\"logo\":{\"@type\":\"ImageObject\",\"inLanguage\":\"pt-BR\",\"@id\":\"https:\/\/www.oarcanjo.net\/site\/#\/schema\/logo\/image\/\",\"url\":\"https:\/\/www.oarcanjo.net\/site\/wp-content\/uploads\/LogoOArcanjo.png\",\"contentUrl\":\"https:\/\/www.oarcanjo.net\/site\/wp-content\/uploads\/LogoOArcanjo.png\",\"width\":319,\"height\":99,\"caption\":\"Par\u00f3quia S\u00e3o Miguel Arcanjo\"},\"image\":{\"@id\":\"https:\/\/www.oarcanjo.net\/site\/#\/schema\/logo\/image\/\"},\"sameAs\":[\"https:\/\/www.facebook.com\/OArcanjoNoAr\/\"]},{\"@type\":\"Person\",\"@id\":\"https:\/\/www.oarcanjo.net\/site\/#\/schema\/person\/5eb9480bedd2f3c97e430ce128c29c6c\",\"name\":\"danilo\"}]}<\/script>\n<!-- \/ Yoast SEO plugin. -->","yoast_head_json":{"title":"S\u00e3o Crispim e s\u00e3o Crispiniano - O Arcanjo no ar","robots":{"index":"index","follow":"follow","max-snippet":"max-snippet:-1","max-image-preview":"max-image-preview:large","max-video-preview":"max-video-preview:-1"},"canonical":"https:\/\/www.oarcanjo.net\/site\/sao-crispim-e-sao-crispiniano\/","og_locale":"pt_BR","og_type":"article","og_title":"S\u00e3o Crispim e s\u00e3o Crispiniano - O Arcanjo no ar","og_description":"25 de Outubro Crispim e Crispiniano eram irm\u00e3os de origem romana Cresceram juntos e se converteram ao cristianismo na adolesc\u00eancia. Ganhando a vida no oficio de sapateiro eram muito populares, caridosos e pregavam com ardor a f\u00e9 que abra\u00e7aram. Quando a persegui\u00e7\u00e3o aos crist\u00e3os ficou mais insistente os dois foram para a G\u00e1lia, atual Fran\u00e7a. [&hellip;]","og_url":"https:\/\/www.oarcanjo.net\/site\/sao-crispim-e-sao-crispiniano\/","og_site_name":"O Arcanjo no ar","article_publisher":"https:\/\/www.facebook.com\/OArcanjoNoAr\/","article_published_time":"2017-10-25T08:37:06+00:00","article_modified_time":"2017-08-11T17:59:02+00:00","og_image":[{"url":"http:\/\/www.tudook.com\/portalcatolico\/images\/p-scrispimpadr.jpg"}],"author":"danilo","twitter_card":"summary_large_image","twitter_misc":{"Escrito por":"danilo","Est. tempo de leitura":"3 minutos"},"schema":{"@context":"https:\/\/schema.org","@graph":[{"@type":"Article","@id":"https:\/\/www.oarcanjo.net\/site\/sao-crispim-e-sao-crispiniano\/#article","isPartOf":{"@id":"https:\/\/www.oarcanjo.net\/site\/sao-crispim-e-sao-crispiniano\/"},"author":{"name":"danilo","@id":"https:\/\/www.oarcanjo.net\/site\/#\/schema\/person\/5eb9480bedd2f3c97e430ce128c29c6c"},"headline":"S\u00e3o Crispim e s\u00e3o Crispiniano","datePublished":"2017-10-25T08:37:06+00:00","dateModified":"2017-08-11T17:59:02+00:00","mainEntityOfPage":{"@id":"https:\/\/www.oarcanjo.net\/site\/sao-crispim-e-sao-crispiniano\/"},"wordCount":543,"commentCount":0,"publisher":{"@id":"https:\/\/www.oarcanjo.net\/site\/#organization"},"image":{"@id":"https:\/\/www.oarcanjo.net\/site\/sao-crispim-e-sao-crispiniano\/#primaryimage"},"thumbnailUrl":"http:\/\/www.tudook.com\/portalcatolico\/images\/p-scrispimpadr.jpg","articleSection":["Testemunhos"],"inLanguage":"pt-BR","potentialAction":[{"@type":"CommentAction","name":"Comment","target":["https:\/\/www.oarcanjo.net\/site\/sao-crispim-e-sao-crispiniano\/#respond"]}]},{"@type":"WebPage","@id":"https:\/\/www.oarcanjo.net\/site\/sao-crispim-e-sao-crispiniano\/","url":"https:\/\/www.oarcanjo.net\/site\/sao-crispim-e-sao-crispiniano\/","name":"S\u00e3o Crispim e s\u00e3o Crispiniano - O Arcanjo no ar","isPartOf":{"@id":"https:\/\/www.oarcanjo.net\/site\/#website"},"primaryImageOfPage":{"@id":"https:\/\/www.oarcanjo.net\/site\/sao-crispim-e-sao-crispiniano\/#primaryimage"},"image":{"@id":"https:\/\/www.oarcanjo.net\/site\/sao-crispim-e-sao-crispiniano\/#primaryimage"},"thumbnailUrl":"http:\/\/www.tudook.com\/portalcatolico\/images\/p-scrispimpadr.jpg","datePublished":"2017-10-25T08:37:06+00:00","dateModified":"2017-08-11T17:59:02+00:00","breadcrumb":{"@id":"https:\/\/www.oarcanjo.net\/site\/sao-crispim-e-sao-crispiniano\/#breadcrumb"},"inLanguage":"pt-BR","potentialAction":[{"@type":"ReadAction","target":["https:\/\/www.oarcanjo.net\/site\/sao-crispim-e-sao-crispiniano\/"]}]},{"@type":"ImageObject","inLanguage":"pt-BR","@id":"https:\/\/www.oarcanjo.net\/site\/sao-crispim-e-sao-crispiniano\/#primaryimage","url":"http:\/\/www.tudook.com\/portalcatolico\/images\/p-scrispimpadr.jpg","contentUrl":"http:\/\/www.tudook.com\/portalcatolico\/images\/p-scrispimpadr.jpg"},{"@type":"BreadcrumbList","@id":"https:\/\/www.oarcanjo.net\/site\/sao-crispim-e-sao-crispiniano\/#breadcrumb","itemListElement":[{"@type":"ListItem","position":1,"name":"In\u00edcio","item":"https:\/\/www.oarcanjo.net\/site\/"},{"@type":"ListItem","position":2,"name":"S\u00e3o Crispim e s\u00e3o Crispiniano"}]},{"@type":"WebSite","@id":"https:\/\/www.oarcanjo.net\/site\/#website","url":"https:\/\/www.oarcanjo.net\/site\/","name":"O Arcanjo no ar","description":"Site da Par\u00f3quia S\u00e3o Miguel Arcanjo (Arquidiocese de SP)","publisher":{"@id":"https:\/\/www.oarcanjo.net\/site\/#organization"},"potentialAction":[{"@type":"SearchAction","target":{"@type":"EntryPoint","urlTemplate":"https:\/\/www.oarcanjo.net\/site\/?s={search_term_string}"},"query-input":{"@type":"PropertyValueSpecification","valueRequired":true,"valueName":"search_term_string"}}],"inLanguage":"pt-BR"},{"@type":"Organization","@id":"https:\/\/www.oarcanjo.net\/site\/#organization","name":"Par\u00f3quia S\u00e3o Miguel Arcanjo","url":"https:\/\/www.oarcanjo.net\/site\/","logo":{"@type":"ImageObject","inLanguage":"pt-BR","@id":"https:\/\/www.oarcanjo.net\/site\/#\/schema\/logo\/image\/","url":"https:\/\/www.oarcanjo.net\/site\/wp-content\/uploads\/LogoOArcanjo.png","contentUrl":"https:\/\/www.oarcanjo.net\/site\/wp-content\/uploads\/LogoOArcanjo.png","width":319,"height":99,"caption":"Par\u00f3quia S\u00e3o Miguel Arcanjo"},"image":{"@id":"https:\/\/www.oarcanjo.net\/site\/#\/schema\/logo\/image\/"},"sameAs":["https:\/\/www.facebook.com\/OArcanjoNoAr\/"]},{"@type":"Person","@id":"https:\/\/www.oarcanjo.net\/site\/#\/schema\/person\/5eb9480bedd2f3c97e430ce128c29c6c","name":"danilo"}]}},"publishpress_future_action":{"enabled":false,"date":"2026-05-08 06:23:20","action":"category","newStatus":"draft","terms":[],"taxonomy":"category"},"publishpress_future_workflow_manual_trigger":{"enabledWorkflows":[]},"_links":{"self":[{"href":"https:\/\/www.oarcanjo.net\/site\/wp-json\/wp\/v2\/posts\/11454"}],"collection":[{"href":"https:\/\/www.oarcanjo.net\/site\/wp-json\/wp\/v2\/posts"}],"about":[{"href":"https:\/\/www.oarcanjo.net\/site\/wp-json\/wp\/v2\/types\/post"}],"author":[{"embeddable":true,"href":"https:\/\/www.oarcanjo.net\/site\/wp-json\/wp\/v2\/users\/14"}],"replies":[{"embeddable":true,"href":"https:\/\/www.oarcanjo.net\/site\/wp-json\/wp\/v2\/comments?post=11454"}],"version-history":[{"count":0,"href":"https:\/\/www.oarcanjo.net\/site\/wp-json\/wp\/v2\/posts\/11454\/revisions"}],"wp:attachment":[{"href":"https:\/\/www.oarcanjo.net\/site\/wp-json\/wp\/v2\/media?parent=11454"}],"wp:term":[{"taxonomy":"category","embeddable":true,"href":"https:\/\/www.oarcanjo.net\/site\/wp-json\/wp\/v2\/categories?post=11454"},{"taxonomy":"post_tag","embeddable":true,"href":"https:\/\/www.oarcanjo.net\/site\/wp-json\/wp\/v2\/tags?post=11454"}],"curies":[{"name":"wp","href":"https:\/\/api.w.org\/{rel}","templated":true}]}}