
{"id":11456,"date":"2017-10-25T06:54:25","date_gmt":"2017-10-25T08:54:25","guid":{"rendered":"http:\/\/www.oarcanjo.net\/site\/?p=11456"},"modified":"2017-08-11T14:58:08","modified_gmt":"2017-08-11T17:58:08","slug":"santo-antonio-de-santanna-galvao","status":"publish","type":"post","link":"https:\/\/www.oarcanjo.net\/site\/santo-antonio-de-santanna-galvao\/","title":{"rendered":"Santo Ant\u00f4nio de Sant&#8217;Anna Galv\u00e3o"},"content":{"rendered":"<p><img decoding=\"async\" src=\"http:\/\/www.moic.org.br\/img\/listaFreiGalvao_clip_image001.jpg\" alt=\"\" \/><\/p>\n<p>25 de Outubro<\/p>\n<p>Frei Ant\u00f4nio de Sant&#8217;Anna Galv\u00e3o, filho de pais piedosos\u00a0 e\u00a0 cuja fam\u00edlia era reconhecida por sua grande caridade para com os pobres, nasceu em 1739 em Guaratinguet\u00e1, Estado de S\u00e3o Paulo, cidade situada bem pr\u00f3xima ao Santu\u00e1rio Nacional de Nossa Senhora Aparecida, tendo sido batizado com o nome de Ant\u00f4nio Galv\u00e3o de Fran\u00e7a.<\/p>\n<p>\u00a0\u00a0\u00a0\u00a0\u00a0\u00a0\u00a0\u00a0\u00a0\u00a0\u00a0\u00a0\u00a0\u00a0\u00a0\u00a0\u00a0\u00a0\u00a0\u00a0\u00a0\u00a0\u00a0\u00a0\u00a0\u00a0\u00a0\u00a0\u00a0\u00a0\u00a0\u00a0\u00a0\u00a0\u00a0\u00a0\u00a0\u00a0\u00a0\u00a0\u00a0\u00a0\u00a0\u00a0\u00a0\u00a0\u00a0\u00a0\u00a0\u00a0 Viveu sua inf\u00e2ncia em meio \u00e0 riqueza,\u00a0 j\u00e1 que seu pai Ant\u00f4nio Galv\u00e3o de Fran\u00e7a, como imigrante portugu\u00eas,\u00a0 era o capit\u00e3o-mor da cidade, gozando de plenas regalias pol\u00edticas e de situa\u00e7\u00e3o econ\u00f4mica privilegiada.\u00a0 A m\u00e3e, por sua vez,\u00a0 era descendente de Fern\u00e3o Dias Pais Leme, de linhagem nobre e\u00a0 famoso desbravador dos sert\u00f5es do Brasil por ocasi\u00e3o das expedi\u00e7\u00f5es dos bandeirantes.\u00a0\u00a0<\/p>\n<p>\u00a0\u00a0\u00a0\u00a0\u00a0\u00a0\u00a0\u00a0\u00a0\u00a0\u00a0\u00a0\u00a0\u00a0\u00a0\u00a0\u00a0\u00a0\u00a0\u00a0\u00a0\u00a0\u00a0\u00a0\u00a0\u00a0\u00a0\u00a0\u00a0\u00a0\u00a0\u00a0\u00a0\u00a0\u00a0\u00a0\u00a0\u00a0\u00a0\u00a0\u00a0\u00a0\u00a0\u00a0\u00a0\u00a0\u00a0\u00a0\u00a0 Os pais, preocupados em zelar pela esmerada educa\u00e7\u00e3o dos filhos, matricularam Frei Galv\u00e3o no Col\u00e9gio de Bel\u00e9m,\u00a0 que era administrado pelos padres da companhia de Jesus, onde j\u00e1 encontrava-se um de seus irm\u00e3os, de nome Jos\u00e9. Era o ano de 1752 e Ant\u00f4nio Galv\u00e3o tinha\u00a0 treze anos de idade quando ingressou no Col\u00e9gio. L\u00e1 permaneceu por quatro anos, onde aprendeu ci\u00eancias humanas ao mesmo tempo que aprofundou-se nas verdades divinas.\u00a0 Ao final desse per\u00edodo, manifestou ao pai o desejo de abra\u00e7ar a vida religiosa. O pr\u00f3prio pai aconselhou-o a ingressar no convento dos franciscanos,\u00a0\u00a0 j\u00e1 que havia um convento em Taubat\u00e9, n\u00e3o muito distante da sua terra, Guaratinguet\u00e1.\u00a0 E foi assim que Frei Galv\u00e3o iniciou sua jornada, renunciando a todo o conforto das riquezas e influ\u00eancia social, para dedicar-se exclusivamente ao servi\u00e7o de Deus.\u00a0\u00a0<\/p>\n<p>\u00a0\u00a0\u00a0\u00a0\u00a0\u00a0\u00a0\u00a0\u00a0\u00a0\u00a0\u00a0\u00a0\u00a0\u00a0\u00a0\u00a0\u00a0\u00a0\u00a0\u00a0\u00a0\u00a0\u00a0\u00a0\u00a0\u00a0\u00a0\u00a0\u00a0\u00a0\u00a0\u00a0\u00a0\u00a0\u00a0\u00a0\u00a0\u00a0\u00a0\u00a0\u00a0\u00a0\u00a0\u00a0\u00a0\u00a0\u00a0\u00a0\u00a0 Aos 21 anos de idade,\u00a0 fez o noviciado na Vila de Macacu,\u00a0 Rio de Janeiro,\u00a0 onde os confrades j\u00e1 percebiam o desabrochar da piedade e\u00a0conduta exemplar que carregava consigo desde o tempo da inf\u00e2ncia. Em 1761 professou os\u00a0 votos solenes e somente um ano depois,\u00a0 por reconhecida sabedoria e j\u00e1 proclamadas virtudes,\u00a0 recebeu o sacramento da Ordem.\u00a0 Mesmo ordenado sacerdote,\u00a0 optou por dar continuidade aos seus estudos de filosofia e teologia no Convento de S\u00e3o Francisco, em S\u00e3o Paulo. Ap\u00f3s formar-se assumiu, respectivamente, os cargos de pregador, confessor dos leigos e\u00a0 tamb\u00e9m porteiro do convento.\u00a0\u00a0<\/p>\n<p>\u00a0\u00a0\u00a0\u00a0\u00a0\u00a0\u00a0\u00a0\u00a0\u00a0\u00a0\u00a0\u00a0\u00a0\u00a0\u00a0\u00a0\u00a0\u00a0\u00a0\u00a0\u00a0\u00a0\u00a0\u00a0\u00a0\u00a0\u00a0\u00a0\u00a0\u00a0\u00a0\u00a0\u00a0\u00a0\u00a0\u00a0\u00a0\u00a0\u00a0\u00a0\u00a0\u00a0\u00a0\u00a0\u00a0\u00a0\u00a0\u00a0\u00a0 Distinguiu-se pela dedica\u00e7\u00e3o incans\u00e1vel ao sacramento da Penit\u00eancia.\u00a0 Fazia parte da sua rotina n\u00e3o s\u00f3 atender \u00e0s pessoas que lhe procuravam no convento para confessar-se,\u00a0 mas percorria caminhos extremamente longos a p\u00e9, para atender confiss\u00e3o dos fi\u00e9is nos mais long\u00ednquos rinc\u00f5es da cidade.\u00a0 Tal dedica\u00e7\u00e3o fez com que seus superiores o nomeassem confessor de um recolhimento de piedosas mulheres,\u00a0 em S\u00e3o Paulo.\u00a0 Foi l\u00e1 que encontrou-se com a Irm\u00e3 Helena Maria do Esp\u00edrito Santo,\u00a0 religiosa de profunda ora\u00e7\u00e3o e que lhe confidenciara que o pr\u00f3prio Jesus lhe revelara o pedido de fundar oficialmente um novo Recolhimento.\u00a0 Ap\u00f3s analisar, ouvir o parecer de pessoas s\u00e1bias e esclarecidas no clero,\u00a0 Frei Galv\u00e3o considerou v\u00e1lidas as vis\u00f5es de Irm\u00e3 Helena.\u00a0 Assim, em 1774 fundou oficialmente o Recolhimento das &#8220;Recolhidas de Santa Teresa&#8221;.\u00a0<\/p>\n<p>\u00a0\u00a0\u00a0\u00a0\u00a0\u00a0\u00a0\u00a0\u00a0\u00a0\u00a0\u00a0\u00a0\u00a0\u00a0\u00a0\u00a0\u00a0\u00a0\u00a0\u00a0\u00a0\u00a0\u00a0\u00a0\u00a0\u00a0\u00a0\u00a0\u00a0\u00a0\u00a0\u00a0\u00a0\u00a0\u00a0\u00a0\u00a0\u00a0\u00a0\u00a0\u00a0\u00a0\u00a0\u00a0\u00a0\u00a0\u00a0\u00a0\u00a0 Um ano depois, Madre Helena teve morte repentina e Frei Galv\u00e3o tornou-se a \u00fanica refer\u00eancia espiritual das Recolhidas, trabalho que exerceu com grande zelo e humildade.\u00a0 Como crescesse vertiginosamente o n\u00famero de vocacionadas,\u00a0 Frei Galv\u00e3o dedicou-se por quatorze anos n\u00e3o s\u00f3 cuidando da amplia\u00e7\u00e3o do Recolhimento, mas tamb\u00e9m na constru\u00e7\u00e3o da Igreja,\u00a0 inaugurada em 15 de agosto de 1802.\u00a0 Foi o pr\u00f3prio frade quem arquitetou e empreendeu a edifica\u00e7\u00e3o,\u00a0 trabalhando como mestre de obras e\u00a0 como pedreiro.\u00a0<\/p>\n<p>\u00a0\u00a0\u00a0\u00a0\u00a0\u00a0\u00a0\u00a0\u00a0\u00a0\u00a0\u00a0\u00a0\u00a0\u00a0\u00a0\u00a0\u00a0\u00a0\u00a0\u00a0\u00a0\u00a0\u00a0\u00a0\u00a0\u00a0\u00a0\u00a0\u00a0\u00a0\u00a0\u00a0\u00a0\u00a0\u00a0\u00a0\u00a0\u00a0\u00a0\u00a0\u00a0\u00a0\u00a0\u00a0\u00a0\u00a0\u00a0\u00a0\u00a0 S\u00f3 em 1929, por\u00e9m,\u00a0 que este Recolhimento viria a\u00a0 transformar-se no Recolhimento de Nossa Senhora da\u00a0 Concei\u00e7\u00e3o, que deu origem a outros nove mosteiros, os quais tem Frei Galv\u00e3o como fundador e guia.\u00a0 Da\u00ed o nome &#8220;Mosteiro das Concepcionistas&#8221;, ou mais conhecido popularmente como &#8220;Mosteiro da Luz&#8221;, sendo este o mesmo pr\u00e9dio projetado e constru\u00eddo pelo fundador.\u00a0\u00a0<\/p>\n<p>\u00a0\u00a0\u00a0\u00a0\u00a0\u00a0\u00a0\u00a0\u00a0\u00a0\u00a0\u00a0\u00a0\u00a0\u00a0\u00a0\u00a0\u00a0\u00a0\u00a0\u00a0\u00a0\u00a0\u00a0\u00a0\u00a0\u00a0\u00a0\u00a0\u00a0\u00a0\u00a0\u00a0\u00a0\u00a0\u00a0\u00a0\u00a0\u00a0\u00a0\u00a0\u00a0\u00a0\u00a0\u00a0\u00a0\u00a0\u00a0\u00a0\u00a0 Foi\u00a0 filho fiel, consagrado e devot\u00edssimo \u00e0 Sant\u00edssima Virgem Maria, entregando-se a uma vida austera, de freq\u00fcentes ora\u00e7\u00f5es e duras penit\u00eancias, ornadas com diligente caridade\u00a0ao\u00a0 pr\u00f3ximo.\u00a0 Como orientador espiritual das Recolhidas,\u00a0 prescreveu-lhes estatutos pr\u00f3prios,\u00a0 dando \u00e0s mulheres diretrizes evang\u00e9licas marcadas pela caridade, ora\u00e7\u00e3o, pobreza total, intensa penit\u00eancia e amor fidel\u00edssimo a Nossa Senhora.\u00a0\u00a0 Constam, nesses\u00a0 inscritos de Frei Galv\u00e3o:\u00a0\u00a0<\/p>\n<p><span style=\"color: #800000\">&#8220;A padroeira \u00e9 Maria Sant\u00edssima Senhora Nossa&#8221;\u00a0<\/span><\/p>\n<p><span style=\"color: #800000\">&#8220;As casas\u00a0 religiosas s\u00e3o casas de abundantes penalidades onde se\u00a0 alcan\u00e7a a coroa de um prolongado mart\u00edrio&#8221;.\u00a0<\/span><\/p>\n<p><span style=\"color: #800000\">&#8220;C\u00e9dula irrevog\u00e1vel de filial entrega a Maria Sant\u00edssima, minha Senhora&#8221;.<\/span><\/p>\n<p>\u00a0\u00a0\u00a0\u00a0\u00a0\u00a0\u00a0\u00a0\u00a0\u00a0\u00a0\u00a0\u00a0\u00a0\u00a0\u00a0\u00a0\u00a0\u00a0\u00a0\u00a0\u00a0\u00a0\u00a0\u00a0\u00a0\u00a0\u00a0\u00a0\u00a0\u00a0\u00a0\u00a0\u00a0\u00a0\u00a0\u00a0\u00a0\u00a0\u00a0\u00a0\u00a0\u00a0\u00a0\u00a0\u00a0\u00a0\u00a0\u00a0\u00a0 Era um franciscano simples que, normalmente no sil\u00eancio noturno, costumava aliviar os pobres em suas necessidades materiais e espirituais.\u00a0\u00a0 Os doentes lhe procuravam freq\u00fcentemente,\u00a0 pois a ocasi\u00e3o n\u00e3o era prop\u00edcia para tratamentos m\u00e9dicos adequados, tanto pela falta de recursos financeiros como pela limita\u00e7\u00e3o cient\u00edfica da \u00e9poca.\u00a0\u00a0<\/p>\n<p>\u00a0\u00a0\u00a0\u00a0\u00a0\u00a0\u00a0\u00a0\u00a0\u00a0\u00a0\u00a0\u00a0\u00a0\u00a0\u00a0\u00a0\u00a0\u00a0\u00a0\u00a0\u00a0\u00a0\u00a0\u00a0\u00a0\u00a0\u00a0\u00a0\u00a0\u00a0\u00a0\u00a0\u00a0\u00a0\u00a0\u00a0\u00a0\u00a0\u00a0\u00a0\u00a0\u00a0\u00a0\u00a0\u00a0\u00a0\u00a0\u00a0\u00a0Numa dessas ocasi\u00f5es,\u00a0 um jovem que padecia de dores renais violent\u00edssimas lhe procurou, pois, diante da grave enfermidade j\u00e1 vislumbrava a\u00a0 face da morte aproximando-se em passo acelerado.\u00a0 Foi quando o santo frade,\u00a0 tomando \u00e0s m\u00e3os pena e papel, escreveu uma frase em latim do Of\u00edcio de Nossa Senhora.\u00a0 Enrolou-o em forma de p\u00edlula e pediu ao jovem enfermo que a tomasse. T\u00e3o logo ingeriu a p\u00edlula, as dores cessaram e segundos\u00a0 depois,\u00a0 expeliu um grande c\u00e1lculo.\u00a0 Ainda em meio a esse\u00a0 milagre,\u00a0 um senhor chegou ao local suplicando ora\u00e7\u00f5es\u00a0 e que lhe desse qualquer rem\u00e9dio para a mulher que, naquele momento,\u00a0 sofria de s\u00e9rias\u00a0 complica\u00e7\u00f5es de parto.\u00a0 Frei Galv\u00e3o fez outra pilulazinha semelhante \u00e0 primeira pediu que a levasse \u00e0 esposa. Logo que a tomou, a crian\u00e7a nasceu,\u00a0 sem qualquer tipo de complica\u00e7\u00e3o para a m\u00e3e e para o filho.\u00a0<\/p>\n<p>\u00a0\u00a0\u00a0\u00a0\u00a0\u00a0\u00a0\u00a0\u00a0\u00a0\u00a0\u00a0\u00a0\u00a0\u00a0\u00a0\u00a0\u00a0\u00a0\u00a0\u00a0\u00a0\u00a0\u00a0\u00a0\u00a0\u00a0\u00a0\u00a0\u00a0\u00a0\u00a0\u00a0\u00a0\u00a0\u00a0\u00a0\u00a0\u00a0\u00a0\u00a0\u00a0\u00a0\u00a0\u00a0\u00a0\u00a0\u00a0\u00a0\u00a0A partir disso o poder milagroso das p\u00edlulas de Frei Galv\u00e3o espalhou-se pela regi\u00e3o e tantas pessoas dirigiam-se ao local que teve que ensinar as Irm\u00e3s do Recolhimento a confeccion\u00e1-las e dar \u00e0s pessoas necessitadas, o que elas fazem at\u00e9 hoje.\u00a0 Curiosamente, na imensa rela\u00e7\u00e3o de gra\u00e7as alcan\u00e7adas por intercess\u00e3o de Frei Galv\u00e3o junto ao Mosteiro da Luz,\u00a0 embora 60 a 70% das curas estejam relacionadas a cura do c\u00e2ncer, grande parte refere-se a curas de c\u00e1lculos renais, gravidez, parto e tamb\u00e9m de casais que,\u00a0 n\u00e3o conseguindo ter filhos, foram atendidos.<\/p>\n<p>\u00a0\u00a0\u00a0\u00a0\u00a0\u00a0\u00a0\u00a0\u00a0\u00a0\u00a0\u00a0\u00a0\u00a0\u00a0\u00a0\u00a0\u00a0\u00a0\u00a0\u00a0\u00a0\u00a0\u00a0\u00a0\u00a0\u00a0\u00a0\u00a0\u00a0\u00a0\u00a0\u00a0\u00a0\u00a0\u00a0\u00a0\u00a0\u00a0\u00a0\u00a0\u00a0\u00a0\u00a0\u00a0\u00a0\u00a0\u00a0\u00a0\u00a0Frei Galv\u00e3o foi beatificado pelo Papa Jo\u00e3o Paulo II em 25 de outubro de 1998. Na manh\u00e3 de 23 de fevereiro de 2007, na Sala do Consist\u00f3rio do Pal\u00e1cio Apost\u00f3lico, o Papa Bento XVI anunciou a canoniza\u00e7\u00e3o de cinco beatos, dentre eles, Frei Galv\u00e3o, nascido em Guaratinguet\u00e1\/SP.\u00a0 A cerim\u00f4nia foi realizada no dia 11 de maio de 2007 no Campo de Marte e presidida pelo Santo Padre em visita ao Brasil por ocasi\u00e3o da V Confer\u00eancia Geral do Conselho Episcopal Latino Americano e do Caribe, esta no Santu\u00e1rio Nacional de Aparecida.\u00a0 Com essa canoniza\u00e7\u00e3o,\u00a0 Frei Galv\u00e3o \u00e9 o primeiro brasileiro nato a receber a honra dos altares.\u00a0 Faleceu em 23 de dezembro de 1822. Seu corpo repousa na igreja do Recolhimento da Luz, que ele mesmo construiu e\u00a0 \u00e9 local de cont\u00ednuas e fervorosas peregrina\u00e7\u00f5es. L\u00e1 tamb\u00e9m encontra-se sepultado o corpo da co-fundadora Irm\u00e3 Helena Maria do Esp\u00edrito Santo.<\/p>\n<p>\u00a0<img decoding=\"async\" src=\"http:\/\/bp1.blogger.com\/_zJaeoAxBsNw\/RjuP1_bZObI\/AAAAAAAAAhE\/PE_XbMznvlQ\/s400\/03-05-07_1428.jpg\" border=\"0\" alt=\"\" \/><\/p>\n<div><strong>\u00a0<\/strong><\/div>\n<div><strong>Milagre da beatifica\u00e7\u00e3o &#8211; Daniela (1990)<\/strong><\/div>\n<div>Aconteceu em 1990 em S\u00e3o Paulo, com a menina Daniela, que aos 4 anos de idade teve complica\u00e7\u00f5es bronco-pulmonares e crises convulsivas.<br \/>\nFoi ent\u00e3o internada na UTI do Instituto Em\u00edlio Ribas, em S\u00e3o Paulo, com diagn\u00f3stico de encefalopatia hep\u00e1tica por consequ\u00eancia da hepatite causada pelo v\u00edrus A, insufici\u00eancia hep\u00e1tica grave, insufici\u00eancia renal aguda, intoxica\u00e7\u00e3o por causa de metocloropramida e hipertens\u00e3o.<br \/>\nOs sintomas acima a levaram a uma parada cardio-respirat\u00f3ria que evoluiu com epistaxe, sangramento gengival, hemat\u00faria, ascite, broncopneumonia, parotidite bilateral, faringite, e mais duas infec\u00e7\u00f5es hospitalares.<br \/>\nAp\u00f3s 13 dias de UTI, os familiares, amigos, vizinhos e religiosas do Mosteiro da Luz rezaram e deram a menina as p\u00edlulas de Frei Galv\u00e3o. Em 13 de junho de 1990, a menina Daniela deixou a UTI e, em 21 de junho teve alta do hospital considerada curada.<br \/>\nO pediatra que a acompanhou atestou perante o Tribunal Eclesi\u00e1stico que: &#8220;atribuo \u00e0 interven\u00e7\u00e3o divina, n\u00e3o s\u00f3 a cura da doen\u00e7a, mas a recupera\u00e7\u00e3o total dela&#8221;.<\/div>\n<div><strong>Milagre da Canoniza\u00e7\u00e3o &#8211; Sandra (1999)<\/strong><\/div>\n<div>Aconteceu em 1999, em S\u00e3o Paulo, com a paulistana Sandra Grossi de Almeida. Ap\u00f3s tr\u00eas abortos espont\u00e2neos no passado devido a um problema de m\u00e1 forma\u00e7\u00e3o do \u00fatero, em 1999 Sandra ficou gr\u00e1vida. Os m\u00e9dicos n\u00e3o acreditavam que a gesta\u00e7\u00e3o pudesse chegar ao fim.<br \/>\nSeu \u00fatero era bicorne, com duas cavidades muito pequenas e assim\u00e9tricas, como se fosse uma parede. Tal forma\u00e7\u00e3o n\u00e3o pode ser corrigida por cirurgia, tornando imposs\u00edvel levar qualquer gesta\u00e7\u00e3o at\u00e9 o fim.<br \/>\nAs previs\u00f5es de complica\u00e7\u00e3o do parto eram p\u00e9ssimas, mas mesmo assim, contrariando o progn\u00f3stico m\u00e9dico de que a gesta\u00e7\u00e3o n\u00e3o chegaria ao 5\u00ba m\u00eas, Sandra rezava e tomava as p\u00edlulas de Frei Galv\u00e3o durante toda a gesta\u00e7\u00e3o. Na 32\u00ba semana, em 11 de dezembro, o parto cesariano foi realizado ap\u00f3s a ruptura da bolsa, sem complica\u00e7\u00f5es.<br \/>\nNasceu Enzo de Almeida Galafassi, com problemas respirat\u00f3rios de risco. Entretanto, no dia 12 de dezembro, a crian\u00e7a n\u00e3o apresentava qualquer sinal de doen\u00e7a e foi liberada do hospital no dia 19 do mesmo m\u00eas<\/div>\n<p>O mais importante trabalho que contribui diariamente para a divulga\u00e7\u00e3o do poder divino de Frei Galv\u00e3o \u00e9 a distribui\u00e7\u00e3o gratuita da ora\u00e7\u00e3o em papeizinhos: as \u201cp\u00edlulas de Frei Galv\u00e3o\u201d. Nos papeizinhos picados, fabricados por 17 volunt\u00e1rias, est\u00e1 escrito: \u201cDepois do parto permanecestes Virgem, M\u00e3e de Deus, intercedeis por n\u00f3s\u201d.<\/p>\n<p>A frase era escrita pelo pr\u00f3prio beato, que a distribu\u00eda \u00e0s pessoas que o procuravam no Mosteiro da Luz, no Centro de S\u00e3o Paulo, enquanto ainda era vivo. Hoje s\u00e3o distribu\u00eddas cerca de 60 mil p\u00edlulas por m\u00eas por meio dos Correios.<\/p>\n<div>Origem das p\u00edlulas?\u00a0<\/div>\n<p>\u00a0\u00a0\u00a0\u00a0\u00a0 Certo dia, Frei Galv\u00e3o foi procurado por um senhor muito aflito, porque sua mulher estava em trabalho de parto e em perigo de perder a vida.<br \/>\n\u00a0\u00a0\u00a0\u00a0\u00a0 Frei Galv\u00e3o escreveu em tr\u00eas papelinhos o vers\u00edculo do Of\u00edcio da Sant\u00edssima Virgem: Pos partum Virgo, Inviolata permansisti: Dei Genitrix intercede pro nobis (Depois do parto, \u00f3 Virgem, permaneceste intacta: M\u00e3e de Deus, intercedei por n\u00f3s).<br \/>\n\u00a0\u00a0\u00a0\u00a0\u00a0 Deu-os ao homem, que por sua vez levou-os \u00e0 esposa. A mulher ingeriu os papelinhos, que Frei Galv\u00e3o enrolara como uma p\u00edlula, e a crian\u00e7a nasceu normalmente.<br \/>\n\u00a0\u00a0\u00a0\u00a0\u00a0 Caso id\u00eantico deu-se com um jovem que se estorcia com dores provocadas por c\u00e1lculos visicais.<br \/>\n\u00a0\u00a0\u00a0\u00a0\u00a0 Frei Galv\u00e3o fez outras p\u00edlulas semelhantes e deu-as ao mo\u00e7o. Ap\u00f3s ingerir os papelinhos, o jovem expeliu os c\u00e1lculos e ficou curado.<br \/>\n\u00a0\u00a0\u00a0\u00a0\u00a0 Esta foi a origem dos milagrosos papelinhos, que, desde ent\u00e3o, foram muito procurados pelos devotos de Frei Galv\u00e3o, e at\u00e9 hoje o Mosteiro fornece para pessoas que t\u00eam f\u00e9 na intercess\u00e3o de Servo de Deus.<\/p>\n<p>\u00a0<img decoding=\"async\" src=\"http:\/\/www.saofreigalvao.com\/imagens\/pilulas.jpg\" alt=\"\" \/><\/p>\n<div>Os Dons de Frei Galv\u00e3o\u00a0<\/div>\n<p>\u00a0\u00a0\u00a0\u00a0\u00a0\u00a0\u00a0\u00a0 Por causa do imenso amor e caridade de seu Servo, Deus o agraciou com diversos dons, dos quais jamais serviu-se em interesse pr\u00f3prio,ao contr\u00e1rio, sempre os colocou a servi\u00e7o da miseric\u00f3rdia divina. Todos os casos narrados foram devidamente comprovados por documentos.<\/p>\n<p>\u00a0\u00a0\u00a0\u00a0\u00a0\u00a0\u00a0\u00a0 <strong>S\u00e3o eles:<\/strong>\u00a0\u00a0\u00a0\u00a0\u00a0\u00a0\u00a0\u00a0 <strong>Biloca\u00e7\u00e3o<\/strong> (estar em mais de um lugar ao mesmo tempo), <strong>telepatia<\/strong> (transmiss\u00e3o ou comunica\u00e7\u00e3o de pensamento e sensa\u00e7\u00f5es, a dist\u00e2ncia entre duas ou mais pessoas), <strong>premoni\u00e7\u00e3o<\/strong> (sensa\u00e7\u00e3o ou advert\u00eancia antecipada do que vai acontecer), <strong>clarivid\u00eancia<\/strong> (v\u00ea o que est\u00e1 para acontecer), <strong>levita\u00e7\u00e3o<\/strong> (erguer-se acima do solo) e <strong>telepercep\u00e7\u00e3o<\/strong> (adquirir conhecimento de fatos ocorridos a grandes dist\u00e2ncias).\u00a0\u00a0\u00a0\u00a0\u00a0\u00a0\u00a0\u00a0 Relatamos a seguir alguns casos. \u00c0queles que se interessarem por mais detalhes da vida de nosso querido \u201cpadre santo\u201d devem procurar na Editora Santu\u00e1rio o livro \u201cFrei Galv\u00e3o: O frade menor que S\u00e3o Paulo aprisionou\u201d, de autoria de Frei Carmelo Surian:<strong>Biloca\u00e7\u00e3o<\/strong>\u00a0\u00a0\u00a0\u00a0\u00a0\u00a0\u00a0\u00a0 Pelo que consta, o fato ocorreu por volta de 1810, \u00e0s margens do rio Tiet\u00ea, no distrito de Potunduva (Airosa Galvao) municipio de Ja\u00fa, pr\u00f3ximo \u00e0 Pederneiras e Bauru. Manuel Portes, capataz de uma expedi\u00e7\u00e3o de vinha de Cuiab\u00e1, homem de temperamento inst\u00e1vel, castigou severamente o caboclo Apolin\u00e1rio por indisciplina. Ao notar o capataz distra\u00eddo, o caboclo, por vingan\u00e7a, o atacou pelas costas com um enorme fac\u00e3o, e fugiu.\u00a0\u00a0\u00a0\u00a0\u00a0\u00a0\u00a0\u00a0 Sentindo que a vida abandonava-lhe o corpo, Manuel Portes, no auge de desespero p\u00f4s-se a gritar: \u201cMeu Deus, eu morro sem confiss\u00e3o! Senhor Santo Ant\u00f4nio, pedi por mim! Dai-me confessor! Vinde, Frei Galv\u00e3o, assistir-me! Eis que ent\u00e3o algu\u00e9m gritou, avisando que um frade se aproximava, e todos identificaram Frei Galv\u00e3o. Assim contaram as testemunhas: \u201caproximou-se o querido sacerdote, afastou com um gesto dos espectadores da tr\u00e1gica cena, abaixou-se, sentou-se, p\u00f4s a cabe\u00e7a de Portes sobre o colo e falou-lhe em voz baixa, encostando-lhe depois o ouvido aos l\u00e1bios. Ficou assim alguns instantes, findo os quais aben\u00e7oou o expirante. Levantou-se, ent\u00e3o, fez um gesto de adeus e afastou-se de modo t\u00e3o misterioso quanto aparecera\u201d. Afirma-se que naquele instante Frei Galv\u00e3o encontrava-se em S\u00e3o Paulo, pregando. Interrompeu-se, pediu uma Ave-Maria por um morimbundo e, acabada a ora\u00e7\u00e3o, prosseguiu a prega\u00e7\u00e3o.\u00a0\u00a0\u00a0\u00a0\u00a0\u00a0\u00a0\u00a0 H\u00e1 outros casos semelhantes, principalmente relatos de socorro de Frei Galv\u00e3o aos moribundos.<strong>Telepatia<\/strong>\u00a0\u00a0\u00a0\u00a0\u00a0\u00a0\u00a0\u00a0 Em uma cidade Frei Galv\u00e3o era conduzido em uma cadeirinha coberta. Uma senhora, atrav\u00e9s de sua janela de r\u00f3tulas (madeiras cruzadas), v\u00ea a cadeirinha, em que sabe, est\u00e1 o \u201csanto frade\u201d. E ela, sucumbida pelas amarguras da vida, solu\u00e7ando, pensa consigo: \u201cAh, se Frei Galv\u00e3o se lembrasse de mim, se ao menos me desse sua ben\u00e7\u00e3o\u201d. No mesmo instante Frei Galv\u00e3o levanta as cortinas da cadeirinha, debru\u00e7a-se para fora, em dire\u00e7\u00e3o daquela janela, e sorridente, aben\u00e7oa a senhora, atr\u00e1s das r\u00f3tulas. E os que presenciaram o fato, afirmaram que o franciscano n\u00e3o tinha a menor possibilidade de ver aquela senhora, porque era conduzido pelo lado oposto da rua.<strong>Premoni\u00e7\u00e3o<\/strong>\u00a0\u00a0\u00a0\u00a0\u00a0\u00a0\u00a0\u00a0 Em todas as vilas e cidades por onde passava, a pedido dos p\u00e1rocos, Frei Galv\u00e3o pregava. Por vezes era t\u00e3o numeroso o audit\u00f3rio que, n\u00e3o o contendo dentro da igreja, era preciso pregar ao ar livre. Em Guaratinguet\u00e1 ocorreu um fato extraordin\u00e1rio: o serm\u00e3o havia come\u00e7ado, quando se forma uma grande tempestade; a chuva desaba, e quando viram que ela chegava ao largo, onde se encontravam, quiseram se retirar. Frei Galv\u00e3o, por\u00e9m, lhes disse que fiquem pois nada sofrer\u00e3o. De fato, a chuva n\u00e3o caiu sobre o Largo.<strong>Outra narra\u00e7\u00e3o impressionante:<\/strong>\u00a0\u00a0\u00a0\u00a0\u00a0\u00a0\u00a0\u00a0 O seguinte testemunho foi do Dr. Afonso d\u2019Escragnole Taunay: \u201cUm cavaleiro que passava alta madrugada por S\u00e3o Paulo viu Frei Galv\u00e3o sentado \u00e0 soleira de entrada de uma casa. Ofereceu-lhe o cavalo, propondo-se a acompanha-lo at\u00e9 o Recolhimento, fazendo-se ver que ele se arriscava a adoecer, imobilizado, como estava, sob t\u00e3o \u00e1spera temperatura e sob garoa. Frei Galv\u00e3o agradeceu a oferta, por\u00e9m n\u00e3o aceitou, argumentando que precisava demorar-se aonde estava, tendo para tanto motivos fortes. O cavaleiro n\u00e3o insistiu e seguiu viagem. Dela voltando, soube do fato que impressionara muito a cidade, e f\u00ea-lo estremecer: na manh\u00e3 seguinte ao encontro com Frei foi achado morto em sua pr\u00f3pria casa, um homem rico que vivia solit\u00e1rio, avarento e agiota. Era exatamente o morador do pr\u00e9dio em cuja soleira estava \u201cFrei Galv\u00e3o\u201d.<strong>Clarivid\u00eancia<\/strong>\u00a0\u00a0\u00a0\u00a0\u00a0\u00a0\u00a0\u00a0 Uma menina foi levada \u00e0 presen\u00e7a de Frei Galv\u00e3o. No decorrer da conversa, perguntou \u00e0 ela sobre o que desejava ser. Respondeu que queria ser freira. Frei Antonio a aben\u00e7oou com carinho e profeticamente lhe confirma a voca\u00e7\u00e3o. De fato, aos 19 anos ela ingressa em um Convento.<strong>Levita\u00e7\u00e3o<\/strong>\u00a0\u00a0\u00a0\u00a0\u00a0\u00a0\u00a0\u00a0 No Mosteiro da Luz h\u00e1 vi\u00e1rios testemunhos sobre a capacidade de Frei Galv\u00e3o tinha de levitar. Dentre eles, h\u00e1 o relato de uma senhora nos seguintes t\u00earmos: caminhando em plena rua, p\u00f4de observar o Frade que se aproximava todo recolhido. Ao se cruzarem, ela exclamou, espantada: \u201cSenhor Padre, vossemec\u00ea anda sem pisar no ch\u00e3o?\u201d E o Frei sorriu, saudou e seguiu diante.<strong>Telepercep\u00e7\u00e3o<\/strong>\u00a0\u00a0\u00a0\u00a0\u00a0\u00a0\u00a0\u00a0 Antigamente, quando os sinos badalavam fora de hor\u00e1rio de reza, a comunidade se reunia pois sabia que algo de extraordin\u00e1rio acontecera. Certo dia, os sinos do Mosteiro tocaram e a popula\u00e7\u00e3o atendeu a convoca\u00e7\u00e3o. Frei Galv\u00e3o, ent\u00e3o j\u00e1 bem idoso, anunciou: \u201cRebentou em Portugal uma revolu\u00e7\u00e3o\u201d (talvez a de 1820). E relatou detalhes como se estivesse assistindo a tudo pessoalmente. Semanas depois, chegaram not\u00edcias confirmando as vis\u00f5es de Frei Galv\u00e3o.<\/p>\n<div id=\"themify_builder_content-11456\" data-postid=\"11456\" class=\"themify_builder_content themify_builder_content-11456 themify_builder themify_builder_front\">\n\t<\/div>\n<!-- \/themify_builder_content -->","protected":false},"excerpt":{"rendered":"<p>25 de Outubro Frei Ant\u00f4nio de Sant&#8217;Anna Galv\u00e3o, filho de pais piedosos\u00a0 e\u00a0 cuja fam\u00edlia era reconhecida por sua grande caridade para com os pobres, nasceu em 1739 em Guaratinguet\u00e1, Estado de S\u00e3o Paulo, cidade situada bem pr\u00f3xima ao Santu\u00e1rio Nacional de Nossa Senhora Aparecida, tendo sido batizado com o nome de Ant\u00f4nio Galv\u00e3o de [&hellip;]<\/p>\n","protected":false},"author":14,"featured_media":0,"comment_status":"open","ping_status":"open","sticky":false,"template":"","format":"standard","meta":{"ngg_post_thumbnail":0,"footnotes":""},"categories":[186],"tags":[],"yoast_head":"<!-- This site is optimized with the Yoast SEO plugin v23.5 - https:\/\/yoast.com\/wordpress\/plugins\/seo\/ -->\n<title>Santo Ant\u00f4nio de Sant&#039;Anna Galv\u00e3o - O Arcanjo no ar<\/title>\n<meta name=\"robots\" content=\"index, follow, max-snippet:-1, max-image-preview:large, max-video-preview:-1\" \/>\n<link rel=\"canonical\" href=\"https:\/\/www.oarcanjo.net\/site\/santo-antonio-de-santanna-galvao\/\" \/>\n<meta property=\"og:locale\" content=\"pt_BR\" \/>\n<meta property=\"og:type\" content=\"article\" \/>\n<meta property=\"og:title\" content=\"Santo Ant\u00f4nio de Sant&#039;Anna Galv\u00e3o - O Arcanjo no ar\" \/>\n<meta property=\"og:description\" content=\"25 de Outubro Frei Ant\u00f4nio de Sant&#8217;Anna Galv\u00e3o, filho de pais piedosos\u00a0 e\u00a0 cuja fam\u00edlia era reconhecida por sua grande caridade para com os pobres, nasceu em 1739 em Guaratinguet\u00e1, Estado de S\u00e3o Paulo, cidade situada bem pr\u00f3xima ao Santu\u00e1rio Nacional de Nossa Senhora Aparecida, tendo sido batizado com o nome de Ant\u00f4nio Galv\u00e3o de [&hellip;]\" \/>\n<meta property=\"og:url\" content=\"https:\/\/www.oarcanjo.net\/site\/santo-antonio-de-santanna-galvao\/\" \/>\n<meta property=\"og:site_name\" content=\"O Arcanjo no ar\" \/>\n<meta property=\"article:publisher\" content=\"https:\/\/www.facebook.com\/OArcanjoNoAr\/\" \/>\n<meta property=\"article:published_time\" content=\"2017-10-25T08:54:25+00:00\" \/>\n<meta property=\"article:modified_time\" content=\"2017-08-11T17:58:08+00:00\" \/>\n<meta property=\"og:image\" content=\"http:\/\/www.moic.org.br\/img\/listaFreiGalvao_clip_image001.jpg\" \/>\n<meta name=\"author\" content=\"danilo\" \/>\n<meta name=\"twitter:card\" content=\"summary_large_image\" \/>\n<meta name=\"twitter:label1\" content=\"Escrito por\" \/>\n\t<meta name=\"twitter:data1\" content=\"danilo\" \/>\n\t<meta name=\"twitter:label2\" content=\"Est. tempo de leitura\" \/>\n\t<meta name=\"twitter:data2\" content=\"15 minutos\" \/>\n<script type=\"application\/ld+json\" class=\"yoast-schema-graph\">{\"@context\":\"https:\/\/schema.org\",\"@graph\":[{\"@type\":\"Article\",\"@id\":\"https:\/\/www.oarcanjo.net\/site\/santo-antonio-de-santanna-galvao\/#article\",\"isPartOf\":{\"@id\":\"https:\/\/www.oarcanjo.net\/site\/santo-antonio-de-santanna-galvao\/\"},\"author\":{\"name\":\"danilo\",\"@id\":\"https:\/\/www.oarcanjo.net\/site\/#\/schema\/person\/5eb9480bedd2f3c97e430ce128c29c6c\"},\"headline\":\"Santo Ant\u00f4nio de Sant&#8217;Anna Galv\u00e3o\",\"datePublished\":\"2017-10-25T08:54:25+00:00\",\"dateModified\":\"2017-08-11T17:58:08+00:00\",\"mainEntityOfPage\":{\"@id\":\"https:\/\/www.oarcanjo.net\/site\/santo-antonio-de-santanna-galvao\/\"},\"wordCount\":2919,\"commentCount\":9,\"publisher\":{\"@id\":\"https:\/\/www.oarcanjo.net\/site\/#organization\"},\"image\":{\"@id\":\"https:\/\/www.oarcanjo.net\/site\/santo-antonio-de-santanna-galvao\/#primaryimage\"},\"thumbnailUrl\":\"http:\/\/www.moic.org.br\/img\/listaFreiGalvao_clip_image001.jpg\",\"articleSection\":[\"Testemunhos\"],\"inLanguage\":\"pt-BR\",\"potentialAction\":[{\"@type\":\"CommentAction\",\"name\":\"Comment\",\"target\":[\"https:\/\/www.oarcanjo.net\/site\/santo-antonio-de-santanna-galvao\/#respond\"]}]},{\"@type\":\"WebPage\",\"@id\":\"https:\/\/www.oarcanjo.net\/site\/santo-antonio-de-santanna-galvao\/\",\"url\":\"https:\/\/www.oarcanjo.net\/site\/santo-antonio-de-santanna-galvao\/\",\"name\":\"Santo Ant\u00f4nio de Sant'Anna Galv\u00e3o - O Arcanjo no ar\",\"isPartOf\":{\"@id\":\"https:\/\/www.oarcanjo.net\/site\/#website\"},\"primaryImageOfPage\":{\"@id\":\"https:\/\/www.oarcanjo.net\/site\/santo-antonio-de-santanna-galvao\/#primaryimage\"},\"image\":{\"@id\":\"https:\/\/www.oarcanjo.net\/site\/santo-antonio-de-santanna-galvao\/#primaryimage\"},\"thumbnailUrl\":\"http:\/\/www.moic.org.br\/img\/listaFreiGalvao_clip_image001.jpg\",\"datePublished\":\"2017-10-25T08:54:25+00:00\",\"dateModified\":\"2017-08-11T17:58:08+00:00\",\"breadcrumb\":{\"@id\":\"https:\/\/www.oarcanjo.net\/site\/santo-antonio-de-santanna-galvao\/#breadcrumb\"},\"inLanguage\":\"pt-BR\",\"potentialAction\":[{\"@type\":\"ReadAction\",\"target\":[\"https:\/\/www.oarcanjo.net\/site\/santo-antonio-de-santanna-galvao\/\"]}]},{\"@type\":\"ImageObject\",\"inLanguage\":\"pt-BR\",\"@id\":\"https:\/\/www.oarcanjo.net\/site\/santo-antonio-de-santanna-galvao\/#primaryimage\",\"url\":\"http:\/\/www.moic.org.br\/img\/listaFreiGalvao_clip_image001.jpg\",\"contentUrl\":\"http:\/\/www.moic.org.br\/img\/listaFreiGalvao_clip_image001.jpg\"},{\"@type\":\"BreadcrumbList\",\"@id\":\"https:\/\/www.oarcanjo.net\/site\/santo-antonio-de-santanna-galvao\/#breadcrumb\",\"itemListElement\":[{\"@type\":\"ListItem\",\"position\":1,\"name\":\"In\u00edcio\",\"item\":\"https:\/\/www.oarcanjo.net\/site\/\"},{\"@type\":\"ListItem\",\"position\":2,\"name\":\"Santo Ant\u00f4nio de Sant&#8217;Anna Galv\u00e3o\"}]},{\"@type\":\"WebSite\",\"@id\":\"https:\/\/www.oarcanjo.net\/site\/#website\",\"url\":\"https:\/\/www.oarcanjo.net\/site\/\",\"name\":\"O Arcanjo no ar\",\"description\":\"Site da Par\u00f3quia S\u00e3o Miguel Arcanjo (Arquidiocese de SP)\",\"publisher\":{\"@id\":\"https:\/\/www.oarcanjo.net\/site\/#organization\"},\"potentialAction\":[{\"@type\":\"SearchAction\",\"target\":{\"@type\":\"EntryPoint\",\"urlTemplate\":\"https:\/\/www.oarcanjo.net\/site\/?s={search_term_string}\"},\"query-input\":{\"@type\":\"PropertyValueSpecification\",\"valueRequired\":true,\"valueName\":\"search_term_string\"}}],\"inLanguage\":\"pt-BR\"},{\"@type\":\"Organization\",\"@id\":\"https:\/\/www.oarcanjo.net\/site\/#organization\",\"name\":\"Par\u00f3quia S\u00e3o Miguel Arcanjo\",\"url\":\"https:\/\/www.oarcanjo.net\/site\/\",\"logo\":{\"@type\":\"ImageObject\",\"inLanguage\":\"pt-BR\",\"@id\":\"https:\/\/www.oarcanjo.net\/site\/#\/schema\/logo\/image\/\",\"url\":\"https:\/\/www.oarcanjo.net\/site\/wp-content\/uploads\/LogoOArcanjo.png\",\"contentUrl\":\"https:\/\/www.oarcanjo.net\/site\/wp-content\/uploads\/LogoOArcanjo.png\",\"width\":319,\"height\":99,\"caption\":\"Par\u00f3quia S\u00e3o Miguel Arcanjo\"},\"image\":{\"@id\":\"https:\/\/www.oarcanjo.net\/site\/#\/schema\/logo\/image\/\"},\"sameAs\":[\"https:\/\/www.facebook.com\/OArcanjoNoAr\/\"]},{\"@type\":\"Person\",\"@id\":\"https:\/\/www.oarcanjo.net\/site\/#\/schema\/person\/5eb9480bedd2f3c97e430ce128c29c6c\",\"name\":\"danilo\"}]}<\/script>\n<!-- \/ Yoast SEO plugin. -->","yoast_head_json":{"title":"Santo Ant\u00f4nio de Sant'Anna Galv\u00e3o - O Arcanjo no ar","robots":{"index":"index","follow":"follow","max-snippet":"max-snippet:-1","max-image-preview":"max-image-preview:large","max-video-preview":"max-video-preview:-1"},"canonical":"https:\/\/www.oarcanjo.net\/site\/santo-antonio-de-santanna-galvao\/","og_locale":"pt_BR","og_type":"article","og_title":"Santo Ant\u00f4nio de Sant'Anna Galv\u00e3o - O Arcanjo no ar","og_description":"25 de Outubro Frei Ant\u00f4nio de Sant&#8217;Anna Galv\u00e3o, filho de pais piedosos\u00a0 e\u00a0 cuja fam\u00edlia era reconhecida por sua grande caridade para com os pobres, nasceu em 1739 em Guaratinguet\u00e1, Estado de S\u00e3o Paulo, cidade situada bem pr\u00f3xima ao Santu\u00e1rio Nacional de Nossa Senhora Aparecida, tendo sido batizado com o nome de Ant\u00f4nio Galv\u00e3o de [&hellip;]","og_url":"https:\/\/www.oarcanjo.net\/site\/santo-antonio-de-santanna-galvao\/","og_site_name":"O Arcanjo no ar","article_publisher":"https:\/\/www.facebook.com\/OArcanjoNoAr\/","article_published_time":"2017-10-25T08:54:25+00:00","article_modified_time":"2017-08-11T17:58:08+00:00","og_image":[{"url":"http:\/\/www.moic.org.br\/img\/listaFreiGalvao_clip_image001.jpg"}],"author":"danilo","twitter_card":"summary_large_image","twitter_misc":{"Escrito por":"danilo","Est. tempo de leitura":"15 minutos"},"schema":{"@context":"https:\/\/schema.org","@graph":[{"@type":"Article","@id":"https:\/\/www.oarcanjo.net\/site\/santo-antonio-de-santanna-galvao\/#article","isPartOf":{"@id":"https:\/\/www.oarcanjo.net\/site\/santo-antonio-de-santanna-galvao\/"},"author":{"name":"danilo","@id":"https:\/\/www.oarcanjo.net\/site\/#\/schema\/person\/5eb9480bedd2f3c97e430ce128c29c6c"},"headline":"Santo Ant\u00f4nio de Sant&#8217;Anna Galv\u00e3o","datePublished":"2017-10-25T08:54:25+00:00","dateModified":"2017-08-11T17:58:08+00:00","mainEntityOfPage":{"@id":"https:\/\/www.oarcanjo.net\/site\/santo-antonio-de-santanna-galvao\/"},"wordCount":2919,"commentCount":9,"publisher":{"@id":"https:\/\/www.oarcanjo.net\/site\/#organization"},"image":{"@id":"https:\/\/www.oarcanjo.net\/site\/santo-antonio-de-santanna-galvao\/#primaryimage"},"thumbnailUrl":"http:\/\/www.moic.org.br\/img\/listaFreiGalvao_clip_image001.jpg","articleSection":["Testemunhos"],"inLanguage":"pt-BR","potentialAction":[{"@type":"CommentAction","name":"Comment","target":["https:\/\/www.oarcanjo.net\/site\/santo-antonio-de-santanna-galvao\/#respond"]}]},{"@type":"WebPage","@id":"https:\/\/www.oarcanjo.net\/site\/santo-antonio-de-santanna-galvao\/","url":"https:\/\/www.oarcanjo.net\/site\/santo-antonio-de-santanna-galvao\/","name":"Santo Ant\u00f4nio de Sant'Anna Galv\u00e3o - O Arcanjo no ar","isPartOf":{"@id":"https:\/\/www.oarcanjo.net\/site\/#website"},"primaryImageOfPage":{"@id":"https:\/\/www.oarcanjo.net\/site\/santo-antonio-de-santanna-galvao\/#primaryimage"},"image":{"@id":"https:\/\/www.oarcanjo.net\/site\/santo-antonio-de-santanna-galvao\/#primaryimage"},"thumbnailUrl":"http:\/\/www.moic.org.br\/img\/listaFreiGalvao_clip_image001.jpg","datePublished":"2017-10-25T08:54:25+00:00","dateModified":"2017-08-11T17:58:08+00:00","breadcrumb":{"@id":"https:\/\/www.oarcanjo.net\/site\/santo-antonio-de-santanna-galvao\/#breadcrumb"},"inLanguage":"pt-BR","potentialAction":[{"@type":"ReadAction","target":["https:\/\/www.oarcanjo.net\/site\/santo-antonio-de-santanna-galvao\/"]}]},{"@type":"ImageObject","inLanguage":"pt-BR","@id":"https:\/\/www.oarcanjo.net\/site\/santo-antonio-de-santanna-galvao\/#primaryimage","url":"http:\/\/www.moic.org.br\/img\/listaFreiGalvao_clip_image001.jpg","contentUrl":"http:\/\/www.moic.org.br\/img\/listaFreiGalvao_clip_image001.jpg"},{"@type":"BreadcrumbList","@id":"https:\/\/www.oarcanjo.net\/site\/santo-antonio-de-santanna-galvao\/#breadcrumb","itemListElement":[{"@type":"ListItem","position":1,"name":"In\u00edcio","item":"https:\/\/www.oarcanjo.net\/site\/"},{"@type":"ListItem","position":2,"name":"Santo Ant\u00f4nio de Sant&#8217;Anna Galv\u00e3o"}]},{"@type":"WebSite","@id":"https:\/\/www.oarcanjo.net\/site\/#website","url":"https:\/\/www.oarcanjo.net\/site\/","name":"O Arcanjo no ar","description":"Site da Par\u00f3quia S\u00e3o Miguel Arcanjo (Arquidiocese de SP)","publisher":{"@id":"https:\/\/www.oarcanjo.net\/site\/#organization"},"potentialAction":[{"@type":"SearchAction","target":{"@type":"EntryPoint","urlTemplate":"https:\/\/www.oarcanjo.net\/site\/?s={search_term_string}"},"query-input":{"@type":"PropertyValueSpecification","valueRequired":true,"valueName":"search_term_string"}}],"inLanguage":"pt-BR"},{"@type":"Organization","@id":"https:\/\/www.oarcanjo.net\/site\/#organization","name":"Par\u00f3quia S\u00e3o Miguel Arcanjo","url":"https:\/\/www.oarcanjo.net\/site\/","logo":{"@type":"ImageObject","inLanguage":"pt-BR","@id":"https:\/\/www.oarcanjo.net\/site\/#\/schema\/logo\/image\/","url":"https:\/\/www.oarcanjo.net\/site\/wp-content\/uploads\/LogoOArcanjo.png","contentUrl":"https:\/\/www.oarcanjo.net\/site\/wp-content\/uploads\/LogoOArcanjo.png","width":319,"height":99,"caption":"Par\u00f3quia S\u00e3o Miguel Arcanjo"},"image":{"@id":"https:\/\/www.oarcanjo.net\/site\/#\/schema\/logo\/image\/"},"sameAs":["https:\/\/www.facebook.com\/OArcanjoNoAr\/"]},{"@type":"Person","@id":"https:\/\/www.oarcanjo.net\/site\/#\/schema\/person\/5eb9480bedd2f3c97e430ce128c29c6c","name":"danilo"}]}},"publishpress_future_action":{"enabled":false,"date":"2026-05-08 04:57:06","action":"category","newStatus":"draft","terms":[],"taxonomy":"category"},"publishpress_future_workflow_manual_trigger":{"enabledWorkflows":[]},"_links":{"self":[{"href":"https:\/\/www.oarcanjo.net\/site\/wp-json\/wp\/v2\/posts\/11456"}],"collection":[{"href":"https:\/\/www.oarcanjo.net\/site\/wp-json\/wp\/v2\/posts"}],"about":[{"href":"https:\/\/www.oarcanjo.net\/site\/wp-json\/wp\/v2\/types\/post"}],"author":[{"embeddable":true,"href":"https:\/\/www.oarcanjo.net\/site\/wp-json\/wp\/v2\/users\/14"}],"replies":[{"embeddable":true,"href":"https:\/\/www.oarcanjo.net\/site\/wp-json\/wp\/v2\/comments?post=11456"}],"version-history":[{"count":0,"href":"https:\/\/www.oarcanjo.net\/site\/wp-json\/wp\/v2\/posts\/11456\/revisions"}],"wp:attachment":[{"href":"https:\/\/www.oarcanjo.net\/site\/wp-json\/wp\/v2\/media?parent=11456"}],"wp:term":[{"taxonomy":"category","embeddable":true,"href":"https:\/\/www.oarcanjo.net\/site\/wp-json\/wp\/v2\/categories?post=11456"},{"taxonomy":"post_tag","embeddable":true,"href":"https:\/\/www.oarcanjo.net\/site\/wp-json\/wp\/v2\/tags?post=11456"}],"curies":[{"name":"wp","href":"https:\/\/api.w.org\/{rel}","templated":true}]}}