
{"id":11459,"date":"2017-10-26T00:54:46","date_gmt":"2017-10-26T02:54:46","guid":{"rendered":"http:\/\/www.oarcanjo.net\/site\/?p=11459"},"modified":"2017-08-11T14:58:11","modified_gmt":"2017-08-11T17:58:11","slug":"santo-evaristo","status":"publish","type":"post","link":"https:\/\/www.oarcanjo.net\/site\/santo-evaristo\/","title":{"rendered":"Santo Evaristo"},"content":{"rendered":"<p><img loading=\"lazy\" decoding=\"async\" class=\"alignnone size-medium wp-image-66168\" src=\"http:\/\/www.oarcanjo.net\/site\/wp-content\/uploads\/Santo-Evaristo-300x300.jpg\" alt=\"Santo Evaristo\" width=\"300\" height=\"300\" srcset=\"https:\/\/www.oarcanjo.net\/site\/wp-content\/uploads\/Santo-Evaristo-300x300.jpg 300w, https:\/\/www.oarcanjo.net\/site\/wp-content\/uploads\/Santo-Evaristo-150x150.jpg 150w, https:\/\/www.oarcanjo.net\/site\/wp-content\/uploads\/Santo-Evaristo.jpg 525w\" sizes=\"(max-width: 300px) 100vw, 300px\" \/><\/p>\n<p>26 de Outubro<\/p>\n<p>No atual Anu\u00e1rio dos Papas encontramos Evaristo em pleno comando da Igreja cat\u00f3lica, como quarto sucessor de Pedro, no ano 97. Era o in\u00edcio da era crist\u00e3, portanto \u00e9 muito compreens\u00edvel que haja t\u00e3o poucos dados sobre ele.<br \/>\nEnquanto do anterior, papa Clemente, temos muitos registros, at\u00e9 de pr\u00f3prio punho, como a c\u00e9lebre carta endere\u00e7ada aos crist\u00e3os de Corinto, do papa Evaristo nada temos escrito por ele mesmo, as poucas informa\u00e7\u00f5es vieram de Irineu e Eus\u00e9bio, dois ilustres e expressivos santos venerados no mundo cat\u00f3lico.<\/p>\n<p>Naqueles tempos, o t\u00edtulo de &#8220;papa&#8221; era dado a toda e qualquer autoridade religiosa, passando a designar o chefe maior da Igreja somente no s\u00e9culo VI. Por essa raz\u00e3o as informa\u00e7\u00f5es, \u00e0s vezes, se contradizem. Mas santo Eus\u00e9bio mostra-se muito firme e seguro ao relatar Evaristo como um grego vindo da Antioquia.<\/p>\n<p>Ele governou a Igreja durante nove anos, nos quais promoveu tr\u00eas ordena\u00e7\u00f5es, consagrando dezessete sacerdotes, nove di\u00e1conos e quinze bispos, destinados a diferentes par\u00f3quias.<\/p>\n<p>Foi de sua autoria a divis\u00e3o de Roma em vinte e cinco dioceses, a cria\u00e7\u00e3o do primeiro Col\u00e9gio dos Cardeais. Parece que tamb\u00e9m foi ele que instituiu o casamento em p\u00fablico, com a presen\u00e7a do sacerdote.<\/p>\n<p>Papa Evaristo morreu em 105. Uma tradi\u00e7\u00e3o muito antiga afirma que ele teria sido m\u00e1rtir da f\u00e9 durante a persegui\u00e7\u00e3o imposta pelo imperador Trajano, e que depois seu corpo teria sido abandonado perto do t\u00famulo do ap\u00f3stolo Pedro. Embora a fonte n\u00e3o seja precisa, assim sua morte foi oficialmente registrada no Livro dos Papas, em Roma.<\/p>\n<p>&nbsp;<\/p>\n<div id=\"themify_builder_content-11459\" data-postid=\"11459\" class=\"themify_builder_content themify_builder_content-11459 themify_builder themify_builder_front\">\n\t<\/div>\n<!-- \/themify_builder_content -->","protected":false},"excerpt":{"rendered":"<p>26 de Outubro No atual Anu\u00e1rio dos Papas encontramos Evaristo em pleno comando da Igreja cat\u00f3lica, como quarto sucessor de Pedro, no ano 97. Era o in\u00edcio da era crist\u00e3, portanto \u00e9 muito compreens\u00edvel que haja t\u00e3o poucos dados sobre ele. Enquanto do anterior, papa Clemente, temos muitos registros, at\u00e9 de pr\u00f3prio punho, como a [&hellip;]<\/p>\n","protected":false},"author":14,"featured_media":0,"comment_status":"open","ping_status":"open","sticky":false,"template":"","format":"standard","meta":{"ngg_post_thumbnail":0,"footnotes":""},"categories":[186],"tags":[],"yoast_head":"<!-- This site is optimized with the Yoast SEO plugin v23.5 - https:\/\/yoast.com\/wordpress\/plugins\/seo\/ -->\n<title>Santo Evaristo - O Arcanjo no ar<\/title>\n<meta name=\"robots\" content=\"index, follow, max-snippet:-1, max-image-preview:large, max-video-preview:-1\" \/>\n<link rel=\"canonical\" href=\"https:\/\/www.oarcanjo.net\/site\/santo-evaristo\/\" \/>\n<meta property=\"og:locale\" content=\"pt_BR\" \/>\n<meta property=\"og:type\" content=\"article\" \/>\n<meta property=\"og:title\" content=\"Santo Evaristo - O Arcanjo no ar\" \/>\n<meta property=\"og:description\" content=\"26 de Outubro No atual Anu\u00e1rio dos Papas encontramos Evaristo em pleno comando da Igreja cat\u00f3lica, como quarto sucessor de Pedro, no ano 97. Era o in\u00edcio da era crist\u00e3, portanto \u00e9 muito compreens\u00edvel que haja t\u00e3o poucos dados sobre ele. Enquanto do anterior, papa Clemente, temos muitos registros, at\u00e9 de pr\u00f3prio punho, como a [&hellip;]\" \/>\n<meta property=\"og:url\" content=\"https:\/\/www.oarcanjo.net\/site\/santo-evaristo\/\" \/>\n<meta property=\"og:site_name\" content=\"O Arcanjo no ar\" \/>\n<meta property=\"article:publisher\" content=\"https:\/\/www.facebook.com\/OArcanjoNoAr\/\" \/>\n<meta property=\"article:published_time\" content=\"2017-10-26T02:54:46+00:00\" \/>\n<meta property=\"article:modified_time\" content=\"2017-08-11T17:58:11+00:00\" \/>\n<meta property=\"og:image\" content=\"http:\/\/www.oarcanjo.net\/site\/wp-content\/uploads\/Santo-Evaristo-300x300.jpg\" \/>\n<meta name=\"author\" content=\"danilo\" \/>\n<meta name=\"twitter:card\" content=\"summary_large_image\" \/>\n<meta name=\"twitter:label1\" content=\"Escrito por\" \/>\n\t<meta name=\"twitter:data1\" content=\"danilo\" \/>\n\t<meta name=\"twitter:label2\" content=\"Est. tempo de leitura\" \/>\n\t<meta name=\"twitter:data2\" content=\"1 minuto\" \/>\n<script type=\"application\/ld+json\" class=\"yoast-schema-graph\">{\"@context\":\"https:\/\/schema.org\",\"@graph\":[{\"@type\":\"Article\",\"@id\":\"https:\/\/www.oarcanjo.net\/site\/santo-evaristo\/#article\",\"isPartOf\":{\"@id\":\"https:\/\/www.oarcanjo.net\/site\/santo-evaristo\/\"},\"author\":{\"name\":\"danilo\",\"@id\":\"https:\/\/www.oarcanjo.net\/site\/#\/schema\/person\/5eb9480bedd2f3c97e430ce128c29c6c\"},\"headline\":\"Santo Evaristo\",\"datePublished\":\"2017-10-26T02:54:46+00:00\",\"dateModified\":\"2017-08-11T17:58:11+00:00\",\"mainEntityOfPage\":{\"@id\":\"https:\/\/www.oarcanjo.net\/site\/santo-evaristo\/\"},\"wordCount\":288,\"commentCount\":0,\"publisher\":{\"@id\":\"https:\/\/www.oarcanjo.net\/site\/#organization\"},\"image\":{\"@id\":\"https:\/\/www.oarcanjo.net\/site\/santo-evaristo\/#primaryimage\"},\"thumbnailUrl\":\"http:\/\/www.oarcanjo.net\/site\/wp-content\/uploads\/Santo-Evaristo-300x300.jpg\",\"articleSection\":[\"Testemunhos\"],\"inLanguage\":\"pt-BR\",\"potentialAction\":[{\"@type\":\"CommentAction\",\"name\":\"Comment\",\"target\":[\"https:\/\/www.oarcanjo.net\/site\/santo-evaristo\/#respond\"]}]},{\"@type\":\"WebPage\",\"@id\":\"https:\/\/www.oarcanjo.net\/site\/santo-evaristo\/\",\"url\":\"https:\/\/www.oarcanjo.net\/site\/santo-evaristo\/\",\"name\":\"Santo Evaristo - O Arcanjo no ar\",\"isPartOf\":{\"@id\":\"https:\/\/www.oarcanjo.net\/site\/#website\"},\"primaryImageOfPage\":{\"@id\":\"https:\/\/www.oarcanjo.net\/site\/santo-evaristo\/#primaryimage\"},\"image\":{\"@id\":\"https:\/\/www.oarcanjo.net\/site\/santo-evaristo\/#primaryimage\"},\"thumbnailUrl\":\"http:\/\/www.oarcanjo.net\/site\/wp-content\/uploads\/Santo-Evaristo-300x300.jpg\",\"datePublished\":\"2017-10-26T02:54:46+00:00\",\"dateModified\":\"2017-08-11T17:58:11+00:00\",\"breadcrumb\":{\"@id\":\"https:\/\/www.oarcanjo.net\/site\/santo-evaristo\/#breadcrumb\"},\"inLanguage\":\"pt-BR\",\"potentialAction\":[{\"@type\":\"ReadAction\",\"target\":[\"https:\/\/www.oarcanjo.net\/site\/santo-evaristo\/\"]}]},{\"@type\":\"ImageObject\",\"inLanguage\":\"pt-BR\",\"@id\":\"https:\/\/www.oarcanjo.net\/site\/santo-evaristo\/#primaryimage\",\"url\":\"https:\/\/www.oarcanjo.net\/site\/wp-content\/uploads\/Santo-Evaristo.jpg\",\"contentUrl\":\"https:\/\/www.oarcanjo.net\/site\/wp-content\/uploads\/Santo-Evaristo.jpg\",\"width\":525,\"height\":525,\"caption\":\"Santo Evaristo\"},{\"@type\":\"BreadcrumbList\",\"@id\":\"https:\/\/www.oarcanjo.net\/site\/santo-evaristo\/#breadcrumb\",\"itemListElement\":[{\"@type\":\"ListItem\",\"position\":1,\"name\":\"In\u00edcio\",\"item\":\"https:\/\/www.oarcanjo.net\/site\/\"},{\"@type\":\"ListItem\",\"position\":2,\"name\":\"Santo Evaristo\"}]},{\"@type\":\"WebSite\",\"@id\":\"https:\/\/www.oarcanjo.net\/site\/#website\",\"url\":\"https:\/\/www.oarcanjo.net\/site\/\",\"name\":\"O Arcanjo no ar\",\"description\":\"Site da Par\u00f3quia S\u00e3o Miguel Arcanjo (Arquidiocese de SP)\",\"publisher\":{\"@id\":\"https:\/\/www.oarcanjo.net\/site\/#organization\"},\"potentialAction\":[{\"@type\":\"SearchAction\",\"target\":{\"@type\":\"EntryPoint\",\"urlTemplate\":\"https:\/\/www.oarcanjo.net\/site\/?s={search_term_string}\"},\"query-input\":{\"@type\":\"PropertyValueSpecification\",\"valueRequired\":true,\"valueName\":\"search_term_string\"}}],\"inLanguage\":\"pt-BR\"},{\"@type\":\"Organization\",\"@id\":\"https:\/\/www.oarcanjo.net\/site\/#organization\",\"name\":\"Par\u00f3quia S\u00e3o Miguel Arcanjo\",\"url\":\"https:\/\/www.oarcanjo.net\/site\/\",\"logo\":{\"@type\":\"ImageObject\",\"inLanguage\":\"pt-BR\",\"@id\":\"https:\/\/www.oarcanjo.net\/site\/#\/schema\/logo\/image\/\",\"url\":\"https:\/\/www.oarcanjo.net\/site\/wp-content\/uploads\/LogoOArcanjo.png\",\"contentUrl\":\"https:\/\/www.oarcanjo.net\/site\/wp-content\/uploads\/LogoOArcanjo.png\",\"width\":319,\"height\":99,\"caption\":\"Par\u00f3quia S\u00e3o Miguel Arcanjo\"},\"image\":{\"@id\":\"https:\/\/www.oarcanjo.net\/site\/#\/schema\/logo\/image\/\"},\"sameAs\":[\"https:\/\/www.facebook.com\/OArcanjoNoAr\/\"]},{\"@type\":\"Person\",\"@id\":\"https:\/\/www.oarcanjo.net\/site\/#\/schema\/person\/5eb9480bedd2f3c97e430ce128c29c6c\",\"name\":\"danilo\"}]}<\/script>\n<!-- \/ Yoast SEO plugin. -->","yoast_head_json":{"title":"Santo Evaristo - O Arcanjo no ar","robots":{"index":"index","follow":"follow","max-snippet":"max-snippet:-1","max-image-preview":"max-image-preview:large","max-video-preview":"max-video-preview:-1"},"canonical":"https:\/\/www.oarcanjo.net\/site\/santo-evaristo\/","og_locale":"pt_BR","og_type":"article","og_title":"Santo Evaristo - O Arcanjo no ar","og_description":"26 de Outubro No atual Anu\u00e1rio dos Papas encontramos Evaristo em pleno comando da Igreja cat\u00f3lica, como quarto sucessor de Pedro, no ano 97. Era o in\u00edcio da era crist\u00e3, portanto \u00e9 muito compreens\u00edvel que haja t\u00e3o poucos dados sobre ele. Enquanto do anterior, papa Clemente, temos muitos registros, at\u00e9 de pr\u00f3prio punho, como a [&hellip;]","og_url":"https:\/\/www.oarcanjo.net\/site\/santo-evaristo\/","og_site_name":"O Arcanjo no ar","article_publisher":"https:\/\/www.facebook.com\/OArcanjoNoAr\/","article_published_time":"2017-10-26T02:54:46+00:00","article_modified_time":"2017-08-11T17:58:11+00:00","og_image":[{"url":"http:\/\/www.oarcanjo.net\/site\/wp-content\/uploads\/Santo-Evaristo-300x300.jpg"}],"author":"danilo","twitter_card":"summary_large_image","twitter_misc":{"Escrito por":"danilo","Est. tempo de leitura":"1 minuto"},"schema":{"@context":"https:\/\/schema.org","@graph":[{"@type":"Article","@id":"https:\/\/www.oarcanjo.net\/site\/santo-evaristo\/#article","isPartOf":{"@id":"https:\/\/www.oarcanjo.net\/site\/santo-evaristo\/"},"author":{"name":"danilo","@id":"https:\/\/www.oarcanjo.net\/site\/#\/schema\/person\/5eb9480bedd2f3c97e430ce128c29c6c"},"headline":"Santo Evaristo","datePublished":"2017-10-26T02:54:46+00:00","dateModified":"2017-08-11T17:58:11+00:00","mainEntityOfPage":{"@id":"https:\/\/www.oarcanjo.net\/site\/santo-evaristo\/"},"wordCount":288,"commentCount":0,"publisher":{"@id":"https:\/\/www.oarcanjo.net\/site\/#organization"},"image":{"@id":"https:\/\/www.oarcanjo.net\/site\/santo-evaristo\/#primaryimage"},"thumbnailUrl":"http:\/\/www.oarcanjo.net\/site\/wp-content\/uploads\/Santo-Evaristo-300x300.jpg","articleSection":["Testemunhos"],"inLanguage":"pt-BR","potentialAction":[{"@type":"CommentAction","name":"Comment","target":["https:\/\/www.oarcanjo.net\/site\/santo-evaristo\/#respond"]}]},{"@type":"WebPage","@id":"https:\/\/www.oarcanjo.net\/site\/santo-evaristo\/","url":"https:\/\/www.oarcanjo.net\/site\/santo-evaristo\/","name":"Santo Evaristo - O Arcanjo no ar","isPartOf":{"@id":"https:\/\/www.oarcanjo.net\/site\/#website"},"primaryImageOfPage":{"@id":"https:\/\/www.oarcanjo.net\/site\/santo-evaristo\/#primaryimage"},"image":{"@id":"https:\/\/www.oarcanjo.net\/site\/santo-evaristo\/#primaryimage"},"thumbnailUrl":"http:\/\/www.oarcanjo.net\/site\/wp-content\/uploads\/Santo-Evaristo-300x300.jpg","datePublished":"2017-10-26T02:54:46+00:00","dateModified":"2017-08-11T17:58:11+00:00","breadcrumb":{"@id":"https:\/\/www.oarcanjo.net\/site\/santo-evaristo\/#breadcrumb"},"inLanguage":"pt-BR","potentialAction":[{"@type":"ReadAction","target":["https:\/\/www.oarcanjo.net\/site\/santo-evaristo\/"]}]},{"@type":"ImageObject","inLanguage":"pt-BR","@id":"https:\/\/www.oarcanjo.net\/site\/santo-evaristo\/#primaryimage","url":"https:\/\/www.oarcanjo.net\/site\/wp-content\/uploads\/Santo-Evaristo.jpg","contentUrl":"https:\/\/www.oarcanjo.net\/site\/wp-content\/uploads\/Santo-Evaristo.jpg","width":525,"height":525,"caption":"Santo Evaristo"},{"@type":"BreadcrumbList","@id":"https:\/\/www.oarcanjo.net\/site\/santo-evaristo\/#breadcrumb","itemListElement":[{"@type":"ListItem","position":1,"name":"In\u00edcio","item":"https:\/\/www.oarcanjo.net\/site\/"},{"@type":"ListItem","position":2,"name":"Santo Evaristo"}]},{"@type":"WebSite","@id":"https:\/\/www.oarcanjo.net\/site\/#website","url":"https:\/\/www.oarcanjo.net\/site\/","name":"O Arcanjo no ar","description":"Site da Par\u00f3quia S\u00e3o Miguel Arcanjo (Arquidiocese de SP)","publisher":{"@id":"https:\/\/www.oarcanjo.net\/site\/#organization"},"potentialAction":[{"@type":"SearchAction","target":{"@type":"EntryPoint","urlTemplate":"https:\/\/www.oarcanjo.net\/site\/?s={search_term_string}"},"query-input":{"@type":"PropertyValueSpecification","valueRequired":true,"valueName":"search_term_string"}}],"inLanguage":"pt-BR"},{"@type":"Organization","@id":"https:\/\/www.oarcanjo.net\/site\/#organization","name":"Par\u00f3quia S\u00e3o Miguel Arcanjo","url":"https:\/\/www.oarcanjo.net\/site\/","logo":{"@type":"ImageObject","inLanguage":"pt-BR","@id":"https:\/\/www.oarcanjo.net\/site\/#\/schema\/logo\/image\/","url":"https:\/\/www.oarcanjo.net\/site\/wp-content\/uploads\/LogoOArcanjo.png","contentUrl":"https:\/\/www.oarcanjo.net\/site\/wp-content\/uploads\/LogoOArcanjo.png","width":319,"height":99,"caption":"Par\u00f3quia S\u00e3o Miguel Arcanjo"},"image":{"@id":"https:\/\/www.oarcanjo.net\/site\/#\/schema\/logo\/image\/"},"sameAs":["https:\/\/www.facebook.com\/OArcanjoNoAr\/"]},{"@type":"Person","@id":"https:\/\/www.oarcanjo.net\/site\/#\/schema\/person\/5eb9480bedd2f3c97e430ce128c29c6c","name":"danilo"}]}},"publishpress_future_action":{"enabled":false,"date":"2026-05-08 03:32:00","action":"category","newStatus":"draft","terms":[],"taxonomy":"category"},"publishpress_future_workflow_manual_trigger":{"enabledWorkflows":[]},"_links":{"self":[{"href":"https:\/\/www.oarcanjo.net\/site\/wp-json\/wp\/v2\/posts\/11459"}],"collection":[{"href":"https:\/\/www.oarcanjo.net\/site\/wp-json\/wp\/v2\/posts"}],"about":[{"href":"https:\/\/www.oarcanjo.net\/site\/wp-json\/wp\/v2\/types\/post"}],"author":[{"embeddable":true,"href":"https:\/\/www.oarcanjo.net\/site\/wp-json\/wp\/v2\/users\/14"}],"replies":[{"embeddable":true,"href":"https:\/\/www.oarcanjo.net\/site\/wp-json\/wp\/v2\/comments?post=11459"}],"version-history":[{"count":0,"href":"https:\/\/www.oarcanjo.net\/site\/wp-json\/wp\/v2\/posts\/11459\/revisions"}],"wp:attachment":[{"href":"https:\/\/www.oarcanjo.net\/site\/wp-json\/wp\/v2\/media?parent=11459"}],"wp:term":[{"taxonomy":"category","embeddable":true,"href":"https:\/\/www.oarcanjo.net\/site\/wp-json\/wp\/v2\/categories?post=11459"},{"taxonomy":"post_tag","embeddable":true,"href":"https:\/\/www.oarcanjo.net\/site\/wp-json\/wp\/v2\/tags?post=11459"}],"curies":[{"name":"wp","href":"https:\/\/api.w.org\/{rel}","templated":true}]}}