
{"id":11464,"date":"2010-10-26T00:27:20","date_gmt":"2010-10-26T02:27:20","guid":{"rendered":"http:\/\/www.oarcanjo.net\/site\/?p=11464"},"modified":"2010-10-26T00:27:22","modified_gmt":"2010-10-26T02:27:22","slug":"voto-pela-democracia","status":"publish","type":"post","link":"https:\/\/www.oarcanjo.net\/site\/voto-pela-democracia\/","title":{"rendered":"Voto pela democracia"},"content":{"rendered":"<p>Dom Dem\u00e9trio Valentini<\/p>\n<p>Esta campanha eleitoral, que est\u00e1 se concluindo, introduziu um fator novo, que compromete o exerc\u00edcio da pr\u00f3pria democracia.<\/p>\n<p>De maneira completamente impune, foi armado todo um esquema de demoli\u00e7\u00e3o de uma candidatura, valendo-se da cal\u00fania, difama\u00e7\u00e3o, mentira, e toda sorte de fal\u00e1cias enganadoras, sob o anonimato da internet, e sem nenhuma a\u00e7\u00e3o da justi\u00e7a eleitoral, que ignorou este fator como se ele n\u00e3o fosse altamente prejudicial para a pr\u00e1tica da democracia.<\/p>\n<p>Este fator precisa ser neutralizado pela for\u00e7a do voto. De tal modo que, nestas elei\u00e7\u00f5es, est\u00e1 em causa n\u00e3o s\u00f3 a elei\u00e7\u00e3o para a Presid\u00eancia da Rep\u00fablica; mas, sobretudo, a salvaguarda do pr\u00f3prio processo democr\u00e1tico.<\/p>\n<p>Antes de indicar a Presid\u00eancia, o voto precisa expressar o rep\u00fadio a esses procedimentos antidemocr\u00e1ticos, usados impunemente para demolir a imagem de uma candidatura, na tentativa de inviabiliz\u00e1-la eleitoralmente.<\/p>\n<p>Este o fato. Se este procedimento prosperar, o processo eleitoral fica seriamente comprometido. As campanhas eleitorais se reduzir\u00e3o \u00e0 corrida para ver quem primeiro elimina impunemente o seu advers\u00e1rio.<\/p>\n<p>A \u00fanica arma para combater esta din\u00e2mica delet\u00e9ria \u00e9 o pr\u00f3prio voto. \u00c9 pelo voto que se frustram os intentos de eliminar arbitrariamente uma candidatura, valendo-se de expedientes difamat\u00f3rios, caluniosos e injustos.<\/p>\n<p>Cabe ao eleitor identificar qual a candidatura que foi v\u00edtima deste intento fascista. Pessoalmente, deixo ao eleitor a resposta a esta quest\u00e3o. Mesmo reconhecendo que este procedimento sujo e desonesto acabou abalando a consci\u00eancia de muitas pessoas simples, que ficaram atordoadas, pela insist\u00eancia das acusa\u00e7\u00f5es e por sua gravidade. Mas prefiro apostar na capacidade de discernimento dos eleitores, e no bom senso que finalmente vai prevalecer, pois a mentira tem perna curta, e o feiti\u00e7o pode se virar contra o feiticeiro.<\/p>\n<p>Desta vez, portanto, com o voto, em primeiro lugar vamos desfazer o intento de quem procurou demolir uma candidatura. Esta candidatura acabou se tornando s\u00edmbolo do rep\u00fadio a procedimentos que precisam ser extirpados. Votando nela, votamos contra as fal\u00e1cias desta campanha. Assim o voto adquire dupla finalidade.<\/p>\n<p>Na verdade, al\u00e9m deste duplo valor do voto nesta elei\u00e7\u00e3o, ele tem uma terceira tarefa: reprovar de vez o intento de instrumentalizar a religi\u00e3o para fins eleitorais. Este tamb\u00e9m \u00e9 um expediente que precisa ser extirpado do processo eleitoral brasileiro. \u00c9 urgente rasgar as m\u00e1scaras de muitos fariseus, que utilizam causas e posi\u00e7\u00f5es religiosas para fins eleitorais, pretendendo-se detentores de poderes sagrados para manipular a consci\u00eancia dos eleitores. Est\u00e1 mais do que na hora de abolir de vez este procedimento que j\u00e1 est\u00e1 ultrapassado h\u00e1 s\u00e9culos.<\/p>\n<p>Fa\u00e7o votos que tenhamos a lucidez de perceber o valor agregado que desta vez o voto vai assumir. E estejamos todos prontos para que, passado o processo eleitoral, possamos tirar desta campanha li\u00e7\u00f5es pr\u00e1ticas que precisam ser transformadas em normas reguladoras das futuras elei\u00e7\u00f5es no Brasil. Para que, apesar de tudo, a democracia saia fortalecida!<\/p>\n<div id=\"themify_builder_content-11464\" data-postid=\"11464\" class=\"themify_builder_content themify_builder_content-11464 themify_builder themify_builder_front\">\n\t<\/div>\n<!-- \/themify_builder_content -->","protected":false},"excerpt":{"rendered":"<p>Dom Dem\u00e9trio Valentini Esta campanha eleitoral, que est\u00e1 se concluindo, introduziu um fator novo, que compromete o exerc\u00edcio da pr\u00f3pria democracia. De maneira completamente impune, foi armado todo um esquema de demoli\u00e7\u00e3o de uma candidatura, valendo-se da cal\u00fania, difama\u00e7\u00e3o, mentira, e toda sorte de fal\u00e1cias enganadoras, sob o anonimato da internet, e sem nenhuma a\u00e7\u00e3o [&hellip;]<\/p>\n","protected":false},"author":5,"featured_media":0,"comment_status":"open","ping_status":"open","sticky":false,"template":"","format":"standard","meta":{"ngg_post_thumbnail":0,"footnotes":""},"categories":[9],"tags":[41,103],"yoast_head":"<!-- This site is optimized with the Yoast SEO plugin v23.5 - https:\/\/yoast.com\/wordpress\/plugins\/seo\/ -->\n<title>Voto pela democracia - O Arcanjo no ar<\/title>\n<meta name=\"robots\" content=\"index, follow, max-snippet:-1, max-image-preview:large, max-video-preview:-1\" \/>\n<link rel=\"canonical\" href=\"https:\/\/www.oarcanjo.net\/site\/voto-pela-democracia\/\" \/>\n<meta property=\"og:locale\" content=\"pt_BR\" \/>\n<meta property=\"og:type\" content=\"article\" \/>\n<meta property=\"og:title\" content=\"Voto pela democracia - O Arcanjo no ar\" \/>\n<meta property=\"og:description\" content=\"Dom Dem\u00e9trio Valentini Esta campanha eleitoral, que est\u00e1 se concluindo, introduziu um fator novo, que compromete o exerc\u00edcio da pr\u00f3pria democracia. De maneira completamente impune, foi armado todo um esquema de demoli\u00e7\u00e3o de uma candidatura, valendo-se da cal\u00fania, difama\u00e7\u00e3o, mentira, e toda sorte de fal\u00e1cias enganadoras, sob o anonimato da internet, e sem nenhuma a\u00e7\u00e3o [&hellip;]\" \/>\n<meta property=\"og:url\" content=\"https:\/\/www.oarcanjo.net\/site\/voto-pela-democracia\/\" \/>\n<meta property=\"og:site_name\" content=\"O Arcanjo no ar\" \/>\n<meta property=\"article:publisher\" content=\"https:\/\/www.facebook.com\/OArcanjoNoAr\/\" \/>\n<meta property=\"article:published_time\" content=\"2010-10-26T02:27:20+00:00\" \/>\n<meta property=\"article:modified_time\" content=\"2010-10-26T02:27:22+00:00\" \/>\n<meta property=\"og:image\" content=\"https:\/\/www.oarcanjo.net\/site\/wp-content\/uploads\/logo-o-arcanjo-no-ar-facebook.png\" \/>\n\t<meta property=\"og:image:width\" content=\"300\" \/>\n\t<meta property=\"og:image:height\" content=\"300\" \/>\n\t<meta property=\"og:image:type\" content=\"image\/png\" \/>\n<meta name=\"author\" content=\"editor\" \/>\n<meta name=\"twitter:card\" content=\"summary_large_image\" \/>\n<meta name=\"twitter:label1\" content=\"Escrito por\" \/>\n\t<meta name=\"twitter:data1\" content=\"editor\" \/>\n\t<meta name=\"twitter:label2\" content=\"Est. tempo de leitura\" \/>\n\t<meta name=\"twitter:data2\" content=\"3 minutos\" \/>\n<script type=\"application\/ld+json\" class=\"yoast-schema-graph\">{\"@context\":\"https:\/\/schema.org\",\"@graph\":[{\"@type\":\"Article\",\"@id\":\"https:\/\/www.oarcanjo.net\/site\/voto-pela-democracia\/#article\",\"isPartOf\":{\"@id\":\"https:\/\/www.oarcanjo.net\/site\/voto-pela-democracia\/\"},\"author\":{\"name\":\"editor\",\"@id\":\"https:\/\/www.oarcanjo.net\/site\/#\/schema\/person\/f7024d007863202483a31326673a0838\"},\"headline\":\"Voto pela democracia\",\"datePublished\":\"2010-10-26T02:27:20+00:00\",\"dateModified\":\"2010-10-26T02:27:22+00:00\",\"mainEntityOfPage\":{\"@id\":\"https:\/\/www.oarcanjo.net\/site\/voto-pela-democracia\/\"},\"wordCount\":516,\"commentCount\":0,\"publisher\":{\"@id\":\"https:\/\/www.oarcanjo.net\/site\/#organization\"},\"keywords\":[\"elei\u00e7\u00f5es\",\"f\u00e9 e pol\u00edtica\"],\"articleSection\":[\"Reflex\u00f5es\"],\"inLanguage\":\"pt-BR\",\"potentialAction\":[{\"@type\":\"CommentAction\",\"name\":\"Comment\",\"target\":[\"https:\/\/www.oarcanjo.net\/site\/voto-pela-democracia\/#respond\"]}]},{\"@type\":\"WebPage\",\"@id\":\"https:\/\/www.oarcanjo.net\/site\/voto-pela-democracia\/\",\"url\":\"https:\/\/www.oarcanjo.net\/site\/voto-pela-democracia\/\",\"name\":\"Voto pela democracia - O Arcanjo no ar\",\"isPartOf\":{\"@id\":\"https:\/\/www.oarcanjo.net\/site\/#website\"},\"datePublished\":\"2010-10-26T02:27:20+00:00\",\"dateModified\":\"2010-10-26T02:27:22+00:00\",\"breadcrumb\":{\"@id\":\"https:\/\/www.oarcanjo.net\/site\/voto-pela-democracia\/#breadcrumb\"},\"inLanguage\":\"pt-BR\",\"potentialAction\":[{\"@type\":\"ReadAction\",\"target\":[\"https:\/\/www.oarcanjo.net\/site\/voto-pela-democracia\/\"]}]},{\"@type\":\"BreadcrumbList\",\"@id\":\"https:\/\/www.oarcanjo.net\/site\/voto-pela-democracia\/#breadcrumb\",\"itemListElement\":[{\"@type\":\"ListItem\",\"position\":1,\"name\":\"In\u00edcio\",\"item\":\"https:\/\/www.oarcanjo.net\/site\/\"},{\"@type\":\"ListItem\",\"position\":2,\"name\":\"Voto pela democracia\"}]},{\"@type\":\"WebSite\",\"@id\":\"https:\/\/www.oarcanjo.net\/site\/#website\",\"url\":\"https:\/\/www.oarcanjo.net\/site\/\",\"name\":\"O Arcanjo no ar\",\"description\":\"Site da Par\u00f3quia S\u00e3o Miguel Arcanjo (Arquidiocese de SP)\",\"publisher\":{\"@id\":\"https:\/\/www.oarcanjo.net\/site\/#organization\"},\"potentialAction\":[{\"@type\":\"SearchAction\",\"target\":{\"@type\":\"EntryPoint\",\"urlTemplate\":\"https:\/\/www.oarcanjo.net\/site\/?s={search_term_string}\"},\"query-input\":{\"@type\":\"PropertyValueSpecification\",\"valueRequired\":true,\"valueName\":\"search_term_string\"}}],\"inLanguage\":\"pt-BR\"},{\"@type\":\"Organization\",\"@id\":\"https:\/\/www.oarcanjo.net\/site\/#organization\",\"name\":\"Par\u00f3quia S\u00e3o Miguel Arcanjo\",\"url\":\"https:\/\/www.oarcanjo.net\/site\/\",\"logo\":{\"@type\":\"ImageObject\",\"inLanguage\":\"pt-BR\",\"@id\":\"https:\/\/www.oarcanjo.net\/site\/#\/schema\/logo\/image\/\",\"url\":\"https:\/\/www.oarcanjo.net\/site\/wp-content\/uploads\/LogoOArcanjo.png\",\"contentUrl\":\"https:\/\/www.oarcanjo.net\/site\/wp-content\/uploads\/LogoOArcanjo.png\",\"width\":319,\"height\":99,\"caption\":\"Par\u00f3quia S\u00e3o Miguel Arcanjo\"},\"image\":{\"@id\":\"https:\/\/www.oarcanjo.net\/site\/#\/schema\/logo\/image\/\"},\"sameAs\":[\"https:\/\/www.facebook.com\/OArcanjoNoAr\/\"]},{\"@type\":\"Person\",\"@id\":\"https:\/\/www.oarcanjo.net\/site\/#\/schema\/person\/f7024d007863202483a31326673a0838\",\"name\":\"editor\",\"sameAs\":[\"http:\/\/www.oarcanjo.net\"]}]}<\/script>\n<!-- \/ Yoast SEO plugin. -->","yoast_head_json":{"title":"Voto pela democracia - O Arcanjo no ar","robots":{"index":"index","follow":"follow","max-snippet":"max-snippet:-1","max-image-preview":"max-image-preview:large","max-video-preview":"max-video-preview:-1"},"canonical":"https:\/\/www.oarcanjo.net\/site\/voto-pela-democracia\/","og_locale":"pt_BR","og_type":"article","og_title":"Voto pela democracia - O Arcanjo no ar","og_description":"Dom Dem\u00e9trio Valentini Esta campanha eleitoral, que est\u00e1 se concluindo, introduziu um fator novo, que compromete o exerc\u00edcio da pr\u00f3pria democracia. De maneira completamente impune, foi armado todo um esquema de demoli\u00e7\u00e3o de uma candidatura, valendo-se da cal\u00fania, difama\u00e7\u00e3o, mentira, e toda sorte de fal\u00e1cias enganadoras, sob o anonimato da internet, e sem nenhuma a\u00e7\u00e3o [&hellip;]","og_url":"https:\/\/www.oarcanjo.net\/site\/voto-pela-democracia\/","og_site_name":"O Arcanjo no ar","article_publisher":"https:\/\/www.facebook.com\/OArcanjoNoAr\/","article_published_time":"2010-10-26T02:27:20+00:00","article_modified_time":"2010-10-26T02:27:22+00:00","og_image":[{"width":300,"height":300,"url":"https:\/\/www.oarcanjo.net\/site\/wp-content\/uploads\/logo-o-arcanjo-no-ar-facebook.png","type":"image\/png"}],"author":"editor","twitter_card":"summary_large_image","twitter_misc":{"Escrito por":"editor","Est. tempo de leitura":"3 minutos"},"schema":{"@context":"https:\/\/schema.org","@graph":[{"@type":"Article","@id":"https:\/\/www.oarcanjo.net\/site\/voto-pela-democracia\/#article","isPartOf":{"@id":"https:\/\/www.oarcanjo.net\/site\/voto-pela-democracia\/"},"author":{"name":"editor","@id":"https:\/\/www.oarcanjo.net\/site\/#\/schema\/person\/f7024d007863202483a31326673a0838"},"headline":"Voto pela democracia","datePublished":"2010-10-26T02:27:20+00:00","dateModified":"2010-10-26T02:27:22+00:00","mainEntityOfPage":{"@id":"https:\/\/www.oarcanjo.net\/site\/voto-pela-democracia\/"},"wordCount":516,"commentCount":0,"publisher":{"@id":"https:\/\/www.oarcanjo.net\/site\/#organization"},"keywords":["elei\u00e7\u00f5es","f\u00e9 e pol\u00edtica"],"articleSection":["Reflex\u00f5es"],"inLanguage":"pt-BR","potentialAction":[{"@type":"CommentAction","name":"Comment","target":["https:\/\/www.oarcanjo.net\/site\/voto-pela-democracia\/#respond"]}]},{"@type":"WebPage","@id":"https:\/\/www.oarcanjo.net\/site\/voto-pela-democracia\/","url":"https:\/\/www.oarcanjo.net\/site\/voto-pela-democracia\/","name":"Voto pela democracia - O Arcanjo no ar","isPartOf":{"@id":"https:\/\/www.oarcanjo.net\/site\/#website"},"datePublished":"2010-10-26T02:27:20+00:00","dateModified":"2010-10-26T02:27:22+00:00","breadcrumb":{"@id":"https:\/\/www.oarcanjo.net\/site\/voto-pela-democracia\/#breadcrumb"},"inLanguage":"pt-BR","potentialAction":[{"@type":"ReadAction","target":["https:\/\/www.oarcanjo.net\/site\/voto-pela-democracia\/"]}]},{"@type":"BreadcrumbList","@id":"https:\/\/www.oarcanjo.net\/site\/voto-pela-democracia\/#breadcrumb","itemListElement":[{"@type":"ListItem","position":1,"name":"In\u00edcio","item":"https:\/\/www.oarcanjo.net\/site\/"},{"@type":"ListItem","position":2,"name":"Voto pela democracia"}]},{"@type":"WebSite","@id":"https:\/\/www.oarcanjo.net\/site\/#website","url":"https:\/\/www.oarcanjo.net\/site\/","name":"O Arcanjo no ar","description":"Site da Par\u00f3quia S\u00e3o Miguel Arcanjo (Arquidiocese de SP)","publisher":{"@id":"https:\/\/www.oarcanjo.net\/site\/#organization"},"potentialAction":[{"@type":"SearchAction","target":{"@type":"EntryPoint","urlTemplate":"https:\/\/www.oarcanjo.net\/site\/?s={search_term_string}"},"query-input":{"@type":"PropertyValueSpecification","valueRequired":true,"valueName":"search_term_string"}}],"inLanguage":"pt-BR"},{"@type":"Organization","@id":"https:\/\/www.oarcanjo.net\/site\/#organization","name":"Par\u00f3quia S\u00e3o Miguel Arcanjo","url":"https:\/\/www.oarcanjo.net\/site\/","logo":{"@type":"ImageObject","inLanguage":"pt-BR","@id":"https:\/\/www.oarcanjo.net\/site\/#\/schema\/logo\/image\/","url":"https:\/\/www.oarcanjo.net\/site\/wp-content\/uploads\/LogoOArcanjo.png","contentUrl":"https:\/\/www.oarcanjo.net\/site\/wp-content\/uploads\/LogoOArcanjo.png","width":319,"height":99,"caption":"Par\u00f3quia S\u00e3o Miguel Arcanjo"},"image":{"@id":"https:\/\/www.oarcanjo.net\/site\/#\/schema\/logo\/image\/"},"sameAs":["https:\/\/www.facebook.com\/OArcanjoNoAr\/"]},{"@type":"Person","@id":"https:\/\/www.oarcanjo.net\/site\/#\/schema\/person\/f7024d007863202483a31326673a0838","name":"editor","sameAs":["http:\/\/www.oarcanjo.net"]}]}},"publishpress_future_action":{"enabled":false,"date":"2026-05-09 10:25:03","action":"category","newStatus":"draft","terms":[],"taxonomy":"category"},"publishpress_future_workflow_manual_trigger":{"enabledWorkflows":[]},"_links":{"self":[{"href":"https:\/\/www.oarcanjo.net\/site\/wp-json\/wp\/v2\/posts\/11464"}],"collection":[{"href":"https:\/\/www.oarcanjo.net\/site\/wp-json\/wp\/v2\/posts"}],"about":[{"href":"https:\/\/www.oarcanjo.net\/site\/wp-json\/wp\/v2\/types\/post"}],"author":[{"embeddable":true,"href":"https:\/\/www.oarcanjo.net\/site\/wp-json\/wp\/v2\/users\/5"}],"replies":[{"embeddable":true,"href":"https:\/\/www.oarcanjo.net\/site\/wp-json\/wp\/v2\/comments?post=11464"}],"version-history":[{"count":0,"href":"https:\/\/www.oarcanjo.net\/site\/wp-json\/wp\/v2\/posts\/11464\/revisions"}],"wp:attachment":[{"href":"https:\/\/www.oarcanjo.net\/site\/wp-json\/wp\/v2\/media?parent=11464"}],"wp:term":[{"taxonomy":"category","embeddable":true,"href":"https:\/\/www.oarcanjo.net\/site\/wp-json\/wp\/v2\/categories?post=11464"},{"taxonomy":"post_tag","embeddable":true,"href":"https:\/\/www.oarcanjo.net\/site\/wp-json\/wp\/v2\/tags?post=11464"}],"curies":[{"name":"wp","href":"https:\/\/api.w.org\/{rel}","templated":true}]}}