
{"id":11468,"date":"2010-10-26T00:45:12","date_gmt":"2010-10-26T02:45:12","guid":{"rendered":"http:\/\/www.oarcanjo.net\/site\/?p=11468"},"modified":"2010-10-26T00:53:01","modified_gmt":"2010-10-26T02:53:01","slug":"os-cristaos-e-a-defesa-da-verdade-e-da-justica-nas-eleicoes-2010","status":"publish","type":"post","link":"https:\/\/www.oarcanjo.net\/site\/os-cristaos-e-a-defesa-da-verdade-e-da-justica-nas-eleicoes-2010\/","title":{"rendered":"Os crist\u00e3os e a defesa da verdade e da justi\u00e7a nas elei\u00e7\u00f5es 2010"},"content":{"rendered":"<p>Dom Ang\u00e9lico S\u00e2ndalo Bernardino<\/p>\n<p>1.    SINTO-ME honrado em estar com voc\u00eas e, nesta mesa, com a meu amado irm\u00e3o, irm\u00e3o dos pobres, Pe. J\u00falio Lancellotti, cuja mam\u00e3e Wilma Ferrari Lancellotti partiu para junto de Deus n\u00e3o faz muitos dias e a quem presto homenagem. Sa\u00fado, de maneira particular, meus irm\u00e3os  militantes nos diversos Partidos Pol\u00edticos. Tal milit\u00e2ncia, na afirma\u00e7\u00e3o de Paulo VI, &#8220;\u00e9 forma superior de solidariedade&#8221;.<\/p>\n<p>2.     Venho a este importante Ato na qualidade de Bispo em\u00e9rito de Blumenau, na bela e Santa Catarina e, nesta condi\u00e7\u00e3o, lhes falo, n\u00e3o em nome de Partido Pol\u00edtico ou de candidata ou candidato.<\/p>\n<p>3.    Alem da import\u00e2ncia de esclarecimento de alguns fatos &#8220;na defesa da verdade e da justi\u00e7a&#8221;, fui motivado para esta reuni\u00e3o, pelo encontro que tive, ap\u00f3s celebra\u00e7\u00e3o da santa Missa, na comunidade Nossa Senhora Aparecida, Guaimim, no dia 10 \u00faltimo. Fui ent\u00e3o procurado por Carlinhos e Sandra, apaixonado e jovem casal, acompanhado por meu irm\u00e3o N\u00e9ri e pai de Sandra  A querida  MARILI no c\u00e9u, \u00e9 a m\u00e3e de Carlinhos  e de nosso valoroso Pe. A\u00e9cio! Eles estavam perplexos diante da atitude de alguns Bispos, nas presentes elei\u00e7\u00f5es, que vetavam candidatos (as) do PT, atribuindo-lhes apoio ao aborto! E o jovem casal, com entusiasmo, me perguntava &#8220;o que fazer?&#8221; e, ao mesmo tempo, entre sugest\u00f5es v\u00e1rias, apresentava a de uma reuni\u00e3o como esta, perguntando-me se a ela, eu compareceria, tendo lhes eu respondido, imediatamente, SIM! Eis porque aqui estou!<\/p>\n<p><object width=\"560\" height=\"340\"><param name=\"movie\" value=\"http:\/\/www.youtube.com\/v\/jFAksQpffTY?fs=1&amp;hl=pt_BR&amp;rel=0&amp;color1=0xe1600f&amp;color2=0xfebd01\"><\/param><param name=\"allowFullScreen\" value=\"true\"><\/param><param name=\"allowscriptaccess\" value=\"always\"><\/param><embed src=\"http:\/\/www.youtube.com\/v\/jFAksQpffTY?fs=1&amp;hl=pt_BR&amp;rel=0&amp;color1=0xe1600f&amp;color2=0xfebd01\" type=\"application\/x-shockwave-flash\" allowscriptaccess=\"always\" allowfullscreen=\"true\" width=\"560\" height=\"340\"><\/embed><\/object><\/p>\n<p>Que Jesus Cristo, Caminho,Verdade e Vida esteja conosco e, com o PAI, nos envie o Esp\u00edrito Santo para nossa ilumina\u00e7\u00e3o.<\/p>\n<p>A bem da verdade, da justi\u00e7a, devo lhes dizer:<\/p>\n<p>1. A atual campanha eleitoral est\u00e1 marcada, viciada, por muita mentira, falsifica\u00e7\u00e3o e distor\u00e7\u00e3o de fatos. A internet, de modo especial, tem sido palco de verdadeiras a\u00e7\u00f5es articuladas por redes sociais de difama\u00e7\u00e3o, em atentado \u00e0 democracia, \u00e0 liberdade de comunica\u00e7\u00e3o que n\u00e3o pode ser confundida com libertinagem a servi\u00e7o da mentira.<\/p>\n<p>2. A IGREJA , OFICIALMENTE, em \u00e2mbito nacional, nestas elei\u00e7\u00f5es, se pronunciou tr\u00eas vezes :<\/p>\n<p>&#8211; &#8220;DECLARA\u00c7\u00c3O SOBRE O MOMENTO POLITICO NACIONAL&#8221;, Assembl\u00e9ia Geral, 11 de maio de 2010.<\/p>\n<p>&#8211; \u00a0&#8220;NOTA DA CNBB NA PROXIMIDADE DAS ELEI\u00c7\u00d5ES&#8221;, assinada pela Presid\u00eancia da CNBB. Dom Geraldo Lyrio, Dom  Luiz Soares Vieira, Dom Dimas Lara  Barbosa, dia l6 de setembro de 2010.<\/p>\n<p>&#8211; &#8220;NOTA DA CNBB EM RELA\u00c7\u00c3O AO MOMENTO ELEITORAL&#8221;,  de 8 de  outubro  2010,  assinada pela Presidencia j\u00e1 citada.<\/p>\n<p>O REGIONAL SUL 1 DA CNBB , no dia 29 e junho de 2010 publicou a declara\u00e7\u00e3o &#8220;VOTAR  BEM&#8221;,  assinada por sua Presid\u00eancia, Dom Nelson Westrupp, Dom Benedito Beni dos Santos e Dom Airton Jos\u00e9 dos Santos.<\/p>\n<p>Estas s\u00e3o  DECLARA\u00c7\u00d5ES, NOTAS, OFICIAIS DOS BISPOS  DA IGREJA CAT\u00d3LICA, no Brasil,no Estado de S\u00e3o Paulo.<\/p>\n<p>Elas insistem:<\/p>\n<p>a)    na urg\u00eancia de Programas  que estejam compromissados com a defesa da vida em todas as suas fases, desde a sua concep\u00e7\u00e3o at\u00e9 sua morte natural, bem como com a realiza\u00e7\u00e3o de Reforma Agr\u00e1ria, Reforma Pol\u00edtica, Preserva\u00e7\u00e3o do meio ambiente e com os direitos sociais fundamentais, como a cria\u00e7\u00e3o de empregos e gera\u00e7\u00e3o de rendas, melhoria da sa\u00fade e educa\u00e7\u00e3o, da seguran\u00e7a p\u00fablica, da habita\u00e7\u00e3o,justi\u00e7a para todos&#8230;.<\/p>\n<p>b)    Na linha destas orienta\u00e7\u00f5es oficiais da Igreja. O senhor Cardeal D. Odilo P. Scherer, em carta de 20  agosto de 2010, aos Padres da Arquidiocese de S\u00e3o Paulo, entre outras, d\u00e1-lhes as seguintes orienta\u00e7\u00f5es:<\/p>\n<p>\u2022      Fique claro que a Igreja n\u00e3o tem op\u00e7\u00e3o oficial por Partidos ou Candidatos (as). Por isso, o Clero n\u00e3o deve envolver-se publicamente na campanha partid\u00e1ria ( cfr. Can. 287 ; 572)<\/p>\n<p>\u2022       Nas missas e outras celebra\u00e7\u00f5es (homilias,cursos) n\u00e3o deve ser feita campanha explicita para candidatos ou partidos.<\/p>\n<p>c)     A Igreja deve sim apresentar princ\u00edpios, valores, crit\u00e9rios para que, lucidamente, o eleitor possa votar em candidatos com \u201cficha limpa\u201d, comprometidos em seus programas com a promo\u00e7\u00e3o do bem comum, com a constru\u00e7\u00e3o de sociedade justa e solid\u00e1ria.<\/p>\n<p>INFELIZMENTE,  destoando da orienta\u00e7\u00e3o oficial da  CNBB Nacional e Sul 1,  irm\u00e3o Bispo de Diocese localizada na grande S\u00e3o Paulo, na publica\u00e7\u00e3o, no in\u00edcio de julho de 2010, &#8220;EM QUEM N\u00c3O VOTAR&#8221;, ap\u00f3s considera\u00e7\u00f5es sobre o aborto e posicionamentos do PT, afirma \u201crecomendamos a todos os  verdadeiros crist\u00e3os a que n\u00e3o d\u00eaem seu voto \u00e0 sra.  Dilma Rousseff e demais candidatos que aprovam libera\u00e7\u00e3o do aborto\u201d.<\/p>\n<p>Na mesma linha, sem citar nome explicitamente mas implicitamente sim, o inoportuno \u00a0&#8220;APELO A TODOS OS BRASILEIROS E BRASILEIRAS&#8221; de 3 de julho de 2010, da Comiss\u00e3o em defesa da vida do Regional Sul 1 da CNBB, este &#8220;Apelo&#8221; foi abra\u00e7ado pela\u00a0Presid\u00eancia e Comiss\u00e3o Representativa do Regional Sul 1  que \u201c o acolhem e recomendam sua difus\u00e3o\u201d, no dia 26 de agosto de 2010.<\/p>\n<p>Foi o prato cheio de que a oposi\u00e7\u00e3o \u00e0 candidata \u00e0 Presid\u00eancia da Rep\u00fablica se serviu, de maneira facciosa, parcial,    para instrumentalizar a Igreja, dividir  comunidades, tornar   temas religiosos, o  aborto, focos principais de debates, levando muitos a crerem que votar em Dilma \u00e9 contrariar a orienta\u00e7\u00e3o da Igreja Cat\u00f3lica. Ora, isto \u00e9  mentira uma vez que a Igreja oficialmente n\u00e3o se posicionou a respeito de NOMES e  PARTIDOS, PODENDO, POIS, O CAT\u00d3LICO CONSCIENTEMENTE VOTAR em Dilma, em candidatos do PT.  Contra a instrumentaliza\u00e7\u00e3o do aborto para fins eleitorais,  ergueu-se valorosa a voz prof\u00e9tica de D. Dem\u00e9trio Valentini,  Bispo de Jales, no artigo \u201c  DESMONTE DE UMA FAL\u00c1CIA\u201d.<\/p>\n<p>FELIZMENTE,  os   BISPOS  da Igreja Cat\u00f3lica do Estado de S\u00e3o Paulo \u2013 Regional Sul 1 da CNBB, na Assembl\u00e9ia de suas Igrejas, nos dias 15 a 17 de outubro, desfazem ambig\u00fcidades, dizem categ\u00f3rico basta \u00e0 instrumentaliza\u00e7\u00e3o da religi\u00e3o na discuss\u00e3o eleitoral e deixam claro que  :<\/p>\n<p>a)   \u2013 N\u00e3o indicam nem vetam candidatos ou partidos e respeitam a decis\u00e3o livre e aut\u00f4noma de cada eleitor;<\/p>\n<p>b)    &#8211; Desaprovam a instrumentaliza\u00e7\u00e3o de suas Declara\u00e7\u00f5es e Notas e enfatizam que n\u00e3o patrocinam a impress\u00e3o e a difus\u00e3o de folhetos a favor ou contra candidatos. (Recorde-se a impress\u00e3o-difus\u00e3o de um destes folhetos se tornou caso de Pol\u00edcia!).<\/p>\n<p>Dom Milton Kenan Junior, querido vig\u00e1rio episcopal para a Regi\u00e3o Brasil\u00e2ndia, em carta aos Padres desta Regi\u00e3o, recomenda a leitura desta \u00faltima Declara\u00e7\u00e3o dos Bispos do Estado de S\u00e3o Paulo nas celebra\u00e7\u00f5es  de hoje e amanh\u00e3.<\/p>\n<p>AINDA, DUAS OBSERVA\u00c7\u00d5ES:<\/p>\n<p>1.          A  realidade do  ABORTO  n\u00e3o pode ser transformada em quest\u00e3o eleitoreira! Pode e deve ser estudada,debatida, em profundidade. O aborto \u00e9 atentado \u00e0 vida, \u00e9 crime.   O Estado efetivamente deve promover pol\u00edticas p\u00fablicas a favor da VIDA, n\u00e3o da  MORTE. Quanto a n\u00f3s disc\u00edpulos mission\u00e1rios de Jesus, lutemos contra a descriminaliza\u00e7\u00e3o do abrto. Mas,n\u00e3o  paremos  somente no debate  da defesa da lei! Pode ser c\u00f4modo!  H\u00e1 mulheres que s\u00e3o colocadas em grande constrangimento, sofrimento,pobreza, desespero e que recorrem ao aborto, em  LAMENT\u00c1VEL E ERRADA OP\u00c7\u00c3O! O trabalho \u00e1rduo de  PREVEN\u00c7\u00c3O \u00e9 fundamental ! Elas est\u00e3o a nosso lado,n\u00e3o podemos desconhec\u00ea-las,em degradante omiss\u00e3o. Disc\u00edpulos do Verbo de Deus que se fez  CARNE, COMPROMETAMO-NOS COM ESTA REALIDADE. Estas mulheres \u2013 nossas irm\u00e3s \u2013 , para o Estado,frequentemente omisso em pol\u00edticas p\u00fablicas a favor da vida,  se tornam problema de sa\u00fade  p\u00fablica e, de nossa parte, precisam ser tratadas com miseric\u00f3rdia,compreens\u00e3o.    A CAMPANHA DA FRATERNIDADE,no pr\u00f3ximo ano,com seu tema: \u201c Fraternidade e a vida no planeta\u201d e o lema: \u201c A cria\u00e7\u00e3o geme como em dores de parto\u201d vai aprofundar os temas aborto,eutan\u00e1sia e todo desdobramento sagrado da vida,em nosso planeta,afirmou D Geraldo Lyrio,Presidente da CNBB,em entrevista,na \u00faltima quinta feira,dia 21 de outubro.<\/p>\n<p>Como seria \u00f3timo se as Dioceses,a exemplo com o que acontece com a Arquidiocese de S\u00e3o Paulo, oferecessem \u00e0s mulheres sofridas e tentadas pela  pseudo-solu\u00e7\u00e3o do aborto, bra\u00e7os abertos em realiza\u00e7\u00f5es como a do  AMPARO MATERNAL !<\/p>\n<p>2. \u00c0s v\u00e9speras das elei\u00e7\u00f5es, pe\u00e7amos \u00e0 padroeira e M\u00e3e do Brasil, Nossa Senhora Aparecida que proteja nosso Pa\u00eds, o Povo brasileiro. Que as elei\u00e7\u00f5es n\u00e3o sejam ocasi\u00e3o para viol\u00eancias, \u00f3dios, divis\u00f5es. Que os embates e debates nos amadure\u00e7am  e nos fa\u00e7am crescer na compreens\u00e3o m\u00fatua, na fraternidade. Nos meus 77 anos, gosto de repetir diante do destempero de muitos a respeito do Brasil que confio na grandeza deste Pa\u00eds, na maravilhosa fibra do Povo brasileiro. Diante de ataques apaixonados a nosso   Presidente da Rep\u00fablica, n\u00e3o desconhecendo falhas em seu Governo, gosto de verificar que ele termina seu mandato com a admir\u00e1vel aprova\u00e7\u00e3o de 79%  da popula\u00e7\u00e3o; \u00e9 tido no Exterior,  entre as  \u201cdez mais importantes personalidade do mundo\u201d: \u00e9  respeitado em sua pol\u00edtica econ\u00f4mica e, em \u00e9poca de crise econ\u00f4mica que atinge a Europa e EE.UU de maneira profunda, conduz o Brasil  em  s\u00e9rio crescimento, com consider\u00e1vel aumento de empregos. Sem desconhecer  os graves problemas que ainda nos atingem, sobretudo aos Pobres,  insisto contra pessimistas e derrotistas,  em repetir as palavras do poeta: \u201cadora a terra em que nasceste ,n\u00e3o h\u00e1 Pa\u00eds como este\u201d. Vamos, pois, avante, de esperan\u00e7a em esperan\u00e7a,na esperan\u00e7a sempre conscientes de que a constru\u00e7\u00e3o de um Brasil  cada vez melhor \u00e9 poss\u00edvel,  dependendo dos Poderes da Rep\u00fablica e da urgente colabora\u00e7\u00e3o,participa\u00e7\u00e3o ativa,  de todos n\u00f3s!<\/p>\n<div id=\"themify_builder_content-11468\" data-postid=\"11468\" class=\"themify_builder_content themify_builder_content-11468 themify_builder themify_builder_front\">\n\t<\/div>\n<!-- \/themify_builder_content -->","protected":false},"excerpt":{"rendered":"<p>Em ato na regi\u00e3o Brasil\u00e2ndia, zona noroeste da cidade de S\u00e3o Paulo, realizado no s\u00e1bado, 23\/10, dom Ang\u00e9lico Bernadino S\u00e2ndalo, bispo em\u00e9rito de Blumenau e 1\u00b0 bispo da Regi\u00e3o Episcopal Brasil\u00e2ndia, da Arquidiocese de S\u00e3o Paulo, esclareceu pedagogicamente a confus\u00e3o feita por alguns bispos e colocou um ponto final na tentativa de manipularem o voto dos crist\u00e3os<\/p>\n","protected":false},"author":5,"featured_media":0,"comment_status":"open","ping_status":"open","sticky":false,"template":"","format":"standard","meta":{"ngg_post_thumbnail":0,"footnotes":""},"categories":[9,280],"tags":[63,41,103,1662],"yoast_head":"<!-- This site is optimized with the Yoast SEO plugin v23.5 - https:\/\/yoast.com\/wordpress\/plugins\/seo\/ -->\n<title>Os crist\u00e3os e a defesa da verdade e da justi\u00e7a nas elei\u00e7\u00f5es 2010 - O Arcanjo no ar<\/title>\n<meta name=\"robots\" content=\"index, follow, max-snippet:-1, max-image-preview:large, max-video-preview:-1\" \/>\n<link rel=\"canonical\" href=\"https:\/\/www.oarcanjo.net\/site\/os-cristaos-e-a-defesa-da-verdade-e-da-justica-nas-eleicoes-2010\/\" \/>\n<meta property=\"og:locale\" content=\"pt_BR\" \/>\n<meta property=\"og:type\" content=\"article\" \/>\n<meta property=\"og:title\" content=\"Os crist\u00e3os e a defesa da verdade e da justi\u00e7a nas elei\u00e7\u00f5es 2010 - O Arcanjo no ar\" \/>\n<meta property=\"og:description\" content=\"Em ato na regi\u00e3o Brasil\u00e2ndia, zona noroeste da cidade de S\u00e3o Paulo, realizado no s\u00e1bado, 23\/10, dom Ang\u00e9lico Bernadino S\u00e2ndalo, bispo em\u00e9rito de Blumenau e 1\u00b0 bispo da Regi\u00e3o Episcopal Brasil\u00e2ndia, da Arquidiocese de S\u00e3o Paulo, esclareceu pedagogicamente a confus\u00e3o feita por alguns bispos e colocou um ponto final na tentativa de manipularem o voto dos crist\u00e3os\" \/>\n<meta property=\"og:url\" content=\"https:\/\/www.oarcanjo.net\/site\/os-cristaos-e-a-defesa-da-verdade-e-da-justica-nas-eleicoes-2010\/\" \/>\n<meta property=\"og:site_name\" content=\"O Arcanjo no ar\" \/>\n<meta property=\"article:publisher\" content=\"https:\/\/www.facebook.com\/OArcanjoNoAr\/\" \/>\n<meta property=\"article:published_time\" content=\"2010-10-26T02:45:12+00:00\" \/>\n<meta property=\"article:modified_time\" content=\"2010-10-26T02:53:01+00:00\" \/>\n<meta property=\"og:image\" content=\"https:\/\/www.oarcanjo.net\/site\/wp-content\/uploads\/logo-o-arcanjo-no-ar-facebook.png\" \/>\n\t<meta property=\"og:image:width\" content=\"300\" \/>\n\t<meta property=\"og:image:height\" content=\"300\" \/>\n\t<meta property=\"og:image:type\" content=\"image\/png\" \/>\n<meta name=\"author\" content=\"editor\" \/>\n<meta name=\"twitter:card\" content=\"summary_large_image\" \/>\n<meta name=\"twitter:label1\" content=\"Escrito por\" \/>\n\t<meta name=\"twitter:data1\" content=\"editor\" \/>\n\t<meta name=\"twitter:label2\" content=\"Est. tempo de leitura\" \/>\n\t<meta name=\"twitter:data2\" content=\"8 minutos\" \/>\n<script type=\"application\/ld+json\" class=\"yoast-schema-graph\">{\"@context\":\"https:\/\/schema.org\",\"@graph\":[{\"@type\":\"Article\",\"@id\":\"https:\/\/www.oarcanjo.net\/site\/os-cristaos-e-a-defesa-da-verdade-e-da-justica-nas-eleicoes-2010\/#article\",\"isPartOf\":{\"@id\":\"https:\/\/www.oarcanjo.net\/site\/os-cristaos-e-a-defesa-da-verdade-e-da-justica-nas-eleicoes-2010\/\"},\"author\":{\"name\":\"editor\",\"@id\":\"https:\/\/www.oarcanjo.net\/site\/#\/schema\/person\/f7024d007863202483a31326673a0838\"},\"headline\":\"Os crist\u00e3os e a defesa da verdade e da justi\u00e7a nas elei\u00e7\u00f5es 2010\",\"datePublished\":\"2010-10-26T02:45:12+00:00\",\"dateModified\":\"2010-10-26T02:53:01+00:00\",\"mainEntityOfPage\":{\"@id\":\"https:\/\/www.oarcanjo.net\/site\/os-cristaos-e-a-defesa-da-verdade-e-da-justica-nas-eleicoes-2010\/\"},\"wordCount\":1661,\"commentCount\":3,\"publisher\":{\"@id\":\"https:\/\/www.oarcanjo.net\/site\/#organization\"},\"keywords\":[\"CNBB\",\"elei\u00e7\u00f5es\",\"f\u00e9 e pol\u00edtica\",\"Regional Sul 1\"],\"articleSection\":[\"Reflex\u00f5es\",\"V\u00eddeos\"],\"inLanguage\":\"pt-BR\",\"potentialAction\":[{\"@type\":\"CommentAction\",\"name\":\"Comment\",\"target\":[\"https:\/\/www.oarcanjo.net\/site\/os-cristaos-e-a-defesa-da-verdade-e-da-justica-nas-eleicoes-2010\/#respond\"]}]},{\"@type\":\"WebPage\",\"@id\":\"https:\/\/www.oarcanjo.net\/site\/os-cristaos-e-a-defesa-da-verdade-e-da-justica-nas-eleicoes-2010\/\",\"url\":\"https:\/\/www.oarcanjo.net\/site\/os-cristaos-e-a-defesa-da-verdade-e-da-justica-nas-eleicoes-2010\/\",\"name\":\"Os crist\u00e3os e a defesa da verdade e da justi\u00e7a nas elei\u00e7\u00f5es 2010 - O Arcanjo no ar\",\"isPartOf\":{\"@id\":\"https:\/\/www.oarcanjo.net\/site\/#website\"},\"datePublished\":\"2010-10-26T02:45:12+00:00\",\"dateModified\":\"2010-10-26T02:53:01+00:00\",\"breadcrumb\":{\"@id\":\"https:\/\/www.oarcanjo.net\/site\/os-cristaos-e-a-defesa-da-verdade-e-da-justica-nas-eleicoes-2010\/#breadcrumb\"},\"inLanguage\":\"pt-BR\",\"potentialAction\":[{\"@type\":\"ReadAction\",\"target\":[\"https:\/\/www.oarcanjo.net\/site\/os-cristaos-e-a-defesa-da-verdade-e-da-justica-nas-eleicoes-2010\/\"]}]},{\"@type\":\"BreadcrumbList\",\"@id\":\"https:\/\/www.oarcanjo.net\/site\/os-cristaos-e-a-defesa-da-verdade-e-da-justica-nas-eleicoes-2010\/#breadcrumb\",\"itemListElement\":[{\"@type\":\"ListItem\",\"position\":1,\"name\":\"In\u00edcio\",\"item\":\"https:\/\/www.oarcanjo.net\/site\/\"},{\"@type\":\"ListItem\",\"position\":2,\"name\":\"Os crist\u00e3os e a defesa da verdade e da justi\u00e7a nas elei\u00e7\u00f5es 2010\"}]},{\"@type\":\"WebSite\",\"@id\":\"https:\/\/www.oarcanjo.net\/site\/#website\",\"url\":\"https:\/\/www.oarcanjo.net\/site\/\",\"name\":\"O Arcanjo no ar\",\"description\":\"Site da Par\u00f3quia S\u00e3o Miguel Arcanjo (Arquidiocese de SP)\",\"publisher\":{\"@id\":\"https:\/\/www.oarcanjo.net\/site\/#organization\"},\"potentialAction\":[{\"@type\":\"SearchAction\",\"target\":{\"@type\":\"EntryPoint\",\"urlTemplate\":\"https:\/\/www.oarcanjo.net\/site\/?s={search_term_string}\"},\"query-input\":{\"@type\":\"PropertyValueSpecification\",\"valueRequired\":true,\"valueName\":\"search_term_string\"}}],\"inLanguage\":\"pt-BR\"},{\"@type\":\"Organization\",\"@id\":\"https:\/\/www.oarcanjo.net\/site\/#organization\",\"name\":\"Par\u00f3quia S\u00e3o Miguel Arcanjo\",\"url\":\"https:\/\/www.oarcanjo.net\/site\/\",\"logo\":{\"@type\":\"ImageObject\",\"inLanguage\":\"pt-BR\",\"@id\":\"https:\/\/www.oarcanjo.net\/site\/#\/schema\/logo\/image\/\",\"url\":\"https:\/\/www.oarcanjo.net\/site\/wp-content\/uploads\/LogoOArcanjo.png\",\"contentUrl\":\"https:\/\/www.oarcanjo.net\/site\/wp-content\/uploads\/LogoOArcanjo.png\",\"width\":319,\"height\":99,\"caption\":\"Par\u00f3quia S\u00e3o Miguel Arcanjo\"},\"image\":{\"@id\":\"https:\/\/www.oarcanjo.net\/site\/#\/schema\/logo\/image\/\"},\"sameAs\":[\"https:\/\/www.facebook.com\/OArcanjoNoAr\/\"]},{\"@type\":\"Person\",\"@id\":\"https:\/\/www.oarcanjo.net\/site\/#\/schema\/person\/f7024d007863202483a31326673a0838\",\"name\":\"editor\",\"sameAs\":[\"http:\/\/www.oarcanjo.net\"]}]}<\/script>\n<!-- \/ Yoast SEO plugin. -->","yoast_head_json":{"title":"Os crist\u00e3os e a defesa da verdade e da justi\u00e7a nas elei\u00e7\u00f5es 2010 - O Arcanjo no ar","robots":{"index":"index","follow":"follow","max-snippet":"max-snippet:-1","max-image-preview":"max-image-preview:large","max-video-preview":"max-video-preview:-1"},"canonical":"https:\/\/www.oarcanjo.net\/site\/os-cristaos-e-a-defesa-da-verdade-e-da-justica-nas-eleicoes-2010\/","og_locale":"pt_BR","og_type":"article","og_title":"Os crist\u00e3os e a defesa da verdade e da justi\u00e7a nas elei\u00e7\u00f5es 2010 - O Arcanjo no ar","og_description":"Em ato na regi\u00e3o Brasil\u00e2ndia, zona noroeste da cidade de S\u00e3o Paulo, realizado no s\u00e1bado, 23\/10, dom Ang\u00e9lico Bernadino S\u00e2ndalo, bispo em\u00e9rito de Blumenau e 1\u00b0 bispo da Regi\u00e3o Episcopal Brasil\u00e2ndia, da Arquidiocese de S\u00e3o Paulo, esclareceu pedagogicamente a confus\u00e3o feita por alguns bispos e colocou um ponto final na tentativa de manipularem o voto dos crist\u00e3os","og_url":"https:\/\/www.oarcanjo.net\/site\/os-cristaos-e-a-defesa-da-verdade-e-da-justica-nas-eleicoes-2010\/","og_site_name":"O Arcanjo no ar","article_publisher":"https:\/\/www.facebook.com\/OArcanjoNoAr\/","article_published_time":"2010-10-26T02:45:12+00:00","article_modified_time":"2010-10-26T02:53:01+00:00","og_image":[{"width":300,"height":300,"url":"https:\/\/www.oarcanjo.net\/site\/wp-content\/uploads\/logo-o-arcanjo-no-ar-facebook.png","type":"image\/png"}],"author":"editor","twitter_card":"summary_large_image","twitter_misc":{"Escrito por":"editor","Est. tempo de leitura":"8 minutos"},"schema":{"@context":"https:\/\/schema.org","@graph":[{"@type":"Article","@id":"https:\/\/www.oarcanjo.net\/site\/os-cristaos-e-a-defesa-da-verdade-e-da-justica-nas-eleicoes-2010\/#article","isPartOf":{"@id":"https:\/\/www.oarcanjo.net\/site\/os-cristaos-e-a-defesa-da-verdade-e-da-justica-nas-eleicoes-2010\/"},"author":{"name":"editor","@id":"https:\/\/www.oarcanjo.net\/site\/#\/schema\/person\/f7024d007863202483a31326673a0838"},"headline":"Os crist\u00e3os e a defesa da verdade e da justi\u00e7a nas elei\u00e7\u00f5es 2010","datePublished":"2010-10-26T02:45:12+00:00","dateModified":"2010-10-26T02:53:01+00:00","mainEntityOfPage":{"@id":"https:\/\/www.oarcanjo.net\/site\/os-cristaos-e-a-defesa-da-verdade-e-da-justica-nas-eleicoes-2010\/"},"wordCount":1661,"commentCount":3,"publisher":{"@id":"https:\/\/www.oarcanjo.net\/site\/#organization"},"keywords":["CNBB","elei\u00e7\u00f5es","f\u00e9 e pol\u00edtica","Regional Sul 1"],"articleSection":["Reflex\u00f5es","V\u00eddeos"],"inLanguage":"pt-BR","potentialAction":[{"@type":"CommentAction","name":"Comment","target":["https:\/\/www.oarcanjo.net\/site\/os-cristaos-e-a-defesa-da-verdade-e-da-justica-nas-eleicoes-2010\/#respond"]}]},{"@type":"WebPage","@id":"https:\/\/www.oarcanjo.net\/site\/os-cristaos-e-a-defesa-da-verdade-e-da-justica-nas-eleicoes-2010\/","url":"https:\/\/www.oarcanjo.net\/site\/os-cristaos-e-a-defesa-da-verdade-e-da-justica-nas-eleicoes-2010\/","name":"Os crist\u00e3os e a defesa da verdade e da justi\u00e7a nas elei\u00e7\u00f5es 2010 - O Arcanjo no ar","isPartOf":{"@id":"https:\/\/www.oarcanjo.net\/site\/#website"},"datePublished":"2010-10-26T02:45:12+00:00","dateModified":"2010-10-26T02:53:01+00:00","breadcrumb":{"@id":"https:\/\/www.oarcanjo.net\/site\/os-cristaos-e-a-defesa-da-verdade-e-da-justica-nas-eleicoes-2010\/#breadcrumb"},"inLanguage":"pt-BR","potentialAction":[{"@type":"ReadAction","target":["https:\/\/www.oarcanjo.net\/site\/os-cristaos-e-a-defesa-da-verdade-e-da-justica-nas-eleicoes-2010\/"]}]},{"@type":"BreadcrumbList","@id":"https:\/\/www.oarcanjo.net\/site\/os-cristaos-e-a-defesa-da-verdade-e-da-justica-nas-eleicoes-2010\/#breadcrumb","itemListElement":[{"@type":"ListItem","position":1,"name":"In\u00edcio","item":"https:\/\/www.oarcanjo.net\/site\/"},{"@type":"ListItem","position":2,"name":"Os crist\u00e3os e a defesa da verdade e da justi\u00e7a nas elei\u00e7\u00f5es 2010"}]},{"@type":"WebSite","@id":"https:\/\/www.oarcanjo.net\/site\/#website","url":"https:\/\/www.oarcanjo.net\/site\/","name":"O Arcanjo no ar","description":"Site da Par\u00f3quia S\u00e3o Miguel Arcanjo (Arquidiocese de SP)","publisher":{"@id":"https:\/\/www.oarcanjo.net\/site\/#organization"},"potentialAction":[{"@type":"SearchAction","target":{"@type":"EntryPoint","urlTemplate":"https:\/\/www.oarcanjo.net\/site\/?s={search_term_string}"},"query-input":{"@type":"PropertyValueSpecification","valueRequired":true,"valueName":"search_term_string"}}],"inLanguage":"pt-BR"},{"@type":"Organization","@id":"https:\/\/www.oarcanjo.net\/site\/#organization","name":"Par\u00f3quia S\u00e3o Miguel Arcanjo","url":"https:\/\/www.oarcanjo.net\/site\/","logo":{"@type":"ImageObject","inLanguage":"pt-BR","@id":"https:\/\/www.oarcanjo.net\/site\/#\/schema\/logo\/image\/","url":"https:\/\/www.oarcanjo.net\/site\/wp-content\/uploads\/LogoOArcanjo.png","contentUrl":"https:\/\/www.oarcanjo.net\/site\/wp-content\/uploads\/LogoOArcanjo.png","width":319,"height":99,"caption":"Par\u00f3quia S\u00e3o Miguel Arcanjo"},"image":{"@id":"https:\/\/www.oarcanjo.net\/site\/#\/schema\/logo\/image\/"},"sameAs":["https:\/\/www.facebook.com\/OArcanjoNoAr\/"]},{"@type":"Person","@id":"https:\/\/www.oarcanjo.net\/site\/#\/schema\/person\/f7024d007863202483a31326673a0838","name":"editor","sameAs":["http:\/\/www.oarcanjo.net"]}]}},"publishpress_future_action":{"enabled":false,"date":"2026-05-09 09:02:59","action":"category","newStatus":"draft","terms":[],"taxonomy":"category"},"publishpress_future_workflow_manual_trigger":{"enabledWorkflows":[]},"_links":{"self":[{"href":"https:\/\/www.oarcanjo.net\/site\/wp-json\/wp\/v2\/posts\/11468"}],"collection":[{"href":"https:\/\/www.oarcanjo.net\/site\/wp-json\/wp\/v2\/posts"}],"about":[{"href":"https:\/\/www.oarcanjo.net\/site\/wp-json\/wp\/v2\/types\/post"}],"author":[{"embeddable":true,"href":"https:\/\/www.oarcanjo.net\/site\/wp-json\/wp\/v2\/users\/5"}],"replies":[{"embeddable":true,"href":"https:\/\/www.oarcanjo.net\/site\/wp-json\/wp\/v2\/comments?post=11468"}],"version-history":[{"count":0,"href":"https:\/\/www.oarcanjo.net\/site\/wp-json\/wp\/v2\/posts\/11468\/revisions"}],"wp:attachment":[{"href":"https:\/\/www.oarcanjo.net\/site\/wp-json\/wp\/v2\/media?parent=11468"}],"wp:term":[{"taxonomy":"category","embeddable":true,"href":"https:\/\/www.oarcanjo.net\/site\/wp-json\/wp\/v2\/categories?post=11468"},{"taxonomy":"post_tag","embeddable":true,"href":"https:\/\/www.oarcanjo.net\/site\/wp-json\/wp\/v2\/tags?post=11468"}],"curies":[{"name":"wp","href":"https:\/\/api.w.org\/{rel}","templated":true}]}}