
{"id":11477,"date":"2017-10-27T00:32:56","date_gmt":"2017-10-27T02:32:56","guid":{"rendered":"http:\/\/www.oarcanjo.net\/site\/?p=11477"},"modified":"2017-08-11T14:59:06","modified_gmt":"2017-08-11T17:59:06","slug":"sao-frumencio","status":"publish","type":"post","link":"https:\/\/www.oarcanjo.net\/site\/sao-frumencio\/","title":{"rendered":"S\u00e3o Frum\u00eancio"},"content":{"rendered":"<p><img decoding=\"async\" src=\"http:\/\/www.derradeirasgracas.com\/images\/1.%20O%20Santo%20do%20Dia%20-%20Fotos\/Santos%20de%20Outubro%20-%20Fotos\/S%C3%A3o%20Frum%C3%AAncio.gif\" alt=\"\" \/><\/p>\n<p>27 de Outubro<\/p>\n<p>Desde a adolesc\u00eancia Frum\u00eancio teve sua vida marcada por acontecimentos surpreendentes que o levaram a uma regi\u00e3o ex\u00f3tica e distante, a Eti\u00f3pia, no cora\u00e7\u00e3o da \u00c1frica, da qual se tornou o primeiro bispo. Antes disso, por\u00e9m, foi disc\u00edpulo de fil\u00f3sofo, e um escravo muito especial.<\/p>\n<p>Era o tempo do imperador Constantino e Frum\u00eancio estava entre os disc\u00edpulos na comitiva que acompanhava o fil\u00f3sofo Mer\u00f3pio. Voltavam de uma viagem \u00e0 \u00ccndia e a embarca\u00e7\u00e3o parou no porto de Adulis, no mar Vermelho. Ent\u00e3o, foram atacados por ladr\u00f5es et\u00edopes, que saquearam o barco e mataram os passageiros e tripulantes. Todos, exceto os amigos adolescentes, Frum\u00eancio e Ed\u00e9sio. Os dois foram salvos por um motivo banal: naquele momento estavam sob uma \u00e1rvore, entretidos na leitura de um livro. Sobreviveram, por\u00e9m foram levados para a Eti\u00f3pia e entregues ao rei, como escravos.<\/p>\n<p>Depois de conversar com eles e admirar-se com sua sabedoria, o rei decidiu mant\u00ea-los no pal\u00e1cio. Ed\u00e9sio como copeiro e Frum\u00eancio como um secret\u00e1rio direto. Sua influ\u00eancia cresceu na Corte, principalmente junto \u00e0 rainha. Ao tornar-se vi\u00fava, ela assumiu o poder para o filho menor, como regente. Libertou Frum\u00eancio e Ed\u00e9sio, entregando-lhes a educa\u00e7\u00e3o de seu filho, o futuro rei. Ou seja: s\u00f3 poderiam partir ao conclu\u00edrem a tarefa.<\/p>\n<p>Tempos depois, eles conseguiram da rainha autoriza\u00e7\u00e3o para construir uma igreja pr\u00f3xima ao porto, para servir os mercadores crist\u00e3os que passavam pelo pa\u00eds. Isso muito significou para a difus\u00e3o da f\u00e9 crist\u00e3 junto ao povo et\u00edope, embora com dificuldade. Lentamente, foi nela que a semente do cristianismo germinou no continente africano.<\/p>\n<p>No tempo certo, obtiveram permiss\u00e3o de voltar \u00e0 p\u00e1tria, o Tiro, no sul da S\u00edria, atual L\u00edbano. Enquanto Ed\u00e9sio se dirigia para a cidade natal, onde se encontrou como o historiador, hoje santo, Rufino, que registrou toda a aventura, o amigo Frum\u00eancio foi para Alexandria, no Egito. Queria pedir ao ent\u00e3o bispo, santo Atan\u00e1sio, que designasse um bispo e mission\u00e1rios para comandar a prega\u00e7\u00e3o cat\u00f3lica na Eti\u00f3pia. Atan\u00e1sio n\u00e3o se fez de rogado, entendendo que o mais indicado era o pr\u00f3prio Frum\u00eancio. Consagrou-o bispo da Eti\u00f3pia.<\/p>\n<p>Quando retornou, Frum\u00eancio encontrou no trono da Eti\u00f3pia o jovem rei seu pupilo, que lhe dedicava grande estima, que logo em seguida se converteu e foi batizado, convidando todo o seu povo a acompanh\u00e1-lo no seguimento de Cristo.<\/p>\n<p>Frum\u00eancio, chamado pelos et\u00edopes de &#8220;Abba Salama&#8221;, ou seja, &#8220;Pai da Paz&#8221;, desenvolveu seu trabalho mission\u00e1rio na Eti\u00f3pia at\u00e9 morrer no ano 380. A Igreja comemora no dia 26 de outubro aquele que considera o &#8220;Ap\u00f3stolo da Eti\u00f3pia&#8221;.<\/p>\n<div id=\"themify_builder_content-11477\" data-postid=\"11477\" class=\"themify_builder_content themify_builder_content-11477 themify_builder themify_builder_front\">\n\t<\/div>\n<!-- \/themify_builder_content -->","protected":false},"excerpt":{"rendered":"<p>27 de Outubro Desde a adolesc\u00eancia Frum\u00eancio teve sua vida marcada por acontecimentos surpreendentes que o levaram a uma regi\u00e3o ex\u00f3tica e distante, a Eti\u00f3pia, no cora\u00e7\u00e3o da \u00c1frica, da qual se tornou o primeiro bispo. Antes disso, por\u00e9m, foi disc\u00edpulo de fil\u00f3sofo, e um escravo muito especial. Era o tempo do imperador Constantino e [&hellip;]<\/p>\n","protected":false},"author":14,"featured_media":0,"comment_status":"open","ping_status":"open","sticky":false,"template":"","format":"standard","meta":{"ngg_post_thumbnail":0,"footnotes":""},"categories":[186],"tags":[],"yoast_head":"<!-- This site is optimized with the Yoast SEO plugin v23.5 - https:\/\/yoast.com\/wordpress\/plugins\/seo\/ -->\n<title>S\u00e3o Frum\u00eancio - O Arcanjo no ar<\/title>\n<meta name=\"robots\" content=\"index, follow, max-snippet:-1, max-image-preview:large, max-video-preview:-1\" \/>\n<link rel=\"canonical\" href=\"https:\/\/www.oarcanjo.net\/site\/sao-frumencio\/\" \/>\n<meta property=\"og:locale\" content=\"pt_BR\" \/>\n<meta property=\"og:type\" content=\"article\" \/>\n<meta property=\"og:title\" content=\"S\u00e3o Frum\u00eancio - O Arcanjo no ar\" \/>\n<meta property=\"og:description\" content=\"27 de Outubro Desde a adolesc\u00eancia Frum\u00eancio teve sua vida marcada por acontecimentos surpreendentes que o levaram a uma regi\u00e3o ex\u00f3tica e distante, a Eti\u00f3pia, no cora\u00e7\u00e3o da \u00c1frica, da qual se tornou o primeiro bispo. Antes disso, por\u00e9m, foi disc\u00edpulo de fil\u00f3sofo, e um escravo muito especial. Era o tempo do imperador Constantino e [&hellip;]\" \/>\n<meta property=\"og:url\" content=\"https:\/\/www.oarcanjo.net\/site\/sao-frumencio\/\" \/>\n<meta property=\"og:site_name\" content=\"O Arcanjo no ar\" \/>\n<meta property=\"article:publisher\" content=\"https:\/\/www.facebook.com\/OArcanjoNoAr\/\" \/>\n<meta property=\"article:published_time\" content=\"2017-10-27T02:32:56+00:00\" \/>\n<meta property=\"article:modified_time\" content=\"2017-08-11T17:59:06+00:00\" \/>\n<meta property=\"og:image\" content=\"http:\/\/www.derradeirasgracas.com\/images\/1.%20O%20Santo%20do%20Dia%20-%20Fotos\/Santos%20de%20Outubro%20-%20Fotos\/S%C3%A3o%20Frum%C3%AAncio.gif\" \/>\n<meta name=\"author\" content=\"danilo\" \/>\n<meta name=\"twitter:card\" content=\"summary_large_image\" \/>\n<meta name=\"twitter:label1\" content=\"Escrito por\" \/>\n\t<meta name=\"twitter:data1\" content=\"danilo\" \/>\n\t<meta name=\"twitter:label2\" content=\"Est. tempo de leitura\" \/>\n\t<meta name=\"twitter:data2\" content=\"2 minutos\" \/>\n<script type=\"application\/ld+json\" class=\"yoast-schema-graph\">{\"@context\":\"https:\/\/schema.org\",\"@graph\":[{\"@type\":\"Article\",\"@id\":\"https:\/\/www.oarcanjo.net\/site\/sao-frumencio\/#article\",\"isPartOf\":{\"@id\":\"https:\/\/www.oarcanjo.net\/site\/sao-frumencio\/\"},\"author\":{\"name\":\"danilo\",\"@id\":\"https:\/\/www.oarcanjo.net\/site\/#\/schema\/person\/5eb9480bedd2f3c97e430ce128c29c6c\"},\"headline\":\"S\u00e3o Frum\u00eancio\",\"datePublished\":\"2017-10-27T02:32:56+00:00\",\"dateModified\":\"2017-08-11T17:59:06+00:00\",\"mainEntityOfPage\":{\"@id\":\"https:\/\/www.oarcanjo.net\/site\/sao-frumencio\/\"},\"wordCount\":485,\"commentCount\":0,\"publisher\":{\"@id\":\"https:\/\/www.oarcanjo.net\/site\/#organization\"},\"image\":{\"@id\":\"https:\/\/www.oarcanjo.net\/site\/sao-frumencio\/#primaryimage\"},\"thumbnailUrl\":\"http:\/\/www.derradeirasgracas.com\/images\/1.%20O%20Santo%20do%20Dia%20-%20Fotos\/Santos%20de%20Outubro%20-%20Fotos\/S%C3%A3o%20Frum%C3%AAncio.gif\",\"articleSection\":[\"Testemunhos\"],\"inLanguage\":\"pt-BR\",\"potentialAction\":[{\"@type\":\"CommentAction\",\"name\":\"Comment\",\"target\":[\"https:\/\/www.oarcanjo.net\/site\/sao-frumencio\/#respond\"]}]},{\"@type\":\"WebPage\",\"@id\":\"https:\/\/www.oarcanjo.net\/site\/sao-frumencio\/\",\"url\":\"https:\/\/www.oarcanjo.net\/site\/sao-frumencio\/\",\"name\":\"S\u00e3o Frum\u00eancio - O Arcanjo no ar\",\"isPartOf\":{\"@id\":\"https:\/\/www.oarcanjo.net\/site\/#website\"},\"primaryImageOfPage\":{\"@id\":\"https:\/\/www.oarcanjo.net\/site\/sao-frumencio\/#primaryimage\"},\"image\":{\"@id\":\"https:\/\/www.oarcanjo.net\/site\/sao-frumencio\/#primaryimage\"},\"thumbnailUrl\":\"http:\/\/www.derradeirasgracas.com\/images\/1.%20O%20Santo%20do%20Dia%20-%20Fotos\/Santos%20de%20Outubro%20-%20Fotos\/S%C3%A3o%20Frum%C3%AAncio.gif\",\"datePublished\":\"2017-10-27T02:32:56+00:00\",\"dateModified\":\"2017-08-11T17:59:06+00:00\",\"breadcrumb\":{\"@id\":\"https:\/\/www.oarcanjo.net\/site\/sao-frumencio\/#breadcrumb\"},\"inLanguage\":\"pt-BR\",\"potentialAction\":[{\"@type\":\"ReadAction\",\"target\":[\"https:\/\/www.oarcanjo.net\/site\/sao-frumencio\/\"]}]},{\"@type\":\"ImageObject\",\"inLanguage\":\"pt-BR\",\"@id\":\"https:\/\/www.oarcanjo.net\/site\/sao-frumencio\/#primaryimage\",\"url\":\"http:\/\/www.derradeirasgracas.com\/images\/1.%20O%20Santo%20do%20Dia%20-%20Fotos\/Santos%20de%20Outubro%20-%20Fotos\/S%C3%A3o%20Frum%C3%AAncio.gif\",\"contentUrl\":\"http:\/\/www.derradeirasgracas.com\/images\/1.%20O%20Santo%20do%20Dia%20-%20Fotos\/Santos%20de%20Outubro%20-%20Fotos\/S%C3%A3o%20Frum%C3%AAncio.gif\"},{\"@type\":\"BreadcrumbList\",\"@id\":\"https:\/\/www.oarcanjo.net\/site\/sao-frumencio\/#breadcrumb\",\"itemListElement\":[{\"@type\":\"ListItem\",\"position\":1,\"name\":\"In\u00edcio\",\"item\":\"https:\/\/www.oarcanjo.net\/site\/\"},{\"@type\":\"ListItem\",\"position\":2,\"name\":\"S\u00e3o Frum\u00eancio\"}]},{\"@type\":\"WebSite\",\"@id\":\"https:\/\/www.oarcanjo.net\/site\/#website\",\"url\":\"https:\/\/www.oarcanjo.net\/site\/\",\"name\":\"O Arcanjo no ar\",\"description\":\"Site da Par\u00f3quia S\u00e3o Miguel Arcanjo (Arquidiocese de SP)\",\"publisher\":{\"@id\":\"https:\/\/www.oarcanjo.net\/site\/#organization\"},\"potentialAction\":[{\"@type\":\"SearchAction\",\"target\":{\"@type\":\"EntryPoint\",\"urlTemplate\":\"https:\/\/www.oarcanjo.net\/site\/?s={search_term_string}\"},\"query-input\":{\"@type\":\"PropertyValueSpecification\",\"valueRequired\":true,\"valueName\":\"search_term_string\"}}],\"inLanguage\":\"pt-BR\"},{\"@type\":\"Organization\",\"@id\":\"https:\/\/www.oarcanjo.net\/site\/#organization\",\"name\":\"Par\u00f3quia S\u00e3o Miguel Arcanjo\",\"url\":\"https:\/\/www.oarcanjo.net\/site\/\",\"logo\":{\"@type\":\"ImageObject\",\"inLanguage\":\"pt-BR\",\"@id\":\"https:\/\/www.oarcanjo.net\/site\/#\/schema\/logo\/image\/\",\"url\":\"https:\/\/www.oarcanjo.net\/site\/wp-content\/uploads\/LogoOArcanjo.png\",\"contentUrl\":\"https:\/\/www.oarcanjo.net\/site\/wp-content\/uploads\/LogoOArcanjo.png\",\"width\":319,\"height\":99,\"caption\":\"Par\u00f3quia S\u00e3o Miguel Arcanjo\"},\"image\":{\"@id\":\"https:\/\/www.oarcanjo.net\/site\/#\/schema\/logo\/image\/\"},\"sameAs\":[\"https:\/\/www.facebook.com\/OArcanjoNoAr\/\"]},{\"@type\":\"Person\",\"@id\":\"https:\/\/www.oarcanjo.net\/site\/#\/schema\/person\/5eb9480bedd2f3c97e430ce128c29c6c\",\"name\":\"danilo\"}]}<\/script>\n<!-- \/ Yoast SEO plugin. -->","yoast_head_json":{"title":"S\u00e3o Frum\u00eancio - O Arcanjo no ar","robots":{"index":"index","follow":"follow","max-snippet":"max-snippet:-1","max-image-preview":"max-image-preview:large","max-video-preview":"max-video-preview:-1"},"canonical":"https:\/\/www.oarcanjo.net\/site\/sao-frumencio\/","og_locale":"pt_BR","og_type":"article","og_title":"S\u00e3o Frum\u00eancio - O Arcanjo no ar","og_description":"27 de Outubro Desde a adolesc\u00eancia Frum\u00eancio teve sua vida marcada por acontecimentos surpreendentes que o levaram a uma regi\u00e3o ex\u00f3tica e distante, a Eti\u00f3pia, no cora\u00e7\u00e3o da \u00c1frica, da qual se tornou o primeiro bispo. Antes disso, por\u00e9m, foi disc\u00edpulo de fil\u00f3sofo, e um escravo muito especial. Era o tempo do imperador Constantino e [&hellip;]","og_url":"https:\/\/www.oarcanjo.net\/site\/sao-frumencio\/","og_site_name":"O Arcanjo no ar","article_publisher":"https:\/\/www.facebook.com\/OArcanjoNoAr\/","article_published_time":"2017-10-27T02:32:56+00:00","article_modified_time":"2017-08-11T17:59:06+00:00","og_image":[{"url":"http:\/\/www.derradeirasgracas.com\/images\/1.%20O%20Santo%20do%20Dia%20-%20Fotos\/Santos%20de%20Outubro%20-%20Fotos\/S%C3%A3o%20Frum%C3%AAncio.gif"}],"author":"danilo","twitter_card":"summary_large_image","twitter_misc":{"Escrito por":"danilo","Est. tempo de leitura":"2 minutos"},"schema":{"@context":"https:\/\/schema.org","@graph":[{"@type":"Article","@id":"https:\/\/www.oarcanjo.net\/site\/sao-frumencio\/#article","isPartOf":{"@id":"https:\/\/www.oarcanjo.net\/site\/sao-frumencio\/"},"author":{"name":"danilo","@id":"https:\/\/www.oarcanjo.net\/site\/#\/schema\/person\/5eb9480bedd2f3c97e430ce128c29c6c"},"headline":"S\u00e3o Frum\u00eancio","datePublished":"2017-10-27T02:32:56+00:00","dateModified":"2017-08-11T17:59:06+00:00","mainEntityOfPage":{"@id":"https:\/\/www.oarcanjo.net\/site\/sao-frumencio\/"},"wordCount":485,"commentCount":0,"publisher":{"@id":"https:\/\/www.oarcanjo.net\/site\/#organization"},"image":{"@id":"https:\/\/www.oarcanjo.net\/site\/sao-frumencio\/#primaryimage"},"thumbnailUrl":"http:\/\/www.derradeirasgracas.com\/images\/1.%20O%20Santo%20do%20Dia%20-%20Fotos\/Santos%20de%20Outubro%20-%20Fotos\/S%C3%A3o%20Frum%C3%AAncio.gif","articleSection":["Testemunhos"],"inLanguage":"pt-BR","potentialAction":[{"@type":"CommentAction","name":"Comment","target":["https:\/\/www.oarcanjo.net\/site\/sao-frumencio\/#respond"]}]},{"@type":"WebPage","@id":"https:\/\/www.oarcanjo.net\/site\/sao-frumencio\/","url":"https:\/\/www.oarcanjo.net\/site\/sao-frumencio\/","name":"S\u00e3o Frum\u00eancio - O Arcanjo no ar","isPartOf":{"@id":"https:\/\/www.oarcanjo.net\/site\/#website"},"primaryImageOfPage":{"@id":"https:\/\/www.oarcanjo.net\/site\/sao-frumencio\/#primaryimage"},"image":{"@id":"https:\/\/www.oarcanjo.net\/site\/sao-frumencio\/#primaryimage"},"thumbnailUrl":"http:\/\/www.derradeirasgracas.com\/images\/1.%20O%20Santo%20do%20Dia%20-%20Fotos\/Santos%20de%20Outubro%20-%20Fotos\/S%C3%A3o%20Frum%C3%AAncio.gif","datePublished":"2017-10-27T02:32:56+00:00","dateModified":"2017-08-11T17:59:06+00:00","breadcrumb":{"@id":"https:\/\/www.oarcanjo.net\/site\/sao-frumencio\/#breadcrumb"},"inLanguage":"pt-BR","potentialAction":[{"@type":"ReadAction","target":["https:\/\/www.oarcanjo.net\/site\/sao-frumencio\/"]}]},{"@type":"ImageObject","inLanguage":"pt-BR","@id":"https:\/\/www.oarcanjo.net\/site\/sao-frumencio\/#primaryimage","url":"http:\/\/www.derradeirasgracas.com\/images\/1.%20O%20Santo%20do%20Dia%20-%20Fotos\/Santos%20de%20Outubro%20-%20Fotos\/S%C3%A3o%20Frum%C3%AAncio.gif","contentUrl":"http:\/\/www.derradeirasgracas.com\/images\/1.%20O%20Santo%20do%20Dia%20-%20Fotos\/Santos%20de%20Outubro%20-%20Fotos\/S%C3%A3o%20Frum%C3%AAncio.gif"},{"@type":"BreadcrumbList","@id":"https:\/\/www.oarcanjo.net\/site\/sao-frumencio\/#breadcrumb","itemListElement":[{"@type":"ListItem","position":1,"name":"In\u00edcio","item":"https:\/\/www.oarcanjo.net\/site\/"},{"@type":"ListItem","position":2,"name":"S\u00e3o Frum\u00eancio"}]},{"@type":"WebSite","@id":"https:\/\/www.oarcanjo.net\/site\/#website","url":"https:\/\/www.oarcanjo.net\/site\/","name":"O Arcanjo no ar","description":"Site da Par\u00f3quia S\u00e3o Miguel Arcanjo (Arquidiocese de SP)","publisher":{"@id":"https:\/\/www.oarcanjo.net\/site\/#organization"},"potentialAction":[{"@type":"SearchAction","target":{"@type":"EntryPoint","urlTemplate":"https:\/\/www.oarcanjo.net\/site\/?s={search_term_string}"},"query-input":{"@type":"PropertyValueSpecification","valueRequired":true,"valueName":"search_term_string"}}],"inLanguage":"pt-BR"},{"@type":"Organization","@id":"https:\/\/www.oarcanjo.net\/site\/#organization","name":"Par\u00f3quia S\u00e3o Miguel Arcanjo","url":"https:\/\/www.oarcanjo.net\/site\/","logo":{"@type":"ImageObject","inLanguage":"pt-BR","@id":"https:\/\/www.oarcanjo.net\/site\/#\/schema\/logo\/image\/","url":"https:\/\/www.oarcanjo.net\/site\/wp-content\/uploads\/LogoOArcanjo.png","contentUrl":"https:\/\/www.oarcanjo.net\/site\/wp-content\/uploads\/LogoOArcanjo.png","width":319,"height":99,"caption":"Par\u00f3quia S\u00e3o Miguel Arcanjo"},"image":{"@id":"https:\/\/www.oarcanjo.net\/site\/#\/schema\/logo\/image\/"},"sameAs":["https:\/\/www.facebook.com\/OArcanjoNoAr\/"]},{"@type":"Person","@id":"https:\/\/www.oarcanjo.net\/site\/#\/schema\/person\/5eb9480bedd2f3c97e430ce128c29c6c","name":"danilo"}]}},"publishpress_future_action":{"enabled":false,"date":"2026-05-08 02:07:50","action":"category","newStatus":"draft","terms":[],"taxonomy":"category"},"publishpress_future_workflow_manual_trigger":{"enabledWorkflows":[]},"_links":{"self":[{"href":"https:\/\/www.oarcanjo.net\/site\/wp-json\/wp\/v2\/posts\/11477"}],"collection":[{"href":"https:\/\/www.oarcanjo.net\/site\/wp-json\/wp\/v2\/posts"}],"about":[{"href":"https:\/\/www.oarcanjo.net\/site\/wp-json\/wp\/v2\/types\/post"}],"author":[{"embeddable":true,"href":"https:\/\/www.oarcanjo.net\/site\/wp-json\/wp\/v2\/users\/14"}],"replies":[{"embeddable":true,"href":"https:\/\/www.oarcanjo.net\/site\/wp-json\/wp\/v2\/comments?post=11477"}],"version-history":[{"count":0,"href":"https:\/\/www.oarcanjo.net\/site\/wp-json\/wp\/v2\/posts\/11477\/revisions"}],"wp:attachment":[{"href":"https:\/\/www.oarcanjo.net\/site\/wp-json\/wp\/v2\/media?parent=11477"}],"wp:term":[{"taxonomy":"category","embeddable":true,"href":"https:\/\/www.oarcanjo.net\/site\/wp-json\/wp\/v2\/categories?post=11477"},{"taxonomy":"post_tag","embeddable":true,"href":"https:\/\/www.oarcanjo.net\/site\/wp-json\/wp\/v2\/tags?post=11477"}],"curies":[{"name":"wp","href":"https:\/\/api.w.org\/{rel}","templated":true}]}}