
{"id":11479,"date":"2017-10-27T00:34:58","date_gmt":"2017-10-27T02:34:58","guid":{"rendered":"http:\/\/www.oarcanjo.net\/site\/?p=11479"},"modified":"2017-08-11T14:58:03","modified_gmt":"2017-08-11T17:58:03","slug":"santo-elesbao","status":"publish","type":"post","link":"https:\/\/www.oarcanjo.net\/site\/santo-elesbao\/","title":{"rendered":"Santo Elesb\u00e3o"},"content":{"rendered":"<p><img loading=\"lazy\" decoding=\"async\" class=\"alignnone size-full wp-image-66568\" src=\"http:\/\/www.oarcanjo.net\/site\/wp-content\/uploads\/Sao-Elesbao.jpg\" alt=\"S\u00e3o Elesb\u00e3o\" width=\"300\" height=\"383\" srcset=\"https:\/\/www.oarcanjo.net\/site\/wp-content\/uploads\/Sao-Elesbao.jpg 300w, https:\/\/www.oarcanjo.net\/site\/wp-content\/uploads\/Sao-Elesbao-235x300.jpg 235w\" sizes=\"(max-width: 300px) 100vw, 300px\" \/><\/p>\n<p>27 de Outubro<\/p>\n<p>No s\u00e9culo VI, a na\u00e7\u00e3o et\u00edope situada a oeste do Mar Vermelho possu\u00eda seus maiores limites de fronteira, era um vasto reino que inclu\u00eda outros povos al\u00e9m dos et\u00edopes. O soberano era Elesb\u00e3o, rei cat\u00f3lico, contempor\u00e2neo do imperador romano Justiniano, muito estimado por todos os s\u00faditos e seu reino era uma fonte de propaga\u00e7\u00e3o da f\u00e9 crist\u00e3.<\/p>\n<p>O reino vizinho, formado pelos hameritas, era chefiado por Dunaan, que renegara a f\u00e9 convertendo-se ao juda\u00edmo. Na ocasi\u00e3o, mandou matar todos os integrantes do clero e transformou as igrejas em sinagogas, tornando-se temido e famoso por seu \u00f3dio declarado aos crist\u00e3os.<\/p>\n<p>Por isso, muitos deles, at\u00e9 o arcebispo Tonfar, buscaram abrigo e prote\u00e7\u00e3o nas terras do rei Elesb\u00e3o, pois at\u00e9 a pr\u00f3pria esposa de Dunaan, chamada Duna, foi morta por ele, juntamente com as filhas, por ser crist\u00e3. Os registros indicam que houve um verdadeiro massacre, no qual morreram cerca de quatro mil crist\u00e3os.<\/p>\n<p>Elesb\u00e3o decidiu reagir \u00e0quela verdadeira matan\u00e7a imposta aos irm\u00e3os cat\u00f3licos e declarou guerra a Dunaan. Liderando seu povo na f\u00e9 e na luta, ganhou a guerra e a vizinhan\u00e7a passou a ser governada pelo rei Ariato, um crist\u00e3o fervoroso.<\/p>\n<p>Mas ele teve de vencer outra batalha ainda maior al\u00e9m dessa travada contra o inimigo, aquela contra si mesmo. Depois de um curto per\u00edodo de muita ora\u00e7\u00e3o e penit\u00eancia, aceitou o chamado de Deus. Abdicou do trono em favor do filho, seu sucessor natural, e dividiu seus tesouros entre os s\u00faditos pobres. Assim, Elesb\u00e3o partiu para Jerusal\u00e9m, onde depositou sua coroa real na igreja do Santo Sepulcro, e retirou-se para o deserto, vivendo como monge anacoreta at\u00e9 morrer em 555.<\/p>\n<p>No Brasil, a partir dos escravos, foi muito difundida a devo\u00e7\u00e3o de santo Elesb\u00e3o, o rei negro da Eti\u00f3pia. Sua festa \u00e9 celebrada em todo o mundo crist\u00e3o, do Ocidente e do Oriente, no dia 27 de outubro, considerado o dia de sua morte.<\/p>\n<div id=\"themify_builder_content-11479\" data-postid=\"11479\" class=\"themify_builder_content themify_builder_content-11479 themify_builder themify_builder_front\">\n\t<\/div>\n<!-- \/themify_builder_content -->","protected":false},"excerpt":{"rendered":"<p>27 de Outubro No s\u00e9culo VI, a na\u00e7\u00e3o et\u00edope situada a oeste do Mar Vermelho possu\u00eda seus maiores limites de fronteira, era um vasto reino que inclu\u00eda outros povos al\u00e9m dos et\u00edopes. O soberano era Elesb\u00e3o, rei cat\u00f3lico, contempor\u00e2neo do imperador romano Justiniano, muito estimado por todos os s\u00faditos e seu reino era uma fonte [&hellip;]<\/p>\n","protected":false},"author":14,"featured_media":0,"comment_status":"open","ping_status":"open","sticky":false,"template":"","format":"standard","meta":{"ngg_post_thumbnail":0,"footnotes":""},"categories":[186],"tags":[],"yoast_head":"<!-- This site is optimized with the Yoast SEO plugin v23.5 - https:\/\/yoast.com\/wordpress\/plugins\/seo\/ -->\n<title>Santo Elesb\u00e3o - O Arcanjo no ar<\/title>\n<meta name=\"robots\" content=\"index, follow, max-snippet:-1, max-image-preview:large, max-video-preview:-1\" \/>\n<link rel=\"canonical\" href=\"https:\/\/www.oarcanjo.net\/site\/santo-elesbao\/\" \/>\n<meta property=\"og:locale\" content=\"pt_BR\" \/>\n<meta property=\"og:type\" content=\"article\" \/>\n<meta property=\"og:title\" content=\"Santo Elesb\u00e3o - O Arcanjo no ar\" \/>\n<meta property=\"og:description\" content=\"27 de Outubro No s\u00e9culo VI, a na\u00e7\u00e3o et\u00edope situada a oeste do Mar Vermelho possu\u00eda seus maiores limites de fronteira, era um vasto reino que inclu\u00eda outros povos al\u00e9m dos et\u00edopes. O soberano era Elesb\u00e3o, rei cat\u00f3lico, contempor\u00e2neo do imperador romano Justiniano, muito estimado por todos os s\u00faditos e seu reino era uma fonte [&hellip;]\" \/>\n<meta property=\"og:url\" content=\"https:\/\/www.oarcanjo.net\/site\/santo-elesbao\/\" \/>\n<meta property=\"og:site_name\" content=\"O Arcanjo no ar\" \/>\n<meta property=\"article:publisher\" content=\"https:\/\/www.facebook.com\/OArcanjoNoAr\/\" \/>\n<meta property=\"article:published_time\" content=\"2017-10-27T02:34:58+00:00\" \/>\n<meta property=\"article:modified_time\" content=\"2017-08-11T17:58:03+00:00\" \/>\n<meta property=\"og:image\" content=\"http:\/\/www.oarcanjo.net\/site\/wp-content\/uploads\/Sao-Elesbao.jpg\" \/>\n<meta name=\"author\" content=\"danilo\" \/>\n<meta name=\"twitter:card\" content=\"summary_large_image\" \/>\n<meta name=\"twitter:label1\" content=\"Escrito por\" \/>\n\t<meta name=\"twitter:data1\" content=\"danilo\" \/>\n\t<meta name=\"twitter:label2\" content=\"Est. tempo de leitura\" \/>\n\t<meta name=\"twitter:data2\" content=\"2 minutos\" \/>\n<script type=\"application\/ld+json\" class=\"yoast-schema-graph\">{\"@context\":\"https:\/\/schema.org\",\"@graph\":[{\"@type\":\"Article\",\"@id\":\"https:\/\/www.oarcanjo.net\/site\/santo-elesbao\/#article\",\"isPartOf\":{\"@id\":\"https:\/\/www.oarcanjo.net\/site\/santo-elesbao\/\"},\"author\":{\"name\":\"danilo\",\"@id\":\"https:\/\/www.oarcanjo.net\/site\/#\/schema\/person\/5eb9480bedd2f3c97e430ce128c29c6c\"},\"headline\":\"Santo Elesb\u00e3o\",\"datePublished\":\"2017-10-27T02:34:58+00:00\",\"dateModified\":\"2017-08-11T17:58:03+00:00\",\"mainEntityOfPage\":{\"@id\":\"https:\/\/www.oarcanjo.net\/site\/santo-elesbao\/\"},\"wordCount\":353,\"commentCount\":0,\"publisher\":{\"@id\":\"https:\/\/www.oarcanjo.net\/site\/#organization\"},\"image\":{\"@id\":\"https:\/\/www.oarcanjo.net\/site\/santo-elesbao\/#primaryimage\"},\"thumbnailUrl\":\"http:\/\/www.oarcanjo.net\/site\/wp-content\/uploads\/Sao-Elesbao.jpg\",\"articleSection\":[\"Testemunhos\"],\"inLanguage\":\"pt-BR\",\"potentialAction\":[{\"@type\":\"CommentAction\",\"name\":\"Comment\",\"target\":[\"https:\/\/www.oarcanjo.net\/site\/santo-elesbao\/#respond\"]}]},{\"@type\":\"WebPage\",\"@id\":\"https:\/\/www.oarcanjo.net\/site\/santo-elesbao\/\",\"url\":\"https:\/\/www.oarcanjo.net\/site\/santo-elesbao\/\",\"name\":\"Santo Elesb\u00e3o - O Arcanjo no ar\",\"isPartOf\":{\"@id\":\"https:\/\/www.oarcanjo.net\/site\/#website\"},\"primaryImageOfPage\":{\"@id\":\"https:\/\/www.oarcanjo.net\/site\/santo-elesbao\/#primaryimage\"},\"image\":{\"@id\":\"https:\/\/www.oarcanjo.net\/site\/santo-elesbao\/#primaryimage\"},\"thumbnailUrl\":\"http:\/\/www.oarcanjo.net\/site\/wp-content\/uploads\/Sao-Elesbao.jpg\",\"datePublished\":\"2017-10-27T02:34:58+00:00\",\"dateModified\":\"2017-08-11T17:58:03+00:00\",\"breadcrumb\":{\"@id\":\"https:\/\/www.oarcanjo.net\/site\/santo-elesbao\/#breadcrumb\"},\"inLanguage\":\"pt-BR\",\"potentialAction\":[{\"@type\":\"ReadAction\",\"target\":[\"https:\/\/www.oarcanjo.net\/site\/santo-elesbao\/\"]}]},{\"@type\":\"ImageObject\",\"inLanguage\":\"pt-BR\",\"@id\":\"https:\/\/www.oarcanjo.net\/site\/santo-elesbao\/#primaryimage\",\"url\":\"https:\/\/www.oarcanjo.net\/site\/wp-content\/uploads\/Sao-Elesbao.jpg\",\"contentUrl\":\"https:\/\/www.oarcanjo.net\/site\/wp-content\/uploads\/Sao-Elesbao.jpg\",\"width\":300,\"height\":383,\"caption\":\"S\u00e3o Elesb\u00e3o\"},{\"@type\":\"BreadcrumbList\",\"@id\":\"https:\/\/www.oarcanjo.net\/site\/santo-elesbao\/#breadcrumb\",\"itemListElement\":[{\"@type\":\"ListItem\",\"position\":1,\"name\":\"In\u00edcio\",\"item\":\"https:\/\/www.oarcanjo.net\/site\/\"},{\"@type\":\"ListItem\",\"position\":2,\"name\":\"Santo Elesb\u00e3o\"}]},{\"@type\":\"WebSite\",\"@id\":\"https:\/\/www.oarcanjo.net\/site\/#website\",\"url\":\"https:\/\/www.oarcanjo.net\/site\/\",\"name\":\"O Arcanjo no ar\",\"description\":\"Site da Par\u00f3quia S\u00e3o Miguel Arcanjo (Arquidiocese de SP)\",\"publisher\":{\"@id\":\"https:\/\/www.oarcanjo.net\/site\/#organization\"},\"potentialAction\":[{\"@type\":\"SearchAction\",\"target\":{\"@type\":\"EntryPoint\",\"urlTemplate\":\"https:\/\/www.oarcanjo.net\/site\/?s={search_term_string}\"},\"query-input\":{\"@type\":\"PropertyValueSpecification\",\"valueRequired\":true,\"valueName\":\"search_term_string\"}}],\"inLanguage\":\"pt-BR\"},{\"@type\":\"Organization\",\"@id\":\"https:\/\/www.oarcanjo.net\/site\/#organization\",\"name\":\"Par\u00f3quia S\u00e3o Miguel Arcanjo\",\"url\":\"https:\/\/www.oarcanjo.net\/site\/\",\"logo\":{\"@type\":\"ImageObject\",\"inLanguage\":\"pt-BR\",\"@id\":\"https:\/\/www.oarcanjo.net\/site\/#\/schema\/logo\/image\/\",\"url\":\"https:\/\/www.oarcanjo.net\/site\/wp-content\/uploads\/LogoOArcanjo.png\",\"contentUrl\":\"https:\/\/www.oarcanjo.net\/site\/wp-content\/uploads\/LogoOArcanjo.png\",\"width\":319,\"height\":99,\"caption\":\"Par\u00f3quia S\u00e3o Miguel Arcanjo\"},\"image\":{\"@id\":\"https:\/\/www.oarcanjo.net\/site\/#\/schema\/logo\/image\/\"},\"sameAs\":[\"https:\/\/www.facebook.com\/OArcanjoNoAr\/\"]},{\"@type\":\"Person\",\"@id\":\"https:\/\/www.oarcanjo.net\/site\/#\/schema\/person\/5eb9480bedd2f3c97e430ce128c29c6c\",\"name\":\"danilo\"}]}<\/script>\n<!-- \/ Yoast SEO plugin. -->","yoast_head_json":{"title":"Santo Elesb\u00e3o - O Arcanjo no ar","robots":{"index":"index","follow":"follow","max-snippet":"max-snippet:-1","max-image-preview":"max-image-preview:large","max-video-preview":"max-video-preview:-1"},"canonical":"https:\/\/www.oarcanjo.net\/site\/santo-elesbao\/","og_locale":"pt_BR","og_type":"article","og_title":"Santo Elesb\u00e3o - O Arcanjo no ar","og_description":"27 de Outubro No s\u00e9culo VI, a na\u00e7\u00e3o et\u00edope situada a oeste do Mar Vermelho possu\u00eda seus maiores limites de fronteira, era um vasto reino que inclu\u00eda outros povos al\u00e9m dos et\u00edopes. O soberano era Elesb\u00e3o, rei cat\u00f3lico, contempor\u00e2neo do imperador romano Justiniano, muito estimado por todos os s\u00faditos e seu reino era uma fonte [&hellip;]","og_url":"https:\/\/www.oarcanjo.net\/site\/santo-elesbao\/","og_site_name":"O Arcanjo no ar","article_publisher":"https:\/\/www.facebook.com\/OArcanjoNoAr\/","article_published_time":"2017-10-27T02:34:58+00:00","article_modified_time":"2017-08-11T17:58:03+00:00","og_image":[{"url":"http:\/\/www.oarcanjo.net\/site\/wp-content\/uploads\/Sao-Elesbao.jpg"}],"author":"danilo","twitter_card":"summary_large_image","twitter_misc":{"Escrito por":"danilo","Est. tempo de leitura":"2 minutos"},"schema":{"@context":"https:\/\/schema.org","@graph":[{"@type":"Article","@id":"https:\/\/www.oarcanjo.net\/site\/santo-elesbao\/#article","isPartOf":{"@id":"https:\/\/www.oarcanjo.net\/site\/santo-elesbao\/"},"author":{"name":"danilo","@id":"https:\/\/www.oarcanjo.net\/site\/#\/schema\/person\/5eb9480bedd2f3c97e430ce128c29c6c"},"headline":"Santo Elesb\u00e3o","datePublished":"2017-10-27T02:34:58+00:00","dateModified":"2017-08-11T17:58:03+00:00","mainEntityOfPage":{"@id":"https:\/\/www.oarcanjo.net\/site\/santo-elesbao\/"},"wordCount":353,"commentCount":0,"publisher":{"@id":"https:\/\/www.oarcanjo.net\/site\/#organization"},"image":{"@id":"https:\/\/www.oarcanjo.net\/site\/santo-elesbao\/#primaryimage"},"thumbnailUrl":"http:\/\/www.oarcanjo.net\/site\/wp-content\/uploads\/Sao-Elesbao.jpg","articleSection":["Testemunhos"],"inLanguage":"pt-BR","potentialAction":[{"@type":"CommentAction","name":"Comment","target":["https:\/\/www.oarcanjo.net\/site\/santo-elesbao\/#respond"]}]},{"@type":"WebPage","@id":"https:\/\/www.oarcanjo.net\/site\/santo-elesbao\/","url":"https:\/\/www.oarcanjo.net\/site\/santo-elesbao\/","name":"Santo Elesb\u00e3o - O Arcanjo no ar","isPartOf":{"@id":"https:\/\/www.oarcanjo.net\/site\/#website"},"primaryImageOfPage":{"@id":"https:\/\/www.oarcanjo.net\/site\/santo-elesbao\/#primaryimage"},"image":{"@id":"https:\/\/www.oarcanjo.net\/site\/santo-elesbao\/#primaryimage"},"thumbnailUrl":"http:\/\/www.oarcanjo.net\/site\/wp-content\/uploads\/Sao-Elesbao.jpg","datePublished":"2017-10-27T02:34:58+00:00","dateModified":"2017-08-11T17:58:03+00:00","breadcrumb":{"@id":"https:\/\/www.oarcanjo.net\/site\/santo-elesbao\/#breadcrumb"},"inLanguage":"pt-BR","potentialAction":[{"@type":"ReadAction","target":["https:\/\/www.oarcanjo.net\/site\/santo-elesbao\/"]}]},{"@type":"ImageObject","inLanguage":"pt-BR","@id":"https:\/\/www.oarcanjo.net\/site\/santo-elesbao\/#primaryimage","url":"https:\/\/www.oarcanjo.net\/site\/wp-content\/uploads\/Sao-Elesbao.jpg","contentUrl":"https:\/\/www.oarcanjo.net\/site\/wp-content\/uploads\/Sao-Elesbao.jpg","width":300,"height":383,"caption":"S\u00e3o Elesb\u00e3o"},{"@type":"BreadcrumbList","@id":"https:\/\/www.oarcanjo.net\/site\/santo-elesbao\/#breadcrumb","itemListElement":[{"@type":"ListItem","position":1,"name":"In\u00edcio","item":"https:\/\/www.oarcanjo.net\/site\/"},{"@type":"ListItem","position":2,"name":"Santo Elesb\u00e3o"}]},{"@type":"WebSite","@id":"https:\/\/www.oarcanjo.net\/site\/#website","url":"https:\/\/www.oarcanjo.net\/site\/","name":"O Arcanjo no ar","description":"Site da Par\u00f3quia S\u00e3o Miguel Arcanjo (Arquidiocese de SP)","publisher":{"@id":"https:\/\/www.oarcanjo.net\/site\/#organization"},"potentialAction":[{"@type":"SearchAction","target":{"@type":"EntryPoint","urlTemplate":"https:\/\/www.oarcanjo.net\/site\/?s={search_term_string}"},"query-input":{"@type":"PropertyValueSpecification","valueRequired":true,"valueName":"search_term_string"}}],"inLanguage":"pt-BR"},{"@type":"Organization","@id":"https:\/\/www.oarcanjo.net\/site\/#organization","name":"Par\u00f3quia S\u00e3o Miguel Arcanjo","url":"https:\/\/www.oarcanjo.net\/site\/","logo":{"@type":"ImageObject","inLanguage":"pt-BR","@id":"https:\/\/www.oarcanjo.net\/site\/#\/schema\/logo\/image\/","url":"https:\/\/www.oarcanjo.net\/site\/wp-content\/uploads\/LogoOArcanjo.png","contentUrl":"https:\/\/www.oarcanjo.net\/site\/wp-content\/uploads\/LogoOArcanjo.png","width":319,"height":99,"caption":"Par\u00f3quia S\u00e3o Miguel Arcanjo"},"image":{"@id":"https:\/\/www.oarcanjo.net\/site\/#\/schema\/logo\/image\/"},"sameAs":["https:\/\/www.facebook.com\/OArcanjoNoAr\/"]},{"@type":"Person","@id":"https:\/\/www.oarcanjo.net\/site\/#\/schema\/person\/5eb9480bedd2f3c97e430ce128c29c6c","name":"danilo"}]}},"publishpress_future_action":{"enabled":false,"date":"2026-05-08 00:41:50","action":"category","newStatus":"draft","terms":[],"taxonomy":"category"},"publishpress_future_workflow_manual_trigger":{"enabledWorkflows":[]},"_links":{"self":[{"href":"https:\/\/www.oarcanjo.net\/site\/wp-json\/wp\/v2\/posts\/11479"}],"collection":[{"href":"https:\/\/www.oarcanjo.net\/site\/wp-json\/wp\/v2\/posts"}],"about":[{"href":"https:\/\/www.oarcanjo.net\/site\/wp-json\/wp\/v2\/types\/post"}],"author":[{"embeddable":true,"href":"https:\/\/www.oarcanjo.net\/site\/wp-json\/wp\/v2\/users\/14"}],"replies":[{"embeddable":true,"href":"https:\/\/www.oarcanjo.net\/site\/wp-json\/wp\/v2\/comments?post=11479"}],"version-history":[{"count":0,"href":"https:\/\/www.oarcanjo.net\/site\/wp-json\/wp\/v2\/posts\/11479\/revisions"}],"wp:attachment":[{"href":"https:\/\/www.oarcanjo.net\/site\/wp-json\/wp\/v2\/media?parent=11479"}],"wp:term":[{"taxonomy":"category","embeddable":true,"href":"https:\/\/www.oarcanjo.net\/site\/wp-json\/wp\/v2\/categories?post=11479"},{"taxonomy":"post_tag","embeddable":true,"href":"https:\/\/www.oarcanjo.net\/site\/wp-json\/wp\/v2\/tags?post=11479"}],"curies":[{"name":"wp","href":"https:\/\/api.w.org\/{rel}","templated":true}]}}