
{"id":11483,"date":"2017-10-28T00:04:42","date_gmt":"2017-10-28T02:04:42","guid":{"rendered":"http:\/\/www.oarcanjo.net\/site\/?p=11483"},"modified":"2017-08-11T14:59:11","modified_gmt":"2017-08-11T17:59:11","slug":"sao-judas-tadeu-2","status":"publish","type":"post","link":"https:\/\/www.oarcanjo.net\/site\/sao-judas-tadeu-2\/","title":{"rendered":"S\u00e3o Judas Tadeu"},"content":{"rendered":"<p><img decoding=\"async\" src=\"http:\/\/ao.correia.zip.net\/images\/f-janeiro08-10.jpg\" alt=\"\" \/><\/p>\n<p>28 de Outubro<\/p>\n<p>Judas, ap\u00f3stolo que celebramos hoje, para n\u00e3o ser confundido com Judas Iscariotes, &#8220;ap\u00f3stolo da perdi\u00e7\u00e3o&#8221;, o traidor de Jesus, foi chamado nos evangelhos de Judas Tadeu. O nome Judas vem de Jud\u00e1 e significa festejado. Tadeu quer dizer peito aberto, destemido, melhor ainda, magn\u00e2nimo.<\/p>\n<p>Era natural de Can\u00e1 da Galil\u00e9ia, na Palestina, filho de Alfeu, tamb\u00e9m chamado Cl\u00e9ofas, e de Maria Cl\u00e9ofas, ambos parentes de Jesus. O pai era irm\u00e3o de s\u00e3o Jos\u00e9; a m\u00e3e, prima-irm\u00e3 de Maria Sant\u00edssima. Portanto Judas era primo-irm\u00e3o de Jesus e irm\u00e3o de Tiago, chamado o Menor, tamb\u00e9m disc\u00edpulo de Jesus.<\/p>\n<p>Os escritos crist\u00e3os dessa \u00e9poca revelam mesmo esse parentesco, uma vez que Judas Tadeu seria um dos noivos do epis\u00f3dio que relata as bodas de Can\u00e1, por isso Jesus, Maria e os ap\u00f3stolos estariam l\u00e1.<\/p>\n<p>Na B\u00edblia, ele \u00e9 citado pouco, mas de maneira importante. No evangelho de Mateus, vemos que Judas Tadeu foi escolhido por Jesus. Enquanto nas escrituras de Jo\u00e3o ele \u00e9 narrado mais claramente. Na ceia, Judas Tadeu perguntou a Jesus: &#8220;Mestre, por que raz\u00e3o deves manifestar-te a n\u00f3s e n\u00e3o ao mundo?&#8221; Jesus respondeu-lhe que a verdadeira manifesta\u00e7\u00e3o de Deus est\u00e1 reservada para aqueles que o amam e guardam a sua palavra. Tamb\u00e9m faz parte do Novo Testamento a pequena Carta de S\u00e3o Judas, a qual traz os fundamentos para perseverar no amor de Jesus e adverte contra os falsos mestres.<\/p>\n<p>Ap\u00f3s ter recebido o dom do Esp\u00edrito Santo, Judas Tadeu iniciou sua prega\u00e7\u00e3o na Galil\u00e9ia. Realizou in\u00fameros milagres em sua caminhada pelo Evangelho. Depois, foi para a Samaria e, pr\u00f3ximo do ano 50, tomou parte no primeiro Conc\u00edlio, em Jerusal\u00e9m. Em seguida, continuou a evangelizar na Mesopot\u00e2mia, S\u00edria, Arm\u00eania e P\u00e9rsia, onde encontrou Sim\u00e3o, e passaram a viajar juntos.<\/p>\n<p>Conta a tradi\u00e7\u00e3o que percorreram juntos as doze prov\u00edncias do Imp\u00e9rio Persa, nas quais converteram muitos pag\u00e3os. Ainda segundo essa fonte, os dois ap\u00f3stolos foram torturados e mortos no mesmo dia, por pag\u00e3os perseguidores. Por isso a Igreja manteve a mesma data para as duas homenagens.<\/p>\n<p>Ao certo, o que sabemos \u00e9 que o ap\u00f3stolo Judas Tadeu tornou-se um m\u00e1rtir da f\u00e9, isto \u00e9, morreu por amor a Jesus Cristo. A sua prega\u00e7\u00e3o e o seu testemunho eram t\u00e3o intensos que os pag\u00e3os se convertiam. Os sacerdotes pag\u00e3os, furiosos, mandaram assassinar o ap\u00f3stolo, a golpes de bast\u00f5es, lan\u00e7as e machados. Tudo teria acontecido no dia 28 de outubro de 70.<\/p>\n<p>Os restos mortais, guardados primeiro no Oriente M\u00e9dio e depois na Fran\u00e7a, agora s\u00e3o venerados em Roma, na Bas\u00edlica de S\u00e3o Pedro. Considerado pelos crist\u00e3os o santo intercessor das causas imposs\u00edveis, foi a partir da devo\u00e7\u00e3o de santa Gertrudes que essa fama ganhou for\u00e7a no mundo cat\u00f3lico. Ela, em sua biografia, relatou que Jesus lhe aconselhou invocar s\u00e3o Judas Tadeu at\u00e9 nos &#8220;casos mais desesperados&#8221;. Depois disso, aumentou o n\u00famero de devotos do seu poder de resolver as causas que parecem sem solu\u00e7\u00e3o. Diz a tradi\u00e7\u00e3o que n\u00e3o h\u00e1 um devoto que tenha pedido sua ajuda e n\u00e3o tenha sido atendido.<\/p>\n<p>A festa de s\u00e3o Judas Tadeu \u00e9 celebrada no dia 28 de outubro, tanto na Igreja ocidental como na oriental. No Brasil, \u00e9 um evento que altera toda a rotina do pa\u00eds, pois s\u00e3o multid\u00f5es de cat\u00f3licos que querem agradecer e celebrar o querido santo padroeiro nas igrejas.<\/p>\n<div id=\"themify_builder_content-11483\" data-postid=\"11483\" class=\"themify_builder_content themify_builder_content-11483 themify_builder themify_builder_front\">\n\t<\/div>\n<!-- \/themify_builder_content -->","protected":false},"excerpt":{"rendered":"<p>28 de Outubro Judas, ap\u00f3stolo que celebramos hoje, para n\u00e3o ser confundido com Judas Iscariotes, &#8220;ap\u00f3stolo da perdi\u00e7\u00e3o&#8221;, o traidor de Jesus, foi chamado nos evangelhos de Judas Tadeu. O nome Judas vem de Jud\u00e1 e significa festejado. Tadeu quer dizer peito aberto, destemido, melhor ainda, magn\u00e2nimo. Era natural de Can\u00e1 da Galil\u00e9ia, na Palestina, [&hellip;]<\/p>\n","protected":false},"author":14,"featured_media":0,"comment_status":"open","ping_status":"open","sticky":false,"template":"","format":"standard","meta":{"ngg_post_thumbnail":0,"footnotes":""},"categories":[186],"tags":[],"yoast_head":"<!-- This site is optimized with the Yoast SEO plugin v23.5 - https:\/\/yoast.com\/wordpress\/plugins\/seo\/ -->\n<title>S\u00e3o Judas Tadeu - O Arcanjo no ar<\/title>\n<meta name=\"robots\" content=\"index, follow, max-snippet:-1, max-image-preview:large, max-video-preview:-1\" \/>\n<link rel=\"canonical\" href=\"https:\/\/www.oarcanjo.net\/site\/sao-judas-tadeu-2\/\" \/>\n<meta property=\"og:locale\" content=\"pt_BR\" \/>\n<meta property=\"og:type\" content=\"article\" \/>\n<meta property=\"og:title\" content=\"S\u00e3o Judas Tadeu - O Arcanjo no ar\" \/>\n<meta property=\"og:description\" content=\"28 de Outubro Judas, ap\u00f3stolo que celebramos hoje, para n\u00e3o ser confundido com Judas Iscariotes, &#8220;ap\u00f3stolo da perdi\u00e7\u00e3o&#8221;, o traidor de Jesus, foi chamado nos evangelhos de Judas Tadeu. O nome Judas vem de Jud\u00e1 e significa festejado. Tadeu quer dizer peito aberto, destemido, melhor ainda, magn\u00e2nimo. Era natural de Can\u00e1 da Galil\u00e9ia, na Palestina, [&hellip;]\" \/>\n<meta property=\"og:url\" content=\"https:\/\/www.oarcanjo.net\/site\/sao-judas-tadeu-2\/\" \/>\n<meta property=\"og:site_name\" content=\"O Arcanjo no ar\" \/>\n<meta property=\"article:publisher\" content=\"https:\/\/www.facebook.com\/OArcanjoNoAr\/\" \/>\n<meta property=\"article:published_time\" content=\"2017-10-28T02:04:42+00:00\" \/>\n<meta property=\"article:modified_time\" content=\"2017-08-11T17:59:11+00:00\" \/>\n<meta property=\"og:image\" content=\"http:\/\/ao.correia.zip.net\/images\/f-janeiro08-10.jpg\" \/>\n<meta name=\"author\" content=\"danilo\" \/>\n<meta name=\"twitter:card\" content=\"summary_large_image\" \/>\n<meta name=\"twitter:label1\" content=\"Escrito por\" \/>\n\t<meta name=\"twitter:data1\" content=\"danilo\" \/>\n\t<meta name=\"twitter:label2\" content=\"Est. tempo de leitura\" \/>\n\t<meta name=\"twitter:data2\" content=\"3 minutos\" \/>\n<script type=\"application\/ld+json\" class=\"yoast-schema-graph\">{\"@context\":\"https:\/\/schema.org\",\"@graph\":[{\"@type\":\"Article\",\"@id\":\"https:\/\/www.oarcanjo.net\/site\/sao-judas-tadeu-2\/#article\",\"isPartOf\":{\"@id\":\"https:\/\/www.oarcanjo.net\/site\/sao-judas-tadeu-2\/\"},\"author\":{\"name\":\"danilo\",\"@id\":\"https:\/\/www.oarcanjo.net\/site\/#\/schema\/person\/5eb9480bedd2f3c97e430ce128c29c6c\"},\"headline\":\"S\u00e3o Judas Tadeu\",\"datePublished\":\"2017-10-28T02:04:42+00:00\",\"dateModified\":\"2017-08-11T17:59:11+00:00\",\"mainEntityOfPage\":{\"@id\":\"https:\/\/www.oarcanjo.net\/site\/sao-judas-tadeu-2\/\"},\"wordCount\":622,\"commentCount\":4,\"publisher\":{\"@id\":\"https:\/\/www.oarcanjo.net\/site\/#organization\"},\"image\":{\"@id\":\"https:\/\/www.oarcanjo.net\/site\/sao-judas-tadeu-2\/#primaryimage\"},\"thumbnailUrl\":\"http:\/\/ao.correia.zip.net\/images\/f-janeiro08-10.jpg\",\"articleSection\":[\"Testemunhos\"],\"inLanguage\":\"pt-BR\",\"potentialAction\":[{\"@type\":\"CommentAction\",\"name\":\"Comment\",\"target\":[\"https:\/\/www.oarcanjo.net\/site\/sao-judas-tadeu-2\/#respond\"]}]},{\"@type\":\"WebPage\",\"@id\":\"https:\/\/www.oarcanjo.net\/site\/sao-judas-tadeu-2\/\",\"url\":\"https:\/\/www.oarcanjo.net\/site\/sao-judas-tadeu-2\/\",\"name\":\"S\u00e3o Judas Tadeu - O Arcanjo no ar\",\"isPartOf\":{\"@id\":\"https:\/\/www.oarcanjo.net\/site\/#website\"},\"primaryImageOfPage\":{\"@id\":\"https:\/\/www.oarcanjo.net\/site\/sao-judas-tadeu-2\/#primaryimage\"},\"image\":{\"@id\":\"https:\/\/www.oarcanjo.net\/site\/sao-judas-tadeu-2\/#primaryimage\"},\"thumbnailUrl\":\"http:\/\/ao.correia.zip.net\/images\/f-janeiro08-10.jpg\",\"datePublished\":\"2017-10-28T02:04:42+00:00\",\"dateModified\":\"2017-08-11T17:59:11+00:00\",\"breadcrumb\":{\"@id\":\"https:\/\/www.oarcanjo.net\/site\/sao-judas-tadeu-2\/#breadcrumb\"},\"inLanguage\":\"pt-BR\",\"potentialAction\":[{\"@type\":\"ReadAction\",\"target\":[\"https:\/\/www.oarcanjo.net\/site\/sao-judas-tadeu-2\/\"]}]},{\"@type\":\"ImageObject\",\"inLanguage\":\"pt-BR\",\"@id\":\"https:\/\/www.oarcanjo.net\/site\/sao-judas-tadeu-2\/#primaryimage\",\"url\":\"http:\/\/ao.correia.zip.net\/images\/f-janeiro08-10.jpg\",\"contentUrl\":\"http:\/\/ao.correia.zip.net\/images\/f-janeiro08-10.jpg\"},{\"@type\":\"BreadcrumbList\",\"@id\":\"https:\/\/www.oarcanjo.net\/site\/sao-judas-tadeu-2\/#breadcrumb\",\"itemListElement\":[{\"@type\":\"ListItem\",\"position\":1,\"name\":\"In\u00edcio\",\"item\":\"https:\/\/www.oarcanjo.net\/site\/\"},{\"@type\":\"ListItem\",\"position\":2,\"name\":\"S\u00e3o Judas Tadeu\"}]},{\"@type\":\"WebSite\",\"@id\":\"https:\/\/www.oarcanjo.net\/site\/#website\",\"url\":\"https:\/\/www.oarcanjo.net\/site\/\",\"name\":\"O Arcanjo no ar\",\"description\":\"Site da Par\u00f3quia S\u00e3o Miguel Arcanjo (Arquidiocese de SP)\",\"publisher\":{\"@id\":\"https:\/\/www.oarcanjo.net\/site\/#organization\"},\"potentialAction\":[{\"@type\":\"SearchAction\",\"target\":{\"@type\":\"EntryPoint\",\"urlTemplate\":\"https:\/\/www.oarcanjo.net\/site\/?s={search_term_string}\"},\"query-input\":{\"@type\":\"PropertyValueSpecification\",\"valueRequired\":true,\"valueName\":\"search_term_string\"}}],\"inLanguage\":\"pt-BR\"},{\"@type\":\"Organization\",\"@id\":\"https:\/\/www.oarcanjo.net\/site\/#organization\",\"name\":\"Par\u00f3quia S\u00e3o Miguel Arcanjo\",\"url\":\"https:\/\/www.oarcanjo.net\/site\/\",\"logo\":{\"@type\":\"ImageObject\",\"inLanguage\":\"pt-BR\",\"@id\":\"https:\/\/www.oarcanjo.net\/site\/#\/schema\/logo\/image\/\",\"url\":\"https:\/\/www.oarcanjo.net\/site\/wp-content\/uploads\/LogoOArcanjo.png\",\"contentUrl\":\"https:\/\/www.oarcanjo.net\/site\/wp-content\/uploads\/LogoOArcanjo.png\",\"width\":319,\"height\":99,\"caption\":\"Par\u00f3quia S\u00e3o Miguel Arcanjo\"},\"image\":{\"@id\":\"https:\/\/www.oarcanjo.net\/site\/#\/schema\/logo\/image\/\"},\"sameAs\":[\"https:\/\/www.facebook.com\/OArcanjoNoAr\/\"]},{\"@type\":\"Person\",\"@id\":\"https:\/\/www.oarcanjo.net\/site\/#\/schema\/person\/5eb9480bedd2f3c97e430ce128c29c6c\",\"name\":\"danilo\"}]}<\/script>\n<!-- \/ Yoast SEO plugin. -->","yoast_head_json":{"title":"S\u00e3o Judas Tadeu - O Arcanjo no ar","robots":{"index":"index","follow":"follow","max-snippet":"max-snippet:-1","max-image-preview":"max-image-preview:large","max-video-preview":"max-video-preview:-1"},"canonical":"https:\/\/www.oarcanjo.net\/site\/sao-judas-tadeu-2\/","og_locale":"pt_BR","og_type":"article","og_title":"S\u00e3o Judas Tadeu - O Arcanjo no ar","og_description":"28 de Outubro Judas, ap\u00f3stolo que celebramos hoje, para n\u00e3o ser confundido com Judas Iscariotes, &#8220;ap\u00f3stolo da perdi\u00e7\u00e3o&#8221;, o traidor de Jesus, foi chamado nos evangelhos de Judas Tadeu. O nome Judas vem de Jud\u00e1 e significa festejado. Tadeu quer dizer peito aberto, destemido, melhor ainda, magn\u00e2nimo. Era natural de Can\u00e1 da Galil\u00e9ia, na Palestina, [&hellip;]","og_url":"https:\/\/www.oarcanjo.net\/site\/sao-judas-tadeu-2\/","og_site_name":"O Arcanjo no ar","article_publisher":"https:\/\/www.facebook.com\/OArcanjoNoAr\/","article_published_time":"2017-10-28T02:04:42+00:00","article_modified_time":"2017-08-11T17:59:11+00:00","og_image":[{"url":"http:\/\/ao.correia.zip.net\/images\/f-janeiro08-10.jpg"}],"author":"danilo","twitter_card":"summary_large_image","twitter_misc":{"Escrito por":"danilo","Est. tempo de leitura":"3 minutos"},"schema":{"@context":"https:\/\/schema.org","@graph":[{"@type":"Article","@id":"https:\/\/www.oarcanjo.net\/site\/sao-judas-tadeu-2\/#article","isPartOf":{"@id":"https:\/\/www.oarcanjo.net\/site\/sao-judas-tadeu-2\/"},"author":{"name":"danilo","@id":"https:\/\/www.oarcanjo.net\/site\/#\/schema\/person\/5eb9480bedd2f3c97e430ce128c29c6c"},"headline":"S\u00e3o Judas Tadeu","datePublished":"2017-10-28T02:04:42+00:00","dateModified":"2017-08-11T17:59:11+00:00","mainEntityOfPage":{"@id":"https:\/\/www.oarcanjo.net\/site\/sao-judas-tadeu-2\/"},"wordCount":622,"commentCount":4,"publisher":{"@id":"https:\/\/www.oarcanjo.net\/site\/#organization"},"image":{"@id":"https:\/\/www.oarcanjo.net\/site\/sao-judas-tadeu-2\/#primaryimage"},"thumbnailUrl":"http:\/\/ao.correia.zip.net\/images\/f-janeiro08-10.jpg","articleSection":["Testemunhos"],"inLanguage":"pt-BR","potentialAction":[{"@type":"CommentAction","name":"Comment","target":["https:\/\/www.oarcanjo.net\/site\/sao-judas-tadeu-2\/#respond"]}]},{"@type":"WebPage","@id":"https:\/\/www.oarcanjo.net\/site\/sao-judas-tadeu-2\/","url":"https:\/\/www.oarcanjo.net\/site\/sao-judas-tadeu-2\/","name":"S\u00e3o Judas Tadeu - O Arcanjo no ar","isPartOf":{"@id":"https:\/\/www.oarcanjo.net\/site\/#website"},"primaryImageOfPage":{"@id":"https:\/\/www.oarcanjo.net\/site\/sao-judas-tadeu-2\/#primaryimage"},"image":{"@id":"https:\/\/www.oarcanjo.net\/site\/sao-judas-tadeu-2\/#primaryimage"},"thumbnailUrl":"http:\/\/ao.correia.zip.net\/images\/f-janeiro08-10.jpg","datePublished":"2017-10-28T02:04:42+00:00","dateModified":"2017-08-11T17:59:11+00:00","breadcrumb":{"@id":"https:\/\/www.oarcanjo.net\/site\/sao-judas-tadeu-2\/#breadcrumb"},"inLanguage":"pt-BR","potentialAction":[{"@type":"ReadAction","target":["https:\/\/www.oarcanjo.net\/site\/sao-judas-tadeu-2\/"]}]},{"@type":"ImageObject","inLanguage":"pt-BR","@id":"https:\/\/www.oarcanjo.net\/site\/sao-judas-tadeu-2\/#primaryimage","url":"http:\/\/ao.correia.zip.net\/images\/f-janeiro08-10.jpg","contentUrl":"http:\/\/ao.correia.zip.net\/images\/f-janeiro08-10.jpg"},{"@type":"BreadcrumbList","@id":"https:\/\/www.oarcanjo.net\/site\/sao-judas-tadeu-2\/#breadcrumb","itemListElement":[{"@type":"ListItem","position":1,"name":"In\u00edcio","item":"https:\/\/www.oarcanjo.net\/site\/"},{"@type":"ListItem","position":2,"name":"S\u00e3o Judas Tadeu"}]},{"@type":"WebSite","@id":"https:\/\/www.oarcanjo.net\/site\/#website","url":"https:\/\/www.oarcanjo.net\/site\/","name":"O Arcanjo no ar","description":"Site da Par\u00f3quia S\u00e3o Miguel Arcanjo (Arquidiocese de SP)","publisher":{"@id":"https:\/\/www.oarcanjo.net\/site\/#organization"},"potentialAction":[{"@type":"SearchAction","target":{"@type":"EntryPoint","urlTemplate":"https:\/\/www.oarcanjo.net\/site\/?s={search_term_string}"},"query-input":{"@type":"PropertyValueSpecification","valueRequired":true,"valueName":"search_term_string"}}],"inLanguage":"pt-BR"},{"@type":"Organization","@id":"https:\/\/www.oarcanjo.net\/site\/#organization","name":"Par\u00f3quia S\u00e3o Miguel Arcanjo","url":"https:\/\/www.oarcanjo.net\/site\/","logo":{"@type":"ImageObject","inLanguage":"pt-BR","@id":"https:\/\/www.oarcanjo.net\/site\/#\/schema\/logo\/image\/","url":"https:\/\/www.oarcanjo.net\/site\/wp-content\/uploads\/LogoOArcanjo.png","contentUrl":"https:\/\/www.oarcanjo.net\/site\/wp-content\/uploads\/LogoOArcanjo.png","width":319,"height":99,"caption":"Par\u00f3quia S\u00e3o Miguel Arcanjo"},"image":{"@id":"https:\/\/www.oarcanjo.net\/site\/#\/schema\/logo\/image\/"},"sameAs":["https:\/\/www.facebook.com\/OArcanjoNoAr\/"]},{"@type":"Person","@id":"https:\/\/www.oarcanjo.net\/site\/#\/schema\/person\/5eb9480bedd2f3c97e430ce128c29c6c","name":"danilo"}]}},"publishpress_future_action":{"enabled":false,"date":"2026-05-07 23:10:18","action":"category","newStatus":"draft","terms":[],"taxonomy":"category"},"publishpress_future_workflow_manual_trigger":{"enabledWorkflows":[]},"_links":{"self":[{"href":"https:\/\/www.oarcanjo.net\/site\/wp-json\/wp\/v2\/posts\/11483"}],"collection":[{"href":"https:\/\/www.oarcanjo.net\/site\/wp-json\/wp\/v2\/posts"}],"about":[{"href":"https:\/\/www.oarcanjo.net\/site\/wp-json\/wp\/v2\/types\/post"}],"author":[{"embeddable":true,"href":"https:\/\/www.oarcanjo.net\/site\/wp-json\/wp\/v2\/users\/14"}],"replies":[{"embeddable":true,"href":"https:\/\/www.oarcanjo.net\/site\/wp-json\/wp\/v2\/comments?post=11483"}],"version-history":[{"count":0,"href":"https:\/\/www.oarcanjo.net\/site\/wp-json\/wp\/v2\/posts\/11483\/revisions"}],"wp:attachment":[{"href":"https:\/\/www.oarcanjo.net\/site\/wp-json\/wp\/v2\/media?parent=11483"}],"wp:term":[{"taxonomy":"category","embeddable":true,"href":"https:\/\/www.oarcanjo.net\/site\/wp-json\/wp\/v2\/categories?post=11483"},{"taxonomy":"post_tag","embeddable":true,"href":"https:\/\/www.oarcanjo.net\/site\/wp-json\/wp\/v2\/tags?post=11483"}],"curies":[{"name":"wp","href":"https:\/\/api.w.org\/{rel}","templated":true}]}}