
{"id":11504,"date":"2010-10-28T00:22:52","date_gmt":"2010-10-28T02:22:52","guid":{"rendered":"http:\/\/www.oarcanjo.net\/site\/?p=11504"},"modified":"2011-05-16T08:44:38","modified_gmt":"2011-05-16T11:44:38","slug":"irma-dulce-sera-beatificada","status":"publish","type":"post","link":"https:\/\/www.oarcanjo.net\/site\/irma-dulce-sera-beatificada\/","title":{"rendered":"Irm\u00e3 Dulce ser\u00e1 beatificada"},"content":{"rendered":"<p>O cardeal arcebispo de Salvador (BA), dom Geraldo Majella Agnelo anunciou, nesta quarta-feira, 27, a beatifica\u00e7\u00e3o da irm\u00e3 Dulce. O pronunciamento foi feito na sede das Obras Sociais Irm\u00e3 Dulce, em Salvador, e o cardeal informou que at\u00e9 o fim do ano ser\u00e1 conhecida a data da cerim\u00f4nia de beatifica\u00e7\u00e3o.<\/p>\n<p>Para ser considerada beata, foi necess\u00e1ria a comprova\u00e7\u00e3o da exist\u00eancia de um milagre atribu\u00eddo a religiosa; fato que aconteceu esta semana em Roma. O processo ainda precisa ser assinado pelo papa para ser conclu\u00eddo.<\/p>\n<p>De acordo com dom Geraldo, a religiosa \u00e9 exemplo para os crist\u00e3os e a sua hist\u00f3ria de vida \u00e9 o que justifica a beatifica\u00e7\u00e3o e o processo de canoniza\u00e7\u00e3o. \u201cTodo santo \u00e9 um exemplo de Cristo, como foi o caso dela (Irm\u00e3 Dulce); aquela dedica\u00e7\u00e3o diuturna durante toda a vida aos pobres e sofredores\u201d.<\/p>\n<p>Irm\u00e3 Dulce \u00e9 a primeira baiana a tornar-se beata e agora est\u00e1 a um passo da canoniza\u00e7\u00e3o. O t\u00edtulo de santa s\u00f3 poder\u00e1 ser conferido ap\u00f3s a comprova\u00e7\u00e3o de mais dois milagres intercedidos pela religiosa e reconhecidos pelo Vaticano.<\/p>\n<p>A causa da beatifica\u00e7\u00e3o de Irm\u00e3 Dulce foi iniciada em janeiro do ano 2000 pelo pr\u00f3prio dom Geraldo Majella. Desde junho de 2001, o processo tramita na Congrega\u00e7\u00e3o para a Causa dos Santos no Vaticano.<\/p>\n<div id=\"themify_builder_content-11504\" data-postid=\"11504\" class=\"themify_builder_content themify_builder_content-11504 themify_builder themify_builder_front\">\n\t<\/div>\n<!-- \/themify_builder_content -->","protected":false},"excerpt":{"rendered":"<p>O cardeal arcebispo de Salvador (BA), dom Geraldo Majella Agnelo anunciou, nesta quarta-feira, 27, a beatifica\u00e7\u00e3o da irm\u00e3 Dulce. O pronunciamento foi feito na sede das Obras Sociais Irm\u00e3 Dulce, em Salvador, e o cardeal informou que at\u00e9 o fim do ano ser\u00e1 conhecida a data da cerim\u00f4nia de beatifica\u00e7\u00e3o. Para ser considerada beata, foi [&hellip;]<\/p>\n","protected":false},"author":5,"featured_media":0,"comment_status":"open","ping_status":"open","sticky":false,"template":"","format":"standard","meta":{"ngg_post_thumbnail":0,"footnotes":""},"categories":[1915,8,186],"tags":[1501,1451,1744],"yoast_head":"<!-- This site is optimized with the Yoast SEO plugin v23.5 - https:\/\/yoast.com\/wordpress\/plugins\/seo\/ -->\n<title>Irm\u00e3 Dulce ser\u00e1 beatificada - O Arcanjo no ar<\/title>\n<meta name=\"robots\" content=\"index, follow, max-snippet:-1, max-image-preview:large, max-video-preview:-1\" \/>\n<link rel=\"canonical\" href=\"https:\/\/www.oarcanjo.net\/site\/irma-dulce-sera-beatificada\/\" \/>\n<meta property=\"og:locale\" content=\"pt_BR\" \/>\n<meta property=\"og:type\" content=\"article\" \/>\n<meta property=\"og:title\" content=\"Irm\u00e3 Dulce ser\u00e1 beatificada - O Arcanjo no ar\" \/>\n<meta property=\"og:description\" content=\"O cardeal arcebispo de Salvador (BA), dom Geraldo Majella Agnelo anunciou, nesta quarta-feira, 27, a beatifica\u00e7\u00e3o da irm\u00e3 Dulce. O pronunciamento foi feito na sede das Obras Sociais Irm\u00e3 Dulce, em Salvador, e o cardeal informou que at\u00e9 o fim do ano ser\u00e1 conhecida a data da cerim\u00f4nia de beatifica\u00e7\u00e3o. Para ser considerada beata, foi [&hellip;]\" \/>\n<meta property=\"og:url\" content=\"https:\/\/www.oarcanjo.net\/site\/irma-dulce-sera-beatificada\/\" \/>\n<meta property=\"og:site_name\" content=\"O Arcanjo no ar\" \/>\n<meta property=\"article:publisher\" content=\"https:\/\/www.facebook.com\/OArcanjoNoAr\/\" \/>\n<meta property=\"article:published_time\" content=\"2010-10-28T02:22:52+00:00\" \/>\n<meta property=\"article:modified_time\" content=\"2011-05-16T11:44:38+00:00\" \/>\n<meta property=\"og:image\" content=\"https:\/\/www.oarcanjo.net\/site\/wp-content\/uploads\/logo-o-arcanjo-no-ar-facebook.png\" \/>\n\t<meta property=\"og:image:width\" content=\"300\" \/>\n\t<meta property=\"og:image:height\" content=\"300\" \/>\n\t<meta property=\"og:image:type\" content=\"image\/png\" \/>\n<meta name=\"author\" content=\"editor\" \/>\n<meta name=\"twitter:card\" content=\"summary_large_image\" \/>\n<meta name=\"twitter:label1\" content=\"Escrito por\" \/>\n\t<meta name=\"twitter:data1\" content=\"editor\" \/>\n\t<meta name=\"twitter:label2\" content=\"Est. tempo de leitura\" \/>\n\t<meta name=\"twitter:data2\" content=\"1 minuto\" \/>\n<script type=\"application\/ld+json\" class=\"yoast-schema-graph\">{\"@context\":\"https:\/\/schema.org\",\"@graph\":[{\"@type\":\"Article\",\"@id\":\"https:\/\/www.oarcanjo.net\/site\/irma-dulce-sera-beatificada\/#article\",\"isPartOf\":{\"@id\":\"https:\/\/www.oarcanjo.net\/site\/irma-dulce-sera-beatificada\/\"},\"author\":{\"name\":\"editor\",\"@id\":\"https:\/\/www.oarcanjo.net\/site\/#\/schema\/person\/f7024d007863202483a31326673a0838\"},\"headline\":\"Irm\u00e3 Dulce ser\u00e1 beatificada\",\"datePublished\":\"2010-10-28T02:22:52+00:00\",\"dateModified\":\"2011-05-16T11:44:38+00:00\",\"mainEntityOfPage\":{\"@id\":\"https:\/\/www.oarcanjo.net\/site\/irma-dulce-sera-beatificada\/\"},\"wordCount\":229,\"commentCount\":3,\"publisher\":{\"@id\":\"https:\/\/www.oarcanjo.net\/site\/#organization\"},\"keywords\":[\"Anjo Bom\",\"beatifica\u00e7\u00e3o\",\"Ir. Dulce\"],\"articleSection\":[\"Irm\u00e3 Dulce\",\"Not\u00edcias\",\"Testemunhos\"],\"inLanguage\":\"pt-BR\",\"potentialAction\":[{\"@type\":\"CommentAction\",\"name\":\"Comment\",\"target\":[\"https:\/\/www.oarcanjo.net\/site\/irma-dulce-sera-beatificada\/#respond\"]}]},{\"@type\":\"WebPage\",\"@id\":\"https:\/\/www.oarcanjo.net\/site\/irma-dulce-sera-beatificada\/\",\"url\":\"https:\/\/www.oarcanjo.net\/site\/irma-dulce-sera-beatificada\/\",\"name\":\"Irm\u00e3 Dulce ser\u00e1 beatificada - O Arcanjo no ar\",\"isPartOf\":{\"@id\":\"https:\/\/www.oarcanjo.net\/site\/#website\"},\"datePublished\":\"2010-10-28T02:22:52+00:00\",\"dateModified\":\"2011-05-16T11:44:38+00:00\",\"breadcrumb\":{\"@id\":\"https:\/\/www.oarcanjo.net\/site\/irma-dulce-sera-beatificada\/#breadcrumb\"},\"inLanguage\":\"pt-BR\",\"potentialAction\":[{\"@type\":\"ReadAction\",\"target\":[\"https:\/\/www.oarcanjo.net\/site\/irma-dulce-sera-beatificada\/\"]}]},{\"@type\":\"BreadcrumbList\",\"@id\":\"https:\/\/www.oarcanjo.net\/site\/irma-dulce-sera-beatificada\/#breadcrumb\",\"itemListElement\":[{\"@type\":\"ListItem\",\"position\":1,\"name\":\"In\u00edcio\",\"item\":\"https:\/\/www.oarcanjo.net\/site\/\"},{\"@type\":\"ListItem\",\"position\":2,\"name\":\"Irm\u00e3 Dulce ser\u00e1 beatificada\"}]},{\"@type\":\"WebSite\",\"@id\":\"https:\/\/www.oarcanjo.net\/site\/#website\",\"url\":\"https:\/\/www.oarcanjo.net\/site\/\",\"name\":\"O Arcanjo no ar\",\"description\":\"Site da Par\u00f3quia S\u00e3o Miguel Arcanjo (Arquidiocese de SP)\",\"publisher\":{\"@id\":\"https:\/\/www.oarcanjo.net\/site\/#organization\"},\"potentialAction\":[{\"@type\":\"SearchAction\",\"target\":{\"@type\":\"EntryPoint\",\"urlTemplate\":\"https:\/\/www.oarcanjo.net\/site\/?s={search_term_string}\"},\"query-input\":{\"@type\":\"PropertyValueSpecification\",\"valueRequired\":true,\"valueName\":\"search_term_string\"}}],\"inLanguage\":\"pt-BR\"},{\"@type\":\"Organization\",\"@id\":\"https:\/\/www.oarcanjo.net\/site\/#organization\",\"name\":\"Par\u00f3quia S\u00e3o Miguel Arcanjo\",\"url\":\"https:\/\/www.oarcanjo.net\/site\/\",\"logo\":{\"@type\":\"ImageObject\",\"inLanguage\":\"pt-BR\",\"@id\":\"https:\/\/www.oarcanjo.net\/site\/#\/schema\/logo\/image\/\",\"url\":\"https:\/\/www.oarcanjo.net\/site\/wp-content\/uploads\/LogoOArcanjo.png\",\"contentUrl\":\"https:\/\/www.oarcanjo.net\/site\/wp-content\/uploads\/LogoOArcanjo.png\",\"width\":319,\"height\":99,\"caption\":\"Par\u00f3quia S\u00e3o Miguel Arcanjo\"},\"image\":{\"@id\":\"https:\/\/www.oarcanjo.net\/site\/#\/schema\/logo\/image\/\"},\"sameAs\":[\"https:\/\/www.facebook.com\/OArcanjoNoAr\/\"]},{\"@type\":\"Person\",\"@id\":\"https:\/\/www.oarcanjo.net\/site\/#\/schema\/person\/f7024d007863202483a31326673a0838\",\"name\":\"editor\",\"sameAs\":[\"http:\/\/www.oarcanjo.net\"]}]}<\/script>\n<!-- \/ Yoast SEO plugin. -->","yoast_head_json":{"title":"Irm\u00e3 Dulce ser\u00e1 beatificada - O Arcanjo no ar","robots":{"index":"index","follow":"follow","max-snippet":"max-snippet:-1","max-image-preview":"max-image-preview:large","max-video-preview":"max-video-preview:-1"},"canonical":"https:\/\/www.oarcanjo.net\/site\/irma-dulce-sera-beatificada\/","og_locale":"pt_BR","og_type":"article","og_title":"Irm\u00e3 Dulce ser\u00e1 beatificada - O Arcanjo no ar","og_description":"O cardeal arcebispo de Salvador (BA), dom Geraldo Majella Agnelo anunciou, nesta quarta-feira, 27, a beatifica\u00e7\u00e3o da irm\u00e3 Dulce. O pronunciamento foi feito na sede das Obras Sociais Irm\u00e3 Dulce, em Salvador, e o cardeal informou que at\u00e9 o fim do ano ser\u00e1 conhecida a data da cerim\u00f4nia de beatifica\u00e7\u00e3o. Para ser considerada beata, foi [&hellip;]","og_url":"https:\/\/www.oarcanjo.net\/site\/irma-dulce-sera-beatificada\/","og_site_name":"O Arcanjo no ar","article_publisher":"https:\/\/www.facebook.com\/OArcanjoNoAr\/","article_published_time":"2010-10-28T02:22:52+00:00","article_modified_time":"2011-05-16T11:44:38+00:00","og_image":[{"width":300,"height":300,"url":"https:\/\/www.oarcanjo.net\/site\/wp-content\/uploads\/logo-o-arcanjo-no-ar-facebook.png","type":"image\/png"}],"author":"editor","twitter_card":"summary_large_image","twitter_misc":{"Escrito por":"editor","Est. tempo de leitura":"1 minuto"},"schema":{"@context":"https:\/\/schema.org","@graph":[{"@type":"Article","@id":"https:\/\/www.oarcanjo.net\/site\/irma-dulce-sera-beatificada\/#article","isPartOf":{"@id":"https:\/\/www.oarcanjo.net\/site\/irma-dulce-sera-beatificada\/"},"author":{"name":"editor","@id":"https:\/\/www.oarcanjo.net\/site\/#\/schema\/person\/f7024d007863202483a31326673a0838"},"headline":"Irm\u00e3 Dulce ser\u00e1 beatificada","datePublished":"2010-10-28T02:22:52+00:00","dateModified":"2011-05-16T11:44:38+00:00","mainEntityOfPage":{"@id":"https:\/\/www.oarcanjo.net\/site\/irma-dulce-sera-beatificada\/"},"wordCount":229,"commentCount":3,"publisher":{"@id":"https:\/\/www.oarcanjo.net\/site\/#organization"},"keywords":["Anjo Bom","beatifica\u00e7\u00e3o","Ir. Dulce"],"articleSection":["Irm\u00e3 Dulce","Not\u00edcias","Testemunhos"],"inLanguage":"pt-BR","potentialAction":[{"@type":"CommentAction","name":"Comment","target":["https:\/\/www.oarcanjo.net\/site\/irma-dulce-sera-beatificada\/#respond"]}]},{"@type":"WebPage","@id":"https:\/\/www.oarcanjo.net\/site\/irma-dulce-sera-beatificada\/","url":"https:\/\/www.oarcanjo.net\/site\/irma-dulce-sera-beatificada\/","name":"Irm\u00e3 Dulce ser\u00e1 beatificada - O Arcanjo no ar","isPartOf":{"@id":"https:\/\/www.oarcanjo.net\/site\/#website"},"datePublished":"2010-10-28T02:22:52+00:00","dateModified":"2011-05-16T11:44:38+00:00","breadcrumb":{"@id":"https:\/\/www.oarcanjo.net\/site\/irma-dulce-sera-beatificada\/#breadcrumb"},"inLanguage":"pt-BR","potentialAction":[{"@type":"ReadAction","target":["https:\/\/www.oarcanjo.net\/site\/irma-dulce-sera-beatificada\/"]}]},{"@type":"BreadcrumbList","@id":"https:\/\/www.oarcanjo.net\/site\/irma-dulce-sera-beatificada\/#breadcrumb","itemListElement":[{"@type":"ListItem","position":1,"name":"In\u00edcio","item":"https:\/\/www.oarcanjo.net\/site\/"},{"@type":"ListItem","position":2,"name":"Irm\u00e3 Dulce ser\u00e1 beatificada"}]},{"@type":"WebSite","@id":"https:\/\/www.oarcanjo.net\/site\/#website","url":"https:\/\/www.oarcanjo.net\/site\/","name":"O Arcanjo no ar","description":"Site da Par\u00f3quia S\u00e3o Miguel Arcanjo (Arquidiocese de SP)","publisher":{"@id":"https:\/\/www.oarcanjo.net\/site\/#organization"},"potentialAction":[{"@type":"SearchAction","target":{"@type":"EntryPoint","urlTemplate":"https:\/\/www.oarcanjo.net\/site\/?s={search_term_string}"},"query-input":{"@type":"PropertyValueSpecification","valueRequired":true,"valueName":"search_term_string"}}],"inLanguage":"pt-BR"},{"@type":"Organization","@id":"https:\/\/www.oarcanjo.net\/site\/#organization","name":"Par\u00f3quia S\u00e3o Miguel Arcanjo","url":"https:\/\/www.oarcanjo.net\/site\/","logo":{"@type":"ImageObject","inLanguage":"pt-BR","@id":"https:\/\/www.oarcanjo.net\/site\/#\/schema\/logo\/image\/","url":"https:\/\/www.oarcanjo.net\/site\/wp-content\/uploads\/LogoOArcanjo.png","contentUrl":"https:\/\/www.oarcanjo.net\/site\/wp-content\/uploads\/LogoOArcanjo.png","width":319,"height":99,"caption":"Par\u00f3quia S\u00e3o Miguel Arcanjo"},"image":{"@id":"https:\/\/www.oarcanjo.net\/site\/#\/schema\/logo\/image\/"},"sameAs":["https:\/\/www.facebook.com\/OArcanjoNoAr\/"]},{"@type":"Person","@id":"https:\/\/www.oarcanjo.net\/site\/#\/schema\/person\/f7024d007863202483a31326673a0838","name":"editor","sameAs":["http:\/\/www.oarcanjo.net"]}]}},"publishpress_future_action":{"enabled":false,"date":"2026-05-07 11:00:12","action":"category","newStatus":"draft","terms":[],"taxonomy":"category"},"publishpress_future_workflow_manual_trigger":{"enabledWorkflows":[]},"_links":{"self":[{"href":"https:\/\/www.oarcanjo.net\/site\/wp-json\/wp\/v2\/posts\/11504"}],"collection":[{"href":"https:\/\/www.oarcanjo.net\/site\/wp-json\/wp\/v2\/posts"}],"about":[{"href":"https:\/\/www.oarcanjo.net\/site\/wp-json\/wp\/v2\/types\/post"}],"author":[{"embeddable":true,"href":"https:\/\/www.oarcanjo.net\/site\/wp-json\/wp\/v2\/users\/5"}],"replies":[{"embeddable":true,"href":"https:\/\/www.oarcanjo.net\/site\/wp-json\/wp\/v2\/comments?post=11504"}],"version-history":[{"count":0,"href":"https:\/\/www.oarcanjo.net\/site\/wp-json\/wp\/v2\/posts\/11504\/revisions"}],"wp:attachment":[{"href":"https:\/\/www.oarcanjo.net\/site\/wp-json\/wp\/v2\/media?parent=11504"}],"wp:term":[{"taxonomy":"category","embeddable":true,"href":"https:\/\/www.oarcanjo.net\/site\/wp-json\/wp\/v2\/categories?post=11504"},{"taxonomy":"post_tag","embeddable":true,"href":"https:\/\/www.oarcanjo.net\/site\/wp-json\/wp\/v2\/tags?post=11504"}],"curies":[{"name":"wp","href":"https:\/\/api.w.org\/{rel}","templated":true}]}}