
{"id":11510,"date":"2017-10-29T00:30:58","date_gmt":"2017-10-29T02:30:58","guid":{"rendered":"http:\/\/www.oarcanjo.net\/site\/?p=11510"},"modified":"2017-08-11T14:57:57","modified_gmt":"2017-08-11T17:57:57","slug":"bem-aventurado-caetano-errico","status":"publish","type":"post","link":"https:\/\/www.oarcanjo.net\/site\/bem-aventurado-caetano-errico\/","title":{"rendered":"Bem Aventurado Caetano Errico"},"content":{"rendered":"<p><img decoding=\"async\" src=\"http:\/\/www.paroquiadenazaremanaus.org.br\/imagens\/santos\/sao_caetano_errico.jpg\" alt=\"\" \/><\/p>\n<p>29 de Outubro<\/p>\n<p>Fundou a congrega\u00e7\u00e3o:<br \/>\nMission\u00e1rios dos Sagrados Cora\u00e7\u00f5es<\/p>\n<p>A cidade de Secondigliano, grande e populosa, do norte de N\u00e1poles, It\u00e1lia, \u00e9 mais conhecida como uma regi\u00e3o de mafiosos do que de santos.<\/p>\n<p>Os problemas dos seus habitantes s\u00e3o in\u00fameros, entre os quais est\u00e3o as fac\u00e7\u00f5es da m\u00e1fia, a corrup\u00e7\u00e3o social e pol\u00edtica que, somados, desestruturam o sistema de servi\u00e7os e a consci\u00eancia, propiciando a forma\u00e7\u00e3o de gangues de todos os tipos de tr\u00e1ficos. Mas ela tamb\u00e9m tem boas obras. Como a de padre Caetano Errico, que fundou, em 1833, a Congrega\u00e7\u00e3o dos &#8220;Mission\u00e1rios dos Sagrados Cora\u00e7\u00f5es de Jesus e de Maria&#8221;.<\/p>\n<p>A est\u00e1tua de padre Caetano \u00e9 bem vis\u00edvel de qualquer \u00e2ngulo da cidade. Com a m\u00e3o direita, ele aben\u00e7oa; com a esquerda, empunha o crucifixo. A sua figura \u00e9 imponente, n\u00e3o apenas pela beleza pl\u00e1stica da escultura. Ele era, realmente, um homem grande, alto e bem forte, um gigante na santidade e na figura humana.<\/p>\n<p>Em 1791, essa cidade era pequena, uma plan\u00edcie com muito ar puro e \u00famido no final da tarde, chamada de Casale R\u00e9gio da Cidade de N\u00e1poles. Foi nesse ano que Caetano Errico nasceu, no dia 19 de outubro, o segundo dos nove filhos de Pasqual, modesto fabricante de macarr\u00e3o, e de Maria. Quando mostrou voca\u00e7\u00e3o para a vida religiosa, logo obteve apoio da fam\u00edlia. Aos dezesseis anos, ingressou no semin\u00e1rio e, em 1815, recebeu a ordena\u00e7\u00e3o sacerdotal.<\/p>\n<p>Desde ent\u00e3o, seu apostolado foi todo feito na igreja paroquial de S\u00e3o Cosme e S\u00e3o Dami\u00e3o, da sua cidade natal.<\/p>\n<p>Em 1818, durante a prega\u00e7\u00e3o, teve inspira\u00e7\u00e3o divina para fundar uma congrega\u00e7\u00e3o religiosa. Iniciou, imediatamente, pela constru\u00e7\u00e3o de uma igreja dedicada a Nossa Senhora das Dores. Entre in\u00fameras dificuldades, a igreja foi erguida e aben\u00e7oada doze anos depois, em 1830. Mas teve de esperar outros cinco anos para adquirir a imagem de madeira de Nossa Senhora das Dores e coloc\u00e1-la no altar, onde permanece at\u00e9 hoje.<\/p>\n<p>Al\u00e9m do trabalho pastoral da igreja, agora Caetano se ocupava com a constru\u00e7\u00e3o da Casa para abrigar a nova congrega\u00e7\u00e3o de padres. Decidiu que seria dedicada em honra dos Sagrados Cora\u00e7\u00f5es de Jesus e Maria. E nela empenhou toda a sua vida, que durou sessenta e nove anos de idade. Morreu em 29 de outubro de 1860.<\/p>\n<p>Padre Caetano Errico foi homem de ora\u00e7\u00e3o, de penit\u00eancia, dedicava muito tempo ao atendimento das confiss\u00f5es e auxiliava materialmente, com suas obras, os marginalizados e pobres de toda a cidade e redondeza. Hoje, essa heran\u00e7a \u00e9 distribu\u00edda atrav\u00e9s dos padres Mission\u00e1rios dos Sagrados Cora\u00e7\u00f5es. Mas a mem\u00f3ria e venera\u00e7\u00e3o a padre Caetano est\u00e1 muito presente e ainda \u00e9 muito forte na popula\u00e7\u00e3o.<\/p>\n<p>O culto e as gra\u00e7as atribu\u00eddas \u00e0 sua santidade come\u00e7aram quando ele ainda estava no seu leito de morte. Tanto que no interior da Casa-m\u00e3e da Congrega\u00e7\u00e3o foi preciso instalar um museu para abrigar as doa\u00e7\u00f5es dos elementos testemunhais dos devotos, que lembram as gra\u00e7as alcan\u00e7adas. E \u00e9 curioso como o povo n\u00e3o permite que a imagem do fundador seja retirada do altar, onde foi colocada, para a sua simples apresenta\u00e7\u00e3o, quando chegou. Era para ficar no museu, mas todos a querem ver ali, ao lado de Nossa Senhora das Dores.<\/p>\n<p>O papa Jo\u00e3o Paulo II proclamou bem-aventurado Caetano Errico em 2002, e designou o dia de sua morte para a homenagem lit\u00fargica.<\/p>\n<div id=\"themify_builder_content-11510\" data-postid=\"11510\" class=\"themify_builder_content themify_builder_content-11510 themify_builder themify_builder_front\">\n\t<\/div>\n<!-- \/themify_builder_content -->","protected":false},"excerpt":{"rendered":"<p>29 de Outubro Fundou a congrega\u00e7\u00e3o: Mission\u00e1rios dos Sagrados Cora\u00e7\u00f5es A cidade de Secondigliano, grande e populosa, do norte de N\u00e1poles, It\u00e1lia, \u00e9 mais conhecida como uma regi\u00e3o de mafiosos do que de santos. Os problemas dos seus habitantes s\u00e3o in\u00fameros, entre os quais est\u00e3o as fac\u00e7\u00f5es da m\u00e1fia, a corrup\u00e7\u00e3o social e pol\u00edtica que, [&hellip;]<\/p>\n","protected":false},"author":14,"featured_media":0,"comment_status":"open","ping_status":"open","sticky":false,"template":"","format":"standard","meta":{"ngg_post_thumbnail":0,"footnotes":""},"categories":[186],"tags":[],"yoast_head":"<!-- This site is optimized with the Yoast SEO plugin v23.5 - https:\/\/yoast.com\/wordpress\/plugins\/seo\/ -->\n<title>Bem Aventurado Caetano Errico - O Arcanjo no ar<\/title>\n<meta name=\"robots\" content=\"index, follow, max-snippet:-1, max-image-preview:large, max-video-preview:-1\" \/>\n<link rel=\"canonical\" href=\"https:\/\/www.oarcanjo.net\/site\/bem-aventurado-caetano-errico\/\" \/>\n<meta property=\"og:locale\" content=\"pt_BR\" \/>\n<meta property=\"og:type\" content=\"article\" \/>\n<meta property=\"og:title\" content=\"Bem Aventurado Caetano Errico - O Arcanjo no ar\" \/>\n<meta property=\"og:description\" content=\"29 de Outubro Fundou a congrega\u00e7\u00e3o: Mission\u00e1rios dos Sagrados Cora\u00e7\u00f5es A cidade de Secondigliano, grande e populosa, do norte de N\u00e1poles, It\u00e1lia, \u00e9 mais conhecida como uma regi\u00e3o de mafiosos do que de santos. Os problemas dos seus habitantes s\u00e3o in\u00fameros, entre os quais est\u00e3o as fac\u00e7\u00f5es da m\u00e1fia, a corrup\u00e7\u00e3o social e pol\u00edtica que, [&hellip;]\" \/>\n<meta property=\"og:url\" content=\"https:\/\/www.oarcanjo.net\/site\/bem-aventurado-caetano-errico\/\" \/>\n<meta property=\"og:site_name\" content=\"O Arcanjo no ar\" \/>\n<meta property=\"article:publisher\" content=\"https:\/\/www.facebook.com\/OArcanjoNoAr\/\" \/>\n<meta property=\"article:published_time\" content=\"2017-10-29T02:30:58+00:00\" \/>\n<meta property=\"article:modified_time\" content=\"2017-08-11T17:57:57+00:00\" \/>\n<meta property=\"og:image\" content=\"http:\/\/www.paroquiadenazaremanaus.org.br\/imagens\/santos\/sao_caetano_errico.jpg\" \/>\n<meta name=\"author\" content=\"danilo\" \/>\n<meta name=\"twitter:card\" content=\"summary_large_image\" \/>\n<meta name=\"twitter:label1\" content=\"Escrito por\" \/>\n\t<meta name=\"twitter:data1\" content=\"danilo\" \/>\n\t<meta name=\"twitter:label2\" content=\"Est. tempo de leitura\" \/>\n\t<meta name=\"twitter:data2\" content=\"3 minutos\" \/>\n<script type=\"application\/ld+json\" class=\"yoast-schema-graph\">{\"@context\":\"https:\/\/schema.org\",\"@graph\":[{\"@type\":\"Article\",\"@id\":\"https:\/\/www.oarcanjo.net\/site\/bem-aventurado-caetano-errico\/#article\",\"isPartOf\":{\"@id\":\"https:\/\/www.oarcanjo.net\/site\/bem-aventurado-caetano-errico\/\"},\"author\":{\"name\":\"danilo\",\"@id\":\"https:\/\/www.oarcanjo.net\/site\/#\/schema\/person\/5eb9480bedd2f3c97e430ce128c29c6c\"},\"headline\":\"Bem Aventurado Caetano Errico\",\"datePublished\":\"2017-10-29T02:30:58+00:00\",\"dateModified\":\"2017-08-11T17:57:57+00:00\",\"mainEntityOfPage\":{\"@id\":\"https:\/\/www.oarcanjo.net\/site\/bem-aventurado-caetano-errico\/\"},\"wordCount\":613,\"commentCount\":0,\"publisher\":{\"@id\":\"https:\/\/www.oarcanjo.net\/site\/#organization\"},\"image\":{\"@id\":\"https:\/\/www.oarcanjo.net\/site\/bem-aventurado-caetano-errico\/#primaryimage\"},\"thumbnailUrl\":\"http:\/\/www.paroquiadenazaremanaus.org.br\/imagens\/santos\/sao_caetano_errico.jpg\",\"articleSection\":[\"Testemunhos\"],\"inLanguage\":\"pt-BR\",\"potentialAction\":[{\"@type\":\"CommentAction\",\"name\":\"Comment\",\"target\":[\"https:\/\/www.oarcanjo.net\/site\/bem-aventurado-caetano-errico\/#respond\"]}]},{\"@type\":\"WebPage\",\"@id\":\"https:\/\/www.oarcanjo.net\/site\/bem-aventurado-caetano-errico\/\",\"url\":\"https:\/\/www.oarcanjo.net\/site\/bem-aventurado-caetano-errico\/\",\"name\":\"Bem Aventurado Caetano Errico - O Arcanjo no ar\",\"isPartOf\":{\"@id\":\"https:\/\/www.oarcanjo.net\/site\/#website\"},\"primaryImageOfPage\":{\"@id\":\"https:\/\/www.oarcanjo.net\/site\/bem-aventurado-caetano-errico\/#primaryimage\"},\"image\":{\"@id\":\"https:\/\/www.oarcanjo.net\/site\/bem-aventurado-caetano-errico\/#primaryimage\"},\"thumbnailUrl\":\"http:\/\/www.paroquiadenazaremanaus.org.br\/imagens\/santos\/sao_caetano_errico.jpg\",\"datePublished\":\"2017-10-29T02:30:58+00:00\",\"dateModified\":\"2017-08-11T17:57:57+00:00\",\"breadcrumb\":{\"@id\":\"https:\/\/www.oarcanjo.net\/site\/bem-aventurado-caetano-errico\/#breadcrumb\"},\"inLanguage\":\"pt-BR\",\"potentialAction\":[{\"@type\":\"ReadAction\",\"target\":[\"https:\/\/www.oarcanjo.net\/site\/bem-aventurado-caetano-errico\/\"]}]},{\"@type\":\"ImageObject\",\"inLanguage\":\"pt-BR\",\"@id\":\"https:\/\/www.oarcanjo.net\/site\/bem-aventurado-caetano-errico\/#primaryimage\",\"url\":\"http:\/\/www.paroquiadenazaremanaus.org.br\/imagens\/santos\/sao_caetano_errico.jpg\",\"contentUrl\":\"http:\/\/www.paroquiadenazaremanaus.org.br\/imagens\/santos\/sao_caetano_errico.jpg\"},{\"@type\":\"BreadcrumbList\",\"@id\":\"https:\/\/www.oarcanjo.net\/site\/bem-aventurado-caetano-errico\/#breadcrumb\",\"itemListElement\":[{\"@type\":\"ListItem\",\"position\":1,\"name\":\"In\u00edcio\",\"item\":\"https:\/\/www.oarcanjo.net\/site\/\"},{\"@type\":\"ListItem\",\"position\":2,\"name\":\"Bem Aventurado Caetano Errico\"}]},{\"@type\":\"WebSite\",\"@id\":\"https:\/\/www.oarcanjo.net\/site\/#website\",\"url\":\"https:\/\/www.oarcanjo.net\/site\/\",\"name\":\"O Arcanjo no ar\",\"description\":\"Site da Par\u00f3quia S\u00e3o Miguel Arcanjo (Arquidiocese de SP)\",\"publisher\":{\"@id\":\"https:\/\/www.oarcanjo.net\/site\/#organization\"},\"potentialAction\":[{\"@type\":\"SearchAction\",\"target\":{\"@type\":\"EntryPoint\",\"urlTemplate\":\"https:\/\/www.oarcanjo.net\/site\/?s={search_term_string}\"},\"query-input\":{\"@type\":\"PropertyValueSpecification\",\"valueRequired\":true,\"valueName\":\"search_term_string\"}}],\"inLanguage\":\"pt-BR\"},{\"@type\":\"Organization\",\"@id\":\"https:\/\/www.oarcanjo.net\/site\/#organization\",\"name\":\"Par\u00f3quia S\u00e3o Miguel Arcanjo\",\"url\":\"https:\/\/www.oarcanjo.net\/site\/\",\"logo\":{\"@type\":\"ImageObject\",\"inLanguage\":\"pt-BR\",\"@id\":\"https:\/\/www.oarcanjo.net\/site\/#\/schema\/logo\/image\/\",\"url\":\"https:\/\/www.oarcanjo.net\/site\/wp-content\/uploads\/LogoOArcanjo.png\",\"contentUrl\":\"https:\/\/www.oarcanjo.net\/site\/wp-content\/uploads\/LogoOArcanjo.png\",\"width\":319,\"height\":99,\"caption\":\"Par\u00f3quia S\u00e3o Miguel Arcanjo\"},\"image\":{\"@id\":\"https:\/\/www.oarcanjo.net\/site\/#\/schema\/logo\/image\/\"},\"sameAs\":[\"https:\/\/www.facebook.com\/OArcanjoNoAr\/\"]},{\"@type\":\"Person\",\"@id\":\"https:\/\/www.oarcanjo.net\/site\/#\/schema\/person\/5eb9480bedd2f3c97e430ce128c29c6c\",\"name\":\"danilo\"}]}<\/script>\n<!-- \/ Yoast SEO plugin. -->","yoast_head_json":{"title":"Bem Aventurado Caetano Errico - O Arcanjo no ar","robots":{"index":"index","follow":"follow","max-snippet":"max-snippet:-1","max-image-preview":"max-image-preview:large","max-video-preview":"max-video-preview:-1"},"canonical":"https:\/\/www.oarcanjo.net\/site\/bem-aventurado-caetano-errico\/","og_locale":"pt_BR","og_type":"article","og_title":"Bem Aventurado Caetano Errico - O Arcanjo no ar","og_description":"29 de Outubro Fundou a congrega\u00e7\u00e3o: Mission\u00e1rios dos Sagrados Cora\u00e7\u00f5es A cidade de Secondigliano, grande e populosa, do norte de N\u00e1poles, It\u00e1lia, \u00e9 mais conhecida como uma regi\u00e3o de mafiosos do que de santos. Os problemas dos seus habitantes s\u00e3o in\u00fameros, entre os quais est\u00e3o as fac\u00e7\u00f5es da m\u00e1fia, a corrup\u00e7\u00e3o social e pol\u00edtica que, [&hellip;]","og_url":"https:\/\/www.oarcanjo.net\/site\/bem-aventurado-caetano-errico\/","og_site_name":"O Arcanjo no ar","article_publisher":"https:\/\/www.facebook.com\/OArcanjoNoAr\/","article_published_time":"2017-10-29T02:30:58+00:00","article_modified_time":"2017-08-11T17:57:57+00:00","og_image":[{"url":"http:\/\/www.paroquiadenazaremanaus.org.br\/imagens\/santos\/sao_caetano_errico.jpg"}],"author":"danilo","twitter_card":"summary_large_image","twitter_misc":{"Escrito por":"danilo","Est. tempo de leitura":"3 minutos"},"schema":{"@context":"https:\/\/schema.org","@graph":[{"@type":"Article","@id":"https:\/\/www.oarcanjo.net\/site\/bem-aventurado-caetano-errico\/#article","isPartOf":{"@id":"https:\/\/www.oarcanjo.net\/site\/bem-aventurado-caetano-errico\/"},"author":{"name":"danilo","@id":"https:\/\/www.oarcanjo.net\/site\/#\/schema\/person\/5eb9480bedd2f3c97e430ce128c29c6c"},"headline":"Bem Aventurado Caetano Errico","datePublished":"2017-10-29T02:30:58+00:00","dateModified":"2017-08-11T17:57:57+00:00","mainEntityOfPage":{"@id":"https:\/\/www.oarcanjo.net\/site\/bem-aventurado-caetano-errico\/"},"wordCount":613,"commentCount":0,"publisher":{"@id":"https:\/\/www.oarcanjo.net\/site\/#organization"},"image":{"@id":"https:\/\/www.oarcanjo.net\/site\/bem-aventurado-caetano-errico\/#primaryimage"},"thumbnailUrl":"http:\/\/www.paroquiadenazaremanaus.org.br\/imagens\/santos\/sao_caetano_errico.jpg","articleSection":["Testemunhos"],"inLanguage":"pt-BR","potentialAction":[{"@type":"CommentAction","name":"Comment","target":["https:\/\/www.oarcanjo.net\/site\/bem-aventurado-caetano-errico\/#respond"]}]},{"@type":"WebPage","@id":"https:\/\/www.oarcanjo.net\/site\/bem-aventurado-caetano-errico\/","url":"https:\/\/www.oarcanjo.net\/site\/bem-aventurado-caetano-errico\/","name":"Bem Aventurado Caetano Errico - O Arcanjo no ar","isPartOf":{"@id":"https:\/\/www.oarcanjo.net\/site\/#website"},"primaryImageOfPage":{"@id":"https:\/\/www.oarcanjo.net\/site\/bem-aventurado-caetano-errico\/#primaryimage"},"image":{"@id":"https:\/\/www.oarcanjo.net\/site\/bem-aventurado-caetano-errico\/#primaryimage"},"thumbnailUrl":"http:\/\/www.paroquiadenazaremanaus.org.br\/imagens\/santos\/sao_caetano_errico.jpg","datePublished":"2017-10-29T02:30:58+00:00","dateModified":"2017-08-11T17:57:57+00:00","breadcrumb":{"@id":"https:\/\/www.oarcanjo.net\/site\/bem-aventurado-caetano-errico\/#breadcrumb"},"inLanguage":"pt-BR","potentialAction":[{"@type":"ReadAction","target":["https:\/\/www.oarcanjo.net\/site\/bem-aventurado-caetano-errico\/"]}]},{"@type":"ImageObject","inLanguage":"pt-BR","@id":"https:\/\/www.oarcanjo.net\/site\/bem-aventurado-caetano-errico\/#primaryimage","url":"http:\/\/www.paroquiadenazaremanaus.org.br\/imagens\/santos\/sao_caetano_errico.jpg","contentUrl":"http:\/\/www.paroquiadenazaremanaus.org.br\/imagens\/santos\/sao_caetano_errico.jpg"},{"@type":"BreadcrumbList","@id":"https:\/\/www.oarcanjo.net\/site\/bem-aventurado-caetano-errico\/#breadcrumb","itemListElement":[{"@type":"ListItem","position":1,"name":"In\u00edcio","item":"https:\/\/www.oarcanjo.net\/site\/"},{"@type":"ListItem","position":2,"name":"Bem Aventurado Caetano Errico"}]},{"@type":"WebSite","@id":"https:\/\/www.oarcanjo.net\/site\/#website","url":"https:\/\/www.oarcanjo.net\/site\/","name":"O Arcanjo no ar","description":"Site da Par\u00f3quia S\u00e3o Miguel Arcanjo (Arquidiocese de SP)","publisher":{"@id":"https:\/\/www.oarcanjo.net\/site\/#organization"},"potentialAction":[{"@type":"SearchAction","target":{"@type":"EntryPoint","urlTemplate":"https:\/\/www.oarcanjo.net\/site\/?s={search_term_string}"},"query-input":{"@type":"PropertyValueSpecification","valueRequired":true,"valueName":"search_term_string"}}],"inLanguage":"pt-BR"},{"@type":"Organization","@id":"https:\/\/www.oarcanjo.net\/site\/#organization","name":"Par\u00f3quia S\u00e3o Miguel Arcanjo","url":"https:\/\/www.oarcanjo.net\/site\/","logo":{"@type":"ImageObject","inLanguage":"pt-BR","@id":"https:\/\/www.oarcanjo.net\/site\/#\/schema\/logo\/image\/","url":"https:\/\/www.oarcanjo.net\/site\/wp-content\/uploads\/LogoOArcanjo.png","contentUrl":"https:\/\/www.oarcanjo.net\/site\/wp-content\/uploads\/LogoOArcanjo.png","width":319,"height":99,"caption":"Par\u00f3quia S\u00e3o Miguel Arcanjo"},"image":{"@id":"https:\/\/www.oarcanjo.net\/site\/#\/schema\/logo\/image\/"},"sameAs":["https:\/\/www.facebook.com\/OArcanjoNoAr\/"]},{"@type":"Person","@id":"https:\/\/www.oarcanjo.net\/site\/#\/schema\/person\/5eb9480bedd2f3c97e430ce128c29c6c","name":"danilo"}]}},"publishpress_future_action":{"enabled":false,"date":"2026-05-07 21:40:38","action":"category","newStatus":"draft","terms":[],"taxonomy":"category"},"publishpress_future_workflow_manual_trigger":{"enabledWorkflows":[]},"_links":{"self":[{"href":"https:\/\/www.oarcanjo.net\/site\/wp-json\/wp\/v2\/posts\/11510"}],"collection":[{"href":"https:\/\/www.oarcanjo.net\/site\/wp-json\/wp\/v2\/posts"}],"about":[{"href":"https:\/\/www.oarcanjo.net\/site\/wp-json\/wp\/v2\/types\/post"}],"author":[{"embeddable":true,"href":"https:\/\/www.oarcanjo.net\/site\/wp-json\/wp\/v2\/users\/14"}],"replies":[{"embeddable":true,"href":"https:\/\/www.oarcanjo.net\/site\/wp-json\/wp\/v2\/comments?post=11510"}],"version-history":[{"count":0,"href":"https:\/\/www.oarcanjo.net\/site\/wp-json\/wp\/v2\/posts\/11510\/revisions"}],"wp:attachment":[{"href":"https:\/\/www.oarcanjo.net\/site\/wp-json\/wp\/v2\/media?parent=11510"}],"wp:term":[{"taxonomy":"category","embeddable":true,"href":"https:\/\/www.oarcanjo.net\/site\/wp-json\/wp\/v2\/categories?post=11510"},{"taxonomy":"post_tag","embeddable":true,"href":"https:\/\/www.oarcanjo.net\/site\/wp-json\/wp\/v2\/tags?post=11510"}],"curies":[{"name":"wp","href":"https:\/\/api.w.org\/{rel}","templated":true}]}}