
{"id":11519,"date":"2017-10-30T00:43:25","date_gmt":"2017-10-30T02:43:25","guid":{"rendered":"http:\/\/www.oarcanjo.net\/site\/?p=11519"},"modified":"2017-08-11T14:57:47","modified_gmt":"2017-08-11T17:57:47","slug":"bem-aventurada-retistuta-kafka","status":"publish","type":"post","link":"https:\/\/www.oarcanjo.net\/site\/bem-aventurada-retistuta-kafka\/","title":{"rendered":"Bem Aventurada Retistuta Kafka"},"content":{"rendered":"<p><img decoding=\"async\" src=\"http:\/\/www.paroquiameninojesus.com.br\/modules\/news\/images\/RetistutaKafka.gif\" alt=\"\" \/><\/p>\n<p>30 de Outubro<\/p>\n<p>No dia primeiro de maio de 1894, nasceu Helene, filha de Anton e Maria Kafka, na cidade de Brno, atual Rep\u00fablica Checa. Naquele tempo, a regi\u00e3o chamava-se Moravia, e estava sob o governo do imperador austr\u00edaco Francisco Jos\u00e9. Em 1896, a fam\u00edlia Kafka transferiu-se para Viena, capital do Imp\u00e9rio Austro-H\u00fangaro.<\/p>\n<p>Helene concluiu os estudos e formou-se enfermeira, com o desejo de tornar-se religiosa. No in\u00edcio, conformou-se com a negativa dos pais, mas, ao completar vinte anos, ingressou na Congrega\u00e7\u00e3o das Franciscanas da Caridade Crist\u00e3, agora com a b\u00ean\u00e7\u00e3o da fam\u00edlia.<\/p>\n<p>Como religiosa, adotou o nome de irm\u00e3 Maria Retistuta, o primeiro em homenagem a sua m\u00e3e e o segundo a uma m\u00e1rtir do s\u00e9culo I.<\/p>\n<p>Mas logo recebeu o apelido carinhoso de &#8220;irm\u00e3 Resoluta&#8221;, pelo seu modo cordial e decidido e por sua seguran\u00e7a e compet\u00eancia como enfermeira de sala cir\u00fargica e anestesista. No hospital de Modling, em Viena, a religiosa tornou-se uma refer\u00eancia para os m\u00e9dicos, enfermeiras e, especialmente, para os doentes, aos quais soube comunicar com lucidez o amor pela vida, na alegria e na dor.<\/p>\n<p>Foram muitos anos que serviu a Deus nos doentes, para os quais estava sempre dispon\u00edvel. Em mar\u00e7o de 1938, Hitler mandou o ex\u00e9rcito ocupar a \u00c1ustria. Viena tornou-se uma das bases centrais do comando nazista alem\u00e3o. Irm\u00e3 Restituta colocou-se logo contr\u00e1ria a toda aquela loucura desumana. N\u00e3o teve receio de mostrar que, sendo favor\u00e1vel \u00e0 vida, n\u00e3o apoiaria, jamais, o nazismo de Hitler, fosse qual fosse o pre\u00e7o.<\/p>\n<p>Por isso, quando os nazistas retiravam o crucifixo tamb\u00e9m das salas de cirurgia, ela, serenamente, o recolocava no lugar, de cabe\u00e7a erguida, desafiando os nazistas. Como n\u00e3o se submetia e muito menos se &#8220;dobrava&#8221;, os nazistas a eliminaram. Foi presa em 1942. E ela fez da pris\u00e3o uma esp\u00e9cie de lugar de gra\u00e7a, para honrar o nome de sua consagra\u00e7\u00e3o, ou seja, Restituta, aquela que foi restitu\u00edda para Deus.<\/p>\n<p>Irm\u00e3 Resoluta esperou cinco meses na pris\u00e3o para morrer. Em 30 de mar\u00e7o de 1943, foi decapitada. Para as franciscanas, mandou uma mensagem: &#8220;Por Cristo eu vivi, por Cristo desejo morrer&#8221;. E na frente dos assassinos nazistas, antes que o carrasco levantasse a m\u00e3o que a mataria, irm\u00e3 Restituta disse ao capel\u00e3o: &#8220;Padre, fa\u00e7a-me na testa o sinal da cruz&#8221;.<\/p>\n<p>O papa Jo\u00e3o Paulo II, em 1998, elevou irm\u00e3 Maria Restituta Kafka aos altares para ser reverenciada pela Igreja como bem-aventurada. A sua festa lit\u00fargica foi marcada para o dia 30 de outubro, data em que foi decretada a sua senten\u00e7a de morte.<\/p>\n<div id=\"themify_builder_content-11519\" data-postid=\"11519\" class=\"themify_builder_content themify_builder_content-11519 themify_builder themify_builder_front\">\n\t<\/div>\n<!-- \/themify_builder_content -->","protected":false},"excerpt":{"rendered":"<p>30 de Outubro No dia primeiro de maio de 1894, nasceu Helene, filha de Anton e Maria Kafka, na cidade de Brno, atual Rep\u00fablica Checa. Naquele tempo, a regi\u00e3o chamava-se Moravia, e estava sob o governo do imperador austr\u00edaco Francisco Jos\u00e9. Em 1896, a fam\u00edlia Kafka transferiu-se para Viena, capital do Imp\u00e9rio Austro-H\u00fangaro. Helene concluiu [&hellip;]<\/p>\n","protected":false},"author":14,"featured_media":0,"comment_status":"open","ping_status":"open","sticky":false,"template":"","format":"standard","meta":{"ngg_post_thumbnail":0,"footnotes":""},"categories":[186],"tags":[],"yoast_head":"<!-- This site is optimized with the Yoast SEO plugin v23.5 - https:\/\/yoast.com\/wordpress\/plugins\/seo\/ -->\n<title>Bem Aventurada Retistuta Kafka - O Arcanjo no ar<\/title>\n<meta name=\"robots\" content=\"index, follow, max-snippet:-1, max-image-preview:large, max-video-preview:-1\" \/>\n<link rel=\"canonical\" href=\"https:\/\/www.oarcanjo.net\/site\/bem-aventurada-retistuta-kafka\/\" \/>\n<meta property=\"og:locale\" content=\"pt_BR\" \/>\n<meta property=\"og:type\" content=\"article\" \/>\n<meta property=\"og:title\" content=\"Bem Aventurada Retistuta Kafka - O Arcanjo no ar\" \/>\n<meta property=\"og:description\" content=\"30 de Outubro No dia primeiro de maio de 1894, nasceu Helene, filha de Anton e Maria Kafka, na cidade de Brno, atual Rep\u00fablica Checa. Naquele tempo, a regi\u00e3o chamava-se Moravia, e estava sob o governo do imperador austr\u00edaco Francisco Jos\u00e9. Em 1896, a fam\u00edlia Kafka transferiu-se para Viena, capital do Imp\u00e9rio Austro-H\u00fangaro. Helene concluiu [&hellip;]\" \/>\n<meta property=\"og:url\" content=\"https:\/\/www.oarcanjo.net\/site\/bem-aventurada-retistuta-kafka\/\" \/>\n<meta property=\"og:site_name\" content=\"O Arcanjo no ar\" \/>\n<meta property=\"article:publisher\" content=\"https:\/\/www.facebook.com\/OArcanjoNoAr\/\" \/>\n<meta property=\"article:published_time\" content=\"2017-10-30T02:43:25+00:00\" \/>\n<meta property=\"article:modified_time\" content=\"2017-08-11T17:57:47+00:00\" \/>\n<meta property=\"og:image\" content=\"http:\/\/www.paroquiameninojesus.com.br\/modules\/news\/images\/RetistutaKafka.gif\" \/>\n<meta name=\"author\" content=\"danilo\" \/>\n<meta name=\"twitter:card\" content=\"summary_large_image\" \/>\n<meta name=\"twitter:label1\" content=\"Escrito por\" \/>\n\t<meta name=\"twitter:data1\" content=\"danilo\" \/>\n\t<meta name=\"twitter:label2\" content=\"Est. tempo de leitura\" \/>\n\t<meta name=\"twitter:data2\" content=\"2 minutos\" \/>\n<script type=\"application\/ld+json\" class=\"yoast-schema-graph\">{\"@context\":\"https:\/\/schema.org\",\"@graph\":[{\"@type\":\"Article\",\"@id\":\"https:\/\/www.oarcanjo.net\/site\/bem-aventurada-retistuta-kafka\/#article\",\"isPartOf\":{\"@id\":\"https:\/\/www.oarcanjo.net\/site\/bem-aventurada-retistuta-kafka\/\"},\"author\":{\"name\":\"danilo\",\"@id\":\"https:\/\/www.oarcanjo.net\/site\/#\/schema\/person\/5eb9480bedd2f3c97e430ce128c29c6c\"},\"headline\":\"Bem Aventurada Retistuta Kafka\",\"datePublished\":\"2017-10-30T02:43:25+00:00\",\"dateModified\":\"2017-08-11T17:57:47+00:00\",\"mainEntityOfPage\":{\"@id\":\"https:\/\/www.oarcanjo.net\/site\/bem-aventurada-retistuta-kafka\/\"},\"wordCount\":459,\"commentCount\":0,\"publisher\":{\"@id\":\"https:\/\/www.oarcanjo.net\/site\/#organization\"},\"image\":{\"@id\":\"https:\/\/www.oarcanjo.net\/site\/bem-aventurada-retistuta-kafka\/#primaryimage\"},\"thumbnailUrl\":\"http:\/\/www.paroquiameninojesus.com.br\/modules\/news\/images\/RetistutaKafka.gif\",\"articleSection\":[\"Testemunhos\"],\"inLanguage\":\"pt-BR\",\"potentialAction\":[{\"@type\":\"CommentAction\",\"name\":\"Comment\",\"target\":[\"https:\/\/www.oarcanjo.net\/site\/bem-aventurada-retistuta-kafka\/#respond\"]}]},{\"@type\":\"WebPage\",\"@id\":\"https:\/\/www.oarcanjo.net\/site\/bem-aventurada-retistuta-kafka\/\",\"url\":\"https:\/\/www.oarcanjo.net\/site\/bem-aventurada-retistuta-kafka\/\",\"name\":\"Bem Aventurada Retistuta Kafka - O Arcanjo no ar\",\"isPartOf\":{\"@id\":\"https:\/\/www.oarcanjo.net\/site\/#website\"},\"primaryImageOfPage\":{\"@id\":\"https:\/\/www.oarcanjo.net\/site\/bem-aventurada-retistuta-kafka\/#primaryimage\"},\"image\":{\"@id\":\"https:\/\/www.oarcanjo.net\/site\/bem-aventurada-retistuta-kafka\/#primaryimage\"},\"thumbnailUrl\":\"http:\/\/www.paroquiameninojesus.com.br\/modules\/news\/images\/RetistutaKafka.gif\",\"datePublished\":\"2017-10-30T02:43:25+00:00\",\"dateModified\":\"2017-08-11T17:57:47+00:00\",\"breadcrumb\":{\"@id\":\"https:\/\/www.oarcanjo.net\/site\/bem-aventurada-retistuta-kafka\/#breadcrumb\"},\"inLanguage\":\"pt-BR\",\"potentialAction\":[{\"@type\":\"ReadAction\",\"target\":[\"https:\/\/www.oarcanjo.net\/site\/bem-aventurada-retistuta-kafka\/\"]}]},{\"@type\":\"ImageObject\",\"inLanguage\":\"pt-BR\",\"@id\":\"https:\/\/www.oarcanjo.net\/site\/bem-aventurada-retistuta-kafka\/#primaryimage\",\"url\":\"http:\/\/www.paroquiameninojesus.com.br\/modules\/news\/images\/RetistutaKafka.gif\",\"contentUrl\":\"http:\/\/www.paroquiameninojesus.com.br\/modules\/news\/images\/RetistutaKafka.gif\"},{\"@type\":\"BreadcrumbList\",\"@id\":\"https:\/\/www.oarcanjo.net\/site\/bem-aventurada-retistuta-kafka\/#breadcrumb\",\"itemListElement\":[{\"@type\":\"ListItem\",\"position\":1,\"name\":\"In\u00edcio\",\"item\":\"https:\/\/www.oarcanjo.net\/site\/\"},{\"@type\":\"ListItem\",\"position\":2,\"name\":\"Bem Aventurada Retistuta Kafka\"}]},{\"@type\":\"WebSite\",\"@id\":\"https:\/\/www.oarcanjo.net\/site\/#website\",\"url\":\"https:\/\/www.oarcanjo.net\/site\/\",\"name\":\"O Arcanjo no ar\",\"description\":\"Site da Par\u00f3quia S\u00e3o Miguel Arcanjo (Arquidiocese de SP)\",\"publisher\":{\"@id\":\"https:\/\/www.oarcanjo.net\/site\/#organization\"},\"potentialAction\":[{\"@type\":\"SearchAction\",\"target\":{\"@type\":\"EntryPoint\",\"urlTemplate\":\"https:\/\/www.oarcanjo.net\/site\/?s={search_term_string}\"},\"query-input\":{\"@type\":\"PropertyValueSpecification\",\"valueRequired\":true,\"valueName\":\"search_term_string\"}}],\"inLanguage\":\"pt-BR\"},{\"@type\":\"Organization\",\"@id\":\"https:\/\/www.oarcanjo.net\/site\/#organization\",\"name\":\"Par\u00f3quia S\u00e3o Miguel Arcanjo\",\"url\":\"https:\/\/www.oarcanjo.net\/site\/\",\"logo\":{\"@type\":\"ImageObject\",\"inLanguage\":\"pt-BR\",\"@id\":\"https:\/\/www.oarcanjo.net\/site\/#\/schema\/logo\/image\/\",\"url\":\"https:\/\/www.oarcanjo.net\/site\/wp-content\/uploads\/LogoOArcanjo.png\",\"contentUrl\":\"https:\/\/www.oarcanjo.net\/site\/wp-content\/uploads\/LogoOArcanjo.png\",\"width\":319,\"height\":99,\"caption\":\"Par\u00f3quia S\u00e3o Miguel Arcanjo\"},\"image\":{\"@id\":\"https:\/\/www.oarcanjo.net\/site\/#\/schema\/logo\/image\/\"},\"sameAs\":[\"https:\/\/www.facebook.com\/OArcanjoNoAr\/\"]},{\"@type\":\"Person\",\"@id\":\"https:\/\/www.oarcanjo.net\/site\/#\/schema\/person\/5eb9480bedd2f3c97e430ce128c29c6c\",\"name\":\"danilo\"}]}<\/script>\n<!-- \/ Yoast SEO plugin. -->","yoast_head_json":{"title":"Bem Aventurada Retistuta Kafka - O Arcanjo no ar","robots":{"index":"index","follow":"follow","max-snippet":"max-snippet:-1","max-image-preview":"max-image-preview:large","max-video-preview":"max-video-preview:-1"},"canonical":"https:\/\/www.oarcanjo.net\/site\/bem-aventurada-retistuta-kafka\/","og_locale":"pt_BR","og_type":"article","og_title":"Bem Aventurada Retistuta Kafka - O Arcanjo no ar","og_description":"30 de Outubro No dia primeiro de maio de 1894, nasceu Helene, filha de Anton e Maria Kafka, na cidade de Brno, atual Rep\u00fablica Checa. Naquele tempo, a regi\u00e3o chamava-se Moravia, e estava sob o governo do imperador austr\u00edaco Francisco Jos\u00e9. Em 1896, a fam\u00edlia Kafka transferiu-se para Viena, capital do Imp\u00e9rio Austro-H\u00fangaro. Helene concluiu [&hellip;]","og_url":"https:\/\/www.oarcanjo.net\/site\/bem-aventurada-retistuta-kafka\/","og_site_name":"O Arcanjo no ar","article_publisher":"https:\/\/www.facebook.com\/OArcanjoNoAr\/","article_published_time":"2017-10-30T02:43:25+00:00","article_modified_time":"2017-08-11T17:57:47+00:00","og_image":[{"url":"http:\/\/www.paroquiameninojesus.com.br\/modules\/news\/images\/RetistutaKafka.gif"}],"author":"danilo","twitter_card":"summary_large_image","twitter_misc":{"Escrito por":"danilo","Est. tempo de leitura":"2 minutos"},"schema":{"@context":"https:\/\/schema.org","@graph":[{"@type":"Article","@id":"https:\/\/www.oarcanjo.net\/site\/bem-aventurada-retistuta-kafka\/#article","isPartOf":{"@id":"https:\/\/www.oarcanjo.net\/site\/bem-aventurada-retistuta-kafka\/"},"author":{"name":"danilo","@id":"https:\/\/www.oarcanjo.net\/site\/#\/schema\/person\/5eb9480bedd2f3c97e430ce128c29c6c"},"headline":"Bem Aventurada Retistuta Kafka","datePublished":"2017-10-30T02:43:25+00:00","dateModified":"2017-08-11T17:57:47+00:00","mainEntityOfPage":{"@id":"https:\/\/www.oarcanjo.net\/site\/bem-aventurada-retistuta-kafka\/"},"wordCount":459,"commentCount":0,"publisher":{"@id":"https:\/\/www.oarcanjo.net\/site\/#organization"},"image":{"@id":"https:\/\/www.oarcanjo.net\/site\/bem-aventurada-retistuta-kafka\/#primaryimage"},"thumbnailUrl":"http:\/\/www.paroquiameninojesus.com.br\/modules\/news\/images\/RetistutaKafka.gif","articleSection":["Testemunhos"],"inLanguage":"pt-BR","potentialAction":[{"@type":"CommentAction","name":"Comment","target":["https:\/\/www.oarcanjo.net\/site\/bem-aventurada-retistuta-kafka\/#respond"]}]},{"@type":"WebPage","@id":"https:\/\/www.oarcanjo.net\/site\/bem-aventurada-retistuta-kafka\/","url":"https:\/\/www.oarcanjo.net\/site\/bem-aventurada-retistuta-kafka\/","name":"Bem Aventurada Retistuta Kafka - O Arcanjo no ar","isPartOf":{"@id":"https:\/\/www.oarcanjo.net\/site\/#website"},"primaryImageOfPage":{"@id":"https:\/\/www.oarcanjo.net\/site\/bem-aventurada-retistuta-kafka\/#primaryimage"},"image":{"@id":"https:\/\/www.oarcanjo.net\/site\/bem-aventurada-retistuta-kafka\/#primaryimage"},"thumbnailUrl":"http:\/\/www.paroquiameninojesus.com.br\/modules\/news\/images\/RetistutaKafka.gif","datePublished":"2017-10-30T02:43:25+00:00","dateModified":"2017-08-11T17:57:47+00:00","breadcrumb":{"@id":"https:\/\/www.oarcanjo.net\/site\/bem-aventurada-retistuta-kafka\/#breadcrumb"},"inLanguage":"pt-BR","potentialAction":[{"@type":"ReadAction","target":["https:\/\/www.oarcanjo.net\/site\/bem-aventurada-retistuta-kafka\/"]}]},{"@type":"ImageObject","inLanguage":"pt-BR","@id":"https:\/\/www.oarcanjo.net\/site\/bem-aventurada-retistuta-kafka\/#primaryimage","url":"http:\/\/www.paroquiameninojesus.com.br\/modules\/news\/images\/RetistutaKafka.gif","contentUrl":"http:\/\/www.paroquiameninojesus.com.br\/modules\/news\/images\/RetistutaKafka.gif"},{"@type":"BreadcrumbList","@id":"https:\/\/www.oarcanjo.net\/site\/bem-aventurada-retistuta-kafka\/#breadcrumb","itemListElement":[{"@type":"ListItem","position":1,"name":"In\u00edcio","item":"https:\/\/www.oarcanjo.net\/site\/"},{"@type":"ListItem","position":2,"name":"Bem Aventurada Retistuta Kafka"}]},{"@type":"WebSite","@id":"https:\/\/www.oarcanjo.net\/site\/#website","url":"https:\/\/www.oarcanjo.net\/site\/","name":"O Arcanjo no ar","description":"Site da Par\u00f3quia S\u00e3o Miguel Arcanjo (Arquidiocese de SP)","publisher":{"@id":"https:\/\/www.oarcanjo.net\/site\/#organization"},"potentialAction":[{"@type":"SearchAction","target":{"@type":"EntryPoint","urlTemplate":"https:\/\/www.oarcanjo.net\/site\/?s={search_term_string}"},"query-input":{"@type":"PropertyValueSpecification","valueRequired":true,"valueName":"search_term_string"}}],"inLanguage":"pt-BR"},{"@type":"Organization","@id":"https:\/\/www.oarcanjo.net\/site\/#organization","name":"Par\u00f3quia S\u00e3o Miguel Arcanjo","url":"https:\/\/www.oarcanjo.net\/site\/","logo":{"@type":"ImageObject","inLanguage":"pt-BR","@id":"https:\/\/www.oarcanjo.net\/site\/#\/schema\/logo\/image\/","url":"https:\/\/www.oarcanjo.net\/site\/wp-content\/uploads\/LogoOArcanjo.png","contentUrl":"https:\/\/www.oarcanjo.net\/site\/wp-content\/uploads\/LogoOArcanjo.png","width":319,"height":99,"caption":"Par\u00f3quia S\u00e3o Miguel Arcanjo"},"image":{"@id":"https:\/\/www.oarcanjo.net\/site\/#\/schema\/logo\/image\/"},"sameAs":["https:\/\/www.facebook.com\/OArcanjoNoAr\/"]},{"@type":"Person","@id":"https:\/\/www.oarcanjo.net\/site\/#\/schema\/person\/5eb9480bedd2f3c97e430ce128c29c6c","name":"danilo"}]}},"publishpress_future_action":{"enabled":false,"date":"2026-05-07 18:47:43","action":"category","newStatus":"draft","terms":[],"taxonomy":"category"},"publishpress_future_workflow_manual_trigger":{"enabledWorkflows":[]},"_links":{"self":[{"href":"https:\/\/www.oarcanjo.net\/site\/wp-json\/wp\/v2\/posts\/11519"}],"collection":[{"href":"https:\/\/www.oarcanjo.net\/site\/wp-json\/wp\/v2\/posts"}],"about":[{"href":"https:\/\/www.oarcanjo.net\/site\/wp-json\/wp\/v2\/types\/post"}],"author":[{"embeddable":true,"href":"https:\/\/www.oarcanjo.net\/site\/wp-json\/wp\/v2\/users\/14"}],"replies":[{"embeddable":true,"href":"https:\/\/www.oarcanjo.net\/site\/wp-json\/wp\/v2\/comments?post=11519"}],"version-history":[{"count":0,"href":"https:\/\/www.oarcanjo.net\/site\/wp-json\/wp\/v2\/posts\/11519\/revisions"}],"wp:attachment":[{"href":"https:\/\/www.oarcanjo.net\/site\/wp-json\/wp\/v2\/media?parent=11519"}],"wp:term":[{"taxonomy":"category","embeddable":true,"href":"https:\/\/www.oarcanjo.net\/site\/wp-json\/wp\/v2\/categories?post=11519"},{"taxonomy":"post_tag","embeddable":true,"href":"https:\/\/www.oarcanjo.net\/site\/wp-json\/wp\/v2\/tags?post=11519"}],"curies":[{"name":"wp","href":"https:\/\/api.w.org\/{rel}","templated":true}]}}